{"id":52351,"date":"2024-03-14T13:55:25","date_gmt":"2024-03-14T13:55:25","guid":{"rendered":"https:\/\/www.ecoitaliano.com.ar\/?p=52351"},"modified":"2024-03-14T13:55:25","modified_gmt":"2024-03-14T13:55:25","slug":"prorogata-fino-a-15-maggio-2024-la-mostra-pathos-valori-passioni-virtu-promossa-da-acri-associazione-di-fondazioni-e-di-casse-di-risparmio-e-realizzata-nellambito-di-racco","status":"publish","type":"post","link":"https:\/\/www.ecoitaliano.com.ar\/?p=52351","title":{"rendered":"Prorogata fino a 15 maggio 2024 la mostra \u00abPathos. Valori, passioni, virt\u00f9\u00bb | Promossa da Acri &#8211; Associazione di Fondazioni e di Casse di Risparmio e realizzata nell\u2019ambito di R\u2019Accolte"},"content":{"rendered":"\n<figure class=\"wp-block-table\"><table><tbody><tr><td><img decoding=\"async\" src=\"https:\/\/ci3.googleusercontent.com\/meips\/ADKq_NaWxLipWs1DmIZxbbllj3yBpVITrbVYqO_RaZgVVhONIK4xc9dUS_0u7Aks8ETLVj9jyJn7BwUFFB1f-v_q-RwP_a2UTpIAeZ5O4Hf_uloH-dfV33V3ittZeN1WUtdcIDATXB0=s0-d-e1-ft#https:\/\/culturaliart.img.musvc2.net\/static\/91342\/images\/1\/2024-01-10%20(1).png\" width=\"105\"><img decoding=\"async\" src=\"https:\/\/ci3.googleusercontent.com\/meips\/ADKq_NY8EzZ-1mt3kB8Eenjw-Ot0Wld0hmcQl6WgL_EoVPYyOscYsY0JRO_SONb_LT0pXzb5BSvTNRLjjVMJyoe8q70ET8ZjKQRO-tChhwXywwblJf3YdNlXoySe3PaI01M=s0-d-e1-ft#https:\/\/culturaliart.img.musvc2.net\/static\/91342\/images\/1\/2024-01-10.png\" width=\"150\"><strong>Prorogata fino al 15 maggio 2024<\/strong><strong>&nbsp;<\/strong><strong><em>\u201cP\u00e0thos. Valori, passioni, virt\u00f9\u201d<\/em><\/strong><strong>&nbsp;<\/strong>Mostra promossa da Acri &nbsp;Associazione di Fondazioni e di Casse di Risparmio Spa e realizzata nell\u2019ambito di&nbsp;<strong>R\u2019Accolte<\/strong><img decoding=\"async\" src=\"https:\/\/ci3.googleusercontent.com\/meips\/ADKq_NboLes_B_cL0uYF4ukShk8pPZREMzuz_E7ir53XQlVQmurM5n5_1sxhhBiUa5ooz8JToL77iYpbYNAQbM-EqpKowfoKNeJIHlQCge43QJZ2ntHGqazwrdoeOlu14b6KGg=s0-d-e1-ft#https:\/\/culturaliart.img.musvc2.net\/static\/91342\/images\/1\/copertina(3).jpg\" width=\"420\"><em>Domenico Brusasorci, Suicidio di Cleopatra, 1515- 1516, propriet\u00e0 di Cr\u00e9dit Agricole Italia<\/em>A seguito del successo riscontrato, la mostra virtuale \u00ab<strong><em>P\u00e0thos. Valori, passioni, virt\u00f9<\/em><\/strong>\u00bb \u2013 curata dallo storico dell\u2019arte&nbsp;<strong>Angelo Mazza<\/strong>, promossa dalla&nbsp;<strong>Commissione per i Beni e le Attivit\u00e0 Culturali di Acri &#8211; Associazione di Fondazioni e di Casse di Risparmio Spa<\/strong>&nbsp;e realizzata nell\u2019ambito di&nbsp;<strong>R\u2019Accolte<\/strong>&nbsp;\u2013 \u00e8 stata&nbsp;<strong>prorogata<\/strong>&nbsp;<strong>fino al 15 maggio 2024<\/strong>.<strong>&nbsp;<\/strong>La proroga \u00e8 stata annunciata in occasione dell\u2019evento&nbsp;<strong><em>\u201cArte e @rte. I linguaggi della bellezza\u201d<\/em><\/strong>, tenutosi lo scorso&nbsp;<strong>13 marzo<\/strong>&nbsp;a&nbsp;<strong>Roma<\/strong>&nbsp;presso la sede centrale di Acri, promotore dell\u2019incontro. Con il coinvolgimento di personalit\u00e0 di spicco del mondo della cultura \u2013 dotate di competenze, conoscenze e capacit\u00e0 scientifiche e comunicative nell\u2019ambito dell\u2019arte \u2013 sono stati affrontati diversi&nbsp;<strong>temi legati alla divulgazione artistica<\/strong>. L\u2019obiettivo era mettere a confronto il mondo classico e tradizionale con quello contemporaneo, in modo da individuarne i punti di forza ma anche sollevando alcune criticit\u00e0,<strong>&nbsp;creando insieme un dialogo condiviso e costruttivo.&nbsp;<\/strong>I protagonisti dell\u2019evento \u2013 che ha visto la partecipazione di un vasto numero di giornalisti, addetti ai lavori e appassionati d\u2019arte \u2013 sono stati: il giornalista e conduttore televisivo e radiofonico&nbsp;<strong>Nicolas Ballario<\/strong>, la giovane divulgatrice&nbsp;<strong>Benedetta Colombo<\/strong>&nbsp;&#8211; nota con il nome di&nbsp;<strong>@benedetta.artefacile&nbsp;<\/strong>&#8211; e lo storico dell\u2019arte e curatore della mostra&nbsp;<strong>Angelo Mazza.&nbsp;<\/strong>Insieme a loro<strong>&nbsp;<\/strong>si \u00e8 dialogato<strong>&nbsp;<\/strong>sul fenomeno della&nbsp;<strong>digitalizzazione dell\u2019arte<\/strong>, sull&#8217;<strong>impatto dei social media e della realt\u00e0 aumentata<\/strong>&nbsp;e su come le modalit\u00e0 tradizionali e quelle di ultima generazione al giorno d\u2019oggi coesistano, rendendo l&#8217;arte sempre pi\u00f9 accessibile. Hanno preso parte al confronto anche il nuovo Presidente di Acri&nbsp;<strong>Giovanni Azzone<\/strong>, la direttrice della Galleria Borghese&nbsp;<strong>Francesca Cappelletti&nbsp;<\/strong>e il Presidente della Commissione per i Beni e le Attivit\u00e0 Culturali di Acri&nbsp;<strong>Donatella Pieri<\/strong>.&nbsp;Le video dichiarazioni di tutti i partecipanti all\u2019incontro si possono scaricare da questo link:&nbsp;<a href=\"https:\/\/culturaliart.musvc2.net\/e\/tr?q=7%3dSRQXL%26C%3dO%26H%3dKRTX%269%3dSXaTZ%26I%3dBDKDM_Brqt_Mb_Fumq_Pj_Brqt_Lg2L3M3.A9F5Fy.4CG_Brqt_Lg2L3M3_Lktn_VZ7CFx6FM_Brqt_LgOMf4Q9-SEB39P4PxbaWfrYqgUAyT-FdCA_Iowj_TdODD_GIEI19_Brqt_MeB9GJ09DK3L_Brqt_LWIN7_D383LA_Lktn_WX6A53C_Fumq_PZEKA_7uDD538B_Lktn_WXDyC6LD%268%3d7LGPwS.B9D%260G%3dULXPW%26DJ%3dPdLUXWKUOWTaOU%262%3dUzWw63dR74VyVScM5RXTSR8w5u2y2z0SYUULayayR4YSXVWSWQ7w6TWSW2USVX6M618Q&amp;mupckp=mupAtu4m8OiX0wt\" rel=\"noreferrer noopener\" target=\"_blank\">https:\/\/drive.google.com\/<wbr>drive\/folders\/1sLc3e-<wbr>9nnYoyfvdAC3LQAMM4mU0-oFiq<\/a><br>&nbsp;\u00c8 inoltre possibile rivedere l\u2019intero evento accedendo a questo link:&nbsp;<a href=\"https:\/\/culturaliart.musvc2.net\/e\/tr?q=5%3dOW6VH%26H%3d4%26F%3dGW9V%265%3dXCYPe%26x%3d00PsK_8wVr_Ig_usiv_5h_8wVr_Hlu3s9rD0A.d58E.lL_8wVr_HllL_8wVr_Hls30DrK-87f55Hw7_8wVr_Hl_usiv_6hAPp_K5Qu5u_NTuf_YGFuSvDuPw78_NTuf_X9M0I_p7tExE_8wVr_IjhEqEo_JgyS_TLQwE_s7pHqEjF_8wVr_Ijp3yHxH%26t%3dIxKB95.FuP%26lK%3dGX0TI%26Pv%3dTPX7bIW7SIfCSG%26D%3d4YrX65Gbg6MaC6sZ7UO0e5J06UJc9ZuZ5SM7f8Lei5LA5YHdAVMY3q7dBSJcgWK0BUP9&amp;mupckp=mupAtu4m8OiX0wt\" target=\"_blank\" rel=\"noreferrer noopener\">https:\/\/raccolte.acri.it\/it\/<wbr>pathos-raccolte\/<\/a>&nbsp;\u00ab<strong><em>P\u00e0thos. Valori, passioni, virt\u00f9<\/em><\/strong>\u00ab, inaugurata lo scorso 30 gennaio 2024, segna l\u2019inizio di una nuova fase d\u2019impegno di valorizzazione culturale da parte di&nbsp;<strong>R&#8217;Accolte<\/strong>, il pi\u00f9 grande catalogo multimediale in Italia, che con l\u2019avvio di questa&nbsp;<strong>prima mostra virtuale&nbsp;<\/strong>offre al pubblico l&#8217;opportunit\u00e0 di esplorare e comprendere le collezioni d&#8217;arte delle&nbsp;<strong>Fondazioni di origine bancaria<\/strong>&nbsp;in modi del tutto innovativi. L\u2019esposizione, visitabile<strong>&nbsp;<\/strong>gratuitamente su&nbsp;<a href=\"https:\/\/culturaliart.musvc2.net\/e\/tr?q=3%3dBVFT5%26G%3dD%26D%3d4VIT%26r%3dWMWCd%268%3d8wO3_HTxc_SD_MdsS_WS_HTxc_RIR0M.s678rN-51f82Bw0.vJ_uvfp_5k_5qVu_FfxOz_IrP53h_MdsS_XQDhR6BhO75u_MdsS_WIKwH_z5gD8C_uvfp_6irCdDy_HTxc_R9P7C_f6zFdDtD_uvfp_6iz1lG8F%26g%3dH8Iy8E.DhO%26vI%3d4WJR6%26O6%3dRCWGZ1d6n6VGQ6eMQ4%26C%3dqS4ZGRBVrX4epZdeMYfVqUd8pXBVHWeXKZiaqZ8YrTg8IW4Vn27bp6BYGZfArXeV&amp;mupckp=mupAtu4m8OiX0wt\" target=\"_blank\" rel=\"noreferrer noopener\">www.pathos-raccolte.it<\/a>, esplora in&nbsp;<strong>10 stanze<\/strong>&nbsp;l\u2019iconografia di numerose&nbsp;<strong>figure femminili dell&#8217;antichit\u00e0 e del Vecchio Testamento<\/strong>, divenute&nbsp;<strong>simbolo di uno specifico sentimento, emblema di valori, passioni e virt\u00f9<\/strong>.Al centro dell\u2019esposizione le vicende di grandi eroine, come&nbsp;<strong>Cleopatra, Lucrezia, Eva, Betsabea, Rebecca e Giuditta,&nbsp;<\/strong>raffigurate da importanti artisti che hanno fatto la storia dell\u2019arte.&nbsp;&nbsp;<strong>Elisabetta Sirani, Guercino, Parmigianino, Guido Reni, Giambattista Tiepolo, Giacinto Gemignani&nbsp;<\/strong>e&nbsp;<strong>Agostino Carracci<\/strong>&nbsp;sono solo alcuni dei nomi dei&nbsp;<strong>60 artisti<\/strong>&nbsp;che hanno messo in luce le varie interpretazioni dei racconti biblici attraverso prevalentemente dipinti \u2013 ma anche incisioni, maioliche, bronzi e terrecotte \u2013 presentando al pubblico online una selezione di&nbsp;<strong>80 capolavori<\/strong>&nbsp;che coprono un arco temporale&nbsp;<strong>dal XVI al XX secolo<\/strong>, provenienti da&nbsp;<strong>31 Fondazioni.<\/strong><strong>&nbsp;<\/strong>R\u2019Accolte continuer\u00e0 a celebrare e diffondere il ricco&nbsp;<strong>patrimonio delle collezioni d&#8217;arte delle Fondazioni di origine bancaria&nbsp;<\/strong>con&nbsp;<strong>l\u2019avvio di nuove mostre virtuali<\/strong>, proseguendo sulla scia del successo ottenuto con \u00ab<em>P\u00e0thos. Valori, passioni, virt\u00f9<\/em>\u00ab. Inoltre, \u00e8 in fase di realizzazione un&nbsp;<strong>ampio programma di eventi e di iniziative culturali<\/strong>.<strong>&nbsp;<\/strong><strong>Le Fondazioni per l&#8217;Arte: un impegno decennale nella promozione culturale<\/strong>&nbsp;<strong>Le Fondazioni di origine bancaria sono organizzazioni non profit, private e autonome<\/strong>, rappresentate collettivamente da Acri, il cui settore primario di intervento \u00e8 proprio la&nbsp;<strong>cura e l\u2019accessibilit\u00e0 dei beni culturali<\/strong>. Dal 2000 a oggi, a questo settore le Fondazioni hanno destinato complessivamente&nbsp;<strong>oltre 7,5 miliardi di euro<\/strong>, contribuendo significativamente allo sviluppo culturale delle comunit\u00e0 di riferimento e dell&#8217;intero Paese. Gli interventi sostenuti consistono prevalentemente in&nbsp;<strong>percorsi di creazione artistica, conservazione e valorizzazione dei beni e delle attivit\u00e0 culturali<\/strong>, con particolare attenzione all\u2019<strong>accessibilit\u00e0 dei giovani e delle fasce pi\u00f9 fragili delle comunit\u00e0<\/strong>. Proprio con la medesima finalit\u00e0, nel 2012 \u00e8 nato R\u2019Accolte, il grande catalogo multimediale delle opere d\u2019arte delle Fondazioni, che ha reso alla portata di tutti le loro collezioni d\u2019arte. Dal suo avvio, R&#8217;Accolte ha reso accessibili&nbsp;<strong>oltre 15.000 opere<\/strong>, censite secondo i pi\u00f9 accurati standard internazionali, appartenenti a&nbsp;<strong>78 collezioni<\/strong>, spaziando dal mondo antico al contemporaneo.<strong>&nbsp;<\/strong><strong>&nbsp;<\/strong><strong>INFORMAZIONI UTILI<\/strong>TITOLO MOSTRA:&nbsp;<strong>P\u00e0thos. Valori, passioni, virt\u00f9<\/strong>A CURA DI:&nbsp;<strong>Angelo Mazza<\/strong>QUANDO:&nbsp;<strong>Fino al 15 maggio 2024<\/strong>DOVE:<strong>&nbsp;Online su&nbsp;<\/strong><a href=\"https:\/\/culturaliart.musvc2.net\/e\/tr?q=0%3dGTOa0%26E%3dM%26K%3d9TRa%26w%3dUVdHb%26G%3dE2MB_OYvl_ZI_KmzX_Ub_OYvl_YNPIT.x4FEwL-D8k6AI28.5Q_ztow_0i_Dxas_Om3M9_PwND0m_KmzX_VZKmPEImMFBz_KmzX_URR2F_9BlBGJ_ztow_Ag1JiB8_OYvl_YDNFJ_k49MiB3K_ztow_Ag98qEGM%26l%3dFGP46N.KmM%265P%3d9USYA%26ME%3dYHUPg8i4wATPXAcVX9%26A%3dzZ9XPYGT1e9cygicVfkTzbi6yeGTQdjVTgnYzgCW1al6Rd9Tw9BZyCGWPgk91ejT&amp;mupckp=mupAtu4m8OiX0wt\" target=\"_blank\" rel=\"noreferrer noopener\"><strong>www.pathos-raccolte.it<\/strong><\/a><strong><\/strong>PROMOSSA DA:&nbsp;<strong>Acri &#8211; Associazione di Fondazioni e di Casse di Risparmio Spa<\/strong>NELL\u2019AMBITO DI:<strong>&nbsp;R\u2019accolte &#8211;&nbsp;<\/strong><a href=\"https:\/\/culturaliart.musvc2.net\/e\/tr?q=8%3dQRNYJ%26C%3dL%26I%3dIRQY%267%3dSUbRZ%26F%3dCBKAN_0rnu_Kb_Cvkq_Mk_0rnu_JgC6u40GB6.v800.4O_0rnu_Jg_Cvkq_NkCK8_N7LC8w_Ilxh_TYIwNDGwKE00_Ilxh_SQPBD_80v0FH_0rnu_KezHs07_Mitk_WNLEH_u28Ks02I_0rnu_Ke861CFK%26v%3dDFND4M.IwK%264N%3dISRWK%26KD%3dWRSOeKROVK6s2vaUVI%269%3dQbN4LePRTdvVNcL2v7L2x6uRScw6NbtYwZRYPXL2N0KaMWxWNeM7PaPWUdwYxYNX&amp;mupckp=mupAtu4m8OiX0wt\" target=\"_blank\" rel=\"noreferrer noopener\"><strong>https:\/\/raccolte.acri.it\/<\/strong><\/a><strong><\/strong>&nbsp;<strong>CONTATTI ACRI<\/strong>SITO:&nbsp;<a href=\"https:\/\/culturaliart.musvc2.net\/e\/tr?q=0%3d9TQa2%26E%3dO%26K%3d1TTa%26o%3dUXd0b%26I%3dEtMDP_rtqw_3d_FxSs_Pm_rtqw_2iKTw.41Oi.BH_OQvn_YF_KozP_VdRtF_GLuK1B_rtqw_3gBBwL0BtM3O_rtqw_2YIQm_F3AiNA_OQvn_ZD8A8iE_FxSs_PcuMA_0aFD8i0B_OQvn_ZDFyFlND%26A%3dmNGScU.BBt%26BG%3dX2ZPZ%26tL%3dPg2WXZ1WOZ0cOX%268a4yh%3dTy95W3d78SC6VRC4c4cb7XA1718ccRg57Sa7ZTXeXOf3Z4Yd9PBa4z9eWXB86TX0&amp;mupckp=mupAtu4m8OiX0wt\" target=\"_blank\" rel=\"noreferrer noopener\">https:\/\/www.acri.it\/<\/a>YOUTUBE:&nbsp;<a href=\"https:\/\/culturaliart.musvc2.net\/e\/tr?q=5%3dWYAVP%26J%3d9%26F%3dOYDV%26C%3dZHYXg%263%3d0HRxK_Fyar_Qi_zsqx_0h_Fyar_Pn5OK.WwMHSj7.1Mu_Jo1X_TdAp3BLmD_Fyar_PncePm9U4jeRhAAbcRJNX0vyHy_zsqx_AhIRu_KCSz53_PYun_aLF3U1D3R27F_PYun_ZDMHK_u72G3E_Fyar_QlmEyGt_Jo1X_TTS2E_19uHyGoF_Fyar_Qlu37J3H%262%3dK3KJA0.F3R%26qK%3dOZETQ%26R1%3dTXZBbQYBSQhHSO%26F%3dGYVBk519DTS0m4ybG8Pa9a3ZH7RZG6ybHV1DE7U0CXOgnXV3y9i9EVzaFXUCAWRh95SY&amp;mupckp=mupAtu4m8OiX0wt\" target=\"_blank\" rel=\"noreferrer noopener\">https:\/\/www.youtube.com\/<wbr>channel\/<wbr>UC2E13fBWzJc30EtBv0bnWtQ<\/a>INSTAGRAM:&nbsp;<a href=\"https:\/\/culturaliart.musvc2.net\/e\/tr?q=9%3dJXBZC%26I%3d0%26J%3dBXEZ%26z%3dYIcKf%264%3dD5QyO_3xbv_Dh_1wdw_Al_3xbv_Cm6S8.FwO58pNlJ.lKx_OZya_YONl0lKwQn.73Qn_NbzY_XQ_OZya_ZOQ5J_2K6OlA_3xbv_DkwA8PuA5QnN_3xbv_Cc4Px_Jn0tRv_NbzY_YOBv7tI_1wdw_Ab6Qv_9lJy7tDw_NbzY_YOJjEwRy%260%3dxR2RnY.wA5%26F2%3dWCdAY%265P%3dAfCaIYBa0YKg0W%26s%3dZkYmgk0oemelcI9Gdm8mdIeqYDYqAk8pfC7BYk8pYCACfDAGdCaq90XlgFAKAjX7l8jI&amp;mupckp=mupAtu4m8OiX0wt\" target=\"_blank\" rel=\"noreferrer noopener\">https:\/\/www.instagram.com\/<wbr>raccolte.arte\/<\/a><strong>&nbsp;<\/strong><a href=\"https:\/\/culturaliart.musvc2.net\/e\/tr?q=9%3dEUPZ8%26F%3dN%26J%3d7USZ%26u%3dVWcFc%26H%3dDzNCO_xupv_9e_EwYt_Ol_xupv_8jJS3.7HHzOE7rCxNz.7BI_xupv_8j2RkHGE_xupv_8jE7i7BHz9-I7rIEE6TxVoIAA-k-5z9kMFK-gF-C7zL6IuH6K-iO9P1LxHk-82Hr9-3Kt8xVoIAE-jC-BNoA6Jk-6xJi5EEg-59-Ro5-6H-iCzHu-86-IuMGNk-P6NzOxHo-7BJ-v5GDuM-I7rIEE-v5FOoIAE-2CEP1_LnyV_Vc_NWwm_YLOGI_yIHNi9_EwYt_Pjt9JOr9GPkL_EwYt7g5x_Ob1N0_Ik86Qs_LnyV_WaAs56H_xupv_8ZHPs_7xIv56Ct_LnyV_WaIgC9Qv%268%3d0QyPzX.t9G%26Ey%3dUOc8W%26GO%3d8dOZFWNZ7WWf7U%265%3db95Oc79QAC9SZj0U799RZBYNBgcWXgUU9D91879NaA9SAhYyc77PBk510k9R7E8Q&amp;mupckp=mupAtu4m8OiX0wt\" target=\"_blank\" rel=\"noreferrer noopener\"><strong>CARTELLA STAMPA E IMMAGINI<\/strong><\/a>\u200a<a href=\"https:\/\/culturaliart.musvc2.net\/e\/tr?q=5%3dMRAVF%26C%3d9%26F%3dERDV%263%3dSHYNZ%263%3d08KxK_6rar_Gb_zsgq_0h_6rar_Fg5OA.0vK82oJoD.kG1_IYud_SNJo4kGzKm.36Km_JetX_TT_IYud_TNM8D_1G9Ik7_6rar_Gev7AJt78KmJ_6rar_FW3L1_Dm6wLu_JetX_UR6u3wC_zsgq_0X9Ku_5oDx3w8v_JetX_URDiAzLx%266%3d1L1NqS.v78%2601%3dSFX0U%268J%3d0bFUHUEU9UNa9S%26v%3dTjUpaj6rYlaoWH5JXl4pXHatSCUt5j4sZB3ESj4sSB7FZC7JXBWt39ToaE7N5iT3o2iL&amp;mupckp=mupAtu4m8OiX0wt\" target=\"_blank\" rel=\"noreferrer noopener\"><\/a><a href=\"https:\/\/culturaliart.musvc2.net\/e\/tr?q=4%3dEQMU8%26B%3dK%26E%3d7QPU%26u%3dRTXFY%26E%3d9zJ0J_xqmq_9a_BrYp_Lg_xqmq_8fGN3.1wIo.9D_IWsj_SL_HktV_SZLzC_CF1Hw6_xqmq_9d863I66zJyI_xqmq_8VEKs_Cy5oK7_IWsj_TJ572oB_BrYp_LW1J7_4gC02o78_IWsj_TJCu0rK0%265%3dsKCMiR.86z%269C%3dR8WLT%26zI%3dLa8TTT7TKTFZKR%262g1un%3dQu3ATyXC5O7BSN70ZzWh4T574w2iZNaA4OUCWPRkUKZ9WzSj6L6g1v3kTT6D3PRF&amp;mupckp=mupAtu4m8OiX0wt\" target=\"_blank\" rel=\"noreferrer noopener\"><\/a><a href=\"https:\/\/culturaliart.musvc2.net\/e\/tr?q=3%3dEY6T8%26J%3d4%26D%3d7Y9T%26u%3dZCWFg%26x%3d8zRsI_xyVp_9i_uqYx_5f_xyVp_8nzM3.WrKzSe5.iMp_HW1S_RLAk1tLhB_xyVp_8nXc8m4SljZPPA6ZKRELF0qwzy_uqYx_6f1Rp_IuSu3k_PTsV_aGDkUvBkRw5x_PTsV_Z9KzK_p5jGxC_xyVp_9lhCgGo_HW1S_RBSwC_i9pFgGjD_xyVp_9lp1oJxF%26j%3dKxI2A5.DkR%26lI%3d7Z0R9%26Rv%3dRFZ7Z9Y7Q9hCQ7%26F%3dBWDBf3i99RA0h2gbB68a4YkZC50ZB4gbCTiD05C08V7giVD1g9d90ThaAVCC6U0h43AY&amp;mupckp=mupAtu4m8OiX0wt\" target=\"_blank\" rel=\"noreferrer noopener\"><\/a><\/td><\/tr><\/tbody><\/table><\/figure>\n","protected":false},"excerpt":{"rendered":"<p>Prorogata fino al 15 maggio 2024&nbsp;\u201cP\u00e0thos. Valori, passioni, virt\u00f9\u201d&nbsp;Mostra promossa da Acri &nbsp;Associazione di Fondazioni e di Casse di Risparmio [&hellip;]<\/p>\n","protected":false},"author":1,"featured_media":0,"comment_status":"open","ping_status":"open","sticky":false,"template":"","format":"standard","meta":{"footnotes":""},"categories":[4,10],"tags":[],"class_list":["post-52351","post","type-post","status-publish","format-standard","hentry","category-cultura","category-italiano"],"_links":{"self":[{"href":"https:\/\/www.ecoitaliano.com.ar\/index.php?rest_route=\/wp\/v2\/posts\/52351","targetHints":{"allow":["GET"]}}],"collection":[{"href":"https:\/\/www.ecoitaliano.com.ar\/index.php?rest_route=\/wp\/v2\/posts"}],"about":[{"href":"https:\/\/www.ecoitaliano.com.ar\/index.php?rest_route=\/wp\/v2\/types\/post"}],"author":[{"embeddable":true,"href":"https:\/\/www.ecoitaliano.com.ar\/index.php?rest_route=\/wp\/v2\/users\/1"}],"replies":[{"embeddable":true,"href":"https:\/\/www.ecoitaliano.com.ar\/index.php?rest_route=%2Fwp%2Fv2%2Fcomments&post=52351"}],"version-history":[{"count":0,"href":"https:\/\/www.ecoitaliano.com.ar\/index.php?rest_route=\/wp\/v2\/posts\/52351\/revisions"}],"wp:attachment":[{"href":"https:\/\/www.ecoitaliano.com.ar\/index.php?rest_route=%2Fwp%2Fv2%2Fmedia&parent=52351"}],"wp:term":[{"taxonomy":"category","embeddable":true,"href":"https:\/\/www.ecoitaliano.com.ar\/index.php?rest_route=%2Fwp%2Fv2%2Fcategories&post=52351"},{"taxonomy":"post_tag","embeddable":true,"href":"https:\/\/www.ecoitaliano.com.ar\/index.php?rest_route=%2Fwp%2Fv2%2Ftags&post=52351"}],"curies":[{"name":"wp","href":"https:\/\/api.w.org\/{rel}","templated":true}]}}