{"id":52525,"date":"2024-03-16T09:41:14","date_gmt":"2024-03-16T09:41:14","guid":{"rendered":"https:\/\/www.ecoitaliano.com.ar\/?p=52525"},"modified":"2024-03-16T09:41:14","modified_gmt":"2024-03-16T09:41:14","slug":"tolkien-uomo-professore-autore-dal-16-marzo-la-mostra-a-palazzo-reale-di-napoli","status":"publish","type":"post","link":"https:\/\/www.ecoitaliano.com.ar\/?p=52525","title":{"rendered":"\u00abTOLKIEN. Uomo, Professore, Autore\u00bb | dal 16 marzo la mostra a Palazzo Reale di Napoli"},"content":{"rendered":"\n<figure class=\"wp-block-gallery has-nested-images columns-default is-cropped wp-block-gallery-1 is-layout-flex wp-block-gallery-is-layout-flex\">\n<figure class=\"wp-block-image size-large\"><a href=\"https:\/\/www.ecoitaliano.com.ar\/wp-content\/uploads\/2024\/03\/TOLKIEN.-Uomo-Professore-Autore_Manifesto-orizzontale-scaled.jpg\"><img decoding=\"async\" width=\"1024\" height=\"682\" data-id=\"52526\" src=\"https:\/\/www.ecoitaliano.com.ar\/wp-content\/uploads\/2024\/03\/TOLKIEN.-Uomo-Professore-Autore_Manifesto-orizzontale-1024x682.jpg\" alt=\"\" class=\"wp-image-52526\" srcset=\"https:\/\/www.ecoitaliano.com.ar\/wp-content\/uploads\/2024\/03\/TOLKIEN.-Uomo-Professore-Autore_Manifesto-orizzontale-1024x682.jpg 1024w, https:\/\/www.ecoitaliano.com.ar\/wp-content\/uploads\/2024\/03\/TOLKIEN.-Uomo-Professore-Autore_Manifesto-orizzontale-300x200.jpg 300w, https:\/\/www.ecoitaliano.com.ar\/wp-content\/uploads\/2024\/03\/TOLKIEN.-Uomo-Professore-Autore_Manifesto-orizzontale-768x512.jpg 768w, https:\/\/www.ecoitaliano.com.ar\/wp-content\/uploads\/2024\/03\/TOLKIEN.-Uomo-Professore-Autore_Manifesto-orizzontale-1536x1024.jpg 1536w, https:\/\/www.ecoitaliano.com.ar\/wp-content\/uploads\/2024\/03\/TOLKIEN.-Uomo-Professore-Autore_Manifesto-orizzontale-2048x1365.jpg 2048w, https:\/\/www.ecoitaliano.com.ar\/wp-content\/uploads\/2024\/03\/TOLKIEN.-Uomo-Professore-Autore_Manifesto-orizzontale-150x100.jpg 150w\" sizes=\"(max-width: 1024px) 100vw, 1024px\" \/><\/a><\/figure>\n<\/figure>\n\n\n\n<figure class=\"wp-block-image\"><img decoding=\"async\" src=\"https:\/\/mail.google.com\/mail\/u\/3?ui=2&amp;ik=a91c2962d6&amp;attid=0.0.3&amp;permmsgid=msg-f:1793671199040315550&amp;th=18e46673c6a5a09e&amp;view=fimg&amp;fur=ip&amp;sz=s0-l75-ft&amp;attbid=ANGjdJ8usbhla0R5wzIapAGrD7_0vmoVejejLMsxPpZaW4-tkaJfQcVuGf0t35wJcFZRQTLHFtnEyettyweWY4efIwajrpnq-f3HNR4nHxJRHR8arYUko0wCYW9ojAU&amp;disp=emb&amp;realattid=ii_ltshveqs2\" alt=\"Tolkien logo.jpg\"\/><\/figure>\n\n\n\n<figure class=\"wp-block-image\"><img decoding=\"async\" src=\"https:\/\/mail.google.com\/mail\/u\/3?ui=2&amp;ik=a91c2962d6&amp;attid=0.0.1&amp;permmsgid=msg-f:1793671199040315550&amp;th=18e46673c6a5a09e&amp;view=fimg&amp;fur=ip&amp;sz=s0-l75-ft&amp;attbid=ANGjdJ-nvEnh2CfxTRPGHP0FHnF5Fv3cn0MkkNWNLnx9EqPt9QrCHx33Du9_0xwdFcDeZi2BZLIMAJ582sRbF7gfhDAkRJdfCA3M-NA0g4yV9p0IuDv4p4rWMvaSimo&amp;disp=emb&amp;realattid=ii_ltshrkrp0\" alt=\"MiC.jpg\"\/><\/figure>\n\n\n\n<p><strong>TOLKIEN. Uomo, Professore, Autore<\/strong><\/p>\n\n\n\n<p><strong>Per i settant\u2019anni dalla pubblicazione<\/strong><\/p>\n\n\n\n<p><strong>dei primi due volumi de&nbsp;<em>Il<\/em>&nbsp;<em>Signore degli Anelli<\/em><\/strong><\/p>\n\n\n\n<p><strong>e dopo lo straordinario successo di Roma con oltre 80.000&nbsp;<\/strong><strong>visitatori,&nbsp;<\/strong><\/p>\n\n\n\n<p><strong>il 16 marzo arriva a Palazzo Reale di Napoli<\/strong><\/p>\n\n\n\n<p><strong>la grande mostra che omaggia il celebre scrittore inglese<\/strong><\/p>\n\n\n\n<p><em>Napoli, 16 marzo 2024<\/em>&nbsp;\u2013&nbsp;<strong>Per i settant\u2019anni<\/strong>&nbsp;<strong>dalla pubblicazione dei primi due volumi de&nbsp;<em>Il Signore degli Anelli<\/em>, Napoli ospiter\u00e0 dal 16 marzo al 2 luglio 2024<\/strong>&nbsp;<strong>a Palazzo Reale<\/strong>&nbsp;<strong>la grande mostra dedicata a John Ronald Reuel Tolkien, creatore della celebre epopea della Terra di Mezzo che ha plasmato una nuova mitologia per il mondo contemporaneo e lo ha reso uno degli autori pi\u00f9 letti del pianeta.<\/strong><\/p>\n\n\n\n<p><strong><em>TOLKIEN. Uomo, Professore, Autore<\/em><\/strong><em>&nbsp;<\/em>ci<em>&nbsp;<\/em>racconta il percorso umano, il lavoro accademico, la potenza narrativa e la forza poetica del celebre romanziere attraverso un viaggio senza eguali, grazie al quale appassionati e pubblico saranno introdotti nella grandezza di questo autore e comprenderanno quanto la sua straordinaria conoscenza del mondo antico siano alla base del suo processo creativo.<\/p>\n\n\n\n<p>Dopo le grandi mostre allestite a Oxford (2018), Parigi (2020) e Milwaukee (2022), che hanno esaltato particolari aspetti delle opere letterarie,&nbsp;<strong><em>TOLKIEN. Uomo, Professore, Autore<\/em><\/strong>&nbsp;<strong>\u00e8 la prima esposizione di queste dimensioni mai allestita in Italia che pone lo scrittore<\/strong>&nbsp;<strong>al centro di tutto<\/strong>&nbsp;e nella quale sar\u00e0 possibile scoprire le varie sfaccettature della sua vita: l\u2019uomo, padre e amico, accademico, autore di saggi e pubblicazioni ancora oggi fondamentali nello studio della letteratura in antico e medio inglese, il narratore e sub-creatore della Terra di Mezzo. Ci sar\u00e0 anche spazio per raccontare il rapporto che lo ha legato al nostro Paese e la storia editoriale italiana delle sue opere oltre a ci\u00f2 che ha ispirato nell\u2019arte, nella musica e nel mondo dei fumetti.<\/p>\n\n\n\n<p>L\u2019immersione nell\u2019universo da lui creato si realizza mediante un articolato percorso espositivo tra&nbsp;<strong>manoscritti autografi<\/strong>,&nbsp;<strong>lettere<\/strong>,&nbsp;<strong>memorabilia<\/strong>,<strong>&nbsp;fotografie e opere d\u2019arte nate dalle visioni letterarie di un autore unico e poliedrico<\/strong>. Uomo del suo tempo, linguista e filologo, il Professore di Oxford viene raccontato nella sua complessit\u00e0 artistica e umana.<\/p>\n\n\n\n<p>Particolare rilevanza viene data al suo rapporto con l\u2019Italia:&nbsp;<em>\u201cSono innamorato dell&#8217;italiano, e mi sento alquanto sperduto senza la possibilit\u00e0 di provare a parlarlo\u201d<\/em>, si legge in una sua lettera, e nella rassegna non mancano le testimonianze del viaggio a Venezia e Assisi nel 1955; cos\u00ec come i tanti contatti, diretti e indiretti, con studiosi e intellettuali del nostro Paese.<\/p>\n\n\n\n<p><strong>Spazio anche agli adattamenti cinematografici vecchi e nuovi, dal film d\u2019animazione di Ralph Bakshi, alla trilogia de&nbsp;<em>Il Signore degli Anelli<\/em>&nbsp;del regista Peter Jackson<\/strong>, capace di rappresentare sul grande schermo una delle saghe pi\u00f9 ambiziose e popolari della letteratura mondiale conquistando 17 premi Oscar.<\/p>\n\n\n\n<p>Fortemente voluta dal&nbsp;<strong>Ministro Sangiuliano<\/strong>&nbsp;e promossa dal<strong>&nbsp;Ministero della Cultura&nbsp;<\/strong>con la collaborazione dell\u2019<strong>Universit\u00e0 di Oxford<\/strong>, \u00e8 realizzata da<strong>&nbsp;C.O.R. Creare Organizzare Realizzare<\/strong>&nbsp;con l\u2019<strong>Associazione Culturale<\/strong>&nbsp;<strong>Costruire Cultura<\/strong>, con la curatela di&nbsp;<strong>Oronzo Cilli<\/strong>&nbsp;e la co-curatela e l\u2019organizzazione di&nbsp;<strong>Alessandro Nicosia<\/strong>,&nbsp;<strong><em>TOLKIEN. Uomo, Professore,<\/em>&nbsp;<em>Autore<\/em><\/strong>&nbsp;\u00e8 la pi\u00f9 importante retrospettiva del suo genere in Italia per spettacolarit\u00e0, dimensioni, materiali inediti esposti e autorevolezza delle istituzioni internazionali coinvolte:&nbsp;<strong>l\u2019Universit\u00e0 di Reading<\/strong>,<strong>&nbsp;l\u2019Oratorio di San Filippo Neri di Birmingham<\/strong>,<strong>&nbsp;il Venerabile Collegio Inglese di Roma<\/strong>,<strong>&nbsp;la Tolkien Society<\/strong>,<strong>&nbsp;la Fondazione Arnoldo e Alberto Mondadori<\/strong>,<strong>&nbsp;la Fondazione Biblioteca Benedetto Croce<\/strong>,<strong>&nbsp;le case editrici Astrolabio-Ubaldini e Bompiani<\/strong>,&nbsp;<strong>il Greisinger Museum di Jenins e la Warner Bros Discovery<\/strong>.<\/p>\n\n\n\n<p>\u201c<em>La mostra su Tolkien a Palazzo Reale a Napoli, dopo lo straordinario successo alla Galleria Nazionale d\u2019Arte Moderna e Contemporanea di Roma, offre al pubblico un\u2019ulteriore occasione per scoprire o riscoprire il vissuto e l\u2019immaginario di questo straordinario autore, che con i suoi valori ha segnato profondamente la letteratura del Novecento: amicizia, solidariet\u00e0, fraternit\u00e0, amore per la natura e, soprattutto, la salvaguardia dell\u2019umano e della sua dimensione spirituale sono tutti elementi centrali della sua opera, invisi a un certo nichilismo al quale noi ci opponiamo con forza<\/em>\u201d, ha commentato il Ministro Sangiuliano.<\/p>\n\n\n\n<p><strong>Il catalogo che accompagna la mostra, edito da Skira<\/strong>, si avvale dei contributi di Adriano Monti Buzzetti Colella, Giuseppe Pezzini, Emma Giammattei, Francesco Nepitello, Chiara Bertoglio, Gianluca Comastri, padre Guglielmo Spirito, Fabio Celoni, Davide Martini, Roberta Tosi, Salvatore Santangelo, Stefano Giuliano, Claudio Mattia Serafin, Gianfranco de Turris, Paolo Paron e Domenico Dimichino.<\/p>\n\n\n\n<p>La Capitale \u00e8 stata la prima tappa di un percorso che, dopo Napoli, proseguir\u00e0 a Torino e successivamente in altre citt\u00e0. Grazie al MiC, che ne ha promosso e sostenuto la progettazione con l\u2019obiettivo di incentivare la partecipazione di tutti alla vita culturale,&nbsp;<strong>l\u2019esposizione, tra il 15 novembre 2023 e l\u201911 febbraio 2024, ha fatto registrare a Roma un successo straordinario con 80.226 visitatori, di cui ben 2.091 nell&#8217;ultima giornata<\/strong>.<\/p>\n\n\n\n<p><br><em>\u201cIn un buco nel terreno viveva uno Hobbit\u201d<\/em>. Con queste parole l\u2019autore ha dato inizio alla bellissima avventura di Bilbo Baggins e acceso una fervida scintilla in generazioni di lettori, svelando la Terra di Mezzo e i suoi abitanti: Hobbit ed Elfi, Nani e Uomini. Gli stessi che non hanno mai smesso di accompagnarci in quella storia che \u00e8 diventata leggenda e si \u00e8 poi trasformata in Mito:&nbsp;<em>TOLKIEN. Uomo, Professore, Autore<\/em>\u00e8 la loro casa. E la vostra Mostra.<\/p>\n\n\n\n<p><strong>La cartella stampa e il manifesto in allegato<\/strong><\/p>\n\n\n\n<p><strong>Foto Tolkien, oggetti e opere in mostra<\/strong>:&nbsp;<a href=\"https:\/\/we.tl\/t-d3PgXT5gqt\" target=\"_blank\" rel=\"noreferrer noopener\">https:\/\/we.tl\/t-d3PgXT5gqt<\/a>&nbsp;(dida nei file)<\/p>\n\n\n\n<p><strong>Foto allestimento<\/strong>:&nbsp;<a href=\"https:\/\/we.tl\/t-gJHOK67BG4\" target=\"_blank\" rel=\"noreferrer noopener\">https:\/\/we.tl\/t-gJHOK67BG4<\/a>&nbsp;(photo credit Salvatore Laporta)<\/p>\n","protected":false},"excerpt":{"rendered":"<p>TOLKIEN. Uomo, Professore, Autore Per i settant\u2019anni dalla pubblicazione dei primi due volumi de&nbsp;Il&nbsp;Signore degli Anelli e dopo lo straordinario [&hellip;]<\/p>\n","protected":false},"author":1,"featured_media":0,"comment_status":"open","ping_status":"open","sticky":false,"template":"","format":"standard","meta":{"footnotes":""},"categories":[10,22],"tags":[],"class_list":["post-52525","post","type-post","status-publish","format-standard","hentry","category-italiano","category-libros-y-revistas-literatura"],"_links":{"self":[{"href":"https:\/\/www.ecoitaliano.com.ar\/index.php?rest_route=\/wp\/v2\/posts\/52525","targetHints":{"allow":["GET"]}}],"collection":[{"href":"https:\/\/www.ecoitaliano.com.ar\/index.php?rest_route=\/wp\/v2\/posts"}],"about":[{"href":"https:\/\/www.ecoitaliano.com.ar\/index.php?rest_route=\/wp\/v2\/types\/post"}],"author":[{"embeddable":true,"href":"https:\/\/www.ecoitaliano.com.ar\/index.php?rest_route=\/wp\/v2\/users\/1"}],"replies":[{"embeddable":true,"href":"https:\/\/www.ecoitaliano.com.ar\/index.php?rest_route=%2Fwp%2Fv2%2Fcomments&post=52525"}],"version-history":[{"count":0,"href":"https:\/\/www.ecoitaliano.com.ar\/index.php?rest_route=\/wp\/v2\/posts\/52525\/revisions"}],"wp:attachment":[{"href":"https:\/\/www.ecoitaliano.com.ar\/index.php?rest_route=%2Fwp%2Fv2%2Fmedia&parent=52525"}],"wp:term":[{"taxonomy":"category","embeddable":true,"href":"https:\/\/www.ecoitaliano.com.ar\/index.php?rest_route=%2Fwp%2Fv2%2Fcategories&post=52525"},{"taxonomy":"post_tag","embeddable":true,"href":"https:\/\/www.ecoitaliano.com.ar\/index.php?rest_route=%2Fwp%2Fv2%2Ftags&post=52525"}],"curies":[{"name":"wp","href":"https:\/\/api.w.org\/{rel}","templated":true}]}}