{"id":52650,"date":"2024-03-19T14:35:12","date_gmt":"2024-03-19T14:35:12","guid":{"rendered":"https:\/\/www.ecoitaliano.com.ar\/?p=52650"},"modified":"2024-03-19T14:35:12","modified_gmt":"2024-03-19T14:35:12","slug":"pesaro-capitale-italiana-della-cultura-2024-cagli-centro-di-scultura-contemporanea-eventi-da-aprile-a-luglio","status":"publish","type":"post","link":"https:\/\/www.ecoitaliano.com.ar\/?p=52650","title":{"rendered":"PESARO Capitale italiana della Cultura 2024 &#8211; CAGLI Centro di Scultura Contemporanea &#8211; Eventi da aprile a luglio"},"content":{"rendered":"\n<figure class=\"wp-block-gallery has-nested-images columns-default is-cropped wp-block-gallery-1 is-layout-flex wp-block-gallery-is-layout-flex\">\n<figure class=\"wp-block-image size-large\"><a href=\"https:\/\/www.ecoitaliano.com.ar\/wp-content\/uploads\/2024\/03\/Eliseo-Mattiacci_Ordine-cosmico_1987_acciaio-e-corten_Ph-Maurizio-Tagliatesta-2.jpg\"><img decoding=\"async\" width=\"1024\" height=\"683\" data-id=\"52651\" src=\"https:\/\/www.ecoitaliano.com.ar\/wp-content\/uploads\/2024\/03\/Eliseo-Mattiacci_Ordine-cosmico_1987_acciaio-e-corten_Ph-Maurizio-Tagliatesta-2.jpg\" alt=\"\" class=\"wp-image-52651\" srcset=\"https:\/\/www.ecoitaliano.com.ar\/wp-content\/uploads\/2024\/03\/Eliseo-Mattiacci_Ordine-cosmico_1987_acciaio-e-corten_Ph-Maurizio-Tagliatesta-2.jpg 1024w, https:\/\/www.ecoitaliano.com.ar\/wp-content\/uploads\/2024\/03\/Eliseo-Mattiacci_Ordine-cosmico_1987_acciaio-e-corten_Ph-Maurizio-Tagliatesta-2-300x200.jpg 300w, https:\/\/www.ecoitaliano.com.ar\/wp-content\/uploads\/2024\/03\/Eliseo-Mattiacci_Ordine-cosmico_1987_acciaio-e-corten_Ph-Maurizio-Tagliatesta-2-768x512.jpg 768w, https:\/\/www.ecoitaliano.com.ar\/wp-content\/uploads\/2024\/03\/Eliseo-Mattiacci_Ordine-cosmico_1987_acciaio-e-corten_Ph-Maurizio-Tagliatesta-2-150x100.jpg 150w\" sizes=\"(max-width: 1024px) 100vw, 1024px\" \/><\/a><\/figure>\n\n\n\n<figure class=\"wp-block-image size-large\"><a href=\"https:\/\/www.ecoitaliano.com.ar\/wp-content\/uploads\/2024\/03\/CAGLI_Torre-Martiniana-b_Ph-Maurizio-Tagliatesta.jpg\"><img decoding=\"async\" width=\"1024\" height=\"768\" data-id=\"52652\" src=\"https:\/\/www.ecoitaliano.com.ar\/wp-content\/uploads\/2024\/03\/CAGLI_Torre-Martiniana-b_Ph-Maurizio-Tagliatesta-1024x768.jpg\" alt=\"\" class=\"wp-image-52652\" srcset=\"https:\/\/www.ecoitaliano.com.ar\/wp-content\/uploads\/2024\/03\/CAGLI_Torre-Martiniana-b_Ph-Maurizio-Tagliatesta-1024x768.jpg 1024w, https:\/\/www.ecoitaliano.com.ar\/wp-content\/uploads\/2024\/03\/CAGLI_Torre-Martiniana-b_Ph-Maurizio-Tagliatesta-300x225.jpg 300w, https:\/\/www.ecoitaliano.com.ar\/wp-content\/uploads\/2024\/03\/CAGLI_Torre-Martiniana-b_Ph-Maurizio-Tagliatesta-768x576.jpg 768w, https:\/\/www.ecoitaliano.com.ar\/wp-content\/uploads\/2024\/03\/CAGLI_Torre-Martiniana-b_Ph-Maurizio-Tagliatesta-1536x1152.jpg 1536w, https:\/\/www.ecoitaliano.com.ar\/wp-content\/uploads\/2024\/03\/CAGLI_Torre-Martiniana-b_Ph-Maurizio-Tagliatesta-2048x1536.jpg 2048w, https:\/\/www.ecoitaliano.com.ar\/wp-content\/uploads\/2024\/03\/CAGLI_Torre-Martiniana-b_Ph-Maurizio-Tagliatesta-150x113.jpg 150w\" sizes=\"(max-width: 1024px) 100vw, 1024px\" \/><\/a><figcaption class=\"wp-element-caption\">default<\/figcaption><\/figure>\n<\/figure>\n\n\n\n<figure class=\"wp-block-image\"><img decoding=\"async\" src=\"https:\/\/mail.google.com\/mail\/u\/3?ui=2&amp;ik=a91c2962d6&amp;attid=0.0.1.1&amp;permmsgid=msg-f:1793961187893818083&amp;th=18e56e32113fb2e3&amp;view=fimg&amp;fur=ip&amp;sz=s0-l75-ft&amp;attbid=ANGjdJ8O3U8eSMr4wlNUOU4TdlXEe2QMIKPPJbKXgXFx9W_rlcCNs1bmUfiXXGV2FjlMPOuB1qHav78EpGg7RJ4_Uk-eWfWRIxBKAzjQZfKZWGzwiElu0WCnzZYgtYo&amp;disp=emb\" alt=\"\"\/><\/figure>\n\n\n\n<p><strong>Eventi da aprile a luglio 2024<\/strong><br><strong>Citt\u00e0 di Cagli (PU) &#8211; Pesaro 2024\/50&#215;50 Capitali al quadrato<\/strong><strong><br>CENTRO DI SCUTURA CONTEMPORANEA<\/strong><br><strong>Torrione Martiniano: avamposto di contemporaneit\u00e0<\/strong><\/p>\n\n\n\n<p>Nell\u2019ambito del programma di&nbsp;<strong>Pesaro \u201cCapitale italiana della Cultura 2024&#8243;<\/strong>&nbsp;e del progetto di dossier&nbsp;<strong>\u00ab50&#215;50 Capitali al quadrato\u00bb<\/strong>,&nbsp;<strong>Cagli<\/strong>&nbsp;ha scelto di presentarsi e rappresentarsi attraverso il&nbsp;<strong>Torrione Martiniano<\/strong>, emblematica architettura cinquecentesca, di presidio alla citt\u00e0, da oltre 30 anni sede e dimora del&nbsp;<strong>Centro di Scultura Contemporane<\/strong>a, gi\u00e0 oggetto di recente valorizzazione.<\/p>\n\n\n\n<p>In quest&#8217;anno cos\u00ec importante per l&#8217;intero territorio, intorno al&nbsp;<strong>Torrione \/ Centro di Scultura contemporanea<\/strong>, si sono concentrati gli investimenti progettuali ed economici di&nbsp;<strong>Comune di Cagli<\/strong>, Regione Marche e Fondazione Cassa Risparmio di Pesaro per promuovere il presidio di difesa e guardia del torrione che si rigenera e trasfigura la sua funzione in \u00abavamposto di contemporaneit\u00e0\u00bb in dialogo con la citt\u00e0.<\/p>\n\n\n\n<p>Tre le principali linee di azione che saranno presentate durante la Settimana in cui&nbsp;<strong>Cagli sar\u00e0 Co-Capitale con Pesaro<\/strong>, traducendosi in eventi&nbsp;<strong>dall\u20198 al 14 di aprile<\/strong>&nbsp;e nei mesi successivi, sotto la cura artistica di Sandro Pascucci: un complesso ed esauriente intervento di&nbsp;<strong>restauro e manutenzione<\/strong>&nbsp;ovvero la sonorizzazione del \u00absoccorso coverto\u00bb, gi\u00e0 percorribile e in fase di ultimazione nella parte di accesso alla Rocca sovrastante, e l\u2019inizio del restauro &#8211; con dimostrazioni aperte &#8211; di alcune sculture di \u201carte povera\u00bb in situ; la&nbsp;<strong>progettazione e produzione di nuovi contenuti&nbsp;<\/strong>artistici che prevede<strong>&nbsp;venerd\u00ec 12 aprile<\/strong>&nbsp;l\u2019inaugurazione delle opere frutto del progetto dedicato agli Artisti e ai Luoghi, lungo viale della Vittoria, in collaborazione con la Casa degli Artisti di sant\u2019Anna del Furlo, e&nbsp;<strong>sabato 11 maggio<\/strong>&nbsp;quella del progetto&nbsp;<strong>\u00abScultura Espansa\u00bb<\/strong>, nato da una suggestione del musicista elettronico Alessandro Petrolati; infine&nbsp;<strong>valorizzazione e promozione&nbsp;<\/strong>con l\u2019inaugurazione del Virtual Tour che innova il rapporto tra fruitore dell&#8217;opera e l&#8217;opera stessa,&nbsp;<strong>sabato 20 luglio<\/strong>.<\/p>\n\n\n\n<p><strong>Il Torrione e gli eventi in dettaglio<\/strong><\/p>\n\n\n\n<p>Francesco di Giorgio Martini, sublime figura dell&#8217;ingegno e della creativit\u00e0 rinascimentale delle Alte Marche, progett\u00f2 il Torrione, opera imponente ed emergente, all&#8217;interno di un complesso sistema difensivo, del quale rimane integra testimone, ponendosi contemporaneamente in dialogo con l\u2019arte contemporanea, in particolare la scultura \u00absite specific\u00bb ovvero la straordinaria raccolta di opere plastiche di Almagno, Bolognini, Coletta, Gastini, Giuliani, Icaro, Kounellis, Lorenzetti, Mainolfi, Mattiacci, Nunzio, Nagasawa, Paolini, Porcari, Scarpetta, Termini, Tranquilli, Uncini, Zorio, che abitano gli spazi rinascimentali.<br><br>Tutto nasce dall\u2019originaria mostra \u00abPensieri spaziali\u00bb, che nel 1989 , per entusiasta volont\u00e0 dell&#8217;Assessore alla Cultura Lucia Braccini, dell&#8217;artista cagliese Eliseo Mattiacci, del grafico e comunicatore Massimo Dolcini, riun\u00ec un primo importante nucleo di opere scultoree nel settembre 1997, sfidando il terremoto inibito dal disegno architettonico ogivale; iniziativa temporanea che diede vita al permanente Centro di Scultura Contemporanea, sotto la curatela dello storico dell&#8217;arte Fabrizio D&#8217;Amico.<\/p>\n\n\n\n<p>Oggi, raccogliendo l&#8217;esortazione appassionata e mai sopita, dell&#8217;illustre concittadino&nbsp;<strong>Eliseo Mattiacci<\/strong>&nbsp;(1940 &#8211; 2019) e di tanti suoi colleghi, l&#8217;Amministrazione Comunale con il Sindaco Alberto Alessandri e l\u2019Assessora Benilde Marini, ha riunito le proprie forze e le forze di istituzioni regionali, universitarie e bancarie, per dare concreta vita al programma qui nel dettaglio:<\/p>\n\n\n\n<p><strong>Restauro e manutenzione<\/strong><\/p>\n\n\n\n<p>In questo ambito \u00e8 cruciale l&#8217;intervento dell&#8217;Amministrazione Comunale per l\u2019ultimazione del restauro (iniziato nel 2013) e del recupero funzionale del&nbsp;<strong>\u00absoccorso coverto\u00bb<\/strong>, galleria in mattoni che collega gli spazi al piano terra del Torrione, con un suggestivo percorso di 365 gradini &#8211; i giorni dell&#8217;anno &#8211; al sovrastante piazzale che ospita quel che resta dell&#8217;antica Rocca, assieme al seicentesco Convento dei Cappuccini. A partire&nbsp;<strong>dall\u20198 al 14 aprile<\/strong>, nella settimana Cagli con Pesaro Capitale, si potr\u00e0 percorrere la salita come un \u00abtransito ascetico\u00bb, pi\u00f9 estetico che fisico, che mette in contrappunto il sotto e il sopra, il dentro e il fuori, il buio e la luce, la natura e l&#8217;artificio, come nel pozzo capovolto di Alice, fatto risuonare come uno \u00abstrumento espanso\u00bb dal sensibile passaggio dei visitatori interpreti.<\/p>\n\n\n\n<p>Nella stessa settimana, avr\u00e0 inizio il&nbsp;<strong>restauro di alcune sculture<\/strong>&nbsp;legate all&#8217;ambito della cosiddetta&nbsp;<strong>\u00abarte povera\u00bb<\/strong>, realizzate con materiali deperibili ed esposte da oltre tre decenni in ambiti semi aperti e umidi: interventi scientifici, realizzati in sede con dimostrazioni aperte e documentate di lavoro, grazie all&#8217;accordo sottoscritto con l&#8217;Universit\u00e0 degli Studi di Urbino e ad opera della Scuola di Conservazione e Restauro del Dipartimento di Scienze Pure e Applicate (DiSPeA) con il corso dedicato al restauro delle opere d&#8217;arte contemporanea, diretto dalla Prof.ssa Laura Barattin. Iniziativa realizzata grazie al contributo della Fondazione Cassa di Risparmio di Pesaro.<\/p>\n\n\n\n<p><strong>Progettazione e realizzazione di nuovi contenuti artistici<\/strong><\/p>\n\n\n\n<p><strong>Venerd\u00ec 12 aprile&nbsp;<\/strong>alle 16.30, presso il Salone degli Stemmi, si terr\u00e0 l\u2019inaugurazione dei lavori nati dal connubio tra le imprese e il territorio nell\u2019ambito del progetto dedicato agli&nbsp;<strong>Artisti&nbsp;<\/strong>e ai&nbsp;<strong>Luoghi<\/strong>&nbsp;in collaborazione con la Casa degli Artisti di sant\u2019Anna del Furlo, posizionate in viale della Vittoria a contorno della scultura permanente di Eliseo Mattiacci,&nbsp;<em>Segno astrale<\/em>; iniziativa rivolta a coloro che pensano e realizzano \u00abnuovi\u00bb contenuti artistici come installazioni con prodotti di scarto, da recuperare, che nascono dall&#8217;accostamento di materiali di uso quotidiano che assumono un nuovo senso estetico, nonch\u00e9 dall&#8217;utilizzo di tecnologie digitali ed informatiche, cos\u00ec da \u00abistituire\u00bb inedite modalit\u00e0 percettive e fruitive e, contestuali nuovi pubblici, appartenenti alla platea dei social e delle piattaforme, piuttosto che alle stagioni artistiche o ai calendari e news convenzionali.<\/p>\n\n\n\n<p><strong>Sabato 11 maggio&nbsp;<\/strong>alle 17 inaugurer\u00e0 il progetto&nbsp;<strong>\u00abScultura Espansa\u00bb<\/strong>, nato da una suggestione del musicista elettronico Alessandro Petrolati e ambientato negli spazi dell&#8217;architettura martiniana, abitata dalle opere che compongono il Centro di Scultura Contemporanea: il Torrione come una grande cassa armonica all&#8217;interno della quale visioni e suoni si incrociano dando vita ad un&#8217;esperienza sin-estetica, incontro felice e fertile tra le sensibilit\u00e0 visive e quelle uditive, cosicch\u00e9 il visitatore &#8211; fisico o virtuale &#8211; si trover\u00e0 a \u00abguardare con le orecchie o ascoltare con gli occhi\u00bb.<\/p>\n\n\n\n<p><strong>Valorizzazione e promozione<\/strong><\/p>\n\n\n\n<p><strong>Sabato 20 luglio&nbsp;<\/strong>alle 17.30, presso il Cortile del Cosmo, si terr\u00e0 l\u2019inaugurazione del totem con cui si realizza un nuovo approccio al patrimonio architettonico e artistico del Centro di Scultura Contemporanea, attraverso le nuove tecnologie di catalogazione, mappatura e creazione di \u00abpercorsi in 3 D\u00bb, messe in campo sotto la guida dell&#8217;Universit\u00e0 Politecnica delle Marche, con la direzione scientifica del Prof. Paolo Clini: un Virtual Tour che innover\u00e0 il rapporto tra fruitore dell&#8217;opera e l&#8217;opera stessa e che render\u00e0 possibile anche la realizzazione di un meta\/percorso on line , capace di bypassare quelle barriere architettoniche, insormontabili fisicamente, in una struttura di oltre cinque secoli di vita.<\/p>\n\n\n\n<p><strong>Comune di Cagli<\/strong><br>Piazza Matteotti 1 &#8211; 61043 Cagli (PU)<br>T 0721 780797 \/ 0721 780731<br><a href=\"mailto:ufficiocultura@comune.cagli.ps.it\" target=\"_blank\" rel=\"noreferrer noopener\">ufficiocultura@comune.cagli.ps.it<\/a><br><a href=\"http:\/\/www.comune.cagli.ps.it\/\" target=\"_blank\" rel=\"noreferrer noopener\">www.comune.cagli.ps.it<\/a><\/p>\n","protected":false},"excerpt":{"rendered":"<p>Eventi da aprile a luglio 2024Citt\u00e0 di Cagli (PU) &#8211; Pesaro 2024\/50&#215;50 Capitali al quadratoCENTRO DI SCUTURA CONTEMPORANEATorrione Martiniano: avamposto [&hellip;]<\/p>\n","protected":false},"author":1,"featured_media":0,"comment_status":"open","ping_status":"open","sticky":false,"template":"","format":"standard","meta":{"footnotes":""},"categories":[4,10],"tags":[],"class_list":["post-52650","post","type-post","status-publish","format-standard","hentry","category-cultura","category-italiano"],"_links":{"self":[{"href":"https:\/\/www.ecoitaliano.com.ar\/index.php?rest_route=\/wp\/v2\/posts\/52650","targetHints":{"allow":["GET"]}}],"collection":[{"href":"https:\/\/www.ecoitaliano.com.ar\/index.php?rest_route=\/wp\/v2\/posts"}],"about":[{"href":"https:\/\/www.ecoitaliano.com.ar\/index.php?rest_route=\/wp\/v2\/types\/post"}],"author":[{"embeddable":true,"href":"https:\/\/www.ecoitaliano.com.ar\/index.php?rest_route=\/wp\/v2\/users\/1"}],"replies":[{"embeddable":true,"href":"https:\/\/www.ecoitaliano.com.ar\/index.php?rest_route=%2Fwp%2Fv2%2Fcomments&post=52650"}],"version-history":[{"count":0,"href":"https:\/\/www.ecoitaliano.com.ar\/index.php?rest_route=\/wp\/v2\/posts\/52650\/revisions"}],"wp:attachment":[{"href":"https:\/\/www.ecoitaliano.com.ar\/index.php?rest_route=%2Fwp%2Fv2%2Fmedia&parent=52650"}],"wp:term":[{"taxonomy":"category","embeddable":true,"href":"https:\/\/www.ecoitaliano.com.ar\/index.php?rest_route=%2Fwp%2Fv2%2Fcategories&post=52650"},{"taxonomy":"post_tag","embeddable":true,"href":"https:\/\/www.ecoitaliano.com.ar\/index.php?rest_route=%2Fwp%2Fv2%2Ftags&post=52650"}],"curies":[{"name":"wp","href":"https:\/\/api.w.org\/{rel}","templated":true}]}}