{"id":53057,"date":"2024-03-26T00:08:51","date_gmt":"2024-03-26T00:08:51","guid":{"rendered":"https:\/\/www.ecoitaliano.com.ar\/?p=53057"},"modified":"2024-03-26T00:08:51","modified_gmt":"2024-03-26T00:08:51","slug":"serena-conduce-operaclassica-eco-italiano-3213","status":"publish","type":"post","link":"https:\/\/www.ecoitaliano.com.ar\/?p=53057","title":{"rendered":"Serena conduce operaclassica eco italiano"},"content":{"rendered":"<div class=\"wp-block-image\">\n<figure class=\"aligncenter size-full\"><a href=\"https:\/\/www.ecoitaliano.com.ar\/wp-content\/uploads\/2024\/03\/Screenshot-280-1.png\"><img decoding=\"async\" width=\"432\" height=\"117\" src=\"https:\/\/www.ecoitaliano.com.ar\/wp-content\/uploads\/2024\/03\/Screenshot-280-1.png\" alt=\"\" class=\"wp-image-53058\" srcset=\"https:\/\/www.ecoitaliano.com.ar\/wp-content\/uploads\/2024\/03\/Screenshot-280-1.png 432w, https:\/\/www.ecoitaliano.com.ar\/wp-content\/uploads\/2024\/03\/Screenshot-280-1-300x81.png 300w, https:\/\/www.ecoitaliano.com.ar\/wp-content\/uploads\/2024\/03\/Screenshot-280-1-150x41.png 150w\" sizes=\"(max-width: 432px) 100vw, 432px\" \/><\/a><\/figure><\/div>\n\n\n<p><strong>comunicato stampa<\/strong><\/p>\n\n\n\n<p><strong>Il debutto a Cagliari di Enrico Fagone e Massimiliano Pitocco<\/strong><strong>,<\/strong><\/p>\n\n\n\n<p><strong>il 29-30 marzo, per la Stagione concertistica 2024<\/strong><\/p>\n\n\n\n<p><strong>Venerd\u00ec 29 marzo alle 20.30<\/strong> (turno A) e <strong>sabato 30 marzo alle 19<\/strong> (turno B) \u00e8 in programma il sesto appuntamento della <strong>Stagione concertistica 2024<\/strong> del Teatro Lirico di Cagliari che prevede il <strong>debutto<\/strong> a Cagliari di <strong>Enrico Fagone<\/strong> (Broni\/Pavia, 1979), poliedrico musicista, affermato contrabbassista e raffinato direttore dal <em>curriculum<\/em> internazionale che dirige l\u2019<strong>Orchestra del Teatro Lirico<\/strong> e, in qualit\u00e0 di solista al <em>bandon\u00e9on<\/em>, <strong>Massimiliano Pitocco<\/strong> (Spoltore\/Pescara, 1969), anch\u2019egli al suo <strong>debutto<\/strong> a Cagliari.<\/p>\n\n\n\n<p>Il programma musicale prevede: <em>Danz\u00f3n n. 2<\/em> di <strong>Arturo M\u00e1rquez<\/strong>; <em>Aconcagua: concerto per bandon\u00e9on e orchestra<\/em> di <strong>Astor Piazzolla<\/strong>; <em>Variaciones concertantes op. 23 <\/em>ed <em>Estancia: suite<\/em> <em>op. 8 <\/em>di <strong>Alberto Ginastera<\/strong>.<\/p>\n\n\n\n<p><strong>Lo spettacolo ha una durata complessiva di 1 ora e 20 minuti circa compreso l\u2019intervallo.<\/strong><\/p>\n\n\n\n<p>I posti in teatro sono identificati, come sempre, per ordine (platea, prima e seconda loggia) e per settore (giallo, rosso e blu). Ad ogni settore corrisponde un prezzo, secondo il diverso valore dei posti.<\/p>\n\n\n\n<p>Da <strong>luned\u00ec 8 gennaio 2024<\/strong> si possono acquistare i <strong>biglietti<\/strong> per tutti gli spettacoli della Stagione concertistica; lo stesso servizio \u00e8 possibile anche <em>online<\/em> attraverso il circuito di prevendita www.vivaticket.it.<\/p>\n\n\n\n<p><strong>Prezzi biglietti<\/strong>: platea \u20ac 35 (settore giallo), \u20ac 30 (settore rosso), \u20ac 25 (settore blu); I loggia \u20ac 30 (settore giallo), \u20ac 25 (settore rosso), \u20ac 20 (settore blu); II loggia \u20ac 10 (settore unico).<\/p>\n\n\n\n<p><strong>Ai giovani <em>under<\/em> 35 ed ai disabili sono applicate riduzioni del 50% sull\u2019acquisto di abbonamenti e biglietti. Ulteriori agevolazioni sono previste per gruppi organizzati.<\/strong><\/p>\n\n\n\n<p><strong>Venerd\u00ec 29 marzo alle 11<\/strong> \u00e8 prevista, come ormai consuetudine, l\u2019<strong>Anteprima Giovani<\/strong>, aperta alle scuole che potranno assistere, dalla I loggia, alla prova generale del concerto serale. (<strong>prezzi<\/strong>: posto unico \u20ac 3; <strong>informazioni e prenotazioni<\/strong>: <strong>Servizio promozione culturale<\/strong>, telefono 0704082326; scuola<a href=\"mailto:attivitagiovani@teatroliricodicagliari.it\">@teatroliricodicagliari.it<\/a>).<\/p>\n\n\n\n<p><strong>La Biglietteria del Teatro Lirico \u00e8 aperta luned\u00ec, marted\u00ec, gioved\u00ec, venerd\u00ec e sabato dalle 9 alle 13, mercoled\u00ec dalle 16 alle 20 e, nei giorni di spettacolo, anche da due ore prima dell\u2019inizio.<\/strong><\/p>\n\n\n\n<p><strong>Per informazioni<\/strong>: <strong>Biglietteria del Teatro Lirico<\/strong>, via Sant\u2019Alenixedda, 09128 Cagliari, telefono 0704082230 &#8211; 0704082249, <a href=\"mailto:biglietteria@teatroliricodicagliari.it;\">biglietteria@teatroliricodicagliari.it<\/a>, <a href=\"http:\/\/www.teatroliricodicagliari.it\/\">www.teatroliricodicagliari.it<\/a>. <strong>Servizio promozione culturale<\/strong> <a href=\"mailto:scuola@teatroliricodicagliari.it\">scuola@teatroliricodicagliari.it<\/a>. Il Teatro Lirico di Cagliari si pu\u00f2 seguire anche su Facebook, Twitter, YouTube, Instagram, Linkedin.<\/p>\n\n\n\n<p>La Direzione si riserva di apportare al programma le modifiche che si rendessero necessarie per esigenze tecniche o per cause di forza maggiore. Eventuali modifiche al cartellone saranno indicate nel sito internet del teatro www.teatroliricodicagliari.it.<\/p>\n\n\n\n<p><strong>Enrico Fagone &#8211; <em>Direttore<\/em><\/strong><\/p>\n\n\n\n<p>Unico Direttore d\u2019orchestra italiano nominato ai Grammy Awards 2023 di Los Angeles per la sezione della musica classica, \u00e8 stato definito dalla stampa specializzata uno dei Direttori pi\u00f9 promettenti a livello internazionale e malgrado la giovane et\u00e0 \u201cla qualit\u00e0 e la vastit\u00e0 delle sue esperienze musicali (che vanno dai Grammy Awards alla Juilliard School di New York) sono l\u00ec a sostenere questa affermazione.\u201d Direttore Musicale e Direttore Artistico della Long Island Concert Orchestra di New York, \u00e8 regolarmente invitato a dirigere orchestre quali: London Symphony Orchestra, Orchestra Sinfonica Nazionale della RAI di Torino, Orchestra Sinfonica di Milano, Orchestra Sinfonica Siciliana, Orchestra Filarmonica Marchigiana, Orchestra Sinfonica di Stato Ungherese, Orchestra di Padova e del Veneto, I Virtuosi Italiani, Mendelssohn Chamber Orchestra, Savaria Simphony Orchestra, Orchestra del Teatro Nazionale serbo, FOI Orchestra dell\u2019Opera Italiana (Festival Verdi, Teatro Regio di Parma). Il suo debutto del gennaio 2019 alla guida dell\u2019Orchestra Sinfonica Nazionale della RAI, con la celebre pianista Martha Argerich in qualit\u00e0 di solista, ha riscosso grandi consensi di pubblico e critica ed \u00e8 stato trasmesso da Rai5 (attualmente visibile su RaiPlay). Attivo anche in ambito operistico, ha diretto l\u2019opera <em>Cos\u00ec fan tutte<\/em> di Mozart alla Kammeroper di Monaco di Baviera e, nel 2019, \u00e8 stato invitato a dirigere il Concerto di Gala \u201cFuoco di Gioia\u201d al Festival Verdi di Parma, condividendo il palco con cantanti quali Michele Pertusi, Fiorenza Cedolins, Anna Maria Chiuri, Vladimir Stoyanov. Nella Stagione 2024-2025 lo attendono debutti sul podio di importanti istituzioni musicali quali: Teatro Carlo Felice di Genova, Teatro Petruzzelli di Bari, Orchestra della Svizzera italiana, Royal Opera Festival di Cracovia, Belcanto Opera Festival di Bad Wildbad. Nel 2024 \u00e8 inoltre previsto il ritorno alla London Symphony Orchestra per un\u2019altra produzione discografica con un programma interamente dedicato a Sergej Rachmaninov. Diplomato in contrabbasso, ha deciso di dedicarsi allo studio di Direzione d\u2019orchestra alla Scuola Civica \u201cClaudio Abbado\u201d di Milano e con Daniele Agiman all\u2019Accademia di Parma per il repertorio operistico, completando il percorso formativo con il leggendario Jorma Panula a Helsinki, che lo ha stimolato a intraprendere la carriera. Parallelamente ha approfondito gli studi in composizione con Jorge Bosso e Ivo Antognini. Durante il suo percorso di studi ha anche avuto modo di approfondire la tecnica del grande didatta di direzione d\u2019orchestra russo ll\u2019ja Musin attraverso i suoi allievi Alim Shack e Semyon Bychkov, del quale ha seguito delle produzioni in Spagna e Repubblica Ceca. Sempre alla ricerca \u201cdel nuovo\u201d, collabora a stretto contatto con compositori, stimolando nuove creazioni e, oltre a proporre i grandi compositori del passato, Enrico Fagone cerca di valorizzarne alcuni italiani poco eseguiti ma di indiscusso valore come Muzio Clementi, Giuseppe Martucci, Aldo Finzi e, chiaramente, Giovanni Bottesini, a cui \u00e8 profondamente legato data la sua carica di Direttore Artistico del Concorso Bottesini, perch\u00e9 \u00e8 proprio attraverso lo studio di Bottesini, l\u2019approfondimento dei manoscritti verdiani e la frequentazione assidua dei teatri di Busseto e Parma che \u00e8 approdato alla direzione orchestrale. Nel repertorio sinfonico Enrico Fagone presta particolare cura alla prassi dell\u2019epoca nel tentativo di avvicinarsi &#8211; quando possibile e a seconda delle realt\u00e0 con cui collabora &#8211; al concetto di esecuzione \u201cstoricamente informata\u201d, in particolare nel repertorio classico-presto romantico con compositori quali Haydn, Mozart, Beethoven, Brahms. Ha registrato per le etichette discografiche EMI, Deutsche Grammophon, Warner, Stradivarius e Da Vinci e, fra le incisioni discografiche di recente uscita, la sua ultima fatica discografica ha riscosso una particolare attenzione da parte della critica musicale: \u201cASPIRE\u201d, edito da Musica Solis, lo vede alla guida della London Symphony Orchestra.<\/p>\n\n\n\n<p><strong>Orchestra del Teatro Lirico di Cagliari<\/strong><\/p>\n\n\n\n<p>\u00c8 stata fondata nel 1933 e ha consolidato, negli anni, un fecondo rapporto con i maggiori direttori italiani, tra cui Tullio Serafin, Vittorio Gui, Antonino Votto, Guido Cantelli, Franco Ferrara, Franco Capuana, Willy Ferrero, e con compositori quali Ottorino Respighi, Ildebrando Pizzetti, Ermanno Wolf Ferrari, Riccardo Zandonai, Alfredo Casella. Risalgono agli anni \u201850-\u201960 le apparizioni sul podio di Lorin Maazel, Lovro von Matacic, Claudio Abbado, Sergiu Celibidache, Riccardo Muti, e le collaborazioni con Gioconda De Vito, Leonid Kogan, Henryk Szering, Andr\u00e9s Navarra, Dino Ciani, Maria Tipo, Nikita Magaloff, Wilhem Kempff, Martha Argerich. In questi ultimi anni l\u2019Orchestra ha collaborato, tra gli altri, con direttori come Lorin Maazel, Georges Pr\u00eatre, Emmanuel Krivine, Mstislav Rostropovich, Ton Koopman, Iv\u00e1n Fischer, Frans Br\u00fcggen, Carlo Maria Giulini, Gennadi Rozhdestvensky, Rafael Fr\u00fchbeck de Burgos, Neville Marriner, Christopher Hogwood, Hartmut Haenchen e con solisti come Martha Argerich, Aldo Ciccolini, Kim Kashkashian, Viktoria Mullova, Misha Maisky, Truls M\u00f8rk, Sabine Meyer, Yuri Bashmet, Salvatore Accardo. Dal 1999 al 2005 G\u00e9rard Korsten ha ricoperto il ruolo di direttore musicale e ha, fra l\u2019altro, diretto in prima esecuzione nazionale, <em>Die \u00e4gyptische Helena<\/em> di Richard Strauss, <em>Euryanthe<\/em> di Weber e <em>A Village Romeo and Juliet<\/em> di Delius, mentre nella stagione 2007-2008 George Pehlivanian \u00e8 stato direttore ospite principale. Negli ultimi anni l\u2019Orchestra ha collaborato regolarmente con Lorin Maazel, compiendo nel 1999 una <em>tourn\u00e9e<\/em> in Europa ed eseguendo con successo una serie di concerti. Nel 2002 ha rappresentato l\u2019Italia nella rassegna \u201cItalienische Nacht\u201d, organizzata dalla Bayerischer Rundfunk al Gasteig di Monaco di Baviera e trasmessa in diretta dalla radio bavarese. Nel 2005 ha suonato in un concerto in onore del Presidente della Repubblica Italiana Carlo Azeglio Ciampi. Nel 2010 ha partecipato al 98\u00b0 Festival di Wiesbaden con <em>Lucia di Lammermoor<\/em> per la direzione di Stefano Ranzani e la regia di Denis Krief, riscuotendo un grande successo. Recentemente, nell\u2019ambito di un progetto di internazionalizzazione del Teatro Lirico di Cagliari, realizzato e promosso in collaborazione con l\u2019Unione Europea, il Governo Italiano e la Regione Sardegna, l\u2019Orchestra \u00e8 stata invitata dalla New York City Opera per l\u2019esecuzione di <em>La campana sommersa<\/em> di Respighi, ricevendo il plauso del pubblico e della critica. Negli ultimi anni, anche nell\u2019ambito della rassegna \u201cCinque passi nel Novecento\u201d, ha eseguito, in prima assoluta, composizioni per orchestra che il Teatro Lirico di Cagliari ha commissionato a compositori come Sylvano Bussotti, Giorgio Tedde, Azio Corghi, Fabio Nieder, Alberto Colla, Carlo Boccadoro, Franco Oppo, Francesco Antonioni, Ivan Fedele, Michele Dall\u2019Ongaro, Filippo Del Corno, Vittorio Testa, Sergio Rendine, Orazio Sciortino. Per la casa discografica Dynamic ha inciso opere in prima esecuzione in Italia, quali: <em>Die Feen<\/em> di Wagner, <em>Dalibor<\/em> di Smetana, (premiate, rispettivamente, da \u201cMusica e Dischi\u201d quale miglior disco operistico italiano del 1997, e da \u201cOp\u00e9ra International\u201d col \u201cTimbre de Platine\u201d &#8211; gennaio 2001), <em>\u010cerevi\u010dki<\/em> e <em>Opri\u010dnik<\/em> di \u010cajkovskij, <em>Die \u00e4gyptische Helena<\/em> di Richard Strauss, <em>Euryanthe<\/em> di Weber, <em>Alfonso und Estrella<\/em> di Schubert, <em>Hans Heiling<\/em> di Marschner, <em>Ch\u00e9rubin<\/em> di Massenet, <em>Lucia di Lammermoor<\/em> di Donizetti. Ha inciso, inoltre, <em>Goyescas<\/em> di Granados e <em>La vida breve<\/em> di De Falla, <em>La Passione secondo Giovanni<\/em> di Bach, <em>La sonnambula<\/em> di Bellini, <em>I Shardana<\/em> di Porrino per la Dynamic, <em>Don Pasquale<\/em> per Rai Trade e <em>La leggenda della citt\u00e0 invisibile di Kite\u017e e della fanciulla Fevronija<\/em> di Rimskij-Korsakov per Naxos. Per la Rai ha registrato, nel 1998, <em>La Boh\u00e8me<\/em> trasmessa in tutto il mondo.<\/p>\n\n\n\n<p><strong>Massimiliano Pitocco &#8211; <em>Bandon\u00e9on<\/em><\/strong><\/p>\n\n\n\n<p>Nato nel 1969, insegna dal 2004 Bayan al Conservatorio di Musica \u201cSanta Cecilia\u201d di Roma e dal 2018 al Conservatorio di Musica \u201cGaetano Braga\u201d di Teramo. Ritenuto un riferimento per il movimento della fisarmonica classica a livello internazionale, si \u00e8 diplomato a Parigi nel 1992 con Max Bonnay al Conservatorio Nazionale Superiore. Ma Massimiliano Pitocco \u00e8 anche organista: infatti arricchisce il suo valore concertistico e didattico studiando con Ton Koopman, Roth, Lionel Rogg e Michael Radulescu e studia anche \u201cFuga\u201d e \u201cComposizione\u201d con Edgar Alandia. Ma a Massimiliano Pitocco va riconosciuto anche il merito di essere stato il primo bandoneonista italiano e a far conoscere il repertorio di Astor Piazzolla: infatti ha registrato in prima europea la sua opera-tango <em>Maria de Buenos Aires<\/em>. Oltre che con Milva, Massimiliano Pitocco ha collaborato con Luis Bacalov, Ennio Morricone, Ivan Fedele, Sylvano Bussotti, Gidon Kremer, Nicola Piovani, Vinicio Capossela, Rocco Papaleo, Michele Placido, Pino Quartullo, Enzo Decaro, Alessandro Haber. La sua alacre attivit\u00e0 concertistica lo ha portato nei teatri di: Monaco, Francoforte, Concertgebouw di Amsterdam, Bruxelles, Amburgo, Lisbona, Belgrado, Vienna, Parigi, Lione, Lussemburgo, Budapest, Konzerthaus di Berlino, Tonhalle di Zurigo e Lucerna, Citt\u00e0 del Messico, Sydney, Tokyo, Yokohama, San Paolo in Brasile, ma anche ovviamente nei maggiori teatri italiani come: Parco della Musica a Roma, Goldoni di Venezia, Bellini di Napoli, Politeama di Lecce, Verdi di Trieste, Pergola di Firenze, Sala Verdi di Milano, Massimo e Biondi di Palermo, Piccinni di Bari, Comunale di Bologna. Nel 2018 viene insignito a Montecitorio della Menzione d\u2019onore del Premio \u201c100 Eccellenze Italiane\u201d.<\/p>\n\n\n\n<p>Cagliari, 25 marzo 2024<\/p>\n\n\n\n<p>Pierluigi Corona<\/p>\n\n\n\n<p>Responsabile Ufficio Stampa<\/p>\n\n\n\n<p>Teatro Lirico di Cagliari, via Efisio Cao di San Marco, 09128 Cagliari &#8211; Italia telefono +39 0704082209 &#8211; <a href=\"mailto:stampa@teatroliricodicagliari.it\">stampa@teatroliricodicagliari.it<\/a> &#8211; <a href=\"http:\/\/www.teatroliricodicagliari.it\/\">www.teatroliricodicagliari.it<\/a><\/p>\n\n\n\n<p>complesso artistico concerto 29-30 marzo<\/p>\n\n\n\n<figure class=\"wp-block-gallery has-nested-images columns-default is-cropped wp-block-gallery-1 is-layout-flex wp-block-gallery-is-layout-flex\">\n<figure class=\"wp-block-image size-large\"><a href=\"https:\/\/www.ecoitaliano.com.ar\/wp-content\/uploads\/2024\/03\/complesso-artistico-concerto-29-30-marzo.jpg\"><img decoding=\"async\" width=\"724\" height=\"1024\" data-id=\"53059\" src=\"https:\/\/www.ecoitaliano.com.ar\/wp-content\/uploads\/2024\/03\/complesso-artistico-concerto-29-30-marzo-724x1024.jpg\" alt=\"\" class=\"wp-image-53059\" srcset=\"https:\/\/www.ecoitaliano.com.ar\/wp-content\/uploads\/2024\/03\/complesso-artistico-concerto-29-30-marzo-724x1024.jpg 724w, https:\/\/www.ecoitaliano.com.ar\/wp-content\/uploads\/2024\/03\/complesso-artistico-concerto-29-30-marzo-212x300.jpg 212w, https:\/\/www.ecoitaliano.com.ar\/wp-content\/uploads\/2024\/03\/complesso-artistico-concerto-29-30-marzo-768x1086.jpg 768w, https:\/\/www.ecoitaliano.com.ar\/wp-content\/uploads\/2024\/03\/complesso-artistico-concerto-29-30-marzo-1086x1536.jpg 1086w, https:\/\/www.ecoitaliano.com.ar\/wp-content\/uploads\/2024\/03\/complesso-artistico-concerto-29-30-marzo-1448x2048.jpg 1448w, https:\/\/www.ecoitaliano.com.ar\/wp-content\/uploads\/2024\/03\/complesso-artistico-concerto-29-30-marzo-106x150.jpg 106w, https:\/\/www.ecoitaliano.com.ar\/wp-content\/uploads\/2024\/03\/complesso-artistico-concerto-29-30-marzo.jpg 1654w\" sizes=\"(max-width: 724px) 100vw, 724px\" \/><\/a><\/figure>\n<\/figure>\n\n\n\n<p>locandina concerto 29-30 marzo<\/p>\n\n\n\n<figure class=\"wp-block-gallery has-nested-images columns-default is-cropped wp-block-gallery-2 is-layout-flex wp-block-gallery-is-layout-flex\">\n<figure class=\"wp-block-image size-large\"><a href=\"https:\/\/www.ecoitaliano.com.ar\/wp-content\/uploads\/2024\/03\/locandina-concerto-29-30-marzo.jpg\"><img decoding=\"async\" width=\"724\" height=\"1024\" data-id=\"53060\" src=\"https:\/\/www.ecoitaliano.com.ar\/wp-content\/uploads\/2024\/03\/locandina-concerto-29-30-marzo-724x1024.jpg\" alt=\"\" class=\"wp-image-53060\" srcset=\"https:\/\/www.ecoitaliano.com.ar\/wp-content\/uploads\/2024\/03\/locandina-concerto-29-30-marzo-724x1024.jpg 724w, https:\/\/www.ecoitaliano.com.ar\/wp-content\/uploads\/2024\/03\/locandina-concerto-29-30-marzo-212x300.jpg 212w, https:\/\/www.ecoitaliano.com.ar\/wp-content\/uploads\/2024\/03\/locandina-concerto-29-30-marzo-768x1086.jpg 768w, https:\/\/www.ecoitaliano.com.ar\/wp-content\/uploads\/2024\/03\/locandina-concerto-29-30-marzo-1086x1536.jpg 1086w, https:\/\/www.ecoitaliano.com.ar\/wp-content\/uploads\/2024\/03\/locandina-concerto-29-30-marzo-1448x2048.jpg 1448w, https:\/\/www.ecoitaliano.com.ar\/wp-content\/uploads\/2024\/03\/locandina-concerto-29-30-marzo-106x150.jpg 106w, https:\/\/www.ecoitaliano.com.ar\/wp-content\/uploads\/2024\/03\/locandina-concerto-29-30-marzo.jpg 1654w\" sizes=\"(max-width: 724px) 100vw, 724px\" \/><\/a><\/figure>\n<\/figure>\n\n\n\n<p>Stagione concertistica 2024<\/p>\n\n\n\n<figure class=\"wp-block-gallery has-nested-images columns-default is-cropped wp-block-gallery-3 is-layout-flex wp-block-gallery-is-layout-flex\">\n<figure class=\"wp-block-image size-large\"><a href=\"https:\/\/www.ecoitaliano.com.ar\/wp-content\/uploads\/2024\/03\/51cc758c7a7810cb5563ceb0936cb5df-0.jpg\"><img decoding=\"async\" width=\"724\" height=\"1024\" data-id=\"53061\" src=\"https:\/\/www.ecoitaliano.com.ar\/wp-content\/uploads\/2024\/03\/51cc758c7a7810cb5563ceb0936cb5df-0-724x1024.jpg\" alt=\"\" class=\"wp-image-53061\" srcset=\"https:\/\/www.ecoitaliano.com.ar\/wp-content\/uploads\/2024\/03\/51cc758c7a7810cb5563ceb0936cb5df-0-724x1024.jpg 724w, https:\/\/www.ecoitaliano.com.ar\/wp-content\/uploads\/2024\/03\/51cc758c7a7810cb5563ceb0936cb5df-0-212x300.jpg 212w, https:\/\/www.ecoitaliano.com.ar\/wp-content\/uploads\/2024\/03\/51cc758c7a7810cb5563ceb0936cb5df-0-768x1086.jpg 768w, https:\/\/www.ecoitaliano.com.ar\/wp-content\/uploads\/2024\/03\/51cc758c7a7810cb5563ceb0936cb5df-0-1086x1536.jpg 1086w, https:\/\/www.ecoitaliano.com.ar\/wp-content\/uploads\/2024\/03\/51cc758c7a7810cb5563ceb0936cb5df-0-1448x2048.jpg 1448w, https:\/\/www.ecoitaliano.com.ar\/wp-content\/uploads\/2024\/03\/51cc758c7a7810cb5563ceb0936cb5df-0-106x150.jpg 106w, https:\/\/www.ecoitaliano.com.ar\/wp-content\/uploads\/2024\/03\/51cc758c7a7810cb5563ceb0936cb5df-0.jpg 1654w\" sizes=\"(max-width: 724px) 100vw, 724px\" \/><\/a><\/figure>\n<\/figure>\n\n\n\n<figure class=\"wp-block-gallery has-nested-images columns-default is-cropped wp-block-gallery-4 is-layout-flex wp-block-gallery-is-layout-flex\">\n<figure class=\"wp-block-image size-large\"><a href=\"https:\/\/www.ecoitaliano.com.ar\/wp-content\/uploads\/2024\/03\/51cc758c7a7810cb5563ceb0936cb5df-1.jpg\"><img decoding=\"async\" width=\"724\" height=\"1024\" data-id=\"53062\" src=\"https:\/\/www.ecoitaliano.com.ar\/wp-content\/uploads\/2024\/03\/51cc758c7a7810cb5563ceb0936cb5df-1-724x1024.jpg\" alt=\"\" class=\"wp-image-53062\" srcset=\"https:\/\/www.ecoitaliano.com.ar\/wp-content\/uploads\/2024\/03\/51cc758c7a7810cb5563ceb0936cb5df-1-724x1024.jpg 724w, https:\/\/www.ecoitaliano.com.ar\/wp-content\/uploads\/2024\/03\/51cc758c7a7810cb5563ceb0936cb5df-1-212x300.jpg 212w, https:\/\/www.ecoitaliano.com.ar\/wp-content\/uploads\/2024\/03\/51cc758c7a7810cb5563ceb0936cb5df-1-768x1086.jpg 768w, https:\/\/www.ecoitaliano.com.ar\/wp-content\/uploads\/2024\/03\/51cc758c7a7810cb5563ceb0936cb5df-1-1086x1536.jpg 1086w, https:\/\/www.ecoitaliano.com.ar\/wp-content\/uploads\/2024\/03\/51cc758c7a7810cb5563ceb0936cb5df-1-1448x2048.jpg 1448w, https:\/\/www.ecoitaliano.com.ar\/wp-content\/uploads\/2024\/03\/51cc758c7a7810cb5563ceb0936cb5df-1-106x150.jpg 106w, https:\/\/www.ecoitaliano.com.ar\/wp-content\/uploads\/2024\/03\/51cc758c7a7810cb5563ceb0936cb5df-1.jpg 1654w\" sizes=\"(max-width: 724px) 100vw, 724px\" \/><\/a><\/figure>\n<\/figure>\n\n\n\n<figure class=\"wp-block-gallery has-nested-images columns-default is-cropped wp-block-gallery-5 is-layout-flex wp-block-gallery-is-layout-flex\">\n<figure class=\"wp-block-image size-large\"><a href=\"https:\/\/www.ecoitaliano.com.ar\/wp-content\/uploads\/2024\/03\/51cc758c7a7810cb5563ceb0936cb5df-2.jpg\"><img decoding=\"async\" width=\"724\" height=\"1024\" data-id=\"53063\" src=\"https:\/\/www.ecoitaliano.com.ar\/wp-content\/uploads\/2024\/03\/51cc758c7a7810cb5563ceb0936cb5df-2-724x1024.jpg\" alt=\"\" class=\"wp-image-53063\" srcset=\"https:\/\/www.ecoitaliano.com.ar\/wp-content\/uploads\/2024\/03\/51cc758c7a7810cb5563ceb0936cb5df-2-724x1024.jpg 724w, https:\/\/www.ecoitaliano.com.ar\/wp-content\/uploads\/2024\/03\/51cc758c7a7810cb5563ceb0936cb5df-2-212x300.jpg 212w, https:\/\/www.ecoitaliano.com.ar\/wp-content\/uploads\/2024\/03\/51cc758c7a7810cb5563ceb0936cb5df-2-768x1086.jpg 768w, https:\/\/www.ecoitaliano.com.ar\/wp-content\/uploads\/2024\/03\/51cc758c7a7810cb5563ceb0936cb5df-2-1086x1536.jpg 1086w, https:\/\/www.ecoitaliano.com.ar\/wp-content\/uploads\/2024\/03\/51cc758c7a7810cb5563ceb0936cb5df-2-1448x2048.jpg 1448w, https:\/\/www.ecoitaliano.com.ar\/wp-content\/uploads\/2024\/03\/51cc758c7a7810cb5563ceb0936cb5df-2-106x150.jpg 106w, https:\/\/www.ecoitaliano.com.ar\/wp-content\/uploads\/2024\/03\/51cc758c7a7810cb5563ceb0936cb5df-2.jpg 1654w\" sizes=\"(max-width: 724px) 100vw, 724px\" \/><\/a><\/figure>\n<\/figure>\n\n\n\n<p>foto<\/p>\n\n\n\n<figure class=\"wp-block-gallery has-nested-images columns-default is-cropped wp-block-gallery-6 is-layout-flex wp-block-gallery-is-layout-flex\">\n<figure class=\"wp-block-image size-large\"><a href=\"https:\/\/www.ecoitaliano.com.ar\/wp-content\/uploads\/2024\/03\/Enrico-Fagone-foto-Cristiano-Bonassera-scaled.jpg\"><img decoding=\"async\" width=\"1024\" height=\"683\" data-id=\"53064\" src=\"https:\/\/www.ecoitaliano.com.ar\/wp-content\/uploads\/2024\/03\/Enrico-Fagone-foto-Cristiano-Bonassera-1024x683.jpg\" alt=\"\" class=\"wp-image-53064\" srcset=\"https:\/\/www.ecoitaliano.com.ar\/wp-content\/uploads\/2024\/03\/Enrico-Fagone-foto-Cristiano-Bonassera-1024x683.jpg 1024w, https:\/\/www.ecoitaliano.com.ar\/wp-content\/uploads\/2024\/03\/Enrico-Fagone-foto-Cristiano-Bonassera-300x200.jpg 300w, https:\/\/www.ecoitaliano.com.ar\/wp-content\/uploads\/2024\/03\/Enrico-Fagone-foto-Cristiano-Bonassera-768x512.jpg 768w, https:\/\/www.ecoitaliano.com.ar\/wp-content\/uploads\/2024\/03\/Enrico-Fagone-foto-Cristiano-Bonassera-1536x1024.jpg 1536w, https:\/\/www.ecoitaliano.com.ar\/wp-content\/uploads\/2024\/03\/Enrico-Fagone-foto-Cristiano-Bonassera-2048x1365.jpg 2048w, https:\/\/www.ecoitaliano.com.ar\/wp-content\/uploads\/2024\/03\/Enrico-Fagone-foto-Cristiano-Bonassera-150x100.jpg 150w\" sizes=\"(max-width: 1024px) 100vw, 1024px\" \/><\/a><\/figure>\n<\/figure>\n\n\n\n<figure class=\"wp-block-gallery has-nested-images columns-default is-cropped wp-block-gallery-7 is-layout-flex wp-block-gallery-is-layout-flex\">\n<figure class=\"wp-block-image size-large\"><a href=\"https:\/\/www.ecoitaliano.com.ar\/wp-content\/uploads\/2024\/03\/Massimiliano-Pitocco.jpg\"><img decoding=\"async\" width=\"1012\" height=\"1024\" data-id=\"53065\" src=\"https:\/\/www.ecoitaliano.com.ar\/wp-content\/uploads\/2024\/03\/Massimiliano-Pitocco-1012x1024.jpg\" alt=\"\" class=\"wp-image-53065\" srcset=\"https:\/\/www.ecoitaliano.com.ar\/wp-content\/uploads\/2024\/03\/Massimiliano-Pitocco-1012x1024.jpg 1012w, https:\/\/www.ecoitaliano.com.ar\/wp-content\/uploads\/2024\/03\/Massimiliano-Pitocco-297x300.jpg 297w, https:\/\/www.ecoitaliano.com.ar\/wp-content\/uploads\/2024\/03\/Massimiliano-Pitocco-768x777.jpg 768w, https:\/\/www.ecoitaliano.com.ar\/wp-content\/uploads\/2024\/03\/Massimiliano-Pitocco-1519x1536.jpg 1519w, https:\/\/www.ecoitaliano.com.ar\/wp-content\/uploads\/2024\/03\/Massimiliano-Pitocco-2025x2048.jpg 2025w, https:\/\/www.ecoitaliano.com.ar\/wp-content\/uploads\/2024\/03\/Massimiliano-Pitocco-148x150.jpg 148w\" sizes=\"(max-width: 1012px) 100vw, 1012px\" \/><\/a><\/figure>\n<\/figure>\n","protected":false},"excerpt":{"rendered":"<p>comunicato stampa Il debutto a Cagliari di Enrico Fagone e Massimiliano Pitocco, il 29-30 marzo, per la Stagione concertistica 2024 [&hellip;]<\/p>\n","protected":false},"author":1,"featured_media":0,"comment_status":"open","ping_status":"open","sticky":false,"template":"","format":"standard","meta":{"footnotes":""},"categories":[1],"tags":[],"class_list":["post-53057","post","type-post","status-publish","format-standard","hentry","category-sin-categoria"],"_links":{"self":[{"href":"https:\/\/www.ecoitaliano.com.ar\/index.php?rest_route=\/wp\/v2\/posts\/53057","targetHints":{"allow":["GET"]}}],"collection":[{"href":"https:\/\/www.ecoitaliano.com.ar\/index.php?rest_route=\/wp\/v2\/posts"}],"about":[{"href":"https:\/\/www.ecoitaliano.com.ar\/index.php?rest_route=\/wp\/v2\/types\/post"}],"author":[{"embeddable":true,"href":"https:\/\/www.ecoitaliano.com.ar\/index.php?rest_route=\/wp\/v2\/users\/1"}],"replies":[{"embeddable":true,"href":"https:\/\/www.ecoitaliano.com.ar\/index.php?rest_route=%2Fwp%2Fv2%2Fcomments&post=53057"}],"version-history":[{"count":0,"href":"https:\/\/www.ecoitaliano.com.ar\/index.php?rest_route=\/wp\/v2\/posts\/53057\/revisions"}],"wp:attachment":[{"href":"https:\/\/www.ecoitaliano.com.ar\/index.php?rest_route=%2Fwp%2Fv2%2Fmedia&parent=53057"}],"wp:term":[{"taxonomy":"category","embeddable":true,"href":"https:\/\/www.ecoitaliano.com.ar\/index.php?rest_route=%2Fwp%2Fv2%2Fcategories&post=53057"},{"taxonomy":"post_tag","embeddable":true,"href":"https:\/\/www.ecoitaliano.com.ar\/index.php?rest_route=%2Fwp%2Fv2%2Ftags&post=53057"}],"curies":[{"name":"wp","href":"https:\/\/api.w.org\/{rel}","templated":true}]}}