{"id":53077,"date":"2024-03-26T09:25:35","date_gmt":"2024-03-26T09:25:35","guid":{"rendered":"https:\/\/www.ecoitaliano.com.ar\/?p=53077"},"modified":"2024-03-26T09:25:35","modified_gmt":"2024-03-26T09:25:35","slug":"un-passo-dalla-guerra-la-ue-si-prepara-alla-guerra-senza-che-gli-europei-lo-sappiano","status":"publish","type":"post","link":"https:\/\/www.ecoitaliano.com.ar\/?p=53077","title":{"rendered":"Un passo dalla guerra &#8211; La UE si prepara alla guerra\u200b, senza che gli europei lo sappiano"},"content":{"rendered":"\n<figure class=\"wp-block-gallery has-nested-images columns-default is-cropped wp-block-gallery-1 is-layout-flex wp-block-gallery-is-layout-flex\">\n<figure class=\"wp-block-image size-large\"><a href=\"https:\/\/www.ecoitaliano.com.ar\/wp-content\/uploads\/2024\/03\/armageddon-2546068_640.jpg\"><img decoding=\"async\" width=\"640\" height=\"360\" data-id=\"53078\" src=\"https:\/\/www.ecoitaliano.com.ar\/wp-content\/uploads\/2024\/03\/armageddon-2546068_640.jpg\" alt=\"\" class=\"wp-image-53078\" srcset=\"https:\/\/www.ecoitaliano.com.ar\/wp-content\/uploads\/2024\/03\/armageddon-2546068_640.jpg 640w, https:\/\/www.ecoitaliano.com.ar\/wp-content\/uploads\/2024\/03\/armageddon-2546068_640-300x169.jpg 300w, https:\/\/www.ecoitaliano.com.ar\/wp-content\/uploads\/2024\/03\/armageddon-2546068_640-150x84.jpg 150w\" sizes=\"(max-width: 640px) 100vw, 640px\" \/><\/a><\/figure>\n\n\n\n<figure class=\"wp-block-image size-large\"><a href=\"https:\/\/www.ecoitaliano.com.ar\/wp-content\/uploads\/2024\/03\/Venosi-Erasmo3.jpg\"><img decoding=\"async\" width=\"1024\" height=\"552\" data-id=\"53079\" src=\"https:\/\/www.ecoitaliano.com.ar\/wp-content\/uploads\/2024\/03\/Venosi-Erasmo3-1024x552.jpg\" alt=\"\" class=\"wp-image-53079\" srcset=\"https:\/\/www.ecoitaliano.com.ar\/wp-content\/uploads\/2024\/03\/Venosi-Erasmo3-1024x552.jpg 1024w, https:\/\/www.ecoitaliano.com.ar\/wp-content\/uploads\/2024\/03\/Venosi-Erasmo3-300x162.jpg 300w, https:\/\/www.ecoitaliano.com.ar\/wp-content\/uploads\/2024\/03\/Venosi-Erasmo3-768x414.jpg 768w, https:\/\/www.ecoitaliano.com.ar\/wp-content\/uploads\/2024\/03\/Venosi-Erasmo3-1536x828.jpg 1536w, https:\/\/www.ecoitaliano.com.ar\/wp-content\/uploads\/2024\/03\/Venosi-Erasmo3-150x81.jpg 150w, https:\/\/www.ecoitaliano.com.ar\/wp-content\/uploads\/2024\/03\/Venosi-Erasmo3.jpg 2046w\" sizes=\"(max-width: 1024px) 100vw, 1024px\" \/><\/a><\/figure>\n<\/figure>\n\n\n\n<p><strong>Un passo dalla guerra<\/strong><\/p>\n\n\n\n<p><strong>La UE si prepara alla guerra,&nbsp;senza che gli europei lo sappiano<\/strong><\/p>\n\n\n\n<p>Il&nbsp;Consiglio Europeo della scorsa settimana,&nbsp;al punto 43 del documento finale:&nbsp;<strong>\u201c<\/strong>Il Consiglio Europeo sottolinea la necessit\u00e0 imperativa di rafforzare e&nbsp;<strong>coordinare la preparazione militare e civile&nbsp;<\/strong>e di una gestione strategica delle crisi nel contesto dell&#8217;evoluzione del panorama delle minacce. Invita il Consiglio a portare avanti i lavori e la Commissione, insieme all&#8217;Alto Rappresentante, a proporre azioni volte a rafforzare, a livello dell&#8217;UE, la preparazione e la risposta alle crisi nel quadro di un approccio multi rischio ed esteso a tutta la societ\u00e0, tenendo conto delle responsabilit\u00e0 e delle competenze degli Stati membri, in vista di una futura strategia di preparazione<strong>\u201d<\/strong><\/p>\n\n\n\n<p>Sono inoltre esortati i governi dei paesi membri a impegnarsi nella preparazione di militari e civili a elevare le strategie, in vista di un possibile allargamento del conflitto in&nbsp;<strong>Ucraina<\/strong>.&nbsp;Tutto questo mentre&nbsp;<strong>Putin&nbsp;<\/strong>dichiara alla Duma:<strong>\u201d<\/strong>&nbsp;Svilupperemo la nostra base industriale, le&nbsp;<strong>forze nucleari strategiche<\/strong>&nbsp;sono in uno stato di piena prontezza per assicurarne l\u2019uso:&nbsp;si sentir\u00e0 parlare presto delle nostre nuove armi, perch\u00e9 anche le nostre armi possono raggiungere i territori dell\u2019Occidente<strong>\u201d.<\/strong><\/p>\n\n\n\n<p>In tanta potenziata follia resta una sola voce senziente,&nbsp;<strong>Papa Francesco<\/strong>!&nbsp;Quasi mezzo secolo fa il presidente dell\u2019Unione Sovietica&nbsp;<strong>Mikhail Gorbaciov<\/strong>,&nbsp;&nbsp;nel suo discorso di accettazione del Premio Nobel dichiar\u00f2:&nbsp;<strong>\u201c<\/strong>&nbsp;Il&nbsp;rischio di una guerra nucleare globale \u00e8 praticamente scomparso<strong>\u201d<\/strong>.<\/p>\n\n\n\n<p>Nel 2021, il presidente russo&nbsp;<strong>Vladimir Putin<\/strong>&nbsp;e il presidente americano&nbsp;<strong>Joe Biden<\/strong>, durante un vertice a Ginevra ribadirono la dichiarazione di&nbsp;<strong>Gorbaciov-Reagan&nbsp;<\/strong>secondo cui:<strong>&nbsp;\u201c<\/strong>una guerra nucleare non pu\u00f2 essere vinta e non deve mai essere combattuta<strong>\u201d<\/strong>.Dopo due anni dalla invasione dell\u2019<strong>Ucraina<\/strong>&nbsp;il rischio nucleare e la guerra appaiono sempre pi\u00f9 vicino.<\/p>\n\n\n\n<p><strong>Putin&nbsp;<\/strong>periodicamente richiama la possibilit\u00e0 di uso delle armi nucleari. Lo ha ripetuto recentemente nel suo discorso annuale sullo stato della nazione, minacciando di usare armi nucleari contro i paesi della NATO, se invieranno truppe a combattere contro la Russia in Ucraina.&nbsp;<\/p>\n\n\n\n<p>I commenti di&nbsp;<strong>Putin<\/strong>&nbsp;apparentemente facevano riferimento all&#8217;affermazione del presidente francese&nbsp;<strong>Emmanuel Macron<\/strong>, secondo cui i paesi della NATO potrebbero decidere di inviare truppe in&nbsp;<strong>Ucraina<\/strong>, un suggerimento che Stati Uniti, Regno Unito, Germania e Italia hanno quasi immediatamente&nbsp; scartato.&nbsp;La sequenza cronologica di dichiarazioni che riporto nel seguito offrono una narrazione della questione nucleare, in pericolosa evoluzione sulla questione se la guerra nucleare possa o meno essere imminente.<\/p>\n\n\n\n<p>L\u2019ultimo avvertimento di&nbsp;<strong>Putin<\/strong>&nbsp;\u00e8 del 29 febbraio:&nbsp;<strong>\u201c<\/strong>Devono capire che abbiamo anche armi che possono colpire obiettivi sul loro territorio, riguardo a qualsiasi dispiegamento di truppe NATO in Ucraina\u201c e prosegue:<strong>\u201d&nbsp;<\/strong>Tutto ci\u00f2 minaccia davvero un conflitto con l\u2019uso delle armi nucleari e la distruzione della civilt\u00e0. Non lo capiscono ?&nbsp;<strong>\u201c<\/strong>.<\/p>\n\n\n\n<p>Inquietante la dichiarazione di&nbsp;<strong>Rose Gottemoeller<\/strong>&nbsp;ex sottosegretario di Stato per il controllo degli armamenti e, la sicurezza internazionale ed ex vicesegretario generale della NATO:<strong>&nbsp;\u00ab<\/strong>Francamente penso che le possibilit\u00e0 di un uso nucleare siano superiori all&#8217;1%, ma non al 10%, ma le conseguenze dell\u2019uso di una singola arma nucleare da parte di Putin, che si tratti di un attacco dimostrativo o in qualsiasi altro modo, dobbiamo prenderle estremamente sul serio<strong>\u201d<\/strong>.<\/p>\n\n\n\n<p><strong>Biden&nbsp;<\/strong>lo scorso anno scrisse su un saggio pubblicato sul NYT:<strong>&nbsp;\u201c<\/strong>&nbsp;So che molte persone in tutto il mondo sono preoccupate per l&#8217;uso delle armi nucleari, ma al momento non vediamo alcuna indicazione che la Russia abbia intenzione di usare armi nucleari in Ucraina, anche se la retorica occasionale della Russia per scuotere la sciabola nucleare \u00e8 di per s\u00e9 pericolosa ed estremamente irresponsabile\u201d.<\/p>\n\n\n\n<p>Evidente preoccupazione invece genera l\u2019affermazione di&nbsp;<strong>Anatoly Antonov<\/strong>, ambasciatore russo negli Stati Uniti:<strong>&nbsp;\u201c<\/strong>L&#8217;attuale generazione di politici della NATO chiaramente non prende sul serio la minaccia nucleare. Siamo costretti a mettere in guardia sui rischi emergenti associati all\u2019intervento degli Stati della NATO nell\u2019operazione militare speciale russa<strong>\u201d<\/strong>.<\/p>\n\n\n\n<p>Una accelerazione potrebbe essere stata generata dall\u2019attentato presso il&nbsp;<strong>Crocus City Hall<\/strong>&nbsp;di&nbsp;<strong>Mosca<\/strong>&nbsp;rivendicato dal gruppo jihadista della provincia dell\u2019Asia centrale, l\u2019ISIS K.&nbsp;Ai russi servono non solo i responsabili materiali, ma soprattutto gli eventuali sponsor.&nbsp;<strong>Putin<\/strong>&nbsp;accusa i servizi segreti ucraini di aver predisposto un itinerario di fuga attraverso il territorio ucraino.&nbsp;Realt\u00e0 o fantasia potrebbe determinare una preoccupante escalation della guerra, in Ucraina e riflessi nelle politiche di difesa soprattutto europee.<\/p>\n\n\n\n<p>Un Rapporto dell\u2019<strong>International Peace Bureau<\/strong>&nbsp;converte il costo degli armamenti in beni e servizi sanitari con questi risultati:&nbsp;una&nbsp;fregata multiruolo europea (Fremm:&nbsp;<strong>FR<\/strong>egata&nbsp;<strong>E<\/strong>uropea&nbsp;<strong>M<\/strong>ulti<strong>M<\/strong>issione) vale lo stipendio di 10.662 medici all\u2019anno, un aereo da caccia F-35 equivale a 3.244 posti letto di terapia intensiva e un sottomarino nucleare di classe Virginia costa quanto 9.180 ambulanze. La met\u00e0 dei fondi stanziati dai governi a livello globale per le forze armate (oltre 2 miliardi) sarebbe sufficiente per fornire assistenza sanitaria di base a tutti gli abitanti del pianeta. La presidente di Banca Etica, spiega che \u00abcome sia nostro dovere incoraggiare le persone e le istituzioni finanziarie e chiedersi fin dove \u00e8 lecito fare profitti con queste catastrofi. E dobbiamo anche forse provare a contrastare quell\u2019illusione che un mondo pi\u00f9 armato sar\u00e0 un mondo pi\u00f9 sicuro e pi\u00f9 in pace, un\u2019illusione proprio smentita dalla storia, dai fatti\u00bb.<\/p>\n\n\n\n<p>La presidente aggiunge che \u00able due maggiori banche italiane, pur non rientrando nei primi 10 gruppi che finanziano le armi, rientrano nei primi 15\u201d. Questa \u00e8 l\u2019Europa del&nbsp;<strong>Manifesto di Ventotene<\/strong>&nbsp;che partendo da&nbsp;<strong>Kant&nbsp;<\/strong>affermava che se vuoi la pace federa gli Stati? La spesa militare globale lo scorso anno \u00e8 stata di 2200 miliardi di dollari.<\/p>\n\n\n\n<p><strong>Erasmo Venosi<\/strong>&nbsp;&#8211;&nbsp;<em>gi\u00e0 docente UniSapienza&nbsp;Roma<\/em><\/p>\n\n\n\n<p><em><strong>Tutte l\u2019opinioni versati nel sito correspondono solo a chi la manifesta. Non e necessariamente l\u2019opinione della Direzione<\/strong><\/em><\/p>\n","protected":false},"excerpt":{"rendered":"<p>Un passo dalla guerra La UE si prepara alla guerra,&nbsp;senza che gli europei lo sappiano Il&nbsp;Consiglio Europeo della scorsa settimana,&nbsp;al [&hellip;]<\/p>\n","protected":false},"author":1,"featured_media":0,"comment_status":"open","ping_status":"open","sticky":false,"template":"","format":"standard","meta":{"footnotes":""},"categories":[10,35],"tags":[],"class_list":["post-53077","post","type-post","status-publish","format-standard","hentry","category-italiano","category-opiniones"],"_links":{"self":[{"href":"https:\/\/www.ecoitaliano.com.ar\/index.php?rest_route=\/wp\/v2\/posts\/53077","targetHints":{"allow":["GET"]}}],"collection":[{"href":"https:\/\/www.ecoitaliano.com.ar\/index.php?rest_route=\/wp\/v2\/posts"}],"about":[{"href":"https:\/\/www.ecoitaliano.com.ar\/index.php?rest_route=\/wp\/v2\/types\/post"}],"author":[{"embeddable":true,"href":"https:\/\/www.ecoitaliano.com.ar\/index.php?rest_route=\/wp\/v2\/users\/1"}],"replies":[{"embeddable":true,"href":"https:\/\/www.ecoitaliano.com.ar\/index.php?rest_route=%2Fwp%2Fv2%2Fcomments&post=53077"}],"version-history":[{"count":0,"href":"https:\/\/www.ecoitaliano.com.ar\/index.php?rest_route=\/wp\/v2\/posts\/53077\/revisions"}],"wp:attachment":[{"href":"https:\/\/www.ecoitaliano.com.ar\/index.php?rest_route=%2Fwp%2Fv2%2Fmedia&parent=53077"}],"wp:term":[{"taxonomy":"category","embeddable":true,"href":"https:\/\/www.ecoitaliano.com.ar\/index.php?rest_route=%2Fwp%2Fv2%2Fcategories&post=53077"},{"taxonomy":"post_tag","embeddable":true,"href":"https:\/\/www.ecoitaliano.com.ar\/index.php?rest_route=%2Fwp%2Fv2%2Ftags&post=53077"}],"curies":[{"name":"wp","href":"https:\/\/api.w.org\/{rel}","templated":true}]}}