{"id":53375,"date":"2024-04-02T09:48:04","date_gmt":"2024-04-02T09:48:04","guid":{"rendered":"https:\/\/www.ecoitaliano.com.ar\/?p=53375"},"modified":"2024-04-02T09:48:04","modified_gmt":"2024-04-02T09:48:04","slug":"aprono-le-prenotazioni-per-partecipare-agli-eventi-del-festival-della-45-edizione-del-premio-letteratura-ragazzi-di-cento-fe-29-aprile-4-maggio-2024","status":"publish","type":"post","link":"https:\/\/www.ecoitaliano.com.ar\/?p=53375","title":{"rendered":"Aprono le prenotazioni per partecipare agli eventi del Festival della 45\u00b0 edizione del PREMIO LETTERATURA RAGAZZI di Cento (FE) | 29 aprile &#8211; 4 maggio 2024"},"content":{"rendered":"\n<figure class=\"wp-block-table\"><table><tbody><tr><td><img decoding=\"async\" src=\"https:\/\/ci3.googleusercontent.com\/meips\/ADKq_NaJJJ2DYihbadkZZ6EbgoVIgD8z9FvsQ9kdpPa3Es-A0VQW01YaIEKa2NW21t243QvGc0-UDztwBHJ7nNGGIUf-OQnE6N-mySz3CAVPN7Uup_1gj4y3o89dAoAnMz0W7G19vk0MZbRNXKpXxPXvOjpwkWhDiQbqCm3V2NLd=s0-d-e1-ft#https:\/\/culturaliart.img.musvc2.net\/static\/91342\/images\/1\/Screenshot%202024-03-05%20alle%2013.36.13.png\" width=\"120\"><strong>PREMIO LETTERATURA RAGAZZI di Cento<\/strong>&nbsp;<em>\u201c<strong>Premia chi scrive, vince chi legge!\u201d<\/strong><\/em><strong>&nbsp;<\/strong><strong>Aprono le PRENOTAZIONI per partecipare agli eventi della 45\u00b0 edizione del<\/strong>&nbsp;<strong>FESTIVAL<\/strong><strong><em>&nbsp;<\/em><\/strong><img decoding=\"async\" src=\"https:\/\/ci3.googleusercontent.com\/meips\/ADKq_NaaIXqgVe-gmitAJdogxQHiOxQYVSsDQSE-K3Z1Ksxosxkc9hzhSrAmVxOTB_E4XT0KiaQ-U9CIjBJ_QyaFt--EqyjQ800R-DnvWB_5pZKMkG3_8voKYbzdxQKtRUdxWJyYinPnkgMiY5Fr_STvQaPK3tW3baMq4-RHB-M=s0-d-e1-ft#https:\/\/culturaliart.img.musvc2.net\/static\/91342\/images\/1\/Schermata%202024-03-27%20alle%2014.27.19.png\" width=\"600\"><strong>Dal 29 aprile al 4 maggio 2024<\/strong><strong>Cento (FE) \u2013 varie location<\/strong>Quest\u2019anno, il&nbsp;<strong>FESTIVAL DEL PREMIO LETTERATURA RAGAZZI 45\u00b0 edizione<\/strong>&nbsp;\u2013 ideato, organizzato, promosso e sostenuto dalla&nbsp;<strong>Fondazione Cassa di Risparmio di Cento<\/strong>&nbsp;in collaborazione con la Regione Emilia Romagna, il Comune di Cento, IBBY e CEPEL \u2013 si terr\u00e0&nbsp;<strong>dal 29 aprile al 4 maggio 2024 a Cento (FE)<\/strong>, con un&nbsp;<strong>calendario di 5 giorni ricco di eventi ed ospiti illustri<\/strong>&nbsp;<strong>dedicati ad un pubblico di ogni et\u00e0<\/strong>, con spettacoli e incontri che<strong>&nbsp;<\/strong>animeranno il centro storico della citt\u00e0, facendo confluire a Cento numerose scuole e famiglie. Si susseguiranno:&nbsp;<strong>incontri con&nbsp;<\/strong><strong>importanti e noti ospiti,&nbsp;<\/strong><strong>firmacopie con autori di libri, spettacoli, laboratori per ragazzi,&nbsp;<\/strong><strong>proiezioni di film<\/strong>,&nbsp;<strong>mostre, convegni, seminari,&nbsp;<\/strong><strong>letture per bambini<\/strong>,&nbsp;<strong>discussioni sul ruolo dei premi di letteratura<\/strong>&nbsp;e tanto altro.&nbsp;Prima di presentarvi il programma completo degli eventi in partenza dal 29 aprile, vi comunichiamo che uno spin-off in anteprima \u00e8 previsto per&nbsp;<strong>venerd\u00ec 19 aprile<\/strong>&nbsp;alle ore 9.30 presso il&nbsp;<strong>Salone di Rappresentanza CREDEM<\/strong>. Qui, le classi III, IV e V delle scuole primarie avranno l\u2019opportunit\u00e0 di incontrare&nbsp;<strong>Enne Koens<\/strong>, autrice del libro finalista&nbsp;<strong>\u201cDa qui si vede il mondo intero\u201d<\/strong>.&nbsp;&nbsp;<strong>IL CALENDARIO DEGLI EVENTI<\/strong>&nbsp;L\u2019apertura ufficiale del Festival \u00e8 fissata per&nbsp;<strong>luned\u00ec 29 aprile alle ore 18.30<\/strong>, presso il&nbsp;<strong>Salone di Rappresentanza CREDEM<\/strong>&nbsp;in Corso Guercino 32, dove la Neuroscienziata&nbsp;<strong>Daniela Lucangeli<\/strong>&nbsp;terr\u00e0 una&nbsp;<strong><em>Lectio Magistralis<\/em><\/strong>&nbsp;dal titolo&nbsp;<strong>\u201cL\u2019emozione di apprendere con la lettura\u201d<\/strong>, a seguito del tutto esaurito dello scorso anno registrato dal filosofo&nbsp;<strong>Umberto Galimberti<\/strong>. Durante l\u2019incontro verranno trattati una&nbsp;<strong>vasta gamma di temi<\/strong>, quali le neuroscienze, la lettura, il ruolo del libro nell\u2019apprendimento, le emozioni, la warm cognition e l\u2019empatia. Al termine della discussione sar\u00e0 attivo un corner&nbsp;<strong>firmacopie<\/strong>, dove poter acquistare e farsi autografare i libri.<strong>Per partecipare all\u2019evento, \u00e8 necessaria la prenotazione gratuita tramite questo link:<\/strong>&nbsp;<a href=\"https:\/\/culturaliart.musvc2.net\/e\/tr?q=3%3dPRCTI%26C%3dA%26D%3dHRGZ%266%3dSJWQZ%265%3d8AKzI_9rcp_Jb_2qjq_Bf_9rcp_Ig7MD.6655KlHzKo.9A_Iasg_SP5_9rcp_IgHUOWGYOTCTPX_2qjq_Cfr7p_HhtZ_SUFn4A54396kJ6I_2qjq_BVBKw_I6L23v_Iasg_TNDvN3BvK459_Iasg_SFKAD_w5u05C_9rcp_JeoCr0v_HhtZ_RML4C_t2wFr0qD_9rcp_Jew1zC5F%26u%3dD5IC4B.DvK%26sI%3dHSGTK%26K3%3dRQSDZKaBZIUHUQ%269%3dGUHZFUNRF5tYl5tamQHVFYr7D4J4kWr1r2kSFWuZJXuYk3OVEYu3nUKWl1O4HRMVoXHT&amp;mupckp=mupAtu4m8OiX0wt\" target=\"_blank\" rel=\"noreferrer noopener\">https:\/\/www.eventbrite.it\/e\/<wbr>858679833497?aff=oddtdtcreator<\/a>&nbsp;Per la giornata di<strong>&nbsp;marted\u00ec 30 aprile<\/strong>&nbsp;sono previsti due spettacoli dedicati ai ragazzi presso il&nbsp;<strong>Teatro Pandurera di Cento&nbsp;<\/strong>in via XXV Aprile, dal titolo&nbsp;<strong>\u201cAIUTO! NON SO COSA SCRIVERE!\u201d<\/strong>&nbsp;che vedranno protagonista l\u2019attore e autore&nbsp;<strong>Luigi Dal Cin<\/strong>, componente della&nbsp;<strong>Giuria Tecnica<\/strong>&nbsp;del PLR di Cento. Un&nbsp;<strong>coinvolgente monologo teatrale<\/strong>&nbsp;che alterna sorriso e commozione per raccontare l&#8217;importanza della lettura e della scrittura, e condividere la forza vitale della narrazione. Nel corso della sua carriera, Dal Cin ha scritto&nbsp;<strong>oltre 100 libri di narrativa per ragazzi&nbsp;<\/strong>ed<strong>&nbsp;<\/strong>ha gi\u00e0 ricevuto numerosi premi nazionali tra cui il&nbsp;<strong>Premio Troisi<\/strong>, per la sua attivit\u00e0 di scrittura per ragazzi e di incontri-spettacolo con gli alunni di tutta Italia.<strong>La partecipazione per le scuole \u00e8 gratuita fino ad esaurimento posti; per le prenotazioni scrivere a&nbsp;<\/strong><strong><a href=\"mailto:didattica@comunicamente.it\" target=\"_blank\" rel=\"noreferrer noopener\">didattica@comunicamente.it<\/a><\/strong><strong>&nbsp;indicando scuola, classe e numero di partecipanti.<\/strong><img decoding=\"async\" src=\"https:\/\/ci3.googleusercontent.com\/meips\/ADKq_NZkTCzNDyrT_5-EfOywJqVDe7TbnzT9p4B1S940kA5N63sQjxjdBGplZl1qHxfHuuI8ZTax3KxwescL1miywgsi9puUTxtVGtJ7W_i8rSq-xVVO0mwUZFXn3FWZ0ecMLUdjyq6Lyhadl8DYLMSWxmcdXRdkL2LA1OXVFAs=s0-d-e1-ft#https:\/\/culturaliart.img.musvc2.net\/static\/91342\/images\/1\/Schermata%202024-03-27%20alle%2014.30.36.png\" width=\"600\">Il Festival proseguir\u00e0&nbsp;<strong>gioved\u00ec 2 maggio<\/strong>&nbsp;presso il Salone di Rappresentanza CREDEM, con l\u2019appuntamento dedicato alle classi III, IV e V delle scuole primarie che&nbsp;<strong>dalle ore 9.30<\/strong>&nbsp;avranno la possibilit\u00e0 di incontrare&nbsp;<strong>Federico Appel<\/strong>, editor e illustratore del libro finalista&nbsp;<strong>\u201cChi vuole diventare detective?\u201d<\/strong>&nbsp;di&nbsp;<strong>Pablo De Santis<\/strong>. Lo stesso giorno, alle&nbsp;<strong>ore 10.00<\/strong>&nbsp;presso la&nbsp;<strong>sede della<\/strong>&nbsp;<strong>Fondazione Cassa di Risparmio di Cento<\/strong>&nbsp;avverr\u00e0&nbsp;<strong>l\u2019inaugurazione della mostra&nbsp;<\/strong>degli illustratori selezionati<strong>&nbsp;\u201cXX CONCORSO ILLUSTRATORI\u201d<\/strong>&nbsp;e del&nbsp;<strong>Premio Miglior Narrativa illustrata<\/strong>.&nbsp;Nella stessa sede,&nbsp;<strong>alle ore 11.00<\/strong>&nbsp;si terr\u00e0 il&nbsp;<strong>laboratorio creativo&nbsp;<\/strong>metodo&nbsp;<strong>\u201cBruno Munari\u201d<\/strong>&nbsp;riservato alle classi I, II e III delle scuole primarie, con una replica prevista per le ore 16.30.La giornata del 2 maggio si concluder\u00e0&nbsp;<strong>alle ore 17.00<\/strong>, con una&nbsp;<strong>serie di letture ad alta voce<\/strong>&nbsp;dal titolo&nbsp;<strong>\u201cA spasso con Mostri, Streghe, gatti e draghi\u201d<\/strong>, tratte dalla bibliografia di&nbsp;<strong>Axel Scheffler<\/strong>&nbsp;da 0 a 99 anni. Un evento ad accesso libero organizzato presso il Doppio portico di Piazza Guercino.&nbsp;<strong>Venerd\u00ec 3 maggio<\/strong>, quarto giorno del Festival, sar\u00e0 dedicato ad una serie di&nbsp;<strong>incontri con gli autori dei libri finalisti<\/strong>&nbsp;di questa edizione. Il primo \u00e8 fissato&nbsp;<strong>alle ore 9.30<\/strong>&nbsp;presso il Salone di Rappresentanza CREDEM, dove i ragazzi delle classi delle scuole primarie potranno conoscere&nbsp;<strong>Esp\u00e9rance Hakuzwimana<\/strong>, autrice del libro finalista&nbsp;<strong>\u201cLa Banda del Pianerottolo\u201d<\/strong>&nbsp;e a seguire&nbsp;<strong>alle ore 11.00<\/strong>&nbsp;l\u2019incontro con&nbsp;<strong>Guido Sgardoli<\/strong>, autore del libro finalista&nbsp;<strong>\u201cSyberia\u201d<\/strong>.L\u2019evento \u00e8 dedicato alle classi delle scuole secondarie e organizzato presso la Sala Zarri di Palazzo Governatore. (Entrambi gli eventi saranno trasmessi in diretta streaming)&nbsp;L\u2019ultima giornata sar\u00e0 quella di&nbsp;<strong>sabato 4 maggio<\/strong>, che chiuder\u00e0 ufficialmente la 45\u00b0 edizione del Festival del Premio Letteratura Ragazzi.&nbsp;<strong>Dalle ore 9.30 alle ore 10.30<\/strong>&nbsp;si terr\u00e0 la visita guidata gratuita alla&nbsp;<strong>Pinacoteca del Guercino<\/strong>&nbsp;dal nome&nbsp;<strong>\u201cGUERCINO KIDS\u201d<\/strong>, per la quale \u00e8 previsto un numero massimo di&nbsp;<strong>30 partecipanti<\/strong>. Per i ragazzi che fanno parte della Giuria Popolare,&nbsp; (\u00e8 necessario richiedere l\u2019accredito scrivendo a&nbsp;<a href=\"mailto:didattica@comunicamente.it\" target=\"_blank\" rel=\"noreferrer noopener\">didattica@comunicamente.it<\/a>); &nbsp;i bambini dovranno essere accompagnati da un adulto.<strong>Alle ore 11.00<\/strong>, nel seicentesco Salone di Rappresentanza CREDEM avverr\u00e0 la tanto attesa&nbsp;<strong>Cerimonia di Premiazione<\/strong>&nbsp;della 45\u00b0 edizione del Premio Letteratura Ragazzi, che sveler\u00e0 la classifica finale dei libri finalisti selezionati dalla Giuria Tecnica di quest\u2019anno. Ingresso libero fino ad esaurimento posti; la cerimonia verr\u00e0 trasmessa in diretta streaming su&nbsp;<a href=\"https:\/\/culturaliart.musvc2.net\/e\/tr?q=6%3dWXBWP%26I%3d0%26G%3dOXFc%26C%3dYIZXf%264%3dAHQy_KozY_VY_OZvn_YO_KozY_UdT6P.DOnF7Lu8HQnKyQ4KyOj0yW9B.7Q_1tqw_Ai_Fxbs_Qm4MA_PxNF0n_KozY_VbKnPGInMHB1_KozY_UTR3F_ABmBIJ_1tqw_Bg3JjB0_OZvn_YENHJ_l4AMjB5K_1tqw_BgA8rEIM%26m%3dFIP56P.KnM%267P%3d0UUaC4y8j%26MG%3dYIURgCcPgAWVbI%26A%3dTfm63ema28mXXYl829FYOZAWQcCTUXCVPcEXXbEaUY0XSXoTW8nbyXI4zdj54dm4&amp;mupckp=mupAtu4m8OiX0wt\" target=\"_blank\" rel=\"noreferrer noopener\">www.premioletteraturaragazzi.<wbr>it<\/a>&nbsp;e sul canale Youtube del&nbsp;<a href=\"https:\/\/culturaliart.musvc2.net\/e\/tr?q=6%3dFVBW9%26G%3d0%26G%3d8VFc%26v%3dWIZGd%264%3dA1OyL_yvbs_0f_1tZu_Ai_yvbs_9k6P4.TxN1Pk8.jJv_KXxY_UM8q4uInE_yvbs_9kdfk6khCnztC_oCgzkBwHXF-d_yvbs_0k4Mt_NxNy8n_KXxY_VKInPzGnM101_KXxY_UCP3F_t0mB2H_1tZu_BglHjBs_MZvW_WEN1H_l4tKjBnI_1tZu_Bgt6rE2K%26m%3dF2N569.InM%26pN%3d0UDYC%26Mz%3dWIUAeCc9eAWEZI%26A%3diVFY8XHa9An7hcl7BXn6AdA6mcA8GAkTh8k9EYCZ80E896o4h6jaB8HUBZB5j7H48d07&amp;mupckp=mupAtu4m8OiX0wt\" target=\"_blank\" rel=\"noreferrer noopener\">Premio Letteratura Ragazzi<\/a>.&nbsp;A chiudere l\u2019ultima giornata del Festival sar\u00e0 la proiezione del film di animazione&nbsp;<strong>\u201cLa famosa invasione degli orsi in Sicilia\u201d<\/strong>&nbsp;di&nbsp;<strong>Lorenzo Mattotti<\/strong>, che si terr\u00e0&nbsp;<strong>alle ore 21.00<\/strong>&nbsp;presso il&nbsp;<strong>Cinema Don Zucchini<\/strong>&nbsp;in Corso del Guercini 19.&nbsp;&nbsp;<em>Nato nel 1978, il Premio \u00e8 riservato a libri in lingua italiana (anche tradotti) ed \u00e8 destinato a bambini e ragazzi tra gli 8 e i 13 anni, con lo scopo primario di promuovere la lettura tra i ragazzi, proponendo letteratura di qualit\u00e0, che affronta i temi pi\u00f9 vari.<\/em><em>Una Giuria Tecnica altamente preparata ha selezionato due terne finaliste tra i&nbsp;<strong>169 titoli in concorso<\/strong>. I libri finalisti sono \u201cnelle mani\u201d della&nbsp;<strong>Giuria Popolare<\/strong>&nbsp;che quest\u2019anno ha raggiunto lo straordinario traguardo di&nbsp;<strong>14.000 ragazzi<\/strong>&nbsp;proveniente dalle scuole di tutta Italia e alcune anche all\u2019estero come Francia, Svizzera e Croazia. Un vero e proprio esercito di ragazzi, che voter\u00e0 i libri finalisti&nbsp;on-line&nbsp;tramite il portale web dedicato al premio, decretando cos\u00ec la graduatoria finale che verr\u00e0 svelata&nbsp;durante la Cerimonia di Premiazione che si terr\u00e0&nbsp;<strong>alle ore 11.00<\/strong>&nbsp;di&nbsp;<strong>sabato 4 maggio,&nbsp;<\/strong>presso il<strong>&nbsp;<\/strong>Salone di Rappresentanza CREDEM di Cento.<\/em><em>\u00c8 prevista la&nbsp;<\/em><em>consegna di un premio in denaro ai finalisti:<\/em><em>il premio di&nbsp;<strong>\u20ac 4.000,&nbsp;<\/strong>sar\u00e0 assegnato<strong>&nbsp;<\/strong>al\/agli autore\/i dell\u2019opera prima classificata di ciascuna delle due terne finaliste;<\/em><em>il premio di&nbsp;<strong>\u20ac 2.000&nbsp;<\/strong>spetta al\/ai secondo\/i classificato\/i;<\/em><em>il premio di&nbsp;<strong>\u20ac 1.000&nbsp;<\/strong>insieme ad una targa verr\u00e0 consegnato al\/ai terzo\/i classificato\/i.<\/em><em>\u00c8 facolt\u00e0 della Giuria Tecnica premiare con&nbsp;<strong>\u20ac 1.000<\/strong>&nbsp;l&#8217;autore di un\u2019opera di poesia per bambini\/ragazzi.<\/em>Per maggiori informazioni e dettagli sugli eventi visita il sito&nbsp;<a href=\"https:\/\/culturaliart.musvc2.net\/e\/tr?q=7%3dHWLXA%26H%3dJ%26H%3d0WPd%26x%3dXSaIe%26D%3dB3P9_LZyi_WJ_NjwY_XY_LZyi_VOSFQ.yNxGrK593PxLjPDLjNtAjVIC.rP_Aubv_Kj_1wlt_BlDNv_O8O19x_LZyi_WMJxQ2HxN3AA_LZyi_VEQCG_vAwC4I_Aubv_LhnItCu_NjwY_XOO3I_v5vLtCpJ_Aubv_Lhv72F4L%26w%3dG4OE7A.JxN%26rO%3dJVFZM5j7t%26N2%3dXSVCfMdAfKXGaS%26B%3dEew7ndwbm7wYIXv9m8PZ0YKXBbMUFWMWAbOYIaObFXJYDWyUH7xcjWS5kct6ocw5&amp;mupckp=mupAtu4m8OiX0wt\" target=\"_blank\" rel=\"noreferrer noopener\">www.premioletteraturaragazzi.<wbr>it<\/a>&nbsp;<strong>INFORMAZIONI UTILI<\/strong>QUANDO:&nbsp;<strong>dal 29 aprile al 4 maggio 2024<\/strong>DOVE:&nbsp;<strong>Cento (FE) \u2013 varie location:<\/strong><strong>Salone di Rappresentanza CREDEM, via Guercino 32<\/strong><strong>Teatro Pandurera, via Venticinque Aprile, 11<\/strong><strong>Cinema Don Zucchini, Corso del Guercino, 19<\/strong><strong>Sala Zarri di Palazzo del Governatore, Corso del Guercino, 39<\/strong><strong>Centro storico nei negozi:<\/strong>&nbsp;\u201cCACCIA ALLE PAROLE\u201d, promossa da Comitato Cento in Vetrina<strong>TUTTI GLI EVENTI SONO GRATUITI<\/strong><strong>&nbsp;<\/strong><strong>PER LE SCUOLE CHE VORRANNO PARTECIPARE&nbsp;<\/strong><strong>\u00c8 NECESSARIA LA PRENOTAZIONE SCRIVENDO A&nbsp;<\/strong><a href=\"mailto:didattica@comunicamente.it\" target=\"_blank\" rel=\"noreferrer noopener\">didattica@comunicamente.it<\/a>&nbsp;<strong>CONTATTI<\/strong>SITO:&nbsp;<a href=\"https:\/\/culturaliart.musvc2.net\/e\/tr?q=0%3dJV5aC%26G%3d3%26K%3dBV9g%26z%3dWBdKd%26w%3dE5OrP_3vUw_Df_txdu_4m_3vUw_CkyT8.KtBxDqIpOvB36vR36t8r62Wt.Dv_ObxR_YQ_MSza_XHR5H_uL6MeB_3vUw_DipB8NnB5OgO_3vUw_CawQx_HgAtPo_ObxR_ZO0o8tG_txdu_4c6Oo_0lHr8tBp_ObxR_ZOHcFwPr%26A%3dxPuSnW.pB5%26Du%3dXCb68l6ca%265N%3d4gCYBaKWBYEc7g%26s%3d93dJAf9BedBFa5Cld8YEYACoe7Zq8fgBY9gCY8Zld4ZEXfdFXgeD970Db4cn70XG&amp;mupckp=mupAtu4m8OiX0wt\" target=\"_blank\" rel=\"noreferrer noopener\">https:\/\/www.<wbr>premioletteraturaragazzi.it\/<\/a>MAIL:&nbsp;<a href=\"mailto:info@premioletteraturaragazzi.it\" target=\"_blank\" rel=\"noreferrer noopener\">info@premioletteraturaragazzi.<wbr>it<\/a>FACEBOOK:&nbsp;<a href=\"https:\/\/culturaliart.musvc2.net\/e\/tr?q=3%3dAWJT4%26H%3dH%26D%3d3WNZ%26q%3dXQWBe%26B%3d8vP7I_twjp_5g_9qUv_If_twjp_4lDMy.Br3g86Em.96C_twjp_4l7HgIzEnAAJgNrJwNrHcCrP2Et5pP6_HSyg_RH_NhsR_YWKvI_0EwNt5_twjp_5j55yO35vPvH_twjp_4bBJo_Iv4kQ4_HSyg_SFA41kH_9qUv_IVwP4_3cI71kC5_HSyg_SFIr9nQ7%264%3doQ0LeX.55v%26E0%3dQ4cKT%26vO%3dIZ4ZQTBXQR6dLZ%26j%3dAt2d8uQ8BrTf0NY87N5d8M330JXfWsU39OW3cORB0M53Zu4c1c7rbJWddH44fQQ3XKSd&amp;mupckp=mupAtu4m8OiX0wt\" target=\"_blank\" rel=\"noreferrer noopener\">https:\/\/www.facebook.com\/<wbr>premioletteraturaragazzicento\/<\/a>INSTAGRAM:&nbsp;<a href=\"https:\/\/culturaliart.musvc2.net\/e\/tr?q=7%3dHQ3XA%26B%3d1%26H%3d0Q7d%26x%3dR0aIY%26u%3dB3JpM_1qSt_Ba_rubp_2j_1qSt_AfwQ6.9nM31gLjC.cIv_HQwY_RFJ15mCxBeN35r53Kr511g59Pi_LZsP_VO_HQwY_SFO3C_sI4Hc9_1qSt_Bdn96Il93JeL_1qSt_AVuNv_Ce8rKm_LZsP_WM5m5rB_rubp_2Z4Jm_7jCp5r7n_LZsP_WMCaCuKp%268%3dvKsPlR.n93%269s%3dUAW4X%263I%3d2dAT0XIR0VCX5d%26q%3d247CVcaG1a7FZ8dlW20F697lZ2WAW8WG4eclT5bBT2VHSeZk367G5j1aV5aB6c9AQfXA&amp;mupckp=mupAtu4m8OiX0wt\" target=\"_blank\" rel=\"noreferrer noopener\">https:\/\/www.instagram.com\/<wbr>premioletteraturaragazzi\/<\/a>TWITTER:&nbsp;<a href=\"https:\/\/culturaliart.musvc2.net\/e\/tr?q=8%3dAYPY4%26J%3dN%26I%3d3YTe%26q%3dZWbBg%26H%3dCvRCN_typu_5i_EvUx_Ok_typu_4nK.8qK_EvUx_OkRP2HkMaD_typu_5nHOo_QBPtA2_MS1m_XFL2RuJ2OvCE_MS1m_W8SGH_oC1DwK_EvUx_PigKxDn_PnxR_ZSPvK_z6oNxDiL_EvUx_Pio96GwN%261%3dHwQI84.L2O%26kQ%3dNW9bQ%26Ou%3dZWW6hQe4hOY0c6c9xW%26C%3d6D38gaRd5gVW9YWch0SY0ARA5Dx7dYWa4CRVcdWZ3gPYA93X0dxA3hTAcCR89hV9&amp;mupckp=mupAtu4m8OiX0wt\" target=\"_blank\" rel=\"noreferrer noopener\">https:\/\/x.com\/PremioDi<\/a><strong>&nbsp;<\/strong><a href=\"https:\/\/culturaliart.musvc2.net\/e\/tr?q=0%3dOS6aH%26D%3d4%26K%3dGS0g%265%3dTCdPa%26x%3dE0LsP_8sVw_Ic_uxir_5m_8sVw_HhzTC.5xI0Mu82AdO0.5rJ_8sVw_HhhSuFwF_8sVw_HhoFrJl-CyFdIyKwF-t7oIq-V8-BtA3F5Fh-AuD-sOuElL-27wQuJdQAJd-Oq9dWFA-gF-s7qQ5_JTzf_TI_OguS_ZVMwJ_9GxOs7_uxir_6k47zP27wQuJ_uxir_5cALp_Ju6lR3_JTzf_UGB33lI_8sVw_HXxQ3_5dJ63lD4_JTzf_UGJqAoR6%266%3dpR9NfY.47w%26F9%3dS5dJV%26wP%3dHb58q3daPVCYPT7eKb%26k%3dCq57eMa58uU4aJVdBNbfeH8AZrZicsSgYJW5fO3BXHbhZOTBbIW4ZN458rZCdMTC&amp;mupckp=mupAtu4m8OiX0wt\" target=\"_blank\" rel=\"noreferrer noopener\">CARTELLA STAMPA E IMMAGINI<\/a><a href=\"https:\/\/culturaliart.musvc2.net\/e\/tr?q=8%3dGTIY0%26E%3dG%26I%3d9TMe%26w%3dUPbHb%26A%3dC2M6N_ztiu_Ad_8vas_Hk_ztiu_0iCR5.9q8m55Js.65H_ztiu_0i6MmFyJt80OmKqO3KqMi0qU8Bs0vM5_MYvf_WN_KgxX_VVP2F_9J3Ks0_ztiu_Ag405L202MuM_ztiu_0YAOu_Fu9qN3_MYvf_XL836qE_8vas_Ha3M3_8iF66q04_MYvf_XLFqDtN6%269%3duN9QkU.402%26B9%3dV0ZJY%262L%3dHe0WPYHUPWBaKe%26p%3d8s7j5tVD9qYl7MdD4M0j5L897IclTrZ96Nb9ZNWH7L09Wt9i6i4qYIbjaG90cPV9UJXj&amp;mupckp=mupAtu4m8OiX0wt\" target=\"_blank\" rel=\"noreferrer noopener\"><\/a><a href=\"https:\/\/culturaliart.musvc2.net\/e\/tr?q=9%3dKY6ZD%26J%3d4%26J%3dCY0f%261%3dZCcLg%26x%3dD6RsO_4yVv_Ei_uwex_5l_4yVv_Dn1.91K_uwex_5lbPhIuMGE_4yVv_EnxPy_QrQ4Ah_Nc1S_YPLhS5JhP6Cu_Nc1S_XHSwI_yCgE7K_uwex_6jqKdEx_PTyb_Z9Q6K_f7yNdEsL_uwex_6jy9lH7N%26g%3dI7Qy9D.LhP%26uQ%3d4XIb7%26P5%3dZCXFh7fDh5ZJc7m9dC%26D%3dFDi9qa8eEgBXIYCdr09ZJA8BEDd8nYCbDC8WmdCaCg6ZK9iYJddBCh0BmC89IhB0&amp;mupckp=mupAtu4m8OiX0wt\" target=\"_blank\" rel=\"noreferrer noopener\"><\/a><a href=\"https:\/\/culturaliart.musvc2.net\/e\/tr?q=7%3dJS8XC%26D%3d6%26H%3dBSBd%26z%3dTEaKa%26z%3dB5LuM_3sXt_Dc_wudr_7j_3sXt_Ch2Q8.AsM53lLlE.hIx_JVwa_TKJ37rCzDjN57w55Mw533l5ARn_LbuU_VQ_JVwa_UKO5E_xI6Jh9_3sXt_Dfs98Kq95LjL_3sXt_CXzNx_Ej8tMr_LbuU_WO7r5tD_wudr_7Z6Lr_7lEu5t9s_LbuU_WOEfCwMu%268%3dxMxPnT.s95%26Ax%3dUCY9X%265K%3d7dCVEXKTEVEZ0d%26s%3d497EXhaI3f7HbCdnY70H8D7nb7WCYCWI6jcnV0bDV7VJUjZm5A7I5l3fX0aD8h9CSkXC&amp;mupckp=mupAtu4m8OiX0wt\" target=\"_blank\" rel=\"noreferrer noopener\"><\/a><a href=\"https:\/\/culturaliart.musvc2.net\/e\/tr?q=0%3dHQMaA%26B%3dK%26K%3d0QQg%26x%3dRTdIY%26E%3dE3J0P_1qmw_Ba_Bxbp_Lm_1qmw_AfGT6.FBBv99InJDB11DR11B8p1JWr.9D_OZsj_YO_HkzY_SZR3C_CL4HwB_1qmw_Bd8B6I6B3JyO_1qmw_AVEQv_CyArK7_OZsj_ZM578rB_Bxbp_Lc4J7_0jC08r78_OZsj_ZMCuFuK0%26A%3dvKCSlR.8B3%269C%3dXAWN8j1ua%263I%3dLgATTaIRTYCXOg%26q%3d4KdH6x90ZvBDVMCjYPYCTSCmZOZo3xg0TQgATPZjYLZCSxdDSyeB4O0BWLcl2RXE&amp;mupckp=mupAtu4m8OiX0wt\" target=\"_blank\" rel=\"noreferrer noopener\"><\/a><a href=\"mailto:info@premioletteraturaragazzi.it\" target=\"_blank\" rel=\"noreferrer noopener\"><\/a><\/td><\/tr><\/tbody><\/table><\/figure>\n","protected":false},"excerpt":{"rendered":"<p>PREMIO LETTERATURA RAGAZZI di Cento&nbsp;\u201cPremia chi scrive, vince chi legge!\u201d&nbsp;Aprono le PRENOTAZIONI per partecipare agli eventi della 45\u00b0 edizione del&nbsp;FESTIVAL&nbsp;Dal [&hellip;]<\/p>\n","protected":false},"author":1,"featured_media":0,"comment_status":"open","ping_status":"open","sticky":false,"template":"","format":"standard","meta":{"footnotes":""},"categories":[10,22],"tags":[],"class_list":["post-53375","post","type-post","status-publish","format-standard","hentry","category-italiano","category-libros-y-revistas-literatura"],"_links":{"self":[{"href":"https:\/\/www.ecoitaliano.com.ar\/index.php?rest_route=\/wp\/v2\/posts\/53375","targetHints":{"allow":["GET"]}}],"collection":[{"href":"https:\/\/www.ecoitaliano.com.ar\/index.php?rest_route=\/wp\/v2\/posts"}],"about":[{"href":"https:\/\/www.ecoitaliano.com.ar\/index.php?rest_route=\/wp\/v2\/types\/post"}],"author":[{"embeddable":true,"href":"https:\/\/www.ecoitaliano.com.ar\/index.php?rest_route=\/wp\/v2\/users\/1"}],"replies":[{"embeddable":true,"href":"https:\/\/www.ecoitaliano.com.ar\/index.php?rest_route=%2Fwp%2Fv2%2Fcomments&post=53375"}],"version-history":[{"count":0,"href":"https:\/\/www.ecoitaliano.com.ar\/index.php?rest_route=\/wp\/v2\/posts\/53375\/revisions"}],"wp:attachment":[{"href":"https:\/\/www.ecoitaliano.com.ar\/index.php?rest_route=%2Fwp%2Fv2%2Fmedia&parent=53375"}],"wp:term":[{"taxonomy":"category","embeddable":true,"href":"https:\/\/www.ecoitaliano.com.ar\/index.php?rest_route=%2Fwp%2Fv2%2Fcategories&post=53375"},{"taxonomy":"post_tag","embeddable":true,"href":"https:\/\/www.ecoitaliano.com.ar\/index.php?rest_route=%2Fwp%2Fv2%2Ftags&post=53375"}],"curies":[{"name":"wp","href":"https:\/\/api.w.org\/{rel}","templated":true}]}}