{"id":53377,"date":"2024-04-02T16:14:24","date_gmt":"2024-04-02T16:14:24","guid":{"rendered":"https:\/\/www.ecoitaliano.com.ar\/?p=53377"},"modified":"2024-04-02T16:29:31","modified_gmt":"2024-04-02T16:29:31","slug":"serena-conduce-operaclassica-eco-italiano-3222","status":"publish","type":"post","link":"https:\/\/www.ecoitaliano.com.ar\/?p=53377","title":{"rendered":"Serena conduce operaclassica eco italiano"},"content":{"rendered":"<div class=\"wp-block-image\">\n<figure class=\"aligncenter size-full\"><a href=\"https:\/\/www.ecoitaliano.com.ar\/wp-content\/uploads\/2024\/04\/171f0d23f60b4818b059feb8af35143b.jpg\"><img decoding=\"async\" width=\"300\" height=\"97\" src=\"https:\/\/www.ecoitaliano.com.ar\/wp-content\/uploads\/2024\/04\/171f0d23f60b4818b059feb8af35143b.jpg\" alt=\"\" class=\"wp-image-53378\" srcset=\"https:\/\/www.ecoitaliano.com.ar\/wp-content\/uploads\/2024\/04\/171f0d23f60b4818b059feb8af35143b.jpg 300w, https:\/\/www.ecoitaliano.com.ar\/wp-content\/uploads\/2024\/04\/171f0d23f60b4818b059feb8af35143b-150x49.jpg 150w\" sizes=\"(max-width: 300px) 100vw, 300px\" \/><\/a><\/figure><\/div>\n\n\n<p><strong>COMUNICATO STAMPA<\/strong><\/p>\n\n\n\n<p><strong>IL BELCANTO INCONTRA L\u2019INCONSCIO:<\/strong><\/p>\n\n\n\n<p><strong><em>LA SONNAMBULA<\/em><\/strong><strong>&nbsp;CON LISETTE OROPESA<\/strong><\/p>\n\n\n\n<p><strong>FIRMATA DA \u201cLE LAB\u201d<\/strong><\/p>\n\n\n\n<p><strong>Il dramma di Bellini segna il debutto in Italia del duo francese<\/strong><\/p>\n\n\n\n<p><strong>Jean-Philippe Clarac e Olivier Deloeuil<\/strong><\/p>\n\n\n\n<p><strong>Dal 9 al 17 aprile all\u2019Opera di Roma<\/strong><\/p>\n\n\n\n<p>Segna il ritorno all\u2019Opera di Roma del soprano americano&nbsp;<strong>Lisette Oropesa<\/strong>, dopo i successi del film-opera&nbsp;<em>La traviata&nbsp;<\/em>diretto da Mario Martone e della tourn\u00e9e in Giappone sempre con il capolavoro verdiano, la nuova produzione de<em>&nbsp;La sonnambula&nbsp;<\/em>di Vincenzo Bellini in scena&nbsp;<strong>dal 9 al 17 aprile<\/strong>. Per la prima volta, Oropesa affronta il ruolo di Amina e si confronta con la celebre scena del sonnambulismo, un\u2019autentica sfida per la vocalit\u00e0 del soprano lirico leggero. Accanto a lei altre star del belcanto come&nbsp;<strong>John Osborn<\/strong>, che interpreta Elvino,&nbsp;<strong>Roberto Tagliavini<\/strong>, nella parte del Conte Rodolfo, e&nbsp;<strong>Monica Bacelli<\/strong>, in quella di Teresa. Sul podio sale invece&nbsp;<strong>Francesco Lanzillotta<\/strong>, che torna al Costanzi dopo&nbsp;<em>L\u2019elisir d\u2019amore<\/em>&nbsp;diretto nella scorsa stagione. La nuova produzione dello spettacolo \u00e8 affidata alla coppia di registi francesi&nbsp;<strong>Jean-Philippe Clarac<\/strong>&nbsp;e&nbsp;<strong>Olivier Deloeuil<\/strong>&nbsp;noti come \u201cLe lab\u201d, al loro debutto in Italia, che firmano regia, scene e luci. Il collettivo artistico comprende&nbsp;<strong>Christophe Pitoiset&nbsp;<\/strong>(Collaboratore alle scene e alle luci),&nbsp;<strong>Luc Bourrousse&nbsp;<\/strong>(Drammaturgia),<strong>&nbsp;Pascal Boudet<\/strong>&nbsp;e&nbsp;<strong>Timoth\u00e9e Buisson<\/strong>&nbsp;(Video). Le riprese video proiettate durante lo spettacolo sono realizzate in collaborazione con le Gallerie Nazionali di Arte Antica e sono state realizzate presso la sede di Palazzo Barberini.<\/p>\n\n\n\n<p>In un dramma dove i virtuosismi del belcanto belliniano svelano i pi\u00f9 remoti meandri dell\u2019inconscio, il tema del sonnambulismo ispira ai due registi \u2013 che firmano anche scenografie e costumi \u2013 una messa in scena multimediale, in cui sogni e frammenti di realt\u00e0 si fondono per esplorare la psiche di Amina e degli altri protagonisti del dramma.<\/p>\n\n\n\n<p>\u00ab<em>In maniera forse paradossale, abbiamo incentrato questo allestimento non tanto sul risveglio della sonnambula<\/em>&nbsp;\u2013 raccontano&nbsp;<strong>Jean-Philippe Clarac<\/strong>&nbsp;e&nbsp;<strong>Olivier Deloeuil<\/strong>&nbsp;\u2013&nbsp;<em>quanto sul suo addormentarsi, che viene mostrato all\u2019inizio dello spettacolo. L\u2019allestimento si sviluppa sotto forma di installazione performativa, nella Galleria Elvezia, una galleria d\u2019arte pop-up collocata sul palcoscenico del Teatro Costanzi. Lo spettacolo offre un viaggio all\u2019interno del sonno agitato della protagonista, una giovane che vive in uno stato di dormiveglia, in un regime sensoriale alterato. Attraverso l\u2019uso di video registrati in una camera d\u2019albergo romana, nel quartiere del Teatro dell\u2019Opera e a Palazzo Barberini, seguiamo il viaggio interiore di Amina fino al giorno del suo matrimonio con Elvino<\/em>\u00bb.<\/p>\n\n\n\n<p>Collettivo artistico con sede a Bordeaux,&nbsp;<strong>Clarac-Deloeuil &gt; le lab<\/strong>&nbsp;mette in scena lavori multidisciplinari, esplorando le possibili dimensioni performative della grande musica. Le loro creazioni \u2013 \u00abesperienze per testare il tempo presente\u00bb \u2013 sono inscindibili dal contesto sociale e politico in cui nascono e vengono rappresentate. Oltre ai registi Jean-Philippe Clarac e Olivier Deloeuil, fanno parte del collettivo \u201cLe lab\u201d Rick Martin e Christophe Pitoiset (Luci), Benjamin Juhel, Pascal Boudet e Timoth\u00e9e Buisson (Video), Julien Roques (Design grafico), Luc Bourrousse (Drammaturgia) e Lodie Kardouss (Collaborazione artistica). Clarac-Deloeuil &gt; le lab collabora regolarmente con prestigiose istituzioni europee, come La Monnaie di Bruxelles, l\u2019Op\u00e9ra Comique di Parigi, la Funda\u00e7ao Gulbenkian di Lisbona, lo Staatstheater di Norimberga e l\u2019ABAO Bilbao Opera. Nel 2018, gli allestimenti di&nbsp;<em>Peer Gynt<\/em>,&nbsp;<em>Schubert Box<\/em>&nbsp;e&nbsp;<em>Madama Butterfly<\/em>&nbsp;hanno ricevuto il premio Meilleurs Cr\u00e9ateurs d\u2019\u00c9l\u00e9ments Sc\u00e9niques dall\u2019Association Professionnelle de la Critique de Th\u00e9\u00e2tre, Musique et Danse.<\/p>\n\n\n\n<p>\u00abLa sonnambula<em>&nbsp;\u00e8 senza dubbio un titolo che rappresenta uno dei pi\u00f9 alti slanci creativi di Bellini<\/em>&nbsp;\u2013 dice&nbsp;<strong>Francesco Lanzillotta<\/strong>&nbsp;\u2013&nbsp;<em>sviluppati all\u2019interno di una trama semplice, dai toni innocenti e idilliaci. I pentagrammi di questo titolo sono ricolmi di melodie. Il genere semiserio al quale&nbsp;<\/em>La sonnambula<em>&nbsp;appartiene, depurato dall\u2019elemento comico, cos\u00ec come i toni idilliaci di cui sopra, non eliminano per\u00f2 i conflitti che in quest\u2019opera si dipanano fra i protagonisti. Proprio l\u2019incomprensione, con il conseguente conflitto tra i due innamorati, ci svela inoltre una visione dell\u2019amore come possesso da parte di Elvino. L\u2019idillio quindi non si materializza a prescindere ma si conquista con fatica, attraverso l\u2019acquietarsi della conflittualit\u00e0<\/em>\u00bb.<\/p>\n\n\n\n<p>Direttore Principale Ospite del Teatro dell\u2019Opera di Varna in Bulgaria dal 2010 al 2014, Direttore Principale dell\u2019Orchestra Filarmonica Toscanini dal 2014 al 2017 e Direttore Musicale del Macerata Opera Festival dal 2017 al 2021, Lanzillotta \u00e8 regolarmente ospite di importanti compagini orchestrali, come l\u2019Orchestra della Svizzera Italiana, l\u2019Orchestra Nazionale della RAI di Torino, la Tokyo Philharmonic Orchestra e dell\u2019Op\u00e9ra national de Montpellier. Negli ultimi anni ha inoltre debuttato alla Semperoper di Dresda, alla Staatsoper di Vienna e a La Monnaie di Bruxelles.<\/p>\n\n\n\n<p>Nel ruolo della protagonista Amina una star dei palcoscenici internazionali, il soprano americano di origini cubane&nbsp;<strong>Lisette Oropesa<\/strong>. Conosciuta e apprezzata per la sua tecnica vocale impeccabile, per la musicalit\u00e0 raffinata e le intense doti d\u2019interprete, Oropesa \u00e8 tra i soprani lirico-leggeri pi\u00f9 richiesti di oggi. Nel corso della sua carriera si \u00e8 gi\u00e0 misurata e distinta in opere come&nbsp;<em>Lucia di Lammermoor<\/em>&nbsp;di Donizetti e&nbsp;<em>I Puritani<\/em>, sempre di Bellini, che condividono con&nbsp;<em>La sonnambula<\/em>&nbsp;la presenza di celebri scene di alterazione mentale, di cui l\u2019ultima aria di Amina,&nbsp;<em>Ah! non credea mirarti<\/em>, costituisce una variante di sonnambulismo. Insignita nel 2023 del Premio Abbiati della critica italiana e del titolo di \u201cChevalier de l\u2019Ordre des Arts et des Lettres\u201d in Francia, nel settembre dello stesso anno \u00e8 stata protagonista con l\u2019Opera di Roma della tourn\u00e9e in Giappone dove, al Bunka Kaikan di Tokyo, ha interpretato Violetta ne&nbsp;<em>La traviata<\/em>&nbsp;di Verdi. Accanto a lei sul palco, nel ruolo di Elvino, il tenore&nbsp;<strong>John Osborn<\/strong>, Premio Bellini d\u2019Oro 2014, che torna all\u2019Opera di Roma dopo aver cantato Nemorino ne&nbsp;<em>L\u2019elisir d\u2019amore<\/em>&nbsp;dello scorso anno; il conte Rodolfo \u00e8 invece interpretato dal basso&nbsp;<strong>Roberto Tagliavini<\/strong>, ospite regolare di prestigiosi palcoscenici internazionali con un repertorio che spazia tra Mozart, Bellini, Donizetti e Verdi. La molinara Teresa \u00e8 il mezzosoprano&nbsp;<strong>Monica Bacelli<\/strong>, altra interprete di riferimento del belcanto italiano e vincitrice del Premio Abbiati della critica musicale italiana 1997. Nelle parti di Lisa e Alessio sono impegnati invece il soprano&nbsp;<strong>Francesca Benitez<\/strong>&nbsp;e il basso&nbsp;<strong>Mattia Rossi<\/strong>&nbsp;(quest\u2019ultimo dal progetto \u201cFabbrica\u201d Young Artist Program del Teatro dell\u2019Opera di Roma). Il Coro del Teatro dell\u2019Opera di Roma \u00e8 diretto da&nbsp;<strong>Ciro Visco<\/strong>.<\/p>\n\n\n\n<p>Nelle repliche dell\u201911, 13 e 16 aprile Amina \u00e8 interpretata da&nbsp;<strong>Ruth Iniesta<\/strong>, Elvino da&nbsp;<strong>Marco Ciaponi<\/strong>, il conte Rodolfo da&nbsp;<strong>Manuel Fuentes<\/strong>.<\/p>\n\n\n\n<p>Composta da Vincenzo Bellini in soli due mesi,&nbsp;<em>La sonnambula<\/em>&nbsp;\u00e8 un\u2019opera seria in due atti su libretto di Felice Romani, tratto a sua volta da&nbsp;<em>La Somnambule, ou L\u2019arriv\u00e9e d\u2019un nouveau seigneur<\/em>, un ballet-pantomime di Jean Aumer e Eug\u00e8ne Scribe, e da&nbsp;<em>La Somnambule<\/em>, com\u00e9die-vaudeville dello stesso Scribe e Germain Delavigne. Debutta a Milano nel marzo del 1831, ottenendo fin da subito grande successo. Ambientata in un villaggio in Svizzera, in un\u2019epoca non precisata, vede protagonisti due giovani promessi sposi, Amina ed Elvino. Quando Amina, per\u00f2, viene trovata addormentata la notte prima delle nozze nella stanza del conte Rodolfo, Elvino la accusa di tradimento e rompe il fidanzamento. Non creder\u00e0 alla sua innocenza fin quando una sera, Amina, nuovamente sonnambula, viene vista camminare sui tetti. A quel punto i due amanti si riconcilieranno tra le gioie di amici e parenti.<\/p>\n\n\n\n<p>Dopo la&nbsp;<strong>prima<\/strong>&nbsp;di&nbsp;<strong>marted\u00ec 9 aprile, ore 20.00<\/strong>, trasmessa in diretta su Radio3 Rai,&nbsp;<strong><em>La sonnambula<\/em>&nbsp;di Bellini<\/strong>&nbsp;torna in scena gioved\u00ec 11 (ore 20), venerd\u00ec 12 (ore 20), sabato 13 (ore 18), domenica 14 (ore 16.30), marted\u00ec 16 (ore 20) e mercoled\u00ec 17 aprile (ore 20). Il debutto del nuovo allestimento sar\u00e0 preceduto dalla&nbsp;<strong>Lezione di Opera<\/strong>&nbsp;che Giovanni Bietti terr\u00e0 sabato 6 aprile alle ore 17.<\/p>\n\n\n\n<p><\/p>\n\n\n\n<p><strong>2 aprile 2024<\/strong><\/p>\n\n\n\n<p><strong>TEATRO DELL\u2019OPERA DI ROMA<\/strong><\/p>\n\n\n\n<p><strong>Cosimo Manicone<\/strong><\/p>\n\n\n\n<p>ufficio stampa<\/p>\n\n\n\n<p><a href=\"mailto:cosimo.manicone@operaroma.it\" target=\"_blank\" rel=\"noreferrer noopener\">cosimo.manicone@operaroma.it<\/a><\/p>\n\n\n\n<p><strong>Paolo Cairoli<\/strong><\/p>\n\n\n\n<p>direttore della comunicazione<\/p>\n\n\n\n<p><a href=\"mailto:paolo.cairoli@operaroma.it\" target=\"_blank\" rel=\"noreferrer noopener\">paolo.cairoli@operaroma.it<\/a><\/p>\n\n\n\n<p><strong>S|CONFINAMENTI &#8211; STAGIONE 2023\/2024 DEL TEATRO DELL\u2019OPERA DI ROMA<\/strong><\/p>\n\n\n\n<p><strong><em>La sonnambula<\/em><\/strong><\/p>\n\n\n\n<p>Musica di&nbsp;<strong>Vincenzo Bellini<\/strong><\/p>\n\n\n\n<p>Melodramma in due atti<\/p>\n\n\n\n<p>Libretto di Felice Romani<\/p>\n\n\n\n<p>Prima rappresentazione assoluta Teatro Carcano, Milano, 6 marzo 1831<\/p>\n\n\n\n<p>Prima rappresentazione al Teatro Costanzi, 14 maggio 1881<\/p>\n\n\n\n<p>DIRETTORE&nbsp;<strong>Francesco Lanzillotta<\/strong><\/p>\n\n\n\n<p>REGIA, SCENE, COSTUMI&nbsp;<strong>Jean-Philippe Clarac &amp; Olivier Deloeuil \u201cLE LAB\u201d<\/strong><\/p>\n\n\n\n<p>MAESTRO DEL CORO&nbsp;<strong>Ciro Visco<\/strong><\/p>\n\n\n\n<p>COLLABORATORE ALLE SCENE E LUCI&nbsp;<strong>Christophe Pitoiset<\/strong><\/p>\n\n\n\n<p>DRAMMATURGIA&nbsp;<strong>Luc Bourrousse<\/strong><\/p>\n\n\n\n<p>VIDEO&nbsp;<strong>Pascal Boudet<\/strong>&nbsp;e&nbsp;<strong>Tim Buisson<\/strong><\/p>\n\n\n\n<p>PERSONAGGI E INTERPRETI<\/p>\n\n\n\n<p>Amina&nbsp;<strong>Lisette Oropesa<\/strong>&nbsp;\/&nbsp;<strong>Ruth Iniesta<\/strong>&nbsp;(11, 13, 16 aprile)<\/p>\n\n\n\n<p>Elvino&nbsp;<strong>John Osborn<\/strong>&nbsp;\/&nbsp;<strong>Marco Ciaponi<\/strong>&nbsp;(11, 13, 16 aprile)<\/p>\n\n\n\n<p>Il conte&nbsp;<strong>Rodolfo Roberto Tagliavini<\/strong>&nbsp;\/&nbsp;<strong>Manuel Fuentes<\/strong>&nbsp;(11, 13, 16 aprile)<\/p>\n\n\n\n<p>Teresa&nbsp;<strong>Monica Bacelli<\/strong><\/p>\n\n\n\n<p>Lisa&nbsp;<strong>Francesca Benitez<\/strong><\/p>\n\n\n\n<p>Alessio&nbsp;<strong>Mattia Rossi<\/strong>*<\/p>\n\n\n\n<p>*dal progetto \u201cFabbrica\u201d Young Artist Program del Teatro dell\u2019Opera di Roma<\/p>\n\n\n\n<p><strong>Orchestra e Coro del Teatro dell\u2019Opera di Roma<\/strong><\/p>\n\n\n\n<p><strong>NUOVO ALLESTIMENTO TEATRO DELL\u2019OPERA DI ROMA<\/strong><\/p>\n\n\n\n<p>foto<\/p>\n\n\n\n<figure class=\"wp-block-video\"><video controls src=\"https:\/\/www.ecoitaliano.com.ar\/wp-content\/uploads\/2024\/04\/Untitled.mp4\"><\/video><\/figure>\n\n\n\n<figure class=\"wp-block-video\"><\/figure>\n\n\n\n<figure class=\"wp-block-gallery has-nested-images columns-default is-cropped wp-block-gallery-1 is-layout-flex wp-block-gallery-is-layout-flex\">\n\n\n\n\n\n\n\n\n\n\n\n\n\n\n\n\n\n\n\n\n\n\n\n\n\n\n\n\n\n\n\n<\/figure>\n\n\n\n<figure class=\"wp-block-embed is-type-video is-provider-youtube wp-block-embed-youtube wp-embed-aspect-16-9 wp-has-aspect-ratio\"><div class=\"wp-block-embed__wrapper\">\n<iframe loading=\"lazy\" title=\"&#039;La sonnambula&#039; - intervista a Francesco Lanzillotta\" width=\"500\" height=\"281\" src=\"https:\/\/www.youtube.com\/embed\/2Iv4aGL4zVI?feature=oembed\" frameborder=\"0\" allow=\"accelerometer; autoplay; clipboard-write; encrypted-media; gyroscope; picture-in-picture; web-share\" referrerpolicy=\"strict-origin-when-cross-origin\" allowfullscreen><\/iframe>\n<\/div><\/figure>\n","protected":false},"excerpt":{"rendered":"<p>COMUNICATO STAMPA IL BELCANTO INCONTRA L\u2019INCONSCIO: LA SONNAMBULA&nbsp;CON LISETTE OROPESA FIRMATA DA \u201cLE LAB\u201d Il dramma di Bellini segna il [&hellip;]<\/p>\n","protected":false},"author":1,"featured_media":0,"comment_status":"open","ping_status":"open","sticky":false,"template":"","format":"standard","meta":{"footnotes":""},"categories":[1],"tags":[],"class_list":["post-53377","post","type-post","status-publish","format-standard","hentry","category-sin-categoria"],"_links":{"self":[{"href":"https:\/\/www.ecoitaliano.com.ar\/index.php?rest_route=\/wp\/v2\/posts\/53377","targetHints":{"allow":["GET"]}}],"collection":[{"href":"https:\/\/www.ecoitaliano.com.ar\/index.php?rest_route=\/wp\/v2\/posts"}],"about":[{"href":"https:\/\/www.ecoitaliano.com.ar\/index.php?rest_route=\/wp\/v2\/types\/post"}],"author":[{"embeddable":true,"href":"https:\/\/www.ecoitaliano.com.ar\/index.php?rest_route=\/wp\/v2\/users\/1"}],"replies":[{"embeddable":true,"href":"https:\/\/www.ecoitaliano.com.ar\/index.php?rest_route=%2Fwp%2Fv2%2Fcomments&post=53377"}],"version-history":[{"count":0,"href":"https:\/\/www.ecoitaliano.com.ar\/index.php?rest_route=\/wp\/v2\/posts\/53377\/revisions"}],"wp:attachment":[{"href":"https:\/\/www.ecoitaliano.com.ar\/index.php?rest_route=%2Fwp%2Fv2%2Fmedia&parent=53377"}],"wp:term":[{"taxonomy":"category","embeddable":true,"href":"https:\/\/www.ecoitaliano.com.ar\/index.php?rest_route=%2Fwp%2Fv2%2Fcategories&post=53377"},{"taxonomy":"post_tag","embeddable":true,"href":"https:\/\/www.ecoitaliano.com.ar\/index.php?rest_route=%2Fwp%2Fv2%2Ftags&post=53377"}],"curies":[{"name":"wp","href":"https:\/\/api.w.org\/{rel}","templated":true}]}}