{"id":54036,"date":"2024-04-16T07:55:27","date_gmt":"2024-04-16T07:55:27","guid":{"rendered":"https:\/\/www.ecoitaliano.com.ar\/?p=54036"},"modified":"2024-04-16T07:55:27","modified_gmt":"2024-04-16T07:55:27","slug":"medicina-di-genere-a-che-punto-siamo-in-er-colibri-e-istituto-superiore-di-sanita-in-un-convegno-a-bologna-lun-22-aprile","status":"publish","type":"post","link":"https:\/\/www.ecoitaliano.com.ar\/?p=54036","title":{"rendered":"Medicina di Genere: a che punto siamo in ER? Colibr\u00ec e Istituto Superiore di Sanit\u00e0 in un convegno a Bologna &#8211; lun 22 aprile"},"content":{"rendered":"\n<figure class=\"wp-block-table\"><table><tbody><tr><td>\u200a\u200a<img decoding=\"async\" src=\"https:\/\/ci3.googleusercontent.com\/meips\/ADKq_NabBZaYLrPUBX7wKrteARLZhOHBdsHPh9Mosj4QkBvtFElCUvadjL4AL8vee4HE5ZjH-9dEx-xvKccF2OfOe5KPvHtSDeEYBZGjd6yUK5UL2Z_Pif8QjsWuHvpLFhA=s0-d-e1-ft#https:\/\/customer66493g.img.musvc2.net\/static\/166492\/assets\/1\/colibri.png\" width=\"140\" height=\"auto\"><strong>COMUNICATO STAMPA<\/strong><strong>Medicina di Genere<\/strong><strong>e appropriatezza della cura<\/strong>Un convegno sulla&nbsp;<strong>Medicina di Genere<\/strong>&nbsp;di cui il&nbsp;<strong>Consorzio Colibr\u00ec<\/strong>&nbsp;vuole farsi promotore a Bologna e in Emilia-Romagna. L\u2019incontro, con il patrocinio dell\u2019<strong>Istituto Superiore di Sanit\u00e0,&nbsp;<\/strong>si svolge luned\u00ec&nbsp;<strong>22 aprile<\/strong>&nbsp;in occasione della&nbsp;<strong>Giornata Nazionale per la Salute della Donna.<\/strong>\u200a<img decoding=\"async\" src=\"https:\/\/ci3.googleusercontent.com\/meips\/ADKq_NafKBqQwgdk5rsAcdtddQlS4hdKBt318z6PlZJasPKlTXLx8rTBHqaJcHGYeGJN54FI40X5BHZmK7aD7BFljW-eRZL1xDoDiu0rdYjwloywigg0FRsMjbRtG6-auogmyd4Qkv428uRA6-OiU4B84-Rx2wNxve66yHAvXFysq5RulapEs2_OWptpwqaR3JRhFolFsgxzvQm-jF9NhFSii0k=s0-d-e1-ft#https:\/\/customer66493g.img.musvc2.net\/static\/166492\/assets\/1\/copertina%20convegno%20medicina%20di%20genere%20Consorzio%20Colibr%C3%AC.jpg\" width=\"670\" alt=\"Image\" height=\"auto\">\u200aNella Giornata Nazionale per la Salute della Donna istituita dal&nbsp;<strong>Ministero della Salute<\/strong>&nbsp;nel 2016, il&nbsp;<a href=\"https:\/\/customer66493g.musvc2.net\/e\/tr?q=0%3d7ZCaEV%26s%3dX%26t%3dbB%26L%3d7ZBY%261%3dB1Qv_LXzV_WH_OWwW_YL_LXzV_VMT3Q.jLtMvO6Cv0uFp9xC.jLs%268%3dtRyPjY.t91%26Fy%3dW0a%26zM%3d9g8XGa7ZGd9U9f8g5h%26n%3dcGeA0ha0dBB89EZj00cgVhb8W89hXk0hViC7bFf9XFgDaj880mXh9CbhXDgjaACE&amp;mupckp=mupAtu4m8OiX0wt\" rel=\"noreferrer noopener\" target=\"_blank\"><strong>Consorzio Colibr\u00ec<\/strong><\/a>&nbsp;organizza un evento informativo e formativo sulla medicina di genere rivolto ai professionisti della sanit\u00e0 con la partecipazione di alte&nbsp;<strong>personalit\u00e0 scientifiche, accademiche&nbsp;<\/strong>a livello regionale e nazionale.&nbsp;Il convegno dal titolo \u201c<strong>Medicina di Genere e appropriatezza della cura<\/strong>\u201d \u00e8 in programma nella sala formazione del Presidio ospedaliero Villa Bellombra (via Casteldebole 10\/7)&nbsp;<strong>luned\u00ec 22 aprile&nbsp;<\/strong>dalle ore 9 alle ore 13 con l\u2019obiettivo di informare correttamente su un tema molto attuale e sentito dalla comunit\u00e0 scientifica<strong>.<\/strong>&nbsp;A fare gli onori di casa sar\u00e0 il presidente del Consorzio Colibr\u00ec&nbsp;<strong>Claudia Sabatini<\/strong>&nbsp;e insieme l\u2019amministratore delegato&nbsp;<strong>Averardo Orta<\/strong>. Porteranno i saluti istituzionali:&nbsp;<strong>Tiziana Ferrari<\/strong>&nbsp;Direttore Generale Confindustria Emilia,&nbsp;<strong>Raffaele Donini<\/strong>&nbsp;Assessore alle politiche per la salute della Regione Emilia-Romagna,&nbsp;<strong>Paolo Bordon<\/strong>&nbsp;Direttore generale Azienda USL di Bologna,&nbsp;<strong>Marco Seri<\/strong>&nbsp;Direttore scientifico dell\u2019IRCCS Sant\u2019Orsola. L\u2019incontro sar\u00e0 coordinato e moderato da&nbsp;<strong>Giuliano Barigazzi<\/strong>&nbsp;Direttore strategico di Colibr\u00ec.Sulla Medicina di Genere si sa ancora poco e ci sono voluti molti anni affinch\u00e9 nel nostro Paese venisse approvata nel 2018 la&nbsp;<strong>Legge per la Medicina di Genere<\/strong>.&nbsp;<strong>L\u2019Organizzazione Mondiale della Sanit\u00e0<\/strong>&nbsp;ha definito la \u201cmedicina di genere\u201d come lo studio dell\u2019influenza delle differenze biologiche, socioeconomiche e culturali sullo stato di salute e di malattia di ogni persona. La strada \u00e8 ancora molto lunga anche se i primi esempi non mancano.&nbsp;Questi i prestigiosi&nbsp;<strong>relatori<\/strong>&nbsp;che contribuiranno a tracciare&nbsp;<strong>lo stato dell\u2019arte della Medicina di genere<\/strong><em>&nbsp;<\/em>in Italia e nel caso specifico nei centri sanitari dell\u2019Emilia-Romagna:&nbsp;<strong>Elena Ortona<\/strong>&nbsp;Direttrice centro di riferimento Medicina di Genere Istituto Superiore di Sanit\u00e0 (ISS);<strong>Flavia Franconi<\/strong>&nbsp;Coordinatrice piattaforma di Medicina di Genere eFarmacologia di Genere &#8211; Consorzio interuniversitario biostrutture e biosistemi;<strong>Fulvia Signani<\/strong>&nbsp;Psicologa e Sociologa, Co-fondatrice e Membro del Centro Strategico Universitario di Medicina di Genere, Universit\u00e0 di Ferrara; Membro dell&#8217;Osservatorio Nazionale dedicato alla Medicina di genere presso l&#8217;ISS;<strong>Amelia Ceci<\/strong>&nbsp;Sociologa, Referente medicina di genere per l&#8217;IRCCS\/Ausl di Reggio Emilia;<strong>Claudio Borghi<\/strong>&nbsp;Ordinario di Medicina Interna Universit\u00e0 di Bologna. Direttore reparto di Medicina Interna Cardiovascolare Policlinico Sant\u2019Orsola Malpighi di Bologna;<strong>Roberto Casale<\/strong>&nbsp;Neurologo e Direttore Opus medica PC Habilita Care &amp;Research Rehabilitation Hospitals;<strong>Mirco Magnani<\/strong>&nbsp;Dirigente Medico Reumatologo Ospedale Maggiore di Bologna.&nbsp;L\u2019incontro, patrocinato da&nbsp;<strong>Istituto Superiore di Sanit\u00e0<\/strong>,&nbsp;<strong>IRCCS Istituto delle Scienze Neurologiche di Bologna, Azienda USL di Bologna,&nbsp;<\/strong><strong>IRCCS Policlinico di Sant\u2019Orsola Azienda Ospedaliero Universitaria di Bologna, Regione Emilia-Romagna, Comune di Bologna<\/strong>, intende altres\u00ec aumentare la consapevolezza del personale medico e di tutti gli operatori sanitari circa la necessit\u00e0 di un approccio alla malattia diversificato e basato sul genere. In questo senso il<strong>&nbsp;Consorzio Colibr\u00ec&nbsp;<\/strong>rappresenta un promotore attivo della Medicina di Genere, sensibilizzando il territorio e la comunit\u00e0.\u200a<strong>Consorzio Colibr\u00ec<\/strong>Il&nbsp;<strong>Consorzio Ospedaliero Colibr\u00ec<\/strong>&nbsp;viene costituito nel settembre del 2009. Oggi rappresenta una realt\u00e0 di 23 strutture operanti nel settore della sanit\u00e0 e dei servizi sociali presenti nella regione Emilia-Romagna. Il nome del Consorzio richiama l\u2019idea di leggerezza e velocit\u00e0 che sono le caratteristiche portanti di questa organizzazione. Leggerezza intesa come struttura snella e costi contenuti, velocit\u00e0 come capacit\u00e0 di adeguarsi rapidamente ad ogni cambiamento<a href=\"https:\/\/customer66493g.musvc2.net\/e\/tr?q=A%3dBYTbJU%260%3dY%26y%3daS%26M%3dBYSZ%266%3dAHR1L_Fyds_Qi_3tqx_Ci_Fyds_PnnNGRzF3PGYRgD0.7Kr.FIQ76P.LpM_Fyds_Pn4MyRt6_Fyds_PnBYTbJU_Fyds_PnlLGC5L_Fyds_PnB_Ko1a_UdklKHCwEy_Pbvn_ZFUX154ANl_Ko1a_USZK-_Ko1a_USZK6CL785Lz_Ko1a_USZKUP_Pbvn_ZFUX91K7Jp.S7N%26o%3dFIQ76P.LpM%267Q%3dDVR%26R4%3dUXZEcRYGcUaBUW%26F%3dlV2AGaOZqVyAlXzCBcV9Cay0E8Sfm8S9HbXhq94Zl9l4y9OBD6UAEXzDpaOCGbVhB43A&amp;mupckp=mupAtu4m8OiX0wt\" target=\"_blank\" rel=\"noreferrer noopener\"><strong>CARTELLA STAMPA<br><\/strong><\/a>\u200a<strong>Ufficio stampa<\/strong><strong>AD Communications<br><\/strong><img decoding=\"async\" src=\"https:\/\/ci3.googleusercontent.com\/meips\/ADKq_NYIVwkdNKG-yBzxQyb_yME6Sgp2bAP2BGcVoxMSAYHfdv0rCSyb0JczXmM98Gjx75gdnnLyBsc1g3GWcbm1y-zI7m2saM8wttjGITyI0KKNcq2SfNQvZGMx47Gbx1JBHQ62Lai5kA=s0-d-e1-ft#https:\/\/customer66493g.img.musvc2.net\/static\/166492\/assets\/1\/unnamed-file-27.png\" width=\"81.6\" alt=\"Image\" height=\"auto\">Tel. 051 0959972Mob. 347 4072574Via Odofredo, 6 &#8211; 40136 Bologna<a href=\"https:\/\/customer66493g.musvc2.net\/e\/tr?q=6%3dJZ0WRV%26p%3dT%267%3db9%26H%3dJZ9U%26D%3dBxM9_LUvi_WE_KjwT_UY_LUvi_VJPFQ.e7vIqFDHm6tNmH7M.mM%26w%3dGyLE76.GxN%26mL%3dLW8%26MB%3dVDUMd8TOdAVJVC%264t5eA%3dLciXKchYM76Vwd9YJ9j5udBVu8C9Q6fVw95bNYfZtUB9OaDUQd7UR55VOcC8OV7b&amp;mupckp=mupAtu4m8OiX0wt\" rel=\"noreferrer noopener\" target=\"_blank\"><strong>www.adcommunications.it<\/strong><\/a><a href=\"https:\/\/customer66493g.musvc2.net\/e\/tr?q=3%3d0ZJTHV%26z%3dQ%26w%3dbI%26E%3d0ZIR%264%3dB8JyM_6qbt_Ga_1ugp_Aj_6qbt_Ff6QA.6j7s2xIy.3xG_6qbt_FfO9z9lCr9lI1KwCq119%26r%3dC4M03A.HsJ%26rM%3dGS1j5oC%26N7%3dRIVHZCUJZFWERH%26B%3dJSD8EVlatRo7FUG6NX00sXF5sUH5F1DVq2k9sUDYJYDUoWH7pSCbN10dpTE6s5F9&amp;mupckp=mupAtu4m8OiX0wt\" target=\"_blank\" rel=\"noreferrer noopener\"><\/a><a href=\"https:\/\/customer66493g.musvc2.net\/e\/tr?q=9%3dIW9ZQS%26o%3dW%266%3dY8%26K%3dIW8X%26C%3d9wP8J_uwkq_6g_0rVv_Jg_uwkq_5lBNlPB6u.97D_uwkq_5ls8hJH0dgV%265%3dpQAMfX.66w%26EA%3dT6Z%26BJ%3d5fJUCZIWC7s2dcKR5e%26z%3dS5ZK58XOaiZtRhZva0eOWidKThaKY6ZRUi7KSfAM6iBuVgfv37cJRf0M547Q2hdO&amp;mupckp=mupAtu4m8OiX0wt\" target=\"_blank\" rel=\"noreferrer noopener\"><\/a><a href=\"https:\/\/customer66493g.musvc2.net\/e\/tr?q=4%3d0aSUHW%269%3dR%26w%3dcR%26F%3d0aRS%264%3dCGKyN_Erbu_Pb_1vpq_Ak_Erbu_Og6RJ.0wNG2pMxD.lJ0_IZxm_SO614xH0LwDz23DBE2OH5rJ_Erbu_Og%26m%3dHHJ52j6x8O.EnO%266J%3dBXQ%26K2%3dWWSCeQREeTT0WV%269%3d0dzTFb34B0PSAaPTIARRldPWkeRYn8N4j0Q5AYPZEdVUGZPUmW220dNZGZV2GVWZ&amp;mupckp=mupAtu4m8OiX0wt\" target=\"_blank\" rel=\"noreferrer noopener\"><\/a><a href=\"https:\/\/customer66493g.musvc2.net\/e\/tr?q=A%3dHVEbPR%26u%3dY%265%3dXD%26M%3dHVDZ%26B%3d83R7I_1yjp_Bi_9qbx_If_1yjp_AnDM6.JzDtCu9w.A6C_1yjp_AntEvNrD8_PhsY_ZW6nJz3rBz3xKBDrArHn%26B%3d49r1jK2TtR.wCA%2692%3daJT%263Q%3dIZAbQT0dQWBYIY%26q%3deK2lgtWkCvWHauWFCIZogLXkewSGeQXIfs4AgOX0YMVDZIRohLSDaNZoCNQBcJUC&amp;mupckp=mupAtu4m8OiX0wt\" target=\"_blank\" rel=\"noreferrer noopener\"><\/a><a href=\"https:\/\/customer66493g.musvc2.net\/e\/tr?q=7%3d0X9XHT%26o%3dU%26w%3dZ8%26I%3d0X8V%264%3d0wNyK_uubr_6e_1sVt_Ah_uubr_5j6Oz.SxMwOk7.fIv_JTwY_TI7q3qHnD_uubr_5jde3Y3zsILZF_oDYBvE2zozFj%268%3dvMvPlT.q93%26Av%3dWBV%26wM%3dAb5XIV4ZIY6UAa%26k%3dYCS97m47VIa7a04gdE8i7BafWI8dWG650kb08na0dnZ5VE5A5HbAZIUC5n475j3d9n37&amp;mupckp=mupAtu4m8OiX0wt\" target=\"_blank\" rel=\"noreferrer noopener\"><\/a><\/td><\/tr><\/tbody><\/table><\/figure>\n","protected":false},"excerpt":{"rendered":"<p>\u200a\u200aCOMUNICATO STAMPAMedicina di Generee appropriatezza della curaUn convegno sulla&nbsp;Medicina di Genere&nbsp;di cui il&nbsp;Consorzio Colibr\u00ec&nbsp;vuole farsi promotore a Bologna e in [&hellip;]<\/p>\n","protected":false},"author":1,"featured_media":0,"comment_status":"open","ping_status":"open","sticky":false,"template":"","format":"standard","meta":{"footnotes":""},"categories":[10,53],"tags":[],"class_list":["post-54036","post","type-post","status-publish","format-standard","hentry","category-italiano","category-medicina"],"_links":{"self":[{"href":"https:\/\/www.ecoitaliano.com.ar\/index.php?rest_route=\/wp\/v2\/posts\/54036","targetHints":{"allow":["GET"]}}],"collection":[{"href":"https:\/\/www.ecoitaliano.com.ar\/index.php?rest_route=\/wp\/v2\/posts"}],"about":[{"href":"https:\/\/www.ecoitaliano.com.ar\/index.php?rest_route=\/wp\/v2\/types\/post"}],"author":[{"embeddable":true,"href":"https:\/\/www.ecoitaliano.com.ar\/index.php?rest_route=\/wp\/v2\/users\/1"}],"replies":[{"embeddable":true,"href":"https:\/\/www.ecoitaliano.com.ar\/index.php?rest_route=%2Fwp%2Fv2%2Fcomments&post=54036"}],"version-history":[{"count":0,"href":"https:\/\/www.ecoitaliano.com.ar\/index.php?rest_route=\/wp\/v2\/posts\/54036\/revisions"}],"wp:attachment":[{"href":"https:\/\/www.ecoitaliano.com.ar\/index.php?rest_route=%2Fwp%2Fv2%2Fmedia&parent=54036"}],"wp:term":[{"taxonomy":"category","embeddable":true,"href":"https:\/\/www.ecoitaliano.com.ar\/index.php?rest_route=%2Fwp%2Fv2%2Fcategories&post=54036"},{"taxonomy":"post_tag","embeddable":true,"href":"https:\/\/www.ecoitaliano.com.ar\/index.php?rest_route=%2Fwp%2Fv2%2Ftags&post=54036"}],"curies":[{"name":"wp","href":"https:\/\/api.w.org\/{rel}","templated":true}]}}