{"id":54285,"date":"2024-04-22T22:26:01","date_gmt":"2024-04-22T22:26:01","guid":{"rendered":"https:\/\/www.ecoitaliano.com.ar\/?p=54285"},"modified":"2024-04-22T22:26:01","modified_gmt":"2024-04-22T22:26:01","slug":"premium-international-seven-stars-2024","status":"publish","type":"post","link":"https:\/\/www.ecoitaliano.com.ar\/?p=54285","title":{"rendered":"PREMIUM INTERNATIONAL SEVEN STARS 2024"},"content":{"rendered":"\n<figure class=\"wp-block-gallery has-nested-images columns-default is-cropped wp-block-gallery-1 is-layout-flex wp-block-gallery-is-layout-flex\">\n<figure class=\"wp-block-image size-large\"><a href=\"https:\/\/www.ecoitaliano.com.ar\/wp-content\/uploads\/2024\/04\/Firenze-Terrazza-Plus-Florence.jpg\"><img decoding=\"async\" width=\"700\" height=\"470\" data-id=\"54286\" src=\"https:\/\/www.ecoitaliano.com.ar\/wp-content\/uploads\/2024\/04\/Firenze-Terrazza-Plus-Florence.jpg\" alt=\"\" class=\"wp-image-54286\" srcset=\"https:\/\/www.ecoitaliano.com.ar\/wp-content\/uploads\/2024\/04\/Firenze-Terrazza-Plus-Florence.jpg 700w, https:\/\/www.ecoitaliano.com.ar\/wp-content\/uploads\/2024\/04\/Firenze-Terrazza-Plus-Florence-300x201.jpg 300w, https:\/\/www.ecoitaliano.com.ar\/wp-content\/uploads\/2024\/04\/Firenze-Terrazza-Plus-Florence-150x101.jpg 150w\" sizes=\"(max-width: 700px) 100vw, 700px\" \/><\/a><\/figure>\n\n\n\n<figure class=\"wp-block-image size-large\"><a href=\"https:\/\/www.ecoitaliano.com.ar\/wp-content\/uploads\/2024\/04\/prof.-Carlo-Franza.jpg\"><img decoding=\"async\" width=\"437\" height=\"431\" data-id=\"54287\" src=\"https:\/\/www.ecoitaliano.com.ar\/wp-content\/uploads\/2024\/04\/prof.-Carlo-Franza.jpg\" alt=\"\" class=\"wp-image-54287\" srcset=\"https:\/\/www.ecoitaliano.com.ar\/wp-content\/uploads\/2024\/04\/prof.-Carlo-Franza.jpg 437w, https:\/\/www.ecoitaliano.com.ar\/wp-content\/uploads\/2024\/04\/prof.-Carlo-Franza-300x296.jpg 300w, https:\/\/www.ecoitaliano.com.ar\/wp-content\/uploads\/2024\/04\/prof.-Carlo-Franza-150x148.jpg 150w\" sizes=\"(max-width: 437px) 100vw, 437px\" \/><\/a><\/figure>\n<\/figure>\n\n\n\n<p>COMUNICATO STAMPA<\/p>\n\n\n\n<p><strong>PREMIUM INTERNATIONAL FLORENCE SEVEN STARS<\/strong><\/p>\n\n\n\n<p>FIRENZE 2024<\/p>\n\n\n\n<p>FLORENCE 2024<\/p>\n\n\n\n<p>FLORENCIA 2024<\/p>\n\n\n\n<p>FLORENTIA 2024<\/p>\n\n\n\n<p>FLORENZ 2024<\/p>\n\n\n\n<p><strong>Sabato 29 giugno 2024, alle ore 19.00<\/strong><\/p>\n\n\n\n<p><strong>Premiazione dei Vincitori del Premium International Florence Seven Stars Edizione 2024<\/strong><\/p>\n\n\n\n<p><strong>GRAN TERRAZZA BELVEDERE, Palazzo PLUS FLORENCE, Via S. Caterina d\u2019Alessandria 15<\/strong><\/p>\n\n\n\n<p><strong>CONCERTO D\u2019ESTATE FIORENTINA DELL\u2019ACCADEMIA FIORENTINA MUSICAREA \u2013 FIRENZE<\/strong><\/p>\n\n\n\n<p>Durante la cerimonia di premiazione, il Professore <strong>Carlo Franza<\/strong>, Storico dell&#8217;Arte Moderna e Contemporanea, Giornalista e Presidente della Giuria, terr\u00e0 una <em>lectio magistralis<\/em> su \u201c<strong>Aspetti, status e svolgimenti dell\u2019Arte Contemporanea in Italia. Il quadro del presente<\/strong>\u201d. La cerimonia di premiazione avverr\u00e0 nel corso del Gran Concerto d\u2019Estate fiorentina tenuto da valenti professionisti dell\u2019<strong>Accademia<\/strong> <strong>Fiorentina MusicArea di Firenze<\/strong> sul <strong>\u201cBelvedere\u201d del Plus Florence<\/strong>.&nbsp;<\/p>\n\n\n\n<p>Il Premio, sicuro vanto della Citt\u00e0 di Firenze, con la sua internazionalit\u00e0, vive destinazioni colte, mirate, professionali, va alle <strong>migliori figure delle Arti, della Diplomazia, del Giornalismo, della Cultura e della Scienza, alle Imprese Innovative, a quel Made in Italy <\/strong>con capacit\u00e0 tali di generare significative ricadute positive negli ambiti sociali, culturali, ambientali e produttivi. Sicch\u00e9 \u00e8 l\u2019assegnazione del <strong>Premium International Florence Seven Stars<\/strong> ad accreditarne il valore, e ad esserne degna testimonianza.&nbsp;<\/p>\n\n\n\n<p>La Giuria internazionale, composta da giurati internazionali e presieduta dall\u2019illustre Storico dell\u2019Arte Moderna e Contemporanea, <strong>Prof. Dott. Carlo Franza<\/strong>, intellettuale di chiara fama, attraverso pi\u00f9 sessioni di lavoro ha proceduto anche quest&#8217;anno alla rosa dei vincitori.&nbsp;<\/p>\n\n\n\n<p><strong>VINCITORI<\/strong><\/p>\n\n\n\n<p>Premium International Florence Seven Stars-Grand Prix Absolute <strong>PATRIZIA QUADRELLI<\/strong><\/p>\n\n\n\n<p>Premio per la Cultura <strong>GIUSEPPE LOCATI<\/strong> &#8211; alla memoria<\/p>\n\n\n\n<p>Premio Dodici Stelle d\u2019Europa per l\u2019Arte <strong>EUGENIA SERAFINI<\/strong><\/p>\n\n\n\n<p>Premio Dodici Stelle d\u2019Europa per l\u2019Archeologia <strong>NICOL\u00d2 BRANCATO<\/strong><\/p>\n\n\n\n<p>Premio per il Giornalismo <strong>GOFFREDO PALMERINI<\/strong><\/p>\n\n\n\n<p>Premio per la Narrativa <strong>AIM\u00c9 MAQUIGNAZ<\/strong> per \u201cIl ritorno del lupo\u201d<\/p>\n\n\n\n<p>Premio per la Pittura <strong>CONCHITA DE PALMA<\/strong><\/p>\n\n\n\n<p>Premio per la Scultura <strong>FABRIZIO SANT\u2019AMBROGIO<\/strong><\/p>\n\n\n\n<p>Premio per la Grafica <strong>LINDA GRITTINI<\/strong><\/p>\n\n\n\n<p>Premio alla Carriera <strong>ANNA ADDAMIANO<\/strong><\/p>\n\n\n\n<p>Premio per la Fotografia <strong>ELENA CANTALUPPI<\/strong><\/p>\n\n\n\n<p>Premio della Critica <strong>OANA BURSUCANU<\/strong><\/p>\n\n\n\n<p>Premio Manager dell\u2019Anno <strong>ALEXANDRA GEIGER<\/strong><\/p>\n\n\n\n<p>Premio Dodici Stelle dell\u2019Internazionalit\u00e0 EuroChef dell\u2019Anno <strong>FRIS\u00c0 BISTROT<\/strong> di Paride Sans\u00f2 e figli &#8211; Milano&nbsp;<\/p>\n\n\n\n<p>Arte del Gusto International <strong>CASA GRAZIA<\/strong> Cantina Vinicola &#8211; Gela (CL)Arte del Gusto Italy <strong>PASTICCERIA LA PREFERITA &#8211; F.LLI LATINO<\/strong> &#8211; Aragona (AG)<\/p>\n","protected":false},"excerpt":{"rendered":"<p>COMUNICATO STAMPA PREMIUM INTERNATIONAL FLORENCE SEVEN STARS FIRENZE 2024 FLORENCE 2024 FLORENCIA 2024 FLORENTIA 2024 FLORENZ 2024 Sabato 29 giugno [&hellip;]<\/p>\n","protected":false},"author":1,"featured_media":0,"comment_status":"open","ping_status":"open","sticky":false,"template":"","format":"standard","meta":{"footnotes":""},"categories":[4,10],"tags":[],"class_list":["post-54285","post","type-post","status-publish","format-standard","hentry","category-cultura","category-italiano"],"_links":{"self":[{"href":"https:\/\/www.ecoitaliano.com.ar\/index.php?rest_route=\/wp\/v2\/posts\/54285","targetHints":{"allow":["GET"]}}],"collection":[{"href":"https:\/\/www.ecoitaliano.com.ar\/index.php?rest_route=\/wp\/v2\/posts"}],"about":[{"href":"https:\/\/www.ecoitaliano.com.ar\/index.php?rest_route=\/wp\/v2\/types\/post"}],"author":[{"embeddable":true,"href":"https:\/\/www.ecoitaliano.com.ar\/index.php?rest_route=\/wp\/v2\/users\/1"}],"replies":[{"embeddable":true,"href":"https:\/\/www.ecoitaliano.com.ar\/index.php?rest_route=%2Fwp%2Fv2%2Fcomments&post=54285"}],"version-history":[{"count":0,"href":"https:\/\/www.ecoitaliano.com.ar\/index.php?rest_route=\/wp\/v2\/posts\/54285\/revisions"}],"wp:attachment":[{"href":"https:\/\/www.ecoitaliano.com.ar\/index.php?rest_route=%2Fwp%2Fv2%2Fmedia&parent=54285"}],"wp:term":[{"taxonomy":"category","embeddable":true,"href":"https:\/\/www.ecoitaliano.com.ar\/index.php?rest_route=%2Fwp%2Fv2%2Fcategories&post=54285"},{"taxonomy":"post_tag","embeddable":true,"href":"https:\/\/www.ecoitaliano.com.ar\/index.php?rest_route=%2Fwp%2Fv2%2Ftags&post=54285"}],"curies":[{"name":"wp","href":"https:\/\/api.w.org\/{rel}","templated":true}]}}