{"id":5573,"date":"2019-01-23T18:41:53","date_gmt":"2019-01-23T18:41:53","guid":{"rendered":"http:\/\/www.ecoitaliano.com.ar\/?p=5573"},"modified":"2019-01-23T18:41:53","modified_gmt":"2019-01-23T18:41:53","slug":"serena-conduce-operaclassica-eco-italiano-51","status":"publish","type":"post","link":"https:\/\/www.ecoitaliano.com.ar\/?p=5573","title":{"rendered":"Serena conduce Operaclassica Eco Italiano"},"content":{"rendered":"<p><strong><span class=\"_5yl5\">Serena intervista Alessandro Palumbo, direttore d&#8217;orchestra<\/span><\/strong><\/p>\n<p>&nbsp;<\/p>\n<p><iframe loading=\"lazy\" title=\"Serena interviews Alessandro Palumbo, conductor\" width=\"500\" height=\"281\" src=\"https:\/\/www.youtube.com\/embed\/TXy58QC-ehQ?feature=oembed\" frameborder=\"0\" allow=\"accelerometer; autoplay; clipboard-write; encrypted-media; gyroscope; picture-in-picture; web-share\" referrerpolicy=\"strict-origin-when-cross-origin\" allowfullscreen><\/iframe><\/p>\n<p><a href=\"http:\/\/www.ecoitaliano.com.ar\/wp-content\/uploads\/2019\/01\/50632762_1233963143424429_5153293029519392768_n.jpg\"><img decoding=\"async\" class=\"alignnone size-full wp-image-5574\" src=\"http:\/\/www.ecoitaliano.com.ar\/wp-content\/uploads\/2019\/01\/50632762_1233963143424429_5153293029519392768_n.jpg\" alt=\"\" width=\"960\" height=\"646\" srcset=\"https:\/\/www.ecoitaliano.com.ar\/wp-content\/uploads\/2019\/01\/50632762_1233963143424429_5153293029519392768_n.jpg 960w, https:\/\/www.ecoitaliano.com.ar\/wp-content\/uploads\/2019\/01\/50632762_1233963143424429_5153293029519392768_n-300x202.jpg 300w, https:\/\/www.ecoitaliano.com.ar\/wp-content\/uploads\/2019\/01\/50632762_1233963143424429_5153293029519392768_n-768x517.jpg 768w, https:\/\/www.ecoitaliano.com.ar\/wp-content\/uploads\/2019\/01\/50632762_1233963143424429_5153293029519392768_n-150x101.jpg 150w\" sizes=\"(max-width: 960px) 100vw, 960px\" \/><\/a><\/p>\n<p class=\"western\" lang=\"it-IT\">Alessandro Palumbo, direttore d\u2019orchestra<\/p>\n<p class=\"western\" lang=\"it-IT\">biografia<\/p>\n<p class=\"western\" lang=\"it-IT\"><span style=\"color: #626262;\"><span style=\"font-family: Arial, sans-serif;\"><span style=\"font-size: small;\"><b><\/p>\n<p><\/b><\/span><\/span><\/span><strong><span style=\"color: #3f3f3f;\"><span style=\"font-family: Arial, sans-serif;\">Alessandro Palumbo<\/span><\/span><\/strong><span style=\"color: #3f3f3f;\"><span style=\"font-family: Arial, sans-serif;\">,<br \/>\n<\/span><\/span><span style=\"color: #3f3f3f;\"><span style=\"font-family: Arial, sans-serif;\"><span style=\"font-size: small;\">\u00e8 direttore d\u2019orchestra, pianista e compositore.<\/p>\n<p>Il 26 Aprile 2014 debutta con successo alla testa dell\u2019Orchestra Sinfonica di Tenerife, nella produzione di Don Quichotte di J. Massenet con la regia di Giorgia Guerra. Tra le sue attivit\u00e0 pi\u00f9 recenti, segnaliamo quella di Assistente alla Direzione Musicale nelle produzioni di Nabucco di G. Verdi, diretta dal M. Miquel Ortega (regia di Stefano Monti) e di Don Giovanni di W. A. Mozart, diretta dal M. Sergio Alapont (regia di Rosetta Cucchi), realizzate presso l\u2019Auditorium de Santa Cruz de Tenerife.<\/p>\n<p>Durante il biennio 2009\/2011 si \u00e8 specializzato come Maestro Collaboratore per cantanti al Centre de Perfeccionament Pl\u00e1cido Domingo presso il Palau de les Arts \u201cReina Sofia\u201d di Valencia (Spagna), dove ha avuto la possibilit\u00e0 di approfondire la propria conoscenza dell\u2019opera lirica, lavorando al fianco dei pi\u00f9 grandi cantanti professionisti di oggi, guidato da maestri di fama internazionale come Alberto Zedda, Roger Vignoles, Jocelyn Dienst-Bladin, Jos\u00e9 Miguel P\u00e9rez Sierra, Klaus Sallmann, Carmen Santoro, Gianni Fabbrini e Alejandro Zabala. Durante la stagione 2009\/2010 \u00e8 stato contrattato dallo stesso teatro come coach per le seguenti produzioni: Madama Butterfly, Cavalleria Rusticana e La Traviata dirette da Lorin Maazel e Lucia di Lammermoor diretta da Karel Chichon. Nel Giugno 2010 e nell\u2019Aprile 2012 ha collaborato con l\u2019Orchestra del Palau de les Arts, come membro della stessa, rispettivamente nella produzione di Salom\u00e9 di R. Strauss cantata da Sigfried Jerusalem (Herode), Hanna Schwarz (Herodias) y Camilla Nylund (Salom\u00e9), e diretta da Zubin Metha, e nella produzione di Tha\u00efs di J. Massenet interpretata da Placido Domingo (Athanael) e diretta da Patrick Fournillier.<\/p>\n<p>Dal 2010 \u00e8 inoltre regolarmente invitato come Maestro Collaboratore del Rossini Opera Festival di Pesaro, dove ha preso parte alle produzioni di Cenerentola, Mos\u00e8 in Egitto, Il Signor Bruschino e Guillaume Tell dirette rispettivamente da Yves Abel (regia di Luca Ronconi), Roberto Abbado (regia di Graham Vick), Daniele Rustioni (regia del gruppo teatrale fiorentino Teatro Sotterraneo) e Michele Mariotti (regia di Graham Vick). Nel Settembre 2011 \u00e8 stato invitato come Maestro Collaboratore alla prima edizione del Festival ZAR a Valencia per la produzione della zarzuela Marina di E. Arrieta, andata in scena al Teatro Princip\u00e1l sotto la direzione di Vicente Martinez Alpuente. Mentre nel Settembre 2013 \u00e8 stato coach per la produzione de Le Nozze di Figaro di W. A. Mozart, diretta da Markus Merkel, presso la Hochschule f\u00fcr Musik und Theater di Rostock, in Germania.<\/p>\n<p>Alessandro compie i suoi studi pianistici presso il Conservatorio Giuseppe Verdi di Milano, sotto la guida di Aida Fino e Michele Fedrigotti, grazie al quale ottiene il diploma nell\u2019a.a. 2006. In seguito si perfeziona con Danilo Lorenzini e Tiziano Poli (unico docente in Italia di Meccanica Fisiologica della Tecnica Pianistica), divenendo di entrambi assistente alla docenza. Parallelamente si dedica allo studio della composizione sempre con Lorenzini, del quale diviene presto stretto collaboratore e ancora una volta assistente per il corso di armonia e contrappunto. Dal 2012 frequenta il corso di Direzione d\u2019Orchestra con il Maestro Christfried G\u00f6ckeritz presso la Hochschule di Rostock.<\/p>\n<p>Si \u00e8 esibito come solista e camerista presso importanti sale da concerto italiane (Galleria d\u2019Arte Moderna di Milano, Circolo Filologico Milanese, Teatro Filodrammatici, Casa Verdi, Villa Gianetti a Saronno, Segrate, Cesano Maderno, Bergamo, Teatro Comunale di Treviso, Teatro dell\u2019Opera di Roma) ed estere (Beethovenhaus di Bonn, Centro Teknon di Atene, Charleston S.C. per il Festival dei due Mondi 2005, Istituto di Cultura Italiana a Stoccolma, Palau de les Arts di Valencia, Fundaci\u00f3n Eutherpe di Le\u00f3n). E\u2019 stato inoltre ripetutamente ospite di importanti trasmissioni radiofoniche a livello nazionale (come \u201cPiazza Verdi\u201d su Radio 3, \u201cIl pianista\u201d e \u201cUltimo Grido\u201d su Radio Classica), esibendosi in diretta. Ricordiamo infine la realizzazione di un Dvd prodotto dalla Regione Lombardia nel quale esegue musiche di Fr\u00e9d\u00e9ric Chopin.<\/p>\n<p>Ha collaborato con vari strumentisti ma per sua passione si dedica prevalentemente al repertorio lirico e liederistico, ed ancor pi\u00f9 a quello per duo pianistico. Attualmente forma duo pianistico (Synthesis Piano Duo) con la pianista Hana Lee, assieme alla quale ha gi\u00e0 realizzato diversi concerti in Italia (Teatro dell\u2019Opera di Roma, Teatro Comunale di Treviso, Galleria d\u2019arte Moderna di Milano) e in Spagna (Palau de Les Arts Reina Sofia a Valencia, Fundaci\u00f3n Eutherpe a Le\u00f3n, Conservatorio Superior di Badajoz, Sala Clemente, Lo Rat Penat). Il Synthesis Piano Duo sta dando vita a numerosi progetti e recentemente \u00e8 risultato vincitore della VI Edizione del Premio Enrica Cremonesi a Milano, si \u00e8 classificato secondo nella categoria per pianoforte a 4 mani del V Concorso Internazionale di Musica \u201cUn Ricetto in Musica\u201d 2010 a Biella e si \u00e8 qualificato per le finali al Concorso di Musica da Camera Ecoparque de Trasmiera ad Arnuero (Santander). Tra le attivit\u00e0 pi\u00f9 recenti si evidenzia la collaborazione con la Beethovenhaus di Bonn per la quale hanno realizzato un progetto dedicato al Fidelio di L. van Beethoven, eseguendone una versione concertistica per pianoforte a quattro mani elaborata dal compositore Alexander von Zemlinsky. Attualmente sono allievi effettivi del Master di perfezionamento per duo pianistico presso la Hochschule f\u00fcr Musik di Rostock, sotto la guida del rinomato duo formato dai fratelli Hans-Peter e Volker Stenzl.<\/p>\n<p>Come compositore ha lavorato per la Compagnia Carlo Colla e Figli alla composizione delle musiche originali per il nuovo spettacolo \u201cLa capanna di Betlemme\u201d (in collaborazione con Lorenzini), in programma al Piccolo Teatro Grassi di Milano, e per la rielaborazione dell\u2019opera di Wolfgang Amadeus Mozart \u201cIl sogno di Scipione\u201d in programma sempre al Piccolo Teatro per il Festival Europeo \u201cMozart delle marionette\u201d.<\/p>\n<p>Per l\u2019Orchestra Milano Classica ha realizzato una rielaborazione dell\u2019opera di Gioacchino Rossini \u201cIl Barbiere di Siviglia\u201d per voce narrante e ottetto di fiati, curando personalmente anche la stesura del libretto, eseguita poi in prima assoluta dai solisti dell\u2019Orchestra Milano Classica presso la Palazzina Liberty di Milano.<\/p>\n<p>Nel triennio 2006\/2008 ha ricoperto la carica di Direttore Artistico dell\u2019Associazione Musicale LaRiS &#8211; Laboratorio per la Ricerca sul Suono, una realt\u00e0 musicale attiva principalmente in Lombardia. Durante il suo mandato ha contribuito all\u2019ideazione ed alla creazione del Festival estivo Settimana in Musica a Clusone e della stagione Musica Nuova a Milano, ed alla produzione di numerosi eventi didattici e spettacoli lirici e concertistici, volti alla diffusione della cultura musicale del nostro tempo.<\/span><\/span><\/span><\/p>\n<p class=\"western\" lang=\"it-IT\"><span style=\"color: #3f3f3f;\"><span style=\"font-family: Arial, sans-serif;\"><span style=\"font-size: small;\">fonte sito ufficiale di Alessandro Palumbo direttore d\u2019orchestra ecco il link www.alessandropalumbo.weebly.com<\/span><\/span><\/span><\/p>\n<p lang=\"it-IT\">\n","protected":false},"excerpt":{"rendered":"<p>Serena intervista Alessandro Palumbo, direttore d&#8217;orchestra &nbsp; Alessandro Palumbo, direttore d\u2019orchestra biografia Alessandro Palumbo, \u00e8 direttore d\u2019orchestra, pianista e compositore. [&hellip;]<\/p>\n","protected":false},"author":1,"featured_media":0,"comment_status":"open","ping_status":"open","sticky":false,"template":"","format":"standard","meta":{"footnotes":""},"categories":[10,40],"tags":[],"class_list":["post-5573","post","type-post","status-publish","format-standard","hentry","category-italiano","category-serena-conduce-operaclassica"],"_links":{"self":[{"href":"https:\/\/www.ecoitaliano.com.ar\/index.php?rest_route=\/wp\/v2\/posts\/5573","targetHints":{"allow":["GET"]}}],"collection":[{"href":"https:\/\/www.ecoitaliano.com.ar\/index.php?rest_route=\/wp\/v2\/posts"}],"about":[{"href":"https:\/\/www.ecoitaliano.com.ar\/index.php?rest_route=\/wp\/v2\/types\/post"}],"author":[{"embeddable":true,"href":"https:\/\/www.ecoitaliano.com.ar\/index.php?rest_route=\/wp\/v2\/users\/1"}],"replies":[{"embeddable":true,"href":"https:\/\/www.ecoitaliano.com.ar\/index.php?rest_route=%2Fwp%2Fv2%2Fcomments&post=5573"}],"version-history":[{"count":0,"href":"https:\/\/www.ecoitaliano.com.ar\/index.php?rest_route=\/wp\/v2\/posts\/5573\/revisions"}],"wp:attachment":[{"href":"https:\/\/www.ecoitaliano.com.ar\/index.php?rest_route=%2Fwp%2Fv2%2Fmedia&parent=5573"}],"wp:term":[{"taxonomy":"category","embeddable":true,"href":"https:\/\/www.ecoitaliano.com.ar\/index.php?rest_route=%2Fwp%2Fv2%2Fcategories&post=5573"},{"taxonomy":"post_tag","embeddable":true,"href":"https:\/\/www.ecoitaliano.com.ar\/index.php?rest_route=%2Fwp%2Fv2%2Ftags&post=5573"}],"curies":[{"name":"wp","href":"https:\/\/api.w.org\/{rel}","templated":true}]}}