{"id":5591,"date":"2019-01-30T17:22:32","date_gmt":"2019-01-30T17:22:32","guid":{"rendered":"http:\/\/www.ecoitaliano.com.ar\/?p=5591"},"modified":"2019-01-30T17:22:32","modified_gmt":"2019-01-30T17:22:32","slug":"la-buona-scuola-tra-continuita-e-cambiamento-libro-di-tony-caronna","status":"publish","type":"post","link":"https:\/\/www.ecoitaliano.com.ar\/?p=5591","title":{"rendered":"La \u201cBuona Scuola\u201d  tra continuit\u00e0 e cambiamento &#8211; Libro di Tony Caronna"},"content":{"rendered":"<p><a href=\"http:\/\/www.ecoitaliano.com.ar\/wp-content\/uploads\/2019\/01\/Caronna_la-buona-scuola_cover-001.jpg\"><img decoding=\"async\" class=\"alignnone size-full wp-image-5593\" src=\"http:\/\/www.ecoitaliano.com.ar\/wp-content\/uploads\/2019\/01\/Caronna_la-buona-scuola_cover-001.jpg\" alt=\"\" width=\"1826\" height=\"1247\" srcset=\"https:\/\/www.ecoitaliano.com.ar\/wp-content\/uploads\/2019\/01\/Caronna_la-buona-scuola_cover-001.jpg 1826w, https:\/\/www.ecoitaliano.com.ar\/wp-content\/uploads\/2019\/01\/Caronna_la-buona-scuola_cover-001-300x205.jpg 300w, https:\/\/www.ecoitaliano.com.ar\/wp-content\/uploads\/2019\/01\/Caronna_la-buona-scuola_cover-001-768x524.jpg 768w, https:\/\/www.ecoitaliano.com.ar\/wp-content\/uploads\/2019\/01\/Caronna_la-buona-scuola_cover-001-1024x699.jpg 1024w, https:\/\/www.ecoitaliano.com.ar\/wp-content\/uploads\/2019\/01\/Caronna_la-buona-scuola_cover-001-150x102.jpg 150w\" sizes=\"(max-width: 1826px) 100vw, 1826px\" \/><\/a><\/p>\n<p>&nbsp;<\/p>\n<p class=\"western\" align=\"justify\"><span style=\"color: #000000;\">\u201c<\/span><span style=\"font-family: Times New Roman, serif;\"><span style=\"font-size: small;\"><i>La continuit\u00e0 ci d\u00e0 le radici; il cambiamento ci regala i rami, lasciando a noi la volont\u00e0 di estenderli e di farli crescere fino a raggiungere nuove altezze<\/i><\/span><\/span><span style=\"font-family: Times New Roman, serif;\"><span style=\"font-size: small;\">\u201d <\/span><\/span><\/p>\n<p class=\"western\" align=\"justify\"><span style=\"font-family: Times New Roman, serif;\"><span style=\"font-size: small;\">(Pauline R. Kezer)<\/span><\/span><\/p>\n<p class=\"western\" align=\"justify\"><span style=\"font-family: Times New Roman, serif;\"><span style=\"font-size: small;\">In una societ\u00e0 in continuo cambiamento la scuola ha il dovere di restare fedele alle sue ragioni fondamentali, ma nello stesso tempo deve saper orientare il cambiamento accompagnandone le mutevoli esigenze e finalit\u00e0.<\/span><\/span><\/p>\n<p class=\"western\" align=\"justify\"><span style=\"font-family: Times New Roman, serif;\"><span style=\"font-size: small;\">Al di l\u00e0 di ogni criticit\u00e0, il decreto sulla \u201cbuona scuola\u201d ha il pregio di ricondurre il tema della scuola al centro del dibattito nazionale e di abbozzare l\u2019icona di un luogo di formazione propriamente \u201cattivo\u201d, mostrando cognizione delle problematiche che hanno contraddistinto il nostro sistema scolastico. <\/span><\/span><\/p>\n<p class=\"western\" align=\"justify\"><span style=\"font-family: Times New Roman, serif;\"><span style=\"font-size: small;\">Il Paese ha bisogno di cittadini istruiti, competenti, capaci, e la scuola \u00e8 certamente un tassello fondamentale per lo sviluppo di una societ\u00e0 pi\u00f9 sana e umana. Tuttavia non bisogna perdere di vista il vero compito dei docenti come maestri di vita e insegnanti appassionati. Solo cos\u00ec un allievo pu\u00f2 prendere consapevolezza della propria identit\u00e0, delle proprie capacit\u00e0 e aspirazioni, per essere un cittadino attivo e consapevole. <\/span><\/span><\/p>\n<p class=\"western\" align=\"justify\"><span style=\"font-family: Times New Roman, serif;\"><span style=\"font-size: small;\"><i><b>Tony Caronna<\/b><\/i><\/span><\/span><span style=\"font-size: small;\"><b>, <\/b><\/span><span style=\"font-family: Times New Roman, serif;\"><span style=\"font-size: small;\">docente di Didattica e Legislazione dell\u2019IRC presso la Pontificia Facolt\u00e0 Teologica di Sicilia \u201c<\/span><\/span><span style=\"font-family: Times New Roman, serif;\"><span style=\"font-size: small;\"><i>San Giovanni Evangelista<\/i><\/span><\/span><span style=\"font-family: Times New Roman, serif;\"><span style=\"font-size: small;\">\u201d di Palermo, di Religione Cattolica presso il Liceo Scientifico \u201c<\/span><\/span><span style=\"font-family: Times New Roman, serif;\"><span style=\"font-size: small;\"><i>S. Savarino<\/i><\/span><\/span><span style=\"font-family: Times New Roman, serif;\"><span style=\"font-size: small;\">\u201d di Partinico e direttore di coro. Dopo aver ottenuto nel 1997 il Baccalaureato in Sacra Teologia, consegue nel 2002 la Licenza in Sacra Teologia con indirizzo specialistico in Teologia Biblica e nel 2013 il Dottorato di Ricerca presso la stessa Facolt\u00e0. Nel 2014 consegue la Laurea in Didattica della Musica presso il Conservatorio di Musica \u201c<\/span><\/span><span style=\"font-family: Times New Roman, serif;\"><span style=\"font-size: small;\"><i>V. Bellini<\/i><\/span><\/span><span style=\"font-family: Times New Roman, serif;\"><span style=\"font-size: small;\">\u201d di Palermo. <\/span><\/span><\/p>\n<p class=\"western\" align=\"justify\"><span style=\"font-family: Times New Roman, serif;\"><span style=\"font-size: small;\">Altre pubblicazioni dell\u2019autore:<\/span><\/span><\/p>\n<ul>\n<li>\n<p align=\"justify\"><span style=\"font-family: Times New Roman, serif;\"><span style=\"font-size: small;\">T. Caronna &#8211; E. M. D\u2019Angelo,<\/span><\/span><span style=\"font-family: Times New Roman, serif;\"><span style=\"font-size: small;\"><i> Il tempio<\/i><\/span><\/span> <span style=\"font-family: Times New Roman, serif;\"><span style=\"font-size: small;\"><i>senza mercanti. La morte in croce come segno di gloria<\/i><\/span><\/span><span style=\"font-family: Times New Roman, serif;\"><span style=\"font-size: small;\">, Il Campano, Pisa 2011.<\/span><\/span><\/p>\n<\/li>\n<li>\n<p align=\"justify\"><span style=\"font-family: Times New Roman, serif;\"><span style=\"font-size: small;\">T. Caronna &#8211; E. M. D\u2019Angelo,<\/span><\/span><i> <\/i><span style=\"font-family: Times New Roman, serif;\"><span style=\"font-size: small;\"><i>Il Mistero tra musica e poesia. Saggio in memoria di mons. Cataldo Naro<\/i><\/span><\/span><span style=\"font-family: Times New Roman, serif;\"><span style=\"font-size: small;\">, Il Campano, Pisa 2012.<\/span><\/span><\/p>\n<\/li>\n<li>\n<p align=\"justify\"><span style=\"font-family: Times New Roman, serif;\"><span style=\"font-size: small;\">T. Caronna &#8211; E. M. D\u2019Angelo,<\/span><\/span><i> <\/i><span style=\"font-family: Times New Roman, serif;\"><span style=\"font-size: small;\"><i>L\u2019armonia ritrovata. Caos e cosmos musicale nella Divina Commedia<\/i><\/span><\/span><span style=\"font-family: Times New Roman, serif;\"><span style=\"font-size: small;\">, Il Campano, Pisa 2014.<\/span><\/span><\/p>\n<\/li>\n<li>\n<p align=\"justify\"><span style=\"font-family: Times New Roman, serif;\"><span style=\"font-size: small;\">T. Caronna &#8211; E. M. D\u2019Angelo &#8211; P. Goriziano,<\/span><\/span><i> <\/i><span style=\"font-family: Times New Roman, serif;\"><span style=\"font-size: small;\"><i>Dalla legislazione scolastica ad una didattica innovativa. L\u2019IRC nei percorsi modulari interdisciplinari<\/i><\/span><\/span><span style=\"font-family: Times New Roman, serif;\"><span style=\"font-size: small;\">, Il Campano, Pisa 2014.<\/span><\/span><\/p>\n<\/li>\n<li>\n<p align=\"justify\"><span style=\"font-family: Times New Roman, serif;\"><span style=\"font-size: small;\">T. Caronna. <\/span><\/span><span style=\"font-family: Times New Roman, serif;\"><span style=\"font-size: small;\"><i>La Sapienza a banchetto: Il servizio come definizione dell\u2019identit\u00e0 cristiana<\/i><\/span><\/span><span style=\"font-family: Times New Roman, serif;\"><span style=\"font-size: small;\">, <\/span><\/span><span style=\"font-family: Times New Roman, serif;\"><span style=\"font-size: small;\">Il Campano, Pisa 2015.<\/span><\/span><\/p>\n<\/li>\n<li>\n<p align=\"justify\"><span style=\"font-family: Times New Roman, serif;\"><span style=\"font-size: small;\">T. Caronna. <\/span><\/span><span style=\"font-family: Times New Roman, serif;\"><span style=\"font-size: small;\"><i>Maestro e Signore: Cristologia e soteriologia nella lavanda dei piedi<\/i><\/span><\/span><span style=\"font-family: Times New Roman, serif;\"><span style=\"font-size: small;\">, <\/span><\/span><span style=\"font-family: Times New Roman, serif;\"><span style=\"font-size: small;\">Edizioni Sant\u2019Antonio, Moldova 2018.<\/span><\/span><\/p>\n<\/li>\n<\/ul>\n<p class=\"western\" align=\"center\"><span style=\"color: #000000;\"><span style=\"font-family: Book Antiqua, serif;\"><span style=\"font-size: x-large;\">Tony Caronna <\/span><\/span><\/span><\/p>\n<p class=\"western\" align=\"center\">\n<p align=\"center\"><span style=\"font-family: Calibri, serif;\"><span style=\"font-family: Book Antiqua, serif;\"><span style=\"font-size: xx-large;\"><b>La \u201c<\/b><\/span><\/span><span style=\"font-family: Book Antiqua, serif;\"><span style=\"font-size: xx-large;\"><i><b>Buona Scuola<\/b><\/i><\/span><\/span><span style=\"font-family: Book Antiqua, serif;\"><span style=\"font-size: xx-large;\"><b>\u201d <\/b><\/span><\/span><\/span><\/p>\n<p align=\"center\"><a name=\"_GoBack\"><\/a> <span style=\"font-family: Calibri, serif;\"><span style=\"font-family: Book Antiqua, serif;\"><span style=\"font-size: xx-large;\"><b>tra continuit\u00e0 e cambiamento<\/b><\/span><\/span><\/span><\/p>\n<p class=\"western\">\n<p class=\"western\">\n<p class=\"western\" align=\"center\"><span style=\"color: #000000;\"><span style=\"font-family: Book Antiqua, serif;\"><span style=\"font-size: large;\">Edizioni Il Campano<\/span><\/span><\/span><\/p>\n<p align=\"justify\"><span style=\"color: #000000;\"><span style=\"font-size: medium;\"><b>Tony Caronna, <\/b>nato a Partinico (PA),<b> <\/b>\u00e8 docente di Didattica e Legislazione dell\u2019IRC presso la Pontificia Facolt\u00e0 Teologica \u201c<i>San Giovanni Evangelista<\/i>\u201d di Palermo e di Religione Cattolica presso il Liceo Scientifico \u201c<i>S. Savarino<\/i>\u201d di Partinico; da diversi anni \u00e8 impegnato anche come docente di Sacra Scrittura e Scritti Giovannei presso la Scuola Diocesana di Teologia di base \u201c<i>Mons. Francesco Testa<\/i>\u201d di Monreale. <\/span><\/span><\/p>\n<p align=\"justify\"><span style=\"color: #000000;\"><span style=\"font-size: medium;\">Nel 1984 inizia la sua lunga esperienza nella direzione corale che lo ha visto impegnato in repertori sacri e profani e come pianista accompagnatore. <\/span><\/span><\/p>\n<p align=\"justify\"><span style=\"color: #000000;\"><span style=\"font-size: medium;\">Il suo <i><b>curriculum studiorum<\/b><\/i> \u00e8 cos\u00ec strutturato:<\/span><\/span><\/p>\n<ul>\n<li>\n<p align=\"justify\"><span style=\"color: #000000;\"><span style=\"font-size: medium;\"><i><b>Diploma di Maturit\u00e0 Scientifica<\/b><\/i> presso il Liceo Scientifico \u201c<i>S. Savarino<\/i>\u201d di Partinico. <\/span><\/span><\/p>\n<\/li>\n<li>\n<p align=\"justify\"><span style=\"color: #000000;\"><span style=\"font-size: medium;\"><i><b>Diploma di Maturit\u00e0 Magistrale<\/b><\/i> presso l\u2019Istituto Magistrale \u201c<i>Regina Margherita<\/i>\u201d di Palermo.<\/span><\/span><\/p>\n<\/li>\n<li>\n<p align=\"justify\"><span style=\"color: #000000;\"><span style=\"font-size: medium;\"><i><b>Baccalaureato in Sacra Teologia<\/b><\/i>, presso la Pontificia Facolt\u00e0 Teologica \u201c<i>San Giovanni Evangelista<\/i>\u201d di Palermo con la votazione di <i>Summa cum Laude Probatus<\/i>. <\/span><\/span><\/p>\n<\/li>\n<li>\n<p align=\"justify\"><span style=\"color: #000000;\"><span style=\"font-size: medium;\"><i><b>Licenza in Sacra Teologia<\/b><\/i> con indirizzo specialistico in Teologia Biblica, presso la Pontificia Facolt\u00e0 Teologica \u201c<i>San Giovanni Evangelista<\/i>\u201d di Palermo con la votazione di <i>Summa cum Laude Probatus<\/i>. <\/span><\/span><\/p>\n<\/li>\n<li>\n<p align=\"justify\"><span style=\"color: #000000;\"><span style=\"font-size: medium;\"><i><b>Dottorato di Ricerca<\/b><\/i> presso la Pontificia Facolt\u00e0 Teologica \u201c<i>San Giovanni Evangelista<\/i>\u201d di Palermo con la votazione di <i>Summa cum Laude Probatus<\/i>. <\/span><\/span><\/p>\n<\/li>\n<li>\n<p align=\"justify\"><span style=\"color: #000000;\"><span style=\"font-size: medium;\"><i><b>Laurea in Didattica della Musica<\/b><\/i> presso il Conservatorio di Musica \u201c<i>V. Bellini<\/i>\u201d di Palermo con la votazione di 110\/110 con lode e menzione. <\/span><\/span><\/p>\n<\/li>\n<\/ul>\n<p align=\"justify\"><span style=\"color: #000000;\"><span style=\"font-size: medium;\">Dal 1997 al 2014 \u00e8 stato attivamente impegnato nella diffusione della cultura e difesa della vita, ricoprendo la carica di Presidente del Movimento per la Vita del proprio paese. <\/span><\/span><\/p>\n<p align=\"justify\"><span style=\"color: #000000;\"><span style=\"font-size: medium;\">Gi\u00e0 Accademico di Sicilia, \u00e8 stato insignito dei seguenti premi artistici: <\/span><\/span><\/p>\n<ul>\n<li>\n<p align=\"justify\"><span style=\"color: #000000;\">\u201c<span style=\"font-size: medium;\"><i><b>La bellezza salver\u00e0 il mondo<\/b><\/i>\u201d, indetto dal Comune di Partinico (PA); <\/span><\/span><\/p>\n<\/li>\n<li>\n<p align=\"justify\"><span style=\"color: #000000;\">\u201c<span style=\"font-size: medium;\"><i><b>Pigna d\u2019Argento<\/b><\/i>\u201d, premio internazionale di sicilianit\u00e0 indetto dall\u2019Accademia di Sicilia;<\/span><\/span><\/p>\n<\/li>\n<li>\n<p align=\"justify\"><span style=\"color: #000000;\">\u201c<span style=\"font-size: medium;\"><i><b>Premio Filangeri<\/b><\/i>\u201d, in occasione della <i>I edizione del Soluntum Art Festival<\/i>; <\/span><\/span><\/p>\n<\/li>\n<li>\n<p align=\"justify\"><span style=\"color: #000000;\">\u201c<span style=\"font-size: medium;\"><i><b>Oscar del Mediterraneo<\/b><\/i>\u201d, premio internazionale di sicilianit\u00e0 indetto dall\u2019Accademia di Sicilia;<\/span><\/span><\/p>\n<\/li>\n<li>\n<p align=\"justify\"><span style=\"color: #000000;\">\u201c<span style=\"font-size: medium;\"><i><b>A. Scarlatti<\/b><\/i>\u201d, premio internazionale per talenti della musica indetto dall\u2019Accademia di Sicilia; <\/span><\/span><\/p>\n<\/li>\n<li>\n<p align=\"justify\"><span style=\"color: #000000;\">\u201c<span style=\"font-size: medium;\"><i><b>La Bacchetta della Legalit\u00e0<\/b><\/i>\u201d, premio nazionale indetto dal Parlamento della Legalit\u00e0 Internazionale col patrocinio del Senato della Repubblica, Camera dei Deputati, Fondazione Falcone e Diocesi di Monreale.<\/span><\/span><\/p>\n<\/li>\n<li>\n<p align=\"justify\"><span style=\"color: #000000;\">\u201c<span style=\"font-size: medium;\"><i><b>Una nota per la Vita<\/b><\/i>\u201d, premio nazionale culturale 2018, sezione musica, indetto dal Parlamento della Legalit\u00e0 Internazionale e Diocesi di Monreale <\/span><\/span><\/p>\n<\/li>\n<\/ul>\n<p align=\"justify\"><span style=\"color: #000000;\"><span style=\"font-size: medium;\">Ha all\u2019attivo numerosi concerti come solista, pianista accompagnatore, direttore di coro. Recentemente ha diretto il coro \u201c<i><b>Pontis Mari\u00e6<\/b><\/i>\u201d, del quale \u00e8 fondatore e direttore stabile, presso Cappella del Coro, San Pietro, Citt\u00e0 del Vaticano. <\/span><\/span><\/p>\n<p align=\"justify\"><span style=\"color: #000000;\"><span style=\"font-size: medium;\">Promotore del progetto \u201c<i><b>Un ponte \u2026 per l\u2019India<\/b><\/i>\u201d dove si adopera per la raccolta fondi per la costruzione della <i><b>Holy Family School<\/b><\/i>, per i bambini presso Nuta (India) e non ultimo per la costruzione dell\u2019orfanotrofio <i><b>Roshni <\/b><\/i>sempre in India.<\/span><\/span><\/p>\n<p align=\"justify\"><span style=\"color: #000000;\"><span style=\"font-size: medium;\">Ha partecipato come saggista e direttore di coro alla trasmissione RAI \u201c<i>Cristianit\u00e0<\/i>\u201d diretto da <i><b>Suor Myriam Castelli<\/b><\/i>, trasmessa in onda nei 5 continenti nei mesi di Febbraio, Novembre 2017, Luglio 2018 congiuntamente al soprano lirico italo-argentino <i><b>Haydee Dabusti<\/b><\/i> nonch\u00e9 come direttore di coro per la Messa in diretta su <b>RAI 1<\/b> dalla chiesa Madre di Partinico in data 25 febbraio 2018. Impegnato costantemente nella pubblicazione di articoli di natura religiosa e non solo per gli italiani che vivono in Argentina sulla rivista <i><b>Eco Siciliano<\/b><\/i> e, come corrispondente, nelle dirette Radiofoniche su <i><b>Radio Paran\u00e0<\/b><\/i> in Argentina. <\/span><\/span><\/p>\n<p align=\"justify\"><span style=\"color: #000000;\"><span style=\"font-size: medium;\">Lo scorso mese di Febbraio \u00e8 stato invitato personalmente come pianista dal Sig. <i><b>Alejandro Guillermo Roemmers<\/b><\/i> in occasione del suo 60\u00b0 compleanno presso la citt\u00e0 di Marrakech e ospite personale dello stesso Sig. Roemmers nel prossimo mese di Settembre a Bilbao (Spagna) presso Palacio Euskalduna Jauregia, per la presentazione ed esecuzione, in prima assoluta in Europa, del musical \u201cFRANCISCUS\u201d scritto e composto sempre dal Sig. Roemmers.<\/span><\/span><\/p>\n<p align=\"justify\"><span style=\"color: #000000;\"><span style=\"font-size: medium;\">Nel mese di maggio 2016 \u00e8 stato insignito dell\u2019<i><b>Elogio alla Carriera <\/b><\/i>presso Palazzo di Montecitorio da parte del Parlamento della Legalit\u00e0 Internazionale.<\/span><\/span><\/p>\n<p align=\"justify\"><span style=\"color: #000000;\"><span style=\"font-size: medium;\">Il suo interesse per la musica e la teologia lo vede impegnato nella <b>pubblicazione dei seguenti testi<\/b>: <\/span><\/span><\/p>\n<p align=\"justify\"><span style=\"color: #000000;\"><span style=\"font-size: medium;\">&#8211; T. Caronna &#8211; E. M. D\u2019Angelo, <i>Il tempio senza mercanti. La morte in croce come segno di gloria<\/i>, Il Campano, Pisa 2011. <\/span><\/span><\/p>\n<p align=\"justify\"><span style=\"color: #000000;\"><span style=\"font-size: medium;\">&#8211; T. Caronna &#8211; E. M. D\u2019Angelo, <i>Il Mistero tra musica e poesia. Saggio in memoria di mons. Cataldo Naro<\/i>, Il Campano, Pisa 2012. <\/span><\/span><\/p>\n<p align=\"justify\"><span style=\"color: #000000;\"><span style=\"font-size: medium;\">&#8211; T. Caronna &#8211; E. M. D\u2019Angelo, <i>L\u2019armonia ritrovata. Caos e cosmos musicale nella Divina Commedia<\/i>, Il Campano, Pisa 2014. <\/span><\/span><\/p>\n<p align=\"justify\"><span style=\"color: #000000;\"><span style=\"font-size: medium;\">&#8211; T. Caronna <i>et alii<\/i>, <i>Dalla legislazione scolastica ad una didattica innovativa. L\u2019IRC nei percorsi modulari interdisciplinari<\/i>, Il Campano, Pisa 2014. <\/span><\/span><\/p>\n<p align=\"justify\"><span style=\"color: #000000;\"><span style=\"font-size: medium;\">&#8211; T. Caronna, <i>La Sapienza a banchetto. Il servizio come definizione dell\u2019identit\u00e0 cristiana<\/i>, Il Campano, Pisa 2015. <\/span><\/span><\/p>\n<p align=\"justify\"><span style=\"color: #000000;\"><span style=\"font-size: medium;\">&#8211; T. Caronna, <i>Maestro e Signore. Cristologia e soteriologia nel vangelo di Giovanni<\/i>, Edizioni Sant\u2019Antonio, Moldavo 2018.<\/span><\/span><\/p>\n<p align=\"justify\"><span style=\"color: #000000;\"><span style=\"font-size: medium;\">&#8211; T. Caronna, <i>La \u201cBuona scuola\u201d tra continuit\u00e0 e cambiamento<\/i>, Il Campano, Pisa 2019.<\/span><\/span><\/p>\n<p align=\"justify\"><span style=\"color: #000000;\"><span style=\"font-size: medium;\">Invitato spesso come <b>relatore\/commissario <\/b>ai seguenti convegni, concorsi e rassegne: <\/span><\/span><\/p>\n<p align=\"justify\"><span style=\"color: #000000;\"><span style=\"font-size: medium;\">&#8211; <b>Ufficio Diocesano di Pastorale Familiare di Monreale <\/b><\/span><\/span><\/p>\n<p align=\"justify\"><span style=\"color: #000000;\"><span style=\"font-size: medium;\"><b>I corso di formazione per operatori di pastorale familiare <\/b><\/span><\/span><\/p>\n<p align=\"justify\"><span style=\"color: #000000;\"><span style=\"font-size: medium;\"><i>Matrimonio e famiglia nell\u2019A.T. <\/i>10 Dicembre 2005. <\/span><\/span><\/p>\n<p align=\"justify\"><span style=\"color: #000000;\"><span style=\"font-size: medium;\"><i>Matrimonio e famiglia nel N.T. <\/i>21 Gennaio 2006.<\/span><\/span><\/p>\n<p align=\"justify\"><span style=\"color: #000000;\"><span style=\"font-size: medium;\">&#8211; <b>Servizio Diocesano dell\u2019Apostolato Biblico di Monreale IV Settimana Biblica <\/b><\/span><\/span><\/p>\n<p align=\"justify\"><span style=\"color: #000000;\"><span style=\"font-size: medium;\"><i>Il vangelo di Giovanni tra poesia e teologia<\/i>. 1-3 Settembre 2006. <\/span><\/span><\/p>\n<p align=\"justify\"><span style=\"color: #000000;\"><span style=\"font-size: medium;\">&#8211; <b>Servizio Diocesano dell\u2019Apostolato Biblico di Monreale I Settimana Biblica <\/b><\/span><\/span><\/p>\n<p align=\"justify\"><span style=\"color: #000000;\"><span style=\"font-size: medium;\"><i>Ges\u00f9 e le donne nei 4 vangeli <\/i>\u2013 <i>Il discepolato al femminile nel vangelo di Luca<\/i>. 7-9 Settembre 2011. <\/span><\/span><\/p>\n<p align=\"justify\"><span style=\"color: #000000;\"><span style=\"font-size: medium;\">&#8211; <b>Provincia Siculo \u2013 Napoletana Religiosi <\/b><i><b>Camillian Gymnasium Charitatis <\/b><\/i><\/span><\/span><\/p>\n<p align=\"justify\"><span style=\"color: #000000;\"><span style=\"font-size: medium;\"><i>Diavoli e demoni nella sacra scrittura alla luce della Sacra Scrittura e del Magistero della Chiesa &#8211; Excursus sulle fonti: Vangeli \u2013 Atti \u2013 Lettere Paoline \u2013 Lettere Apostoliche \u2013 Padri della Chiesa \u2013 Liturgia. La vittoria di Cristo sul Diavolo e demoni<\/i>. 10 Gennaio 2012. <\/span><\/span><\/p>\n<p align=\"justify\"><span style=\"color: #000000;\"><span style=\"font-size: medium;\">&#8211; <b>Incontro Nazionale <\/b><i><b>Ordo Virginum <\/b><\/i><\/span><\/span><\/p>\n<p align=\"justify\"><span style=\"color: #000000;\"><span style=\"font-size: medium;\"><i>L\u2019uomo come luogo del \u201cdarsi\u201d di Ges\u00f9 Cristo: i tria munera nella riflessione biblica<\/i>. 27 Agosto 2012. <\/span><\/span><\/p>\n<p align=\"justify\"><span style=\"color: #000000;\"><span style=\"font-size: medium;\">&#8211; <b>Servizio Diocesano dell\u2019Apostolato Biblico di Monreale II Settimana Biblica <\/b><\/span><\/span><\/p>\n<p align=\"justify\"><span style=\"color: #000000;\"><span style=\"font-size: medium;\"><i>La misericordia di Dio nell\u2019A.T<\/i>. 21-23 Settembre 2012. <\/span><\/span><\/p>\n<p align=\"justify\"><span style=\"color: #000000;\"><span style=\"font-size: medium;\">&#8211; <b>Pontificia Facolt\u00e0 Teologica di Sicilia <\/b>&#8211; <b>I Seminario Pedagogico-Didattico <\/b><\/span><\/span><\/p>\n<p align=\"justify\"><span style=\"color: #000000;\"><span style=\"font-size: medium;\"><i>Il docente nella Scuola per una didattica inclusiva<\/i>. Aprile 2014. <\/span><\/span><\/p>\n<p align=\"justify\"><span style=\"color: #000000;\"><span style=\"font-size: medium;\">&#8211; <b>Pontificia Facolt\u00e0 Teologica di Sicilia <\/b>&#8211; <b>II Seminario Pedagogico-Didattico <\/b><\/span><\/span><\/p>\n<p align=\"justify\"><span style=\"color: #000000;\"><span style=\"font-size: medium;\"><i>La didattica multimediale. <\/i>Aprile 2015.<\/span><\/span><\/p>\n<p align=\"justify\"><span style=\"color: #000000;\"><span style=\"font-size: medium;\">&#8211; <b>Comunit\u00e0 Pastorale di Erba <\/b>(<i><b>I Dialogo di Vita Buona<\/b><\/i>) <\/span><\/span><\/p>\n<p align=\"justify\"><span style=\"color: #000000;\"><span style=\"font-size: medium;\"><i>Sfide e prospettive della famiglia umana tra libert\u00e0 e relazionalit\u00e0<\/i>. 6 Dicembre 2015. <\/span><\/span><\/p>\n<p align=\"justify\"><span style=\"color: #000000;\"><span style=\"font-size: medium;\">&#8211; <b>Pontificia Facolt\u00e0 Teologica di Sicilia <\/b>&#8211; <b>III Seminario Pedagogico-Didattico <\/b><\/span><\/span><\/p>\n<p align=\"justify\"><span style=\"color: #000000;\"><span style=\"font-size: medium;\"><i>Il ruolo del docente di Religione Cattolica nel contesto multiculturale e multireligioso della Scuola di oggi<\/i>. Aprile 2016.<\/span><\/span><\/p>\n<p align=\"justify\"><span style=\"color: #000000;\"><span style=\"font-size: medium;\"><b>-Associazione Arca Enel Sicilia, Workshop di Poesia<\/b><\/span><\/span><\/p>\n<p align=\"justify\"><span style=\"color: #000000;\"><span style=\"font-size: medium;\"><i>Commissario Giuria Giudicatrice Concorso di Poesia Internazionale<\/i>. Maggio 2018.<\/span><\/span><\/p>\n<p align=\"justify\"><span style=\"color: #000000;\"><span style=\"font-size: medium;\">Ha compiuto diversi soggiorni di Studio a Londra, Bruxelles, Berlino, Marrakech, Strasburgo, Tunisi, Valencia, Marsiglia, Parigi, Milano, Napoli e a Roma dove si \u00e8 confrontato con diversi docenti appartenenti al suo campo di interesse, entrando in contatto e stringendo collaborazioni con realt\u00e0 universitarie quali la Pontificia Universit\u00e0 Urbaniana e del Pontificio Istituto Biblico, solo per citarne alcune. <\/span><\/span><\/p>\n<p align=\"justify\"><span style=\"color: #000000;\"><span style=\"font-size: medium;\">\u00c8 stato invitato a scrivere per diverse riviste online e non, italiane ed internazionali quali la rivista di erudizione biblico-teologica <i>Ho Theol\u00f2gos<\/i>, la rivista argentina <i>Eco Siciliano<\/i>, ed altre ancora.<\/span><\/span><\/p>\n<p class=\"western\" align=\"justify\"><span style=\"font-size: medium;\"><b>Ha tenuto diversi concerti come accompagnatore pianistico, clarinetto I, violoncellista e direttore di Coro<\/b><\/span><span style=\"font-size: medium;\"> tra cui:<\/span><\/p>\n<ul>\n<li>\n<p class=\"western\" align=\"justify\"><span style=\"font-size: medium;\">Concerto come violoncellista del gruppo \u201c<\/span><span style=\"font-size: medium;\"><i>Phasma<\/i><\/span><span style=\"font-size: medium;\">\u201d presso Circolo Letterario del Teatro Massimo. Aprile 1985.<\/span><\/p>\n<\/li>\n<li>\n<p class=\"western\" align=\"justify\"><span style=\"font-size: medium;\">Concerto come violoncellista del gruppo \u201c<\/span><span style=\"font-size: medium;\"><i>Phasma<\/i><\/span><span style=\"font-size: medium;\">\u201d presso Parrocchia \u201c<\/span><span style=\"font-size: medium;\"><i>Santa Caterina<\/i><\/span><span style=\"font-size: medium;\">\u201d di Partinico. Aprile 1986.<\/span><\/p>\n<\/li>\n<li>\n<p class=\"western\" align=\"justify\"><span style=\"font-size: medium;\">Preparatore Cori per Messa in diretta su Rai 1 dal Duomo di Monreale in occasione della Domenica delle Palme. Aprile 1986.<\/span><\/p>\n<\/li>\n<li>\n<p class=\"western\" align=\"justify\"><span style=\"font-size: medium;\">Concerto come violoncellista del gruppo \u201c<\/span><span style=\"font-size: medium;\"><i>Phasma<\/i><\/span><span style=\"font-size: medium;\">\u201d presso Teatro di Montevago e Santa Margherita Belice. Aprile 1987.<\/span><\/p>\n<\/li>\n<li>\n<p class=\"western\" align=\"justify\"><span style=\"font-size: medium;\">Concerto come direttore di Musica sacra per Coro, soli ed Ensemble di Archi presso la Chiesa \u201c<\/span><span style=\"font-size: medium;\"><i>Maria SS. del Rosario<\/i><\/span><span style=\"font-size: medium;\">\u201d di Partinico. Ottobre 1987.<\/span><\/p>\n<\/li>\n<li>\n<p class=\"western\" align=\"justify\"><span style=\"font-size: medium;\">Concerto come direttore di Musica sacra per Coro e soli presso la Chiesa \u201c<\/span><span style=\"font-size: medium;\"><i>Ecce Homo<\/i><\/span><span style=\"font-size: medium;\">\u201d di Cinisi. Settembre 1990.<\/span><\/p>\n<\/li>\n<li>\n<p class=\"western\" align=\"justify\"><span style=\"font-size: medium;\">Preparatore Cori diocesani per la Messa presso lo Stadio di Agrigento celebrata da Sua Santit\u00e0 Giovanni Paolo II e, in tale occasione, direttore del coro per la veglia notturna a Porto Empedocle. Maggio 1992.<\/span><\/p>\n<\/li>\n<li>\n<p class=\"western\" align=\"justify\"><span style=\"font-size: medium;\">Concerto come direttore di Musica sacra per Coro e soli presso la Chiesa \u201c<\/span><span style=\"font-size: medium;\"><i>Maria SS. del Carmine<\/i><\/span><span style=\"font-size: medium;\">\u201d di Partinico. Dicembre 1992.<\/span><\/p>\n<\/li>\n<li>\n<p class=\"western\" align=\"justify\"><span style=\"font-size: medium;\">Concerto come direttore di Musica sacra per Coro e soli presso la Chiesa \u201c<\/span><span style=\"font-size: medium;\"><i>Maria SS. del Carmine<\/i><\/span><span style=\"font-size: medium;\">\u201d di Partinico. Dicembre 1993.<\/span><\/p>\n<\/li>\n<li>\n<p class=\"western\" align=\"justify\"><span style=\"font-size: medium;\">Concerto come direttore di Musica sacra per Coro e soli presso la Chiesa \u201c<\/span><span style=\"font-size: medium;\"><i>Maria SS. del Carmine<\/i><\/span><span style=\"font-size: medium;\">\u201d di Partinico. Dicembre 1994.<\/span><\/p>\n<\/li>\n<li>\n<p class=\"western\" align=\"justify\"><span style=\"font-size: medium;\">Preparatore Cori diocesani per la Messa presso lo Stadio di Palermo celebrata da Sua Santit\u00e0 Giovanni Paolo II. Novembre 1995.<\/span><\/p>\n<\/li>\n<li>\n<p class=\"western\" align=\"justify\"><span style=\"font-size: medium;\">Concerto come direttore di Musica sacra per Coro e soli presso la Chiesa \u201c<\/span><span style=\"font-size: medium;\"><i>Maria SS. del Carmine<\/i><\/span><span style=\"font-size: medium;\">\u201d di Partinico. Dicembre 1995.<\/span><\/p>\n<\/li>\n<li>\n<p class=\"western\" align=\"justify\"><span style=\"font-size: medium;\">Preparatore Cori per la Messa presso lo Stadio di Palermo celebrata da Sua Santit\u00e0 Giovanni Paolo II. Novembre 1995.<\/span><\/p>\n<\/li>\n<li>\n<p class=\"western\" align=\"justify\"><span style=\"font-size: medium;\">Concerto come pianista accompagnatore di voci liriche presso Palazzo dei Carmelitani di Partinico. Luglio 2008.<\/span><\/p>\n<\/li>\n<li>\n<p class=\"western\" align=\"justify\"><span style=\"font-size: medium;\">Concerto come direttore di Musica sacra per Coro e soli presso la Chiesa \u201c<\/span><span style=\"font-size: medium;\"><i>Maria SS. del Carmine<\/i><\/span><span style=\"font-size: medium;\">\u201d di Partinico. \u201cAccendi una luce per l\u2019Afghanistan\u201d Dicembre 2009.<\/span><\/p>\n<\/li>\n<li>\n<p class=\"western\" align=\"justify\"><span style=\"font-size: medium;\">Concerto come direttore di Musica sacra per Coro, soli ed Ensemble di Archi presso la Chiesa \u201c<\/span><span style=\"font-size: medium;\"><i>Maria SS. Annunziata<\/i><\/span><span style=\"font-size: medium;\">\u201d di Partinico. Febbraio 2014 .<\/span><\/p>\n<\/li>\n<li>\n<p class=\"western\" align=\"justify\"><span style=\"font-size: medium;\">Concerto come direttore di Coro e soli presso la Chiesa \u201c<\/span><span style=\"font-size: medium;\"><i>Maria SS. Annunziata<\/i><\/span><span style=\"font-size: medium;\">\u201d di Partinico in occasione della terza rassegna del Premio \u201c<\/span><span style=\"font-size: medium;\"><i>La bellezza salver\u00e0 il Mondo<\/i><\/span><span style=\"font-size: medium;\">\u201d, indetto dall\u2019Arcipretura Chiesa Madre e Comune di Partinico. Agosto 2014 .<\/span><\/p>\n<\/li>\n<li>\n<p class=\"western\" align=\"justify\"><span style=\"font-size: medium;\">Concerto come direttore di coro e solisti presso la Chiesa <\/span><span style=\"font-size: medium;\"><i>Santa Maria della Piet\u00e0<\/i><\/span><span style=\"font-size: medium;\">,<\/span><i> <\/i><span style=\"font-size: medium;\">indetta dal Comune di Palermo in occasione dei festeggiamenti di Santa Rosalia. Settembre 2014.<\/span><\/p>\n<\/li>\n<li>\n<p class=\"western\" align=\"justify\"><span style=\"font-size: medium;\">Concerto come direttore di Coro e pianoforte presso il Caff\u00e8 Letterario del Teatro Massimo di Palermo in occasione della presentazione del libro dello stesso \u201c<\/span><span style=\"font-size: medium;\"><i>L\u2019armonia ritrovata. Caos e Cosmos musicale nella Divina Commedia\u201d<\/i><\/span><span style=\"font-size: medium;\">, in collaborazione col Conservatorio di Palermo nelle persone dei Maestri <\/span><span style=\"font-size: medium;\"><i>Giuseppe La Rosa<\/i><\/span><span style=\"font-size: medium;\"> e <\/span><span style=\"font-size: medium;\"><i>Rosalba Gambino. <\/i><\/span><span style=\"font-size: medium;\"> Novembre 2014.<\/span><\/p>\n<\/li>\n<li>\n<p class=\"western\" align=\"justify\"><span style=\"font-size: medium;\">Concerto come direttore di Musica sacra per Coro e soli e Banda Musicale presso la Chiesa \u201c<\/span><span style=\"font-size: medium;\"><i>Maria SS. Annunziata<\/i><\/span><span style=\"font-size: medium;\">\u201d di Partinico. Dicembre 2014 .<\/span><\/p>\n<\/li>\n<li>\n<p class=\"western\" align=\"justify\"><span style=\"font-size: medium;\">Concerto come direttore di Coro e soli presso il Teatro Savio di Palermo, in occasione del Premio Internazionale \u201c<\/span><span style=\"font-size: medium;\"><i>Pigna d\u2019Argento<\/i><\/span><span style=\"font-size: medium;\">\u201d, indetto dall\u2019Accademia di Sicilia. Gennaio 2015.<\/span><\/p>\n<\/li>\n<li>\n<p class=\"western\" align=\"justify\"><span style=\"font-size: medium;\">Concerto come direttore di coro e solisti presso la rassegna \u201c<\/span><span style=\"font-size: medium;\"><i>Settimana delle Culture<\/i><\/span><span style=\"font-size: medium;\">\u201d, Oratorio <\/span><span style=\"font-size: medium;\"><i>San Mercurio<\/i><\/span><span style=\"font-size: medium;\">,<\/span><i> <\/i><span style=\"font-size: medium;\">indetta dal Comune di Palermo. Maggio 2015.<\/span><\/p>\n<\/li>\n<li>\n<p class=\"western\" align=\"justify\"><span style=\"font-size: medium;\">Concerto come direttore di Musica sacra per Coro e soli \u201c<\/span><span style=\"font-size: medium;\"><i>Figlia del Tuo Figlio\u201d <\/i><\/span><span style=\"font-size: medium;\">Chiesa Maria SS. delle Grazie di Palermo. Giugno 2015.<\/span><\/p>\n<\/li>\n<li>\n<p class=\"western\" align=\"justify\"><span style=\"font-size: medium;\">Concerto come direttore di coro, solisti ed ensemble strumentale presso la rassegna estiva \u201c<\/span><span style=\"font-size: medium;\"><i>Soluntum Art Festival<\/i><\/span><span style=\"font-size: medium;\">\u201d indetta dal Comune di Solunto, in occasione del Premio Filangeri. Luglio 2015.<\/span><\/p>\n<\/li>\n<li>\n<p class=\"western\" align=\"justify\"><span style=\"font-size: medium;\">Concerto come direttore di coro, solisti ed ensemble strumentale presso la rassegna estiva \u201c<\/span><span style=\"font-size: medium;\"><i>Non solo Classica<\/i><\/span><span style=\"font-size: medium;\">\u201d indetta dal Comune di Trappeto. Agosto 2015.<\/span><\/p>\n<\/li>\n<li>\n<p class=\"western\" align=\"justify\"><span style=\"font-size: medium;\">Concerto come direttore di Coro e soli presso il Teatro Savio di Palermo, in occasione del Premio Internazionale \u201c<\/span><span style=\"font-size: medium;\"><i>Oscar del Mediterraneo<\/i><\/span><span style=\"font-size: medium;\">\u201d, indetto dall\u2019Accademia di Sicilia. Settembre 2015.<\/span><\/p>\n<\/li>\n<li>\n<p class=\"western\" align=\"justify\"><span style=\"font-size: medium;\">Concerto come direttore di Coro e soli presso Orto Botanico di Palermo, in occasione della Mostra di pittura \u201c<\/span><span style=\"font-size: medium;\"><i>Antologicamente\u2026Bottari<\/i><\/span><span style=\"font-size: medium;\">\u201d, indetto dal Comune di Palermo. Settembre 2015.<\/span><\/p>\n<\/li>\n<li>\n<p class=\"western\" align=\"justify\"><span style=\"font-size: medium;\">Concerto come direttore di Musica sacra per Coro e soli \u201c<\/span><span style=\"font-size: medium;\"><i>Armonie di Natale\u201d <\/i><\/span><span style=\"font-size: medium;\">Chiesa Maria SS. delle Grazie di Palermo. Dicembre 2015.<\/span><\/p>\n<\/li>\n<li>\n<p class=\"western\" align=\"justify\"><span style=\"font-size: medium;\">Concerto come direttore di Musica sacra per Coro e soli presso la Chiesa \u201c<\/span><span style=\"font-size: medium;\"><i>Maria SS. Annunziata<\/i><\/span><span style=\"font-size: medium;\">\u201d di Trappeto. Gennaio 2016 .<\/span><\/p>\n<\/li>\n<li>\n<p class=\"western\" align=\"justify\"><span style=\"font-size: medium;\">Concerto come direttore di Musica sacra per Coro e soli presso la Chiesa \u201c<\/span><span style=\"font-size: medium;\"><i>La Magione<\/i><\/span><span style=\"font-size: medium;\">\u201d di Palermo a conclusione della <\/span><span style=\"font-size: medium;\"><i><b>Masterclass<\/b><\/i><\/span><span style=\"font-size: medium;\"> indetta dall\u2019Accademia per la Cultura di Partinico e in convenzione col Conservatorio di Musica \u201cV. Bellini\u201d di Palermo e l\u2019Universit\u00e0 Agli Studi di Palermo con M\u00b0 <\/span><span style=\"font-size: medium;\"><i>Mauro Visconti<\/i><\/span><span style=\"font-size: medium;\">. Marzo 2016 .<\/span><\/p>\n<\/li>\n<li>\n<p class=\"western\" align=\"justify\"><span style=\"font-size: medium;\">Concerto come direttore di Musica sacra per Coro e soli presso la Chiesa \u201c<\/span><span style=\"font-size: medium;\"><i>San Domenico<\/i><\/span><span style=\"font-size: medium;\">\u201d di Palermo con M\u00b0 <\/span><span style=\"font-size: medium;\"><i>Mauro Visconti<\/i><\/span><span style=\"font-size: medium;\"> e il soprano lirico argentino <\/span><span style=\"font-size: medium;\"><i><b>Haydee Dabusti<\/b><\/i><\/span><span style=\"font-size: medium;\">. Aprile 2016 .<\/span><\/p>\n<\/li>\n<li>\n<p class=\"western\" align=\"justify\"><span style=\"font-size: medium;\">Concerto come direttore di Musica sacra per Coro e soli presso il liceo \u201c<\/span><span style=\"font-size: medium;\"><i>S. Savarino<\/i><\/span><span style=\"font-size: medium;\">\u201d di Partinico col soprano lirico argentino <\/span><span style=\"font-size: medium;\"><i><b>Haydee Dabusti <\/b><\/i><\/span><span style=\"font-size: medium;\">in occasione della presentazione del libro \u201c<\/span><span style=\"font-size: medium;\"><i>La Sapienza a Banchetto<\/i><\/span><span style=\"font-size: medium;\">\u201d dello stesso. Aprile 2016 .<\/span><\/p>\n<\/li>\n<li>\n<p class=\"western\" align=\"justify\"><span style=\"font-size: medium;\">Concerto come direttore di Musica sacra per Coro e soli presso la Chiesa \u201c<\/span><span style=\"font-size: medium;\"><i>San Mattia dei Crociferi<\/i><\/span><span style=\"font-size: medium;\">\u201d di Palermo, indetto dai <\/span><span style=\"font-size: medium;\"><i>Lions Club <\/i><\/span><span style=\"font-size: medium;\">Libert\u00e0. Aprile 2016.<\/span><\/p>\n<\/li>\n<li>\n<p class=\"western\" align=\"justify\"><span style=\"font-size: medium;\">Concerto come direttore di Musica sacra per Coro e soli presso la Cappella del Coro della Basilica di \u201c<\/span><span style=\"font-size: medium;\"><i>San Pietro in Vaticano<\/i><\/span><span style=\"font-size: medium;\">\u201d di Roma, con il soprano lirico argentino <\/span><span style=\"font-size: medium;\"><i><b>Haydee Dabusti<\/b><\/i><\/span><span style=\"font-size: medium;\"> e Udienza Generale col Santo Padre Francesco. Maggio 2016 .<\/span><\/p>\n<\/li>\n<li>\n<p class=\"western\" align=\"justify\"><span style=\"font-size: medium;\">Concerto come direttore di Musica sacra per Coro e soli presso la Chiesa \u201c<\/span><span style=\"font-size: medium;\"><i>Maria SS del Carmine<\/i><\/span><span style=\"font-size: medium;\">\u201d di Partinico a conclusione della <\/span><span style=\"font-size: medium;\"><i><b>Masterclass<\/b><\/i><\/span><span style=\"font-size: medium;\"> indetta dall\u2019Accademia per la Cultura di Partinico e in convenzione col Conservatorio di Musica \u201cV. Bellini\u201d di Palermo e l\u2019Universit\u00e0 Agli Studi di Palermo con i Maestri <\/span><span style=\"font-size: medium;\"><i>Carlo Segoloni<\/i><\/span><span style=\"font-size: medium;\"> di Perugia e <\/span><span style=\"font-size: medium;\"><i>Salvatore Scinaldi<\/i><\/span><span style=\"font-size: medium;\">. Maggio 2016 .<\/span><\/p>\n<\/li>\n<li>\n<p class=\"western\" align=\"justify\"><span style=\"font-size: medium;\">Concerto come direttore di Musica sacra per Coro e soli presso la Chiesa \u201c<\/span><span style=\"font-size: medium;\"><i>Maria SS del Carmine<\/i><\/span><span style=\"font-size: medium;\">\u201d di Partinico a conclusione della <\/span><span style=\"font-size: medium;\"><i><b>Masterclass<\/b><\/i><\/span><span style=\"font-size: medium;\"> indetta dall\u2019Accademia per la Cultura di Partinico e in convenzione col Conservatorio di Musica \u201cV. Bellini\u201d di Palermo e l\u2019Universit\u00e0 Agli Studi di Palermo col soprano lirico argentino <\/span><span style=\"font-size: medium;\"><i><b>Haydee Dabusti<\/b><\/i><\/span><span style=\"font-size: medium;\">. Luglio 2016 .<\/span><\/p>\n<\/li>\n<li>\n<p class=\"western\" align=\"justify\"><span style=\"font-size: medium;\">Concerto come direttore di Coro e soli presso il Conservatorio di Musica \u201c<\/span><span style=\"font-size: medium;\"><i>V. Bellini<\/i><\/span><span style=\"font-size: medium;\">\u201d di Palermo, in occasione del Premio Internazionale \u201c<\/span><span style=\"font-size: medium;\"><i>A. Scarlatti<\/i><\/span><span style=\"font-size: medium;\">\u201d, indetto dall\u2019Accademia di Sicilia. Luglio 2016.<\/span><\/p>\n<\/li>\n<li>\n<p class=\"western\" align=\"justify\"><span style=\"font-size: medium;\">Concerto come direttore di Coro, soli e Banda Musicale presso la Chiesa \u201c<\/span><span style=\"font-size: medium;\"><i>Maria SS. Annunziata<\/i><\/span><span style=\"font-size: medium;\">\u201d di Partinico in occasione della quarta rassegna del Premio \u201c<\/span><span style=\"font-size: medium;\"><i>La bellezza salver\u00e0 il Mondo<\/i><\/span><span style=\"font-size: medium;\">\u201d, indetto dall\u2019Arcipretura Chiesa Madre e Comune di Partinico, col soprano Coreano <\/span><span style=\"font-size: medium;\"><i>Yung Me Lee<\/i><\/span><span style=\"font-size: medium;\">. Agosto 2016 .<\/span><\/p>\n<\/li>\n<li>\n<p class=\"western\" align=\"justify\"><span style=\"font-size: medium;\">Concerto come direttore di Coro e voci liriche presso la Chiesa \u201c<\/span><span style=\"font-size: medium;\"><i>Maria SS. Addolorata<\/i><\/span><span style=\"font-size: medium;\">\u201d di Palermo. Settembre 2016 .<\/span><\/p>\n<\/li>\n<li>\n<p class=\"western\" align=\"justify\"><span style=\"font-size: medium;\">Concerto come direttore di Coro e voci liriche presso la Chiesa \u201c<\/span><span style=\"font-size: medium;\"><i>Maria SS. del Rosario<\/i><\/span><span style=\"font-size: medium;\">\u201d di Villaciambra. Ottobre 2016 .<\/span><\/p>\n<\/li>\n<li>\n<p class=\"western\" align=\"justify\"><span style=\"font-size: medium;\">Concerto come direttore di Coro e voci liriche presso la Biblioteca Comunale di Palermo per la Settimana di studi su Pitr\u00e8. Novembre 2016.<\/span><\/p>\n<\/li>\n<li>\n<p class=\"western\" align=\"justify\"><span style=\"font-size: medium;\">Concerto come direttore di Coro e voci liriche presso la Chiesa \u201c<\/span><span style=\"font-size: medium;\"><i>La Magione<\/i><\/span><span style=\"font-size: medium;\">\u201d di Palermo. Dicembre 2016 .<\/span><\/p>\n<\/li>\n<li>\n<p class=\"western\" align=\"justify\"><span style=\"font-size: medium;\">Concerto di beneficenza ad opera del Lions Club Libert\u00e0 come direttore di Coro e voci liriche presso la Chiesa \u201c<\/span><span style=\"font-size: medium;\"><i>San Francesco di Paola<\/i><\/span><span style=\"font-size: medium;\">\u201d di Palermo. Dicembre 2016<\/span><\/p>\n<\/li>\n<li>\n<p class=\"western\" align=\"justify\"><span style=\"font-size: medium;\">Concerto di Capodanno indetto dalla Federteatri come direttore di Coro e col soprano lirico argentino <\/span><span style=\"font-size: medium;\"><i><b>Haydee Dabusti <\/b><\/i><\/span><span style=\"font-size: medium;\"> presso Teatro \u201c<\/span><span style=\"font-size: medium;\"><i>Savio<\/i><\/span><span style=\"font-size: medium;\">\u201d di Palermo. Gennaio 2017.<\/span><\/p>\n<\/li>\n<li>\n<p class=\"western\" align=\"justify\"><span style=\"font-size: medium;\">Concerto di Epifania indetto dalla Federteatri come direttore di Coro e col soprano lirico argentino <\/span><span style=\"font-size: medium;\"><i><b>Haydee Dabusti<\/b><\/i><\/span><span style=\"font-size: medium;\"> per i <\/span><span style=\"font-size: medium;\"><i><b>detenuti<\/b><\/i><\/span><span style=\"font-size: medium;\"> presso Teatro \u201c<\/span><span style=\"font-size: medium;\"><i>Pagliarelli<\/i><\/span><span style=\"font-size: medium;\">\u201d, Carcere di Palermo. Gennaio 2017.<\/span><\/p>\n<\/li>\n<li>\n<p class=\"western\" align=\"justify\"><span style=\"font-size: medium;\">Concerto in Stagione in occasione della Giornata della memoria, indetto dalla Federteatri come direttore di Coro e col soprano lirico argentino <\/span><span style=\"font-size: medium;\"><i><b>Haydee Dabusti <\/b><\/i><\/span><span style=\"font-size: medium;\">presso il teatro \u201cOrione\u201d di Palermo. Gennaio 2017.<\/span><\/p>\n<\/li>\n<li>\n<p class=\"western\" align=\"justify\"><span style=\"font-size: medium;\">Concerto in occasione dell\u2019anniversario Unit\u00e0 d\u2019Italia come direttore di Coro presso il teatro \u201c<\/span><span style=\"font-size: medium;\"><i>Santa Cecilia<\/i><\/span><span style=\"font-size: medium;\">\u201d di Palermo. Marzo 2017.<\/span><\/p>\n<\/li>\n<li>\n<p class=\"western\" align=\"justify\"><span style=\"font-size: medium;\">Concerto in occasione della <\/span><span style=\"font-size: medium;\"><i><b>Masterclass<\/b><\/i><\/span><span style=\"font-size: medium;\"> tenuta dal soprano lirico argentino <\/span><span style=\"font-size: medium;\"><i><b>Haydee Dabusti<\/b><\/i><\/span><span style=\"font-size: medium;\"> e dal Regista <\/span><span style=\"font-size: medium;\"><i>Carmelo Agnello<\/i><\/span><span style=\"font-size: medium;\"> dell\u2019Universit\u00e0 di Parigi, indetto dal Conservatorio di Parigi come direttore di Coro presso Ficarra (ME). Agosto 2017.<\/span><\/p>\n<\/li>\n<li>\n<p class=\"western\" align=\"justify\"><span style=\"font-size: medium;\">Concerto sul tema \u201c<\/span><span style=\"font-size: medium;\"><i>Coerentemente liberi<\/i><\/span><span style=\"font-size: medium;\">\u201d indetto dal Parlamento della Legalit\u00e0 Internazionale col patrocinio del <\/span><span style=\"font-size: medium;\"><i><b>Senato della Repubblica, Camera dei Deputati<\/b><\/i><\/span><span style=\"font-size: medium;\">, Fondazione Falcone, come direttore di Coro presso Monreale. Settembre 2017.<\/span><\/p>\n<\/li>\n<li>\n<p class=\"western\" align=\"justify\"><span style=\"font-size: medium;\">Concerto \u201c<\/span><span style=\"font-size: medium;\"><i>Sonus sine limite\u201d<\/i><\/span><span style=\"font-size: medium;\"> indetto dal Comune di Cinisi e Aeroporto di Palermo come direttore di Coro e col soprano lirico argentino <\/span><span style=\"font-size: medium;\"><i><b>Haydee Dabusti <\/b><\/i><\/span><span style=\"font-size: medium;\">in occasione del 25\u00b0 anniversario dell\u2019uccisione<\/span><span style=\"font-size: medium;\"><i><b> Falcone e Borsellino <\/b><\/i><\/span><span style=\"font-size: medium;\">presso sala Arrivi dell\u2019Aeroporto di Palermo. Ottobre 2017.<\/span><\/p>\n<\/li>\n<li>\n<p class=\"western\" align=\"justify\"><span style=\"font-size: medium;\">Animazione liturgica per inaugurazione del \u201c<\/span><span style=\"font-size: medium;\"><i>Presepe del Migrante<\/i><\/span><span style=\"font-size: medium;\">\u201d come direttore di Coro presso la chiesa di Sant\u2019Ignazio Martire all\u2019Olivella di Palermo, promossa dai Padri della Congregazione di San Filippo Neri e alla presenza delle Autorit\u00e0 civili e militari. Dicembre 2017.<\/span><\/p>\n<\/li>\n<li>\n<p class=\"western\" align=\"justify\"><span style=\"font-size: medium;\">Animazione liturgica per la \u201c<\/span><span style=\"font-size: medium;\"><i><b>Messa di Natale in Carcere<\/b><\/i><\/span><span style=\"font-size: medium;\">\u201d celebrata dal Vescovo di Palermo, Mons. <\/span><span style=\"font-size: medium;\"><i><b>Corrado Lorefice<\/b><\/i><\/span><span style=\"font-size: medium;\">, come direttore di Coro presso la Cappella della Casa Circondariale Pagliarelli di Palermo, organizzata dall\u2019associazione \u201cUn nuovo giorno\u201d e alla presenza delle Autorit\u00e0 civili e militari. Dicembre 2017.<\/span><\/p>\n<\/li>\n<li>\n<p class=\"western\" align=\"justify\"><span style=\"font-size: medium;\">Concerto in Stagione in occasione del gemellaggio culturale Palermo\/Malta, indetto dalla Federteatri e dalla Citt\u00e0 di Palermo come direttore di Coro e col soprano lirico argentino <\/span><span style=\"font-size: medium;\"><i><b>Haydee Dabusti <\/b><\/i><\/span><span style=\"font-size: medium;\">presso il teatro \u201cSavio\u201d di Palermo in occasione delle manifestazioni Palermo Capitale della Cultura 2018. Dicembre 2017.<\/span><\/p>\n<\/li>\n<li>\n<p class=\"western\" align=\"justify\"><span style=\"font-size: medium;\">Concerto \u201c<\/span><span style=\"font-size: medium;\"><i>Gaudete<\/i><\/span><span style=\"font-size: medium;\">\u201d indetto dalla Chiesa Madre di Partinico come direttore di Coro e col soprano lirico argentino <\/span><span style=\"font-size: medium;\"><i><b>Haydee Dabusti <\/b><\/i><\/span><span style=\"font-size: medium;\">presso la stessa Chiesa Madre di Partinico. Dicembre 2018.<\/span><\/p>\n<\/li>\n<li>\n<p class=\"western\" align=\"justify\"><span style=\"font-size: medium;\">Concerto \u201c<\/span><span style=\"font-size: medium;\"><i>Puer Natus<\/i><\/span><span style=\"font-size: medium;\">\u201d indetto dal Comune di Camporeale e dalla Chiesa Madre come direttore di Coro e col soprano lirico argentino <\/span><span style=\"font-size: medium;\"><i><b>Haydee Dabusti <\/b><\/i><\/span><span style=\"font-size: medium;\">presso la stessa Chiesa Madre di Camporeale. Gennaio 2018.<\/span><\/p>\n<\/li>\n<li>\n<p class=\"western\" align=\"justify\"><span style=\"font-size: medium;\">Pianista accompagnatore per concerto tenuto presso Hotel \u201cLa Mamounia\u201d a Marrakech in occasione dei festeggiamenti del 60\u00b0 compleanno del Sig. <\/span><span style=\"font-size: medium;\"><i><b>Alejandro Guillermo Roemmers<\/b><\/i><\/span><span style=\"font-size: medium;\">. Febbraio 2018.<\/span><\/p>\n<\/li>\n<li>\n<p class=\"western\" align=\"justify\"><span style=\"font-size: medium;\">Animazione liturgica per la Santa Messa di ringraziamento presso presso Hotel \u201cRoyal Mansour\u201d a Marrakesh, in occasione dei festeggiamenti del 60\u00b0 compleanno del Sig. <\/span><span style=\"font-size: medium;\"><i><b>Alejandro Guillermo Roemmers<\/b><\/i><\/span><span style=\"font-size: medium;\"> alla presenza di tutta la famiglia Roemmers. Febbraio 2018.<\/span><\/p>\n<\/li>\n<li>\n<p class=\"western\" align=\"justify\"><span style=\"font-size: medium;\">Animazione liturgica <\/span><span style=\"font-size: medium;\"><i><b>Santa Messa in Diretta<\/b><\/i><\/span><i> <\/i><span style=\"font-size: medium;\"><i><b>Rai 1<\/b><\/i><\/span><span style=\"font-size: medium;\"> dalla Chiesa Madre di Partinico come direttore di Coro. Febbraio 2018.<\/span><\/p>\n<\/li>\n<li>\n<p class=\"western\" align=\"justify\"><span style=\"font-size: medium;\">Concerto \u201c<\/span><span style=\"font-size: medium;\"><i>Perle del Mediterraneo<\/i><\/span><span style=\"font-size: medium;\">\u201d organizzato dalla Citt\u00e0 di Palermo, come direttore di Coro presso Mercato Excelsior. Marzo 2018.<\/span><\/p>\n<\/li>\n<li>\n<p class=\"western\" align=\"justify\"><span style=\"font-size: medium;\">Concerto\/Meditazione \u201c<\/span><span style=\"font-size: medium;\"><i>Familiarum Columen<\/i><\/span><span style=\"font-size: medium;\">\u201d organizzato dai Padri Teatini, come direttore di Coro presso Chiesa di San Giuseppe dei Teatini di Palermo. Marzo 2018.<\/span><\/p>\n<\/li>\n<li>\n<p class=\"western\" align=\"justify\"><span style=\"font-size: medium;\">Animazione liturgica al <\/span><span style=\"font-size: medium;\"><i><b>Duomo di Monreale<\/b><\/i><\/span><span style=\"font-size: medium;\"> come direttore di Coro organizzata dal Sacro Ordine Militare di San Giorgio. Aprile 2018.<\/span><\/p>\n<\/li>\n<li>\n<p class=\"western\" align=\"justify\"><span style=\"font-size: medium;\">Concerto di saluto al Vescovo Mons. Manzella organizzato dal Comune di Cefal\u00f9 e dall\u2019Opera Pia \u201c<\/span><span style=\"font-size: medium;\"><i>Salvatore Genchi Collotti<\/i><\/span><span style=\"font-size: medium;\">\u201d, come direttore di Coro e con la partecipazione del soprano <\/span><span style=\"font-size: medium;\"><i><b>Annarita Pinsino<\/b><\/i><\/span><span style=\"font-size: medium;\">, presso Duomo di Cefal\u00f9. Aprile 2018.<\/span><\/p>\n<\/li>\n<li>\n<p class=\"western\" align=\"justify\"><span style=\"font-size: medium;\">Concerto come pianista accompagnatore del violinista <\/span><span style=\"font-size: medium;\"><i><b>Gioel Caronna<\/b><\/i><\/span><span style=\"font-size: medium;\"> all\u2019evento \u201c<\/span><span style=\"font-size: medium;\"><i>Peoples of Sicily<\/i><\/span><span style=\"font-size: medium;\">\u201d presieduto da <\/span><span style=\"font-size: medium;\"><b>Mr. Mahlas<\/b><\/span><span style=\"font-size: medium;\"> e dalla Principessa <\/span><span style=\"font-size: medium;\"><i><b>Vittoria Alliata di Valguarnera<\/b><\/i><\/span><b> <\/b><span style=\"font-size: medium;\">presso Villa Valguarnera di Bagheria. Aprile 2018.<\/span><\/p>\n<\/li>\n<li>\n<p class=\"western\" align=\"justify\"><span style=\"font-size: medium;\">Animazione liturgica presso <\/span><span style=\"font-size: medium;\"><i>Palazzo delle Aquile<\/i><\/span><span style=\"font-size: medium;\"> come direttore di Coro, organizzata dalla Congregazione di San Filippo Neri e dalla Citt\u00e0 di Palermo, in occasione della commemorazione delle vittime della mafia e alla presenza di Maria Falcone e delle autorit\u00e0 Civili e Militari . Maggio 2018.<\/span><\/p>\n<\/li>\n<li>\n<p class=\"western\" align=\"justify\"><span style=\"font-size: medium;\">Concerto Mariano \u201c<\/span><span style=\"font-size: medium;\"><i>Regina Iuris<\/i><\/span><span style=\"font-size: medium;\">\u201d indetto dal Parlamento della Legalit\u00e0 Internazionale e in occasione dell\u2019anniversario della Strage di Capaci, come direttore di Coro presso la Chiesa San Castrenze di Monreale e con la partecipazione straordinaria del tenore <\/span><span style=\"font-size: medium;\"><i><b>Fabrizio Corona<\/b><\/i><\/span><span style=\"font-size: medium;\"> e del soprano <\/span><span style=\"font-size: medium;\"><i><b>Marta Favar\u00f2<\/b><\/i><\/span><span style=\"font-size: medium;\">. Maggio 2018.<\/span><\/p>\n<\/li>\n<li>\n<p class=\"western\" align=\"justify\"><span style=\"font-size: medium;\">Direttore Artistico della I Rassegna Corale \u201c<\/span><span style=\"font-size: medium;\"><i>Gaudete et Exsultate<\/i><\/span><span style=\"font-size: medium;\">\u201d indetto dai Padri Oratoriani di San Filippo Neri e direttore di coro presso la Chiesa di Sant\u2019Ignazio Martire all\u2019Olivella di Palermo. Maggio 2018.<\/span><\/p>\n<\/li>\n<li>\n<p class=\"western\" align=\"justify\"><span style=\"font-size: medium;\">Concerto \u201c<\/span><span style=\"font-size: medium;\"><i>Melodie indimenticabili<\/i><\/span><span style=\"font-size: medium;\">\u201d come pianista accompagnatore della cantante d\u2019operetta <\/span><span style=\"font-size: medium;\"><i><b>Elena D\u2019Angelo<\/b><\/i><\/span><span style=\"font-size: medium;\"> organizzato dalle Associazioni La Sicilia e i suoi amici in Lombardia, Donna Coraly, PerLa Rosa, TuttInsieme presso Mercato Excelsior di Palermo. Maggio 2018.<\/span><\/p>\n<\/li>\n<li>\n<p class=\"western\" align=\"justify\"><span style=\"font-size: medium;\">Animazione liturgica presso Basilica Sant\u2019Ignazio all\u2019Olivella di Palermo come direttore di Coro, organizzata dalla Congregazione di San Filippo Neri e dalla Citt\u00e0 di Palermo, in occasione di ordinazione presbiterale. Agosto 2018.<\/span><\/p>\n<\/li>\n<li>\n<p class=\"western\" align=\"justify\"><span style=\"font-size: medium;\">Concerto promosso dalla Chiesa Madre di Villaciambra come direttore di Coro. Settembre 2018.<\/span><\/p>\n<\/li>\n<li>\n<p class=\"western\" align=\"justify\"><span style=\"font-size: medium;\">Concerto e animazione liturgica come direttore di coro presso Palazzo Arcivescovile e Cappella di San Castrenze del Duomo di Monreale in occasione del II Convegno Nazionale indetto dal Parlamento della Legalit\u00e0 Internazionale. Settembre 2018.<\/span><\/p>\n<\/li>\n<li>\n<p class=\"western\" align=\"justify\"><span style=\"font-size: medium;\">Concerto come direttore di Musica sacra per la rassegna \u201c<\/span><span style=\"font-size: medium;\"><i>Gocce di Non solo classica<\/i><\/span><span style=\"font-size: medium;\">\u201d per Coro e soli e orchestra da camera organizzato dal Comune di Trappeto (PA) presso la Chiesa \u201c<\/span><span style=\"font-size: medium;\"><i>Maria SS. Annunziata<\/i><\/span><span style=\"font-size: medium;\">\u201d di Trappeto. Dicembre 2018.<\/span><\/p>\n<\/li>\n<li>\n<p class=\"western\" align=\"justify\"><span style=\"font-size: medium;\">Concerto come direttore di Musica sacra \u201c<\/span><span style=\"font-size: medium;\"><i>Laudavere<\/i><\/span><span style=\"font-size: medium;\">\u201d per Coro, voci liriche e orchestra da camera presso la Chiesa \u201c<\/span><span style=\"font-size: medium;\"><i>Maria SS. del Carmine<\/i><\/span><span style=\"font-size: medium;\">\u201d di Partinico. Gennaio 2019.<\/span><\/p>\n<\/li>\n<li><\/li>\n<\/ul>\n<p class=\"western\" align=\"justify\"><span style=\"font-size: medium;\">Attualmente impegnato in attivit\u00e0 culturali, saggistiche, teologiche, artistiche, musicali per il corrente anno 2019.<\/span><\/p>\n<p class=\"western\" align=\"right\"><span style=\"font-size: medium;\">In Fede<\/span><\/p>\n<p class=\"western\" align=\"right\"><span style=\"font-size: medium;\">______________________<\/span><\/p>\n<p class=\"western\" align=\"right\"><span style=\"font-size: medium;\">M\u00b0 <\/span><span style=\"font-size: medium;\"><i><b>Tony<\/b><\/i><\/span><span style=\"font-size: medium;\"><b> Caronna<\/b><\/span><\/p>\n<p class=\"western\"><span style=\"font-size: medium;\"><b>email: <\/b><\/span><span style=\"color: #0000ff;\"><u><a href=\"mailto:tonycaronna@libero.it\"><span style=\"font-size: medium;\"><b>tonycaronna@libero.it<\/b><\/span><\/a><\/u><\/span><\/p>\n<p class=\"western\"><span style=\"font-size: medium;\"><span lang=\"fr-FR\"><b>cell: 3804320382<\/b><\/span><\/span><\/p>\n<p align=\"center\"><span style=\"font-family: Book Antiqua, serif;\"><span style=\"font-size: xx-large;\"><b>La \u201c<\/b><\/span><\/span><span style=\"font-family: Book Antiqua, serif;\"><span style=\"font-size: xx-large;\"><i><b>Buona Scuola<\/b><\/i><\/span><\/span><span style=\"font-family: Book Antiqua, serif;\"><span style=\"font-size: xx-large;\"><b>\u201d <\/b><\/span><\/span><\/p>\n<p align=\"center\"><span style=\"font-family: Book Antiqua, serif;\"><span style=\"font-size: xx-large;\"><b>tra continuit\u00e0 e cambiamento<\/b><\/span><\/span><\/p>\n<p align=\"justify\"><span style=\"color: #000000;\"> \u201c<\/span><span style=\"font-family: Times New Roman, serif;\"><span style=\"font-size: medium;\"><i>La continuit\u00e0 ci d\u00e0 le radici; il cambiamento ci regala i rami, lasciando a noi la volont\u00e0 di estenderli e di farli crescere fino a raggiungere nuove altezze<\/i><\/span><\/span><span style=\"font-family: Times New Roman, serif;\"><span style=\"font-size: medium;\">\u201d <\/span><\/span><\/p>\n<p align=\"justify\"><span style=\"font-family: Times New Roman, serif;\"><span style=\"font-size: medium;\">(Pauline R. Kezer)<\/span><\/span><\/p>\n<p align=\"justify\"><span style=\"font-family: Times New Roman, serif;\"><span style=\"font-size: medium;\">In una societ\u00e0 in continuo cambiamento la scuola ha il dovere di restare fedele alle sue ragioni fondamentali, ma nello stesso tempo deve saper orientare il cambiamento accompagnandone le mutevoli esigenze e finalit\u00e0.<\/span><\/span><i> <\/i><span style=\"font-family: Times New Roman, serif;\"><span style=\"font-size: medium;\">Al di l\u00e0 di ogni criticit\u00e0, il decreto sulla \u201cbuona scuola\u201d ha il pregio di ricondurre il tema della scuola al centro del dibattito nazionale e di abbozzare l\u2019icona di un luogo di formazione propriamente \u201cattivo\u201d, mostrando cognizione delle problematiche che hanno contraddistinto il nostro sistema scolastico. <\/span><\/span><i> <\/i><span style=\"font-family: Times New Roman, serif;\"><span style=\"font-size: medium;\">Il Paese ha bisogno di cittadini istruiti, competenti, capaci, e la scuola \u00e8 certamente un tassello fondamentale per lo sviluppo di una societ\u00e0 pi\u00f9 sana e umana. Tuttavia non bisogna perdere di vista il vero compito dei docenti come maestri di vita e insegnanti appassionati. Solo cos\u00ec un allievo pu\u00f2 prendere consapevolezza della propria identit\u00e0, delle proprie capacit\u00e0 e aspirazioni, per essere un cittadino attivo e consapevole. <\/span><\/span><\/p>\n<p align=\"justify\"><span style=\"font-family: Times New Roman, serif;\"><span style=\"font-size: medium;\">Quanto sopra esposto, visto nel complesso, rappresenta \u201cl\u2019<\/span><\/span><span style=\"font-family: Times New Roman, serif;\"><span style=\"font-size: medium;\"><i>humus<\/i><\/span><\/span><span style=\"font-family: Times New Roman, serif;\"><span style=\"font-size: medium;\">\u201d storico, pedagogico e legislativo nel quale s\u2019impianta la riforma denominata \u201cLa Buona Scuola\u201d e, all\u2019interno del quale, si muover\u00e0 il presente testo.<\/span><\/span><\/p>\n<p align=\"justify\"><span style=\"font-family: Times New Roman, serif;\"><span style=\"font-size: medium;\">Il <\/span><\/span><span style=\"font-family: Times New Roman, serif;\"><span style=\"font-size: medium;\">presente<\/span><\/span><span style=\"font-family: Times New Roman, serif;\"><span style=\"font-size: medium;\"> volume propone una lettura della L. 107\/2015, mediante una trattazione sistematica e comparata della normativa scolastica che possa essere di aiuto ad un\u2019ampia platea di lettori: personale delle istituzioni scolastiche, decisori politici, esperti del settore, candidati a concorsi pubblici in ambito scolastico. L\u2019inquadramento storico consente di comprendere la genesi delle norme e offre uno spaccato della \u201cstoria dell\u2019istruzione\u201d, mentre l\u2019analisi giuridica \u00e8 attenta a valutare gli effetti delle innovazioni introdotte, evidenziandone le possibili criticit\u00e0, e a offrire delle ipotesi di soluzione e di attuazione concreta: continuit\u00e0 e cambiamento rimangono sempre le due direttive fondamentali entro cui si articola il lavoro.<\/span><\/span><\/p>\n<p align=\"justify\"><span style=\"font-family: Times New Roman, serif;\"><span style=\"font-size: medium;\">Attraverso<\/span><\/span><span style=\"font-family: Times New Roman, serif;\"><span style=\"font-size: medium;\"> l\u2019analisi dei numerosi commi che compongono la legge, ci si sofferma sulle delicate tematiche che hanno inciso su diversi settori del sistema scolastico, tra cui in particolare la riaffermata autonomia, l\u2019incremento dell\u2019alternanza scuola-lavoro, la formazione dei docenti. il testo si pone, inoltre, come strumento di approfondimento della riforma, tenendo conto del clima culturale e sociale in cui le misure innovative sono state adottate e dei relativi effetti pratici sul sistema nazionale di istruzione. <\/span><\/span><\/p>\n<p align=\"justify\"><span style=\"font-family: Times New Roman, serif;\"><span style=\"font-size: medium;\">Il commento al testo di legge \u00e8 organizzato per temi principali, e ciascun capitolo \u00e8 a sua volta suddiviso in paragrafi, per commi dal contenuto omogeneo, opportunamente spiegati e collegati alla normativa: l<\/span><\/span><span style=\"font-family: Times New Roman, serif;\"><span style=\"font-size: medium;\">a Legge 107\/15 \u201cLa Buona Scuola\u201d, l<\/span><\/span><span style=\"font-family: Times New Roman, serif;\"><span style=\"font-size: medium;\">\u2019attuazione dell\u2019Autonomia con obiettivi e finalit\u00e0, l<\/span><\/span><span style=\"font-family: Times New Roman, serif;\"><span style=\"font-size: medium;\">a novit\u00e0 formativa dell\u2019Alternanza Scuola Lavoro, l<\/span><\/span><span style=\"font-family: Times New Roman, serif;\"><span style=\"font-size: medium;\">a creativit\u00e0 didattica nel Piano delle Arti<\/span><\/span><span style=\"font-family: Times New Roman, serif;\"><span style=\"font-size: medium;\">, la nuova figura del Dirigente Scolastico, la formazione in servizio e il \u201cbonus docenti\u201d, la promozione dell\u2019inclusione scolastica degli studenti con disabilit\u00e0, il Piano Nazionale della Scuola Digitale, il nuovo Esame di Stato, la riforma del sistema nazionale di istruzione e formazione e l\u2019Insegnamento della Religione Cattolica in Italia, il tutto corredato di un\u2019appendice normativa.<\/span><\/span><\/p>\n<p align=\"justify\"><span style=\"font-family: Times New Roman, serif;\"><span style=\"font-size: medium;\">Dall<\/span><\/span><span style=\"font-family: Times New Roman, serif;\"><span style=\"font-size: medium;\">\u2019esame generale di quest\u2019ultima, si pu\u00f2 osservare che i decreti tengono conto dell\u2019esigenza di monitorare la formazione scolastica attraverso prove standardizzate predisposte dall\u2019Invalsi; in particolare poi affiora, in tali decreti, l\u2019esigenza di formare e destinare alle istituzioni scolastiche personale adeguatamente competente (D.lgs. n. 59), introdurre e promuovere la cultura umanistica e i \u201ctemi della creativit\u00e0\u201d (D.lgs. n. 60), adeguare, attraverso nuovi indirizzi, gli istituti professionali alle nuove realt\u00e0 (D.lgs. n. 61), valutare gli apprendimenti e certificare le competenze (D.lgs. n. 62), rendere effettivo il diritto allo studio (D.lgs. n. 63), revisionare e aggiornare la normativa delle scuole italiane all\u2019estero (D.lgs. n. 64), istituire un sistema integrato di educazione e d\u2019istruzione da zero a sei anni (D.lgs. n. 65), promuovere l\u2019inclusione scolastica degli allievi con disabilit\u00e0 (D.lgs. n. 66). <\/span><\/span><\/p>\n<p align=\"justify\"><span style=\"font-family: Times New Roman, serif;\"><span style=\"font-size: medium;\">Alla luce di tutto ci\u00f2, adesso \u00e8 compito di chi opera nella scuola far s\u00ec che il sistema scolastico nazionale trovi nell\u2019attuazione della legge un\u2019opportunit\u00e0 per il progresso.<\/span><\/span><\/p>\n<p align=\"justify\"><span style=\"font-family: Times New Roman, serif;\"><span style=\"font-size: medium;\"><i><b>Tony Caronna<\/b><\/i><\/span><\/span><span style=\"font-size: medium;\"><b>, <\/b><\/span><span style=\"font-family: Times New Roman, serif;\"><span style=\"font-size: medium;\">docente di Didattica e Legislazione dell\u2019IRC presso la Pontificia Facolt\u00e0 Teologica di Sicilia \u201c<\/span><\/span><span style=\"font-family: Times New Roman, serif;\"><span style=\"font-size: medium;\"><i>San Giovanni Evangelista<\/i><\/span><\/span><span style=\"font-family: Times New Roman, serif;\"><span style=\"font-size: medium;\">\u201d di Palermo, di Religione Cattolica presso il Liceo Scientifico \u201c<\/span><\/span><span style=\"font-family: Times New Roman, serif;\"><span style=\"font-size: medium;\"><i>S. Savarino<\/i><\/span><\/span><span style=\"font-family: Times New Roman, serif;\"><span style=\"font-size: medium;\">\u201d di Partinico e direttore di coro. Dopo aver ottenuto nel 1997 il Baccalaureato in Sacra Teologia, consegue nel 2002 la Licenza in Sacra Teologia con indirizzo specialistico in Teologia Biblica e nel 2013 il Dottorato di Ricerca presso la stessa Facolt\u00e0. Nel 2014 consegue la Laurea in Didattica della Musica presso il Conservatorio di Musica \u201c<\/span><\/span><span style=\"font-family: Times New Roman, serif;\"><span style=\"font-size: medium;\"><i>V. Bellini<\/i><\/span><\/span><span style=\"font-family: Times New Roman, serif;\"><span style=\"font-size: medium;\">\u201d di Palermo. <\/span><\/span><\/p>\n<p align=\"justify\"><a name=\"_GoBack\"><\/a><\/p>\n<p align=\"justify\"><span style=\"font-family: Times New Roman, serif;\"><span style=\"font-size: medium;\">Pubblicazioni dell\u2019autore:<\/span><\/span><\/p>\n<ul>\n<li>\n<p align=\"justify\"><span style=\"font-family: Calibri, serif;\"><span style=\"font-family: Times New Roman, serif;\"><span style=\"font-size: medium;\">T. Caronna &#8211; E. M. D\u2019Angelo,<\/span><\/span><span style=\"font-family: Times New Roman, serif;\"><span style=\"font-size: medium;\"><i> Il tempio<\/i><\/span><\/span> <span style=\"font-family: Times New Roman, serif;\"><span style=\"font-size: medium;\"><i>senza mercanti. La morte in croce come segno di gloria<\/i><\/span><\/span><span style=\"font-family: Times New Roman, serif;\"><span style=\"font-size: medium;\">, Il Campano, Pisa 2011.<\/span><\/span><\/span><\/p>\n<\/li>\n<li>\n<p align=\"justify\"><span style=\"font-family: Calibri, serif;\"><span style=\"font-family: Times New Roman, serif;\"><span style=\"font-size: medium;\">T. Caronna &#8211; E. M. D\u2019Angelo,<\/span><\/span><i> <\/i><span style=\"font-family: Times New Roman, serif;\"><span style=\"font-size: medium;\"><i>Il Mistero tra musica e poesia. Saggio in memoria di mons. Cataldo Naro<\/i><\/span><\/span><span style=\"font-family: Times New Roman, serif;\"><span style=\"font-size: medium;\">, Il Campano, Pisa 2012.<\/span><\/span><\/span><\/p>\n<\/li>\n<li>\n<p align=\"justify\"><span style=\"font-family: Calibri, serif;\"><span style=\"font-family: Times New Roman, serif;\"><span style=\"font-size: medium;\">T. Caronna &#8211; E. M. D\u2019Angelo,<\/span><\/span><i> <\/i><span style=\"font-family: Times New Roman, serif;\"><span style=\"font-size: medium;\"><i>L\u2019armonia ritrovata. Caos e cosmos musicale nella Divina Commedia<\/i><\/span><\/span><span style=\"font-family: Times New Roman, serif;\"><span style=\"font-size: medium;\">, Il Campano, Pisa 2014.<\/span><\/span><\/span><\/p>\n<\/li>\n<li>\n<p align=\"justify\"><span style=\"font-family: Calibri, serif;\"><span style=\"font-family: Times New Roman, serif;\"><span style=\"font-size: medium;\">T. Caronna &#8211; E. M. D\u2019Angelo &#8211; P. Goriziano,<\/span><\/span><i> <\/i><span style=\"font-family: Times New Roman, serif;\"><span style=\"font-size: medium;\"><i>Dalla legislazione scolastica ad una didattica innovativa. L\u2019IRC nei percorsi modulari interdisciplinari<\/i><\/span><\/span><span style=\"font-family: Times New Roman, serif;\"><span style=\"font-size: medium;\">, Il Campano, Pisa 2014.<\/span><\/span> <\/span><\/p>\n<\/li>\n<li>\n<p align=\"justify\"><span style=\"font-family: Calibri, serif;\"><span style=\"font-family: Times New Roman, serif;\"><span style=\"font-size: medium;\">T. Caronna, <\/span><\/span><span style=\"font-family: Times New Roman, serif;\"><span style=\"font-size: medium;\"><i>La Sapienza a banchetto: Il servizio come definizione dell\u2019identit\u00e0 cristiana<\/i><\/span><\/span><span style=\"font-family: Times New Roman, serif;\"><span style=\"font-size: medium;\">, <\/span><\/span><span style=\"font-family: Times New Roman, serif;\"><span style=\"font-size: medium;\">Il Campano, Pisa 2015.<\/span><\/span><\/span><\/p>\n<\/li>\n<li>\n<p align=\"justify\"><span style=\"font-family: Calibri, serif;\"><span style=\"font-family: Times New Roman, serif;\"><span style=\"font-size: medium;\">T. Caronna, <\/span><\/span><span style=\"font-family: Times New Roman, serif;\"><span style=\"font-size: medium;\"><i>Maestro e Signore: Cristologia e soteriologia nella lavanda dei piedi<\/i><\/span><\/span><span style=\"font-family: Times New Roman, serif;\"><span style=\"font-size: medium;\">, <\/span><\/span><span style=\"font-family: Times New Roman, serif;\"><span style=\"font-size: medium;\">Edizioni Sant\u2019Antonio, Moldova 2018.<\/span><\/span><\/span><\/p>\n<\/li>\n<li>\n<p align=\"justify\"><span style=\"font-family: Calibri, serif;\"><span style=\"font-family: Times New Roman, serif;\"><span style=\"font-size: medium;\">T. Caronna, <\/span><\/span><span style=\"font-family: Times New Roman, serif;\"><span style=\"font-size: medium;\"><i>La \u201cBuona scuola\u201d tra continuit\u00e0 e cambiamento<\/i><\/span><\/span><span style=\"font-family: Times New Roman, serif;\"><span style=\"font-size: medium;\">, <\/span><\/span><span style=\"font-family: Times New Roman, serif;\"><span style=\"font-size: medium;\">Il Campano, Pisa 2019.<\/span><\/span><\/span><\/p>\n<\/li>\n<\/ul>\n<p>Links: <a href=\"http:\/\/www.ecoitaliano.com.ar\/wp-content\/uploads\/2019\/01\/Caronna_la-buona-scuola_cover-1.pdf\">Caronna_la buona scuola_cover<\/a><\/p>\n<p><a href=\"http:\/\/www.ecoitaliano.com.ar\/wp-content\/uploads\/2019\/01\/articolo-libro.pdf\">articolo libro<\/a><\/p>\n","protected":false},"excerpt":{"rendered":"<p>&nbsp; \u201cLa continuit\u00e0 ci d\u00e0 le radici; il cambiamento ci regala i rami, lasciando a noi la volont\u00e0 di estenderli [&hellip;]<\/p>\n","protected":false},"author":1,"featured_media":0,"comment_status":"open","ping_status":"open","sticky":false,"template":"","format":"standard","meta":{"footnotes":""},"categories":[10,22],"tags":[],"class_list":["post-5591","post","type-post","status-publish","format-standard","hentry","category-italiano","category-libros-y-revistas-literatura"],"_links":{"self":[{"href":"https:\/\/www.ecoitaliano.com.ar\/index.php?rest_route=\/wp\/v2\/posts\/5591","targetHints":{"allow":["GET"]}}],"collection":[{"href":"https:\/\/www.ecoitaliano.com.ar\/index.php?rest_route=\/wp\/v2\/posts"}],"about":[{"href":"https:\/\/www.ecoitaliano.com.ar\/index.php?rest_route=\/wp\/v2\/types\/post"}],"author":[{"embeddable":true,"href":"https:\/\/www.ecoitaliano.com.ar\/index.php?rest_route=\/wp\/v2\/users\/1"}],"replies":[{"embeddable":true,"href":"https:\/\/www.ecoitaliano.com.ar\/index.php?rest_route=%2Fwp%2Fv2%2Fcomments&post=5591"}],"version-history":[{"count":0,"href":"https:\/\/www.ecoitaliano.com.ar\/index.php?rest_route=\/wp\/v2\/posts\/5591\/revisions"}],"wp:attachment":[{"href":"https:\/\/www.ecoitaliano.com.ar\/index.php?rest_route=%2Fwp%2Fv2%2Fmedia&parent=5591"}],"wp:term":[{"taxonomy":"category","embeddable":true,"href":"https:\/\/www.ecoitaliano.com.ar\/index.php?rest_route=%2Fwp%2Fv2%2Fcategories&post=5591"},{"taxonomy":"post_tag","embeddable":true,"href":"https:\/\/www.ecoitaliano.com.ar\/index.php?rest_route=%2Fwp%2Fv2%2Ftags&post=5591"}],"curies":[{"name":"wp","href":"https:\/\/api.w.org\/{rel}","templated":true}]}}