{"id":5601,"date":"2019-01-31T12:00:50","date_gmt":"2019-01-31T12:00:50","guid":{"rendered":"http:\/\/www.ecoitaliano.com.ar\/?p=5601"},"modified":"2019-01-31T12:00:50","modified_gmt":"2019-01-31T12:00:50","slug":"al-via-a-milano-fashion-lovers","status":"publish","type":"post","link":"https:\/\/www.ecoitaliano.com.ar\/?p=5601","title":{"rendered":"Al via a Milano Fashion Lovers"},"content":{"rendered":"<p>&nbsp;<\/p>\n<div id='gallery-1' class='gallery galleryid-5601 gallery-columns-3 gallery-size-thumbnail'><figure class='gallery-item'>\n\t\t\t<div class='gallery-icon landscape'>\n\t\t\t\t<a href='https:\/\/www.ecoitaliano.com.ar\/?attachment_id=5602'><img decoding=\"async\" width=\"150\" height=\"150\" src=\"https:\/\/www.ecoitaliano.com.ar\/wp-content\/uploads\/2019\/01\/1T4A3438-150x150.jpg\" class=\"attachment-thumbnail size-thumbnail\" alt=\"\" \/><\/a>\n\t\t\t<\/div><\/figure><figure class='gallery-item'>\n\t\t\t<div class='gallery-icon landscape'>\n\t\t\t\t<a href='https:\/\/www.ecoitaliano.com.ar\/?attachment_id=5603'><img decoding=\"async\" width=\"150\" height=\"150\" src=\"https:\/\/www.ecoitaliano.com.ar\/wp-content\/uploads\/2019\/01\/1T4A4925-150x150.jpg\" class=\"attachment-thumbnail size-thumbnail\" alt=\"\" \/><\/a>\n\t\t\t<\/div><\/figure><figure class='gallery-item'>\n\t\t\t<div class='gallery-icon landscape'>\n\t\t\t\t<a href='https:\/\/www.ecoitaliano.com.ar\/?attachment_id=5604'><img decoding=\"async\" width=\"150\" height=\"150\" src=\"https:\/\/www.ecoitaliano.com.ar\/wp-content\/uploads\/2019\/01\/50846576_787410151593295_5574133703505870848_o-150x150.jpg\" class=\"attachment-thumbnail size-thumbnail\" alt=\"\" \/><\/a>\n\t\t\t<\/div><\/figure><figure class='gallery-item'>\n\t\t\t<div class='gallery-icon portrait'>\n\t\t\t\t<a href='https:\/\/www.ecoitaliano.com.ar\/?attachment_id=5605'><img decoding=\"async\" width=\"150\" height=\"150\" src=\"https:\/\/www.ecoitaliano.com.ar\/wp-content\/uploads\/2019\/01\/51126569_787376541596656_3831823839847776256_o-150x150.jpg\" class=\"attachment-thumbnail size-thumbnail\" alt=\"\" \/><\/a>\n\t\t\t<\/div><\/figure><figure class='gallery-item'>\n\t\t\t<div class='gallery-icon landscape'>\n\t\t\t\t<a href='https:\/\/www.ecoitaliano.com.ar\/?attachment_id=5608'><img decoding=\"async\" width=\"150\" height=\"150\" src=\"https:\/\/www.ecoitaliano.com.ar\/wp-content\/uploads\/2019\/01\/Immaginev-1-150x150.png\" class=\"attachment-thumbnail size-thumbnail\" alt=\"\" \/><\/a>\n\t\t\t<\/div><\/figure>\n\t\t<\/div>\n\n<p align=\"center\"><span style=\"color: #000000;\"><span style=\"font-family: Times New Roman, serif;\"><span style=\"font-size: medium;\"><span style=\"font-size: xx-large;\"><b>Al via Milano Fashion Lovers<\/b><\/span><\/span><\/span><\/span><\/p>\n<p align=\"center\"><span style=\"color: #000000;\">\u201c<span style=\"font-family: Times New Roman, serif;\"><span style=\"font-size: medium;\"><span style=\"font-size: x-large;\"><i><b>Innamorati della Moda\u201d<\/b><\/i><\/span><\/span><\/span><\/span><\/p>\n<p align=\"justify\"><span style=\"color: #000000;\"><span style=\"font-family: Times New Roman, serif;\"><span style=\"font-size: medium;\"><span style=\"font-size: large;\">Da venerd\u00ec 1\u00b0 Marzo in prima serata arriva <\/span><span style=\"font-size: large;\"><i><b>Milano Fashion Lovers<\/b><\/i><\/span><span style=\"font-size: large;\">, il nuovo format Tv dedicato al Fashion System. Al timone <\/span><span style=\"font-size: large;\"><b>Anthony Peth<\/b><\/span><span style=\"font-size: large;\">, volto noto del piccolo schermo che, in questa nuova avventura verr\u00e0 affiancato dalla modella <\/span><span style=\"font-size: large;\"><b>Sofia Inglese; <\/b><\/span><span style=\"font-size: large;\"> Da un\u2019idea di <\/span><span style=\"font-size: large;\"><b>Maria Raffaella Napolitano<\/b><\/span><span style=\"font-size: large;\"> e scritto da <\/span><span style=\"font-size: large;\"><b>Fabio Lauricella<\/b><\/span><span style=\"font-size: large;\">, il salotto di <\/span><span style=\"font-size: large;\"><b>TeleMilano<\/b><\/span><span style=\"font-size: large;\"> si colora di ricche personalit\u00e0. La linea editoriale del format \u00e8 quella del talk show in cui ampio spazio \u00e8 dedicato agli ospiti con interviste e dibattiti riguardanti il mondo dello spettacolo, della moda e fenomeni di tendenza e di costume. L\u2019ambiente, un salotto in cui scambiarsi consigli e confidenze <\/span><span style=\"font-size: large;\">pronti ad affrontare dibattiti e curiosit\u00e0.<\/span><span style=\"font-size: large;\"> La <\/span><span style=\"font-size: large;\"><b>N&amp;M Management <\/b><\/span><span style=\"font-size: large;\">ogni puntata infatti, invita ospiti noti, capitanati da <\/span><span style=\"font-size: large;\"><b>Katia Ferrante<\/b><\/span><span style=\"font-size: large;\">, gli opinionisti lanciano delle novit\u00e0 che il telespettatore conosce e a volte no, proprio per questo il pubblico a casa \u00e8 il vero protagonista che attraverso i social pu\u00f2 commentare e lanciare delle provocazioni. Ospite della prima puntata la giornalista <\/span><span style=\"font-size: large;\"><b>Silvana Giacobini, <\/b><\/span><span style=\"font-size: large;\">insieme al press agent<\/span><span style=\"font-size: large;\"><b> Giuseppe De Girolamo <\/b><\/span><span style=\"font-size: large;\">e alla bellissima show girl<\/span><span style=\"font-size: large;\"><b> Antonella Salvucci<\/b><\/span><span style=\"font-size: large;\">. Non sono mancati i momenti di ilarit\u00e0 e divertimento in compagnia di <\/span><span style=\"font-size: large;\"><b>Lorella Ridenti<\/b><\/span><span style=\"font-size: large;\">, direttrice di numerosi settimanali, pronta a rispondere a tutte le domande sul mondo del gossip e della moda e di<\/span><span style=\"font-size: large;\"><b> Maria Mons\u00e8 <\/b><\/span><span style=\"font-size: large;\">reduce dal Grande Fratello Vip.<\/span><b> <\/b><\/span><\/span><\/span><\/p>\n<p align=\"justify\"><span style=\"color: #000000;\"><span style=\"font-family: Times New Roman, serif;\"><span style=\"font-size: medium;\"><span style=\"font-size: large;\">Appassionati della Moda il <\/span><span style=\"font-size: large;\"><b>Venerd\u00ec<\/b><\/span><span style=\"font-size: large;\"> in prima serata su<\/span><span style=\"font-size: large;\"><b> Telemilano <\/b><\/span><span style=\"font-size: large;\">e il <\/span><span style=\"font-size: large;\"><b>Sabato <\/b><\/span><span style=\"font-size: large;\">durante lo speciale in onda su S<\/span><span style=\"font-size: large;\"><b>ky EuropaTv <\/b><\/span><span style=\"font-size: large;\">alle<\/span><span style=\"font-size: large;\"><b> 14.00. <\/b><\/span><\/span><\/span><\/span><\/p>\n<p align=\"justify\"><span style=\"font-family: Times New Roman, serif;\"><span style=\"font-size: large;\">Amanti della moda siete avvisati: non perdetevi l\u2019appuntamento con <\/span><\/span><span style=\"font-family: Times New Roman, serif;\"><span style=\"font-size: large;\"><i><b>Milano Fashion Lovers.<\/b><\/i><\/span><\/span><\/p>\n","protected":false},"excerpt":{"rendered":"<p>&nbsp; Al via Milano Fashion Lovers \u201cInnamorati della Moda\u201d Da venerd\u00ec 1\u00b0 Marzo in prima serata arriva Milano Fashion Lovers, [&hellip;]<\/p>\n","protected":false},"author":1,"featured_media":0,"comment_status":"open","ping_status":"open","sticky":false,"template":"","format":"standard","meta":{"footnotes":""},"categories":[33,10],"tags":[],"class_list":["post-5601","post","type-post","status-publish","format-standard","hentry","category-espectaculo","category-italiano"],"_links":{"self":[{"href":"https:\/\/www.ecoitaliano.com.ar\/index.php?rest_route=\/wp\/v2\/posts\/5601","targetHints":{"allow":["GET"]}}],"collection":[{"href":"https:\/\/www.ecoitaliano.com.ar\/index.php?rest_route=\/wp\/v2\/posts"}],"about":[{"href":"https:\/\/www.ecoitaliano.com.ar\/index.php?rest_route=\/wp\/v2\/types\/post"}],"author":[{"embeddable":true,"href":"https:\/\/www.ecoitaliano.com.ar\/index.php?rest_route=\/wp\/v2\/users\/1"}],"replies":[{"embeddable":true,"href":"https:\/\/www.ecoitaliano.com.ar\/index.php?rest_route=%2Fwp%2Fv2%2Fcomments&post=5601"}],"version-history":[{"count":0,"href":"https:\/\/www.ecoitaliano.com.ar\/index.php?rest_route=\/wp\/v2\/posts\/5601\/revisions"}],"wp:attachment":[{"href":"https:\/\/www.ecoitaliano.com.ar\/index.php?rest_route=%2Fwp%2Fv2%2Fmedia&parent=5601"}],"wp:term":[{"taxonomy":"category","embeddable":true,"href":"https:\/\/www.ecoitaliano.com.ar\/index.php?rest_route=%2Fwp%2Fv2%2Fcategories&post=5601"},{"taxonomy":"post_tag","embeddable":true,"href":"https:\/\/www.ecoitaliano.com.ar\/index.php?rest_route=%2Fwp%2Fv2%2Ftags&post=5601"}],"curies":[{"name":"wp","href":"https:\/\/api.w.org\/{rel}","templated":true}]}}