{"id":5656,"date":"2019-02-06T23:28:37","date_gmt":"2019-02-06T23:28:37","guid":{"rendered":"http:\/\/www.ecoitaliano.com.ar\/?p=5656"},"modified":"2019-02-06T23:28:37","modified_gmt":"2019-02-06T23:28:37","slug":"la-visita-di-papa-francesco-negli-emirati-arabi","status":"publish","type":"post","link":"https:\/\/www.ecoitaliano.com.ar\/?p=5656","title":{"rendered":"La visita di Papa Francesco negli Emirati Arabi"},"content":{"rendered":"<p><a href=\"http:\/\/www.ecoitaliano.com.ar\/wp-content\/uploads\/2019\/02\/papa-francesco-Sheikh-Ahmed-al-Tayeb-1024x615.jpg\"><img decoding=\"async\" class=\"alignnone size-full wp-image-5657\" src=\"http:\/\/www.ecoitaliano.com.ar\/wp-content\/uploads\/2019\/02\/papa-francesco-Sheikh-Ahmed-al-Tayeb-1024x615.jpg\" alt=\"\" width=\"1024\" height=\"615\" srcset=\"https:\/\/www.ecoitaliano.com.ar\/wp-content\/uploads\/2019\/02\/papa-francesco-Sheikh-Ahmed-al-Tayeb-1024x615.jpg 1024w, https:\/\/www.ecoitaliano.com.ar\/wp-content\/uploads\/2019\/02\/papa-francesco-Sheikh-Ahmed-al-Tayeb-1024x615-300x180.jpg 300w, https:\/\/www.ecoitaliano.com.ar\/wp-content\/uploads\/2019\/02\/papa-francesco-Sheikh-Ahmed-al-Tayeb-1024x615-768x461.jpg 768w, https:\/\/www.ecoitaliano.com.ar\/wp-content\/uploads\/2019\/02\/papa-francesco-Sheikh-Ahmed-al-Tayeb-1024x615-150x90.jpg 150w, https:\/\/www.ecoitaliano.com.ar\/wp-content\/uploads\/2019\/02\/papa-francesco-Sheikh-Ahmed-al-Tayeb-1024x615-250x150.jpg 250w\" sizes=\"(max-width: 1024px) 100vw, 1024px\" \/><\/a><\/p>\n<p>&nbsp;<\/p>\n<p align=\"center\"><span style=\"font-size: x-large;\"><b>Note sparse intorno a un grande evento<\/b><\/span><\/p>\n<p align=\"center\"><span style=\"font-size: large;\">La visita di Papa Francesco negli Emirati Arabi<\/span><\/p>\n<p>&nbsp;<\/p>\n<p align=\"justify\">Il termine \u201cstorico\u201d, nelle narrazioni inerenti l\u2019epoca in cui viviamo, va molto di moda. Cos\u00ec tanto che se ne sta perdendo il senso, come quelle monete tanto a lungo usate da aver perso traccia delle figure sopra di esse impresse. Ma la visita di <b>Papa Francesco<\/b> agli Emirati Arabi Uniti, la celebrazione della Messa e il \u201cDocumento sulla fratellanza umana per la pace mondiale e la convivenza comune\u201d firmato insieme alla massima autorit\u00e0 dell\u2019Islam sunnita sono avvenimenti storici nel senso pi\u00f9 pieno della parola. Sono storici non solo perch\u00e9 per la prima volta un Papa ha celebrato Messa nella penisola Arabica (culla dell\u2019Islam) ma perch\u00e9 con il loro fortissimo valore simbolico, religioso e concreto sono destinati a segnare profondamente il futuro del Cristianesimo, dell\u2019Islamismo, del loro rapporto e del rapporto tra loro e il mondo.<\/p>\n<p align=\"justify\">C\u2019\u00e8 in questa visita un senso simbolico che si riallaccia alla figura di <b>Francesco d\u2019Assisi<\/b>. Il Santo, che afferma essere il cristiano \u201carmato\u201d solo della sua \u201cfede umile e del suo amore concreto\u201d, \u00e8 il modello a cui si richiama il Papa nelle questioni dei rapporti tra religioni. Vi si richiama inoltre in terra musulmana additando il modello francescano da un lato come esempio dell\u2019incontro con fedi diverse e dall\u2019altro come alternativa a chi, nel 1219 come oggi, si fa avanti verso l\u2019altro armato di tutto punto per imporsi con la violenza. La storia viene valorizzata come fonte della tolleranza e l\u2019idea di Crociata respinta perch\u00e9 basata sulla forza e non sull\u2019amore.<\/p>\n<p align=\"justify\">Il valore simbolico di San Francesco \u00e8 quindi essenzialmente religioso e la grande Messa a cui hanno partecipato 45mila persone dentro lo stadio, mentre altre 140mila erano presenti fuori, ne \u00e8 stato il vertice. Qualcosa come circa 100 nazionalit\u00e0 diverse erano rappresentate e a nessuno pu\u00f2 sfuggire il profondo significato di celebrare la Messa in questa forma e in questi luoghi e la Messa, di nuovo, \u00e8 anche ricordo, memoria di un Sacrificio. N\u00e9 va sottovalutata la successiva visita alla Cattedrale cattolica di <b>Abu Dhabi<\/b>, una parrocchia di 100mila fedeli (!) in cui varie lingue, occidentali e asiatiche, s\u2019intrecciano in una polifonia armonicamente unificata dal Cristianesimo.<\/p>\n<p align=\"justify\"><a name=\"_GoBack\"><\/a> Un\u2019armonia sempre pi\u00f9 necessaria nell\u2019epoca della globalizzazione e qui, concretamente, s\u2019inserisce la \u201cDichiarazione\u201d firmata insieme al Grande Imam <em>di al<\/em>&#8211;<em>Azhar<\/em>,\u00a0<em><b>A\u1e25mad al<\/b><\/em>&#8211;<em><b>Tayyib<\/b><\/em>. Il nucleo \u00e8 basato sull\u2019affermazione che \u201cDio non vuole che il suo nome venga usato per terrorizzare la gente\u201d, laddove il secondo verbo indica immediatamente a chi \u00e8 indirizzata l\u2019esortazione. Sfruttare il nome di Dio per uccidere non \u00e8 un\u2019azione religiosa, ma esecrabile perch\u00e9 \u201cDio ha proibito di uccidere\u201d. Dagli Emirati Arabi il documento firmato parla in difesa \u201cdei poveri, degli orfani e delle vedove, dei rifugiati ed esiliati, di tutte le vittime delle guerre e delle persecuzioni\u201d e invoca l\u2019intervento dei leaders politici perch\u00e9 si ponga fine \u201calle guerre, ai conflitti, al degrado e al declino culturale e morale\u201d.<\/p>\n<p align=\"justify\">E\u2019 questo un aspetto che approfondisce un aspetto importante e tradizionale nell\u2019agire concreto della Chiesa nel mondo globalizzato. Non si pu\u00f2 non notare che, dopo <b>Panama<\/b> e dopo l\u2019accordo con la <b>Repubblica Popolare Cinese<\/b>, la Chiesa conferma e sviluppa quel ruolo ecumenico che dall\u2019inizio la caratterizza. Il modello francescano, la Messa, la Dichiarazione (estremamente coraggiosa anche da parte musulmana) ribadiscono con forza in chiave non solo europea e\/o occidentale il ruolo della Chiesa. La storicit\u00e0 di questa visita risiede nel fatto che al di l\u00e0 dei confini nazionali, al di l\u00e0 del dominio del denaro <b>Papa Francesco<\/b> ha aperto, attraverso la Fonte del Cristianesimo, nuove vie nel nuovo mondo della globalizzazione. La speranza \u00e8 che si abbia la forza di percorrerle.<\/p>\n<p align=\"justify\"><b>Nicola F. Pomponio<\/b><\/p>\n","protected":false},"excerpt":{"rendered":"<p>&nbsp; Note sparse intorno a un grande evento La visita di Papa Francesco negli Emirati Arabi &nbsp; Il termine \u201cstorico\u201d, [&hellip;]<\/p>\n","protected":false},"author":1,"featured_media":0,"comment_status":"open","ping_status":"open","sticky":false,"template":"","format":"standard","meta":{"footnotes":""},"categories":[10,42],"tags":[],"class_list":["post-5656","post","type-post","status-publish","format-standard","hentry","category-italiano","category-religion"],"_links":{"self":[{"href":"https:\/\/www.ecoitaliano.com.ar\/index.php?rest_route=\/wp\/v2\/posts\/5656","targetHints":{"allow":["GET"]}}],"collection":[{"href":"https:\/\/www.ecoitaliano.com.ar\/index.php?rest_route=\/wp\/v2\/posts"}],"about":[{"href":"https:\/\/www.ecoitaliano.com.ar\/index.php?rest_route=\/wp\/v2\/types\/post"}],"author":[{"embeddable":true,"href":"https:\/\/www.ecoitaliano.com.ar\/index.php?rest_route=\/wp\/v2\/users\/1"}],"replies":[{"embeddable":true,"href":"https:\/\/www.ecoitaliano.com.ar\/index.php?rest_route=%2Fwp%2Fv2%2Fcomments&post=5656"}],"version-history":[{"count":0,"href":"https:\/\/www.ecoitaliano.com.ar\/index.php?rest_route=\/wp\/v2\/posts\/5656\/revisions"}],"wp:attachment":[{"href":"https:\/\/www.ecoitaliano.com.ar\/index.php?rest_route=%2Fwp%2Fv2%2Fmedia&parent=5656"}],"wp:term":[{"taxonomy":"category","embeddable":true,"href":"https:\/\/www.ecoitaliano.com.ar\/index.php?rest_route=%2Fwp%2Fv2%2Fcategories&post=5656"},{"taxonomy":"post_tag","embeddable":true,"href":"https:\/\/www.ecoitaliano.com.ar\/index.php?rest_route=%2Fwp%2Fv2%2Ftags&post=5656"}],"curies":[{"name":"wp","href":"https:\/\/api.w.org\/{rel}","templated":true}]}}