{"id":57162,"date":"2024-06-17T10:36:30","date_gmt":"2024-06-17T10:36:30","guid":{"rendered":"https:\/\/www.ecoitaliano.com.ar\/?p=57162"},"modified":"2024-06-17T10:36:30","modified_gmt":"2024-06-17T10:36:30","slug":"si-chiude-il-festival-della-disperazione-anche-per-questa-lviii-edizione-un-inaspettato-successo","status":"publish","type":"post","link":"https:\/\/www.ecoitaliano.com.ar\/?p=57162","title":{"rendered":"Si chiude il Festival della Disperazione: anche per questa l\u2019VIII edizione un \u201cinaspettato\u201d successo"},"content":{"rendered":"\n<figure class=\"wp-block-image\"><img decoding=\"async\" src=\"https:\/\/lh7-us.googleusercontent.com\/docsz\/AD_4nXcSfdpNq7wzhq5yJ5CT2WPV-w1eK_1LpEcfFT2wH1-47tWDo63oOeDVqKj9mvBbm5Oe52tw-IoRQgZWjRmVFlgilrPmsPmLbCLy-ixwGz-zQEfEAldrGR_wE7xoWXJwF2TdrJXVTFiHx9mbqqsaKxSlrrc0?key=TyVLIgYguhHyAVHS-rvN6w\" alt=\"\"\/><\/figure>\n\n\n\n<p><strong>Festival della Disperazione: anche per questa l\u2019VIII edizione un \u201cinaspettato\u201d successo<\/strong><\/p>\n\n\n\n<p><strong><em>Si chiudono con 5.200 presenze i 10 giorni di festival dedicati al tema dell\u2019errore in tutte le sue forme<\/em><\/strong><\/p>\n\n\n\n<p><em><u>Andria 16 giugno 2024<\/u><\/em>&nbsp;&#8211; Con&nbsp;<strong>5.200 presenze si chiude il Festival della Disperazione&nbsp;<\/strong>di Andria.&nbsp;<strong>44 ospiti<\/strong>&nbsp;da tutta Italia per&nbsp;<strong>10 giorni&nbsp;<\/strong>di appuntamenti e&nbsp;<strong>38 incontri:&nbsp;<\/strong>anche per questa VIII edizione<strong>,&nbsp;<\/strong>iniziata lo scorso 7 giugno 2024, si conferma un successo. Organizzato dal Circolo dei Lettori di Andria con la&nbsp;<strong>direzione artistica di Gigi Brandonisio, il tema di questa edizione&nbsp;<\/strong>\u00e8 stato<strong>&nbsp;\u201cCome fai fai sbagli\u201d:<\/strong>&nbsp;al centro<strong>&nbsp;<\/strong>l\u2019errore in tutte le sue forme, nella letteratura e nella vita quotidiana, e i suoi possibili risvolti trasformativi.<\/p>\n\n\n\n<p><em>\u00abUn&#8217;avventura incredibile questa VIII edizione del Festival della Disperazione. Dopo la crisi del settimo anno l&#8217;obiettivo minimo era quello di rilanciare il Festival per quantit\u00e0 di appuntamenti e confermare, e se possibile migliorare, la qualit\u00e0 dei contenuti. Un obiettivo oggettivamente ampiamente raggiunto. \u00c8 stata un&#8217;edizione, come sempre, piena di emozioni e di entusiasmo: abbiamo ascoltato autori incredibili e risolto i piccoli grandi drammi quotidiano che solo un vero Festival della Disperazione pu\u00f2 avere. Ogni volta si realizza un&#8217;alchimia incredibile, il Festival accade, si realizza, in una forma e in un modo ogni volta sorprendenti. Ci lascia con gli occhi sgranati per la meraviglia e le orecchie piene di storie incredibili. Nonostante le coronarie sempre a rischio alla fine di questi dieci giorni non si pu\u00f2 non dire che qualcosa di incredibile sia accaduto. Al pubblico lascio l&#8217;ultima parola sul giudizio finale, ben sapendo che ci abbiamo provato in ogni modo a fare le cose per bene, ma come ormai noto \u201ccome fai fai sbagli\u201d\u00bb&nbsp;<\/em><strong>ha detto Gigi Brandonisio, direttore artistico del Festival della Disperazione.<\/strong><\/p>\n\n\n\n<p>Ad<strong>&nbsp;<\/strong>aprire il Festival sono stati i giornalisti&nbsp;<strong>Giulia Alonzo&nbsp;<\/strong>e<strong>&nbsp;Oliviero Ponte di Pino<\/strong>, che si sono interrogati sul significato e l&#8217;utilit\u00e0 di un evento culturale in un&#8217;epoca contraddistinta da disastri e incertezze ricorrenti. E proprio l\u2019attualit\u00e0 e i suoi temi pi\u00f9 urgenti sono stati affrontati, con il consueto tono ironico della rassegna, in questi 10 giorni di dibattiti e performance: dall\u2019ambiente con l\u2019inviata per&nbsp;<em>Geo<\/em><strong>&nbsp;Sara Segantin<\/strong>, l\u2019attivista&nbsp;<strong>Alice Franchi&nbsp;<\/strong>e la scrittrice<strong>&nbsp;Barbara Bernardini<\/strong>,&nbsp;al lavoro con i giornalisti&nbsp;<strong>Niccol\u00f2 Zancan&nbsp;<\/strong>e<strong>&nbsp;Irene Soave&nbsp;<\/strong>e la sociologa&nbsp;<strong>Francesca Coin<\/strong>, dai femminismi con l\u2019autrice&nbsp;<strong>Chiara Tagliaferri&nbsp;<\/strong>e le relazioni con la psicoanalista&nbsp;<strong>Laura Pigozzi<\/strong>&nbsp;e la saggista&nbsp;<strong>Carolina Bandinelli<\/strong>, dalla politica con gli attori&nbsp;<strong>Luca Amorosino<\/strong>&nbsp;e&nbsp;<strong>Carlo De Ruggieri<\/strong>&nbsp;ai pi\u00f9 disparati temi sociali.&nbsp;<\/p>\n\n\n\n<p>Non \u00e8 mancato lo spazio dedicato, come sempre, alla grande letteratura e ai suoi classici, raccontati magistralmente dagli scrittori&nbsp;<strong>Nicola Lagioia<\/strong>,&nbsp;<strong>Roberto Mercadini, Guido Vitiello<\/strong>,&nbsp;<strong>Ilaria Gaspari&nbsp;<\/strong>e<strong>&nbsp;Mauro Covacich.&nbsp;<\/strong><\/p>\n\n\n\n<p>Sono saliti sul palco del Seminario Vescovile anche grandi scienziati e divulgatori come il professore ordinario di Fisica sperimentale all\u2019Universit\u00e0 di Padova<strong>&nbsp;Piero Martin<\/strong>, il genetista&nbsp;<strong>Edoardo Boncinelli<\/strong>&nbsp;e la voce di Rai Radio3 Scienza&nbsp;<strong>Roberta Fulci<\/strong>. Sono stati una fonte di ispirazione gli interventi del teologo&nbsp;<strong>Vito Mancuso<\/strong>, della filosofa&nbsp;<strong>Lucrezia Ercoli<\/strong>&nbsp;e della sociolinguista&nbsp;<strong>Vera Gheno<\/strong>.<\/p>\n\n\n\n<p>Senza dimenticare i grandi protagonisti del mondo dello spettacolo, come l\u2019attore&nbsp;<strong>Massimiliano Loizzi<\/strong>, il cantante&nbsp;<strong>Ghemon<\/strong>, l\u2019autore di podcast&nbsp;<strong>Mauro Pescio<\/strong>.&nbsp;<\/p>\n\n\n\n<p>E ancora&nbsp;<strong>Ermanno Cavazzoni<\/strong>,&nbsp;<strong>Antonio Pascale<\/strong>,&nbsp;<strong>Paolo Pecere<\/strong>,&nbsp;<strong>Andrea Piva<\/strong>,&nbsp;<strong>Federico Zuolo<\/strong>,&nbsp;<strong>Claudio Morici<\/strong>,&nbsp;<strong>Anna Voltaggio<\/strong>,&nbsp;<strong>Saverio Tommasi<\/strong>,&nbsp;<strong>Andrea Cosentino<\/strong>,&nbsp;<strong>Roberto Inchingolo<\/strong>,&nbsp;<strong>Niccol\u00f2 Fettarappa<\/strong>&nbsp;e&nbsp;<strong>Lorenzo Guerrieri<\/strong>, oltre 40 personalit\u00e0 del mondo della cultura italiana un festival che mette al centro il potere trasformativo della letteratura e della cultura.&nbsp;<\/p>\n\n\n\n<p><em>Il Festival \u00e8 ideato e organizzato dal Circolo dei Lettori di Andria. Si ringrazia per il sostegno la Biblioteca Diocesana San Tommaso D&#8217;Aquino, l&#8217;Arciconfraternita Immacolata Concezione e i Presidi del Libro e per la collaborazione i partner Cristal Palace Hotel e Collettivo 32.<\/em><\/p>\n\n\n\n<p><strong>UFFICIO STAMPA<\/strong><\/p>\n\n\n\n<p>Silvia Bellucci, +39 3461561637 &#8211;&nbsp;<a href=\"mailto:silviabellucci@live.it\" target=\"_blank\" rel=\"noreferrer noopener\">silviabellucci@live.it<\/a><\/p>\n\n\n\n<p>Claudia Cervellini, +39 3204245502<strong>&nbsp;&#8211;&nbsp;<\/strong><a href=\"mailto:claudia.cervellini.92@gmail.com\" target=\"_blank\" rel=\"noreferrer noopener\">claudia.cervellini.92@gmail.com<\/a><\/p>\n","protected":false},"excerpt":{"rendered":"<p>Festival della Disperazione: anche per questa l\u2019VIII edizione un \u201cinaspettato\u201d successo Si chiudono con 5.200 presenze i 10 giorni di [&hellip;]<\/p>\n","protected":false},"author":1,"featured_media":0,"comment_status":"open","ping_status":"open","sticky":false,"template":"","format":"standard","meta":{"footnotes":""},"categories":[33,10],"tags":[],"class_list":["post-57162","post","type-post","status-publish","format-standard","hentry","category-espectaculo","category-italiano"],"_links":{"self":[{"href":"https:\/\/www.ecoitaliano.com.ar\/index.php?rest_route=\/wp\/v2\/posts\/57162","targetHints":{"allow":["GET"]}}],"collection":[{"href":"https:\/\/www.ecoitaliano.com.ar\/index.php?rest_route=\/wp\/v2\/posts"}],"about":[{"href":"https:\/\/www.ecoitaliano.com.ar\/index.php?rest_route=\/wp\/v2\/types\/post"}],"author":[{"embeddable":true,"href":"https:\/\/www.ecoitaliano.com.ar\/index.php?rest_route=\/wp\/v2\/users\/1"}],"replies":[{"embeddable":true,"href":"https:\/\/www.ecoitaliano.com.ar\/index.php?rest_route=%2Fwp%2Fv2%2Fcomments&post=57162"}],"version-history":[{"count":0,"href":"https:\/\/www.ecoitaliano.com.ar\/index.php?rest_route=\/wp\/v2\/posts\/57162\/revisions"}],"wp:attachment":[{"href":"https:\/\/www.ecoitaliano.com.ar\/index.php?rest_route=%2Fwp%2Fv2%2Fmedia&parent=57162"}],"wp:term":[{"taxonomy":"category","embeddable":true,"href":"https:\/\/www.ecoitaliano.com.ar\/index.php?rest_route=%2Fwp%2Fv2%2Fcategories&post=57162"},{"taxonomy":"post_tag","embeddable":true,"href":"https:\/\/www.ecoitaliano.com.ar\/index.php?rest_route=%2Fwp%2Fv2%2Ftags&post=57162"}],"curies":[{"name":"wp","href":"https:\/\/api.w.org\/{rel}","templated":true}]}}