{"id":57182,"date":"2024-06-17T19:59:21","date_gmt":"2024-06-17T19:59:21","guid":{"rendered":"https:\/\/www.ecoitaliano.com.ar\/?p=57182"},"modified":"2024-06-17T19:59:21","modified_gmt":"2024-06-17T19:59:21","slug":"serena-conduce-operaclassica-eco-italiano-3431","status":"publish","type":"post","link":"https:\/\/www.ecoitaliano.com.ar\/?p=57182","title":{"rendered":"Serena conduce operaclassica eco italiano"},"content":{"rendered":"\n<figure class=\"wp-block-image size-full is-resized\"><a href=\"https:\/\/www.ecoitaliano.com.ar\/wp-content\/uploads\/2024\/06\/a3e520a2-f592-4b4c-bf01-ae00f7e88b72.png\"><img decoding=\"async\" width=\"400\" height=\"105\" src=\"https:\/\/www.ecoitaliano.com.ar\/wp-content\/uploads\/2024\/06\/a3e520a2-f592-4b4c-bf01-ae00f7e88b72.png\" alt=\"\" class=\"wp-image-57183\" style=\"width:378px;height:auto\" srcset=\"https:\/\/www.ecoitaliano.com.ar\/wp-content\/uploads\/2024\/06\/a3e520a2-f592-4b4c-bf01-ae00f7e88b72.png 400w, https:\/\/www.ecoitaliano.com.ar\/wp-content\/uploads\/2024\/06\/a3e520a2-f592-4b4c-bf01-ae00f7e88b72-300x79.png 300w, https:\/\/www.ecoitaliano.com.ar\/wp-content\/uploads\/2024\/06\/a3e520a2-f592-4b4c-bf01-ae00f7e88b72-150x39.png 150w\" sizes=\"(max-width: 400px) 100vw, 400px\" \/><\/a><\/figure>\n\n\n\n<p>Comunicato stampa, Palermo 17.6.2024<\/p>\n\n\n\n<p><strong>Il Teatro Massimo di Palermo \u00e8 sul podio dei teatri pi\u00f9 importanti al mondo<\/strong><\/p>\n\n\n\n<p>La classifica, stilata su un campione di 100 mila utenti votanti dalla piattaforma internazionale Travel 365, su una selezione di 50 teatri&nbsp; sparsi per il mondo, vede il <strong>Teatro Massimo di Palermo <\/strong>al terzo posto tra i teatri pi\u00f9 belli e importanti dopo il Teatro Colon di Buenos Aires e il Teatro Alla Scala di Milano.<\/p>\n\n\n\n<p>\u201c\u00c8 motivo, non solo di soddisfazione, ma di grande orgoglio apprendere che il Teatro Massimo sia sul podio dei teatri pi\u00f9 belli e famosi del mondo, al termine di un sondaggio che ha coinvolto la numerosa community della piattaforma internazionale Travel 365. L\u2019ennesimo riconoscimento a quello che per la citt\u00e0 rappresenta il simbolo della cultura. Un simbolo riconosciuto a livello internazionale. Tutto questo dimostra come sia stata lungimirante la scelta di questa amministrazione di aver puntato fin dal proprio insediamento, sul rilancio del Teatro Massimo e i risultati dell\u2019ultimo biennio ne sono l\u2019evidente prova\u201d, afferma il Sindaco e Presidente della Fondazione Teatro Massimo <strong>Roberto Lagalla<\/strong>.<\/p>\n\n\n\n<p>\u201cSiamo felici di questo riconoscimento che ci incoraggia a mantenere alto il livello dell\u2019offerta culturale&nbsp; e della fruibilit\u00e0 del Teatro, sia come monumento di impareggiabile valore artistico e monumentale, sia come istituzione e fabbrica di arte e cultura che con tutti i suoi lavoratori rappresenta nel mondo l\u2019identit\u00e0 culturale italiana in tutta la sua ricchezza e bellezza\u201d &#8211; aggiunge il Sovrintendente e direttore artistico <strong>Marco Betta<\/strong>.<\/p>\n\n\n\n<p>Inaugurato alla fine dell\u2019Ottocento e fin da subito protagonista della vita culturale della citt\u00e0 il Teatro Massimo \u00e8 uno dei monumenti pi\u00f9 visitati di Palermo. Nel 2023 ha raggiunto il record assoluto di oltre 200.000 visitatori. Aperto 365 giorni all\u2019anno oggi \u00e8 la prima fabbrica culturale della Sicilia con la sua Orchestra, il Coro, il Corpo di ballo, le formazioni giovanili e i laboratori di scenotecnica. Ospita i pi\u00f9 grandi artisti della scena internazionale con una programmazione costante di opere, balletti e concerti.<\/p>\n\n\n\n<p><strong>Ufficio Stampa<\/strong><\/p>\n\n\n\n<p><strong>Fondazione Teatro Massimo<\/strong><\/p>\n\n\n\n<p>Giovannella Brancato +39 340 8334979 stampa@teatromassimo.it<\/p>\n\n\n\n<figure class=\"wp-block-gallery has-nested-images columns-default is-cropped wp-block-gallery-1 is-layout-flex wp-block-gallery-is-layout-flex\">\n<figure class=\"wp-block-image size-large\"><a href=\"https:\/\/www.ecoitaliano.com.ar\/wp-content\/uploads\/2024\/06\/Rosone_Teatro-Massimo-Palermo_\u252c\u00ae-rosellina-garbo_MGL6709_low.jpg\"><img decoding=\"async\" width=\"1024\" height=\"683\" data-id=\"57186\" src=\"https:\/\/www.ecoitaliano.com.ar\/wp-content\/uploads\/2024\/06\/Rosone_Teatro-Massimo-Palermo_\u252c\u00ae-rosellina-garbo_MGL6709_low-1024x683.jpg\" alt=\"\" class=\"wp-image-57186\" srcset=\"https:\/\/www.ecoitaliano.com.ar\/wp-content\/uploads\/2024\/06\/Rosone_Teatro-Massimo-Palermo_\u252c\u00ae-rosellina-garbo_MGL6709_low-1024x683.jpg 1024w, https:\/\/www.ecoitaliano.com.ar\/wp-content\/uploads\/2024\/06\/Rosone_Teatro-Massimo-Palermo_\u252c\u00ae-rosellina-garbo_MGL6709_low-300x200.jpg 300w, https:\/\/www.ecoitaliano.com.ar\/wp-content\/uploads\/2024\/06\/Rosone_Teatro-Massimo-Palermo_\u252c\u00ae-rosellina-garbo_MGL6709_low-768x512.jpg 768w, https:\/\/www.ecoitaliano.com.ar\/wp-content\/uploads\/2024\/06\/Rosone_Teatro-Massimo-Palermo_\u252c\u00ae-rosellina-garbo_MGL6709_low-150x100.jpg 150w, https:\/\/www.ecoitaliano.com.ar\/wp-content\/uploads\/2024\/06\/Rosone_Teatro-Massimo-Palermo_\u252c\u00ae-rosellina-garbo_MGL6709_low.jpg 1395w\" sizes=\"(max-width: 1024px) 100vw, 1024px\" \/><\/a><figcaption class=\"wp-element-caption\">\u00a9 rosellina garbo<\/figcaption><\/figure>\n\n\n\n<figure class=\"wp-block-image size-large\"><a href=\"https:\/\/www.ecoitaliano.com.ar\/wp-content\/uploads\/2024\/06\/Teatro-Massimo-Palermo-2022-10-23.jpeg\"><img decoding=\"async\" width=\"1024\" height=\"768\" data-id=\"57184\" src=\"https:\/\/www.ecoitaliano.com.ar\/wp-content\/uploads\/2024\/06\/Teatro-Massimo-Palermo-2022-10-23.jpeg\" alt=\"\" class=\"wp-image-57184\" srcset=\"https:\/\/www.ecoitaliano.com.ar\/wp-content\/uploads\/2024\/06\/Teatro-Massimo-Palermo-2022-10-23.jpeg 1024w, https:\/\/www.ecoitaliano.com.ar\/wp-content\/uploads\/2024\/06\/Teatro-Massimo-Palermo-2022-10-23-300x225.jpeg 300w, https:\/\/www.ecoitaliano.com.ar\/wp-content\/uploads\/2024\/06\/Teatro-Massimo-Palermo-2022-10-23-768x576.jpeg 768w, https:\/\/www.ecoitaliano.com.ar\/wp-content\/uploads\/2024\/06\/Teatro-Massimo-Palermo-2022-10-23-150x113.jpeg 150w\" sizes=\"(max-width: 1024px) 100vw, 1024px\" \/><\/a><\/figure>\n\n\n\n<figure class=\"wp-block-image size-large\"><a href=\"https:\/\/www.ecoitaliano.com.ar\/wp-content\/uploads\/2024\/06\/Teatro-Massimo-Palermo-facciata-\u252c\u00ae-Francesco-Ferla-scaled.jpg\"><img decoding=\"async\" width=\"1024\" height=\"768\" data-id=\"57185\" src=\"https:\/\/www.ecoitaliano.com.ar\/wp-content\/uploads\/2024\/06\/Teatro-Massimo-Palermo-facciata-\u252c\u00ae-Francesco-Ferla-1024x768.jpg\" alt=\"\" class=\"wp-image-57185\" srcset=\"https:\/\/www.ecoitaliano.com.ar\/wp-content\/uploads\/2024\/06\/Teatro-Massimo-Palermo-facciata-\u252c\u00ae-Francesco-Ferla-1024x768.jpg 1024w, https:\/\/www.ecoitaliano.com.ar\/wp-content\/uploads\/2024\/06\/Teatro-Massimo-Palermo-facciata-\u252c\u00ae-Francesco-Ferla-300x225.jpg 300w, https:\/\/www.ecoitaliano.com.ar\/wp-content\/uploads\/2024\/06\/Teatro-Massimo-Palermo-facciata-\u252c\u00ae-Francesco-Ferla-768x576.jpg 768w, https:\/\/www.ecoitaliano.com.ar\/wp-content\/uploads\/2024\/06\/Teatro-Massimo-Palermo-facciata-\u252c\u00ae-Francesco-Ferla-1536x1152.jpg 1536w, https:\/\/www.ecoitaliano.com.ar\/wp-content\/uploads\/2024\/06\/Teatro-Massimo-Palermo-facciata-\u252c\u00ae-Francesco-Ferla-2048x1536.jpg 2048w, https:\/\/www.ecoitaliano.com.ar\/wp-content\/uploads\/2024\/06\/Teatro-Massimo-Palermo-facciata-\u252c\u00ae-Francesco-Ferla-150x113.jpg 150w\" sizes=\"(max-width: 1024px) 100vw, 1024px\" \/><\/a><\/figure>\n<\/figure>\n","protected":false},"excerpt":{"rendered":"<p>Comunicato stampa, Palermo 17.6.2024 Il Teatro Massimo di Palermo \u00e8 sul podio dei teatri pi\u00f9 importanti al mondo La classifica, [&hellip;]<\/p>\n","protected":false},"author":1,"featured_media":0,"comment_status":"open","ping_status":"open","sticky":false,"template":"","format":"standard","meta":{"footnotes":""},"categories":[1],"tags":[],"class_list":["post-57182","post","type-post","status-publish","format-standard","hentry","category-sin-categoria"],"_links":{"self":[{"href":"https:\/\/www.ecoitaliano.com.ar\/index.php?rest_route=\/wp\/v2\/posts\/57182","targetHints":{"allow":["GET"]}}],"collection":[{"href":"https:\/\/www.ecoitaliano.com.ar\/index.php?rest_route=\/wp\/v2\/posts"}],"about":[{"href":"https:\/\/www.ecoitaliano.com.ar\/index.php?rest_route=\/wp\/v2\/types\/post"}],"author":[{"embeddable":true,"href":"https:\/\/www.ecoitaliano.com.ar\/index.php?rest_route=\/wp\/v2\/users\/1"}],"replies":[{"embeddable":true,"href":"https:\/\/www.ecoitaliano.com.ar\/index.php?rest_route=%2Fwp%2Fv2%2Fcomments&post=57182"}],"version-history":[{"count":0,"href":"https:\/\/www.ecoitaliano.com.ar\/index.php?rest_route=\/wp\/v2\/posts\/57182\/revisions"}],"wp:attachment":[{"href":"https:\/\/www.ecoitaliano.com.ar\/index.php?rest_route=%2Fwp%2Fv2%2Fmedia&parent=57182"}],"wp:term":[{"taxonomy":"category","embeddable":true,"href":"https:\/\/www.ecoitaliano.com.ar\/index.php?rest_route=%2Fwp%2Fv2%2Fcategories&post=57182"},{"taxonomy":"post_tag","embeddable":true,"href":"https:\/\/www.ecoitaliano.com.ar\/index.php?rest_route=%2Fwp%2Fv2%2Ftags&post=57182"}],"curies":[{"name":"wp","href":"https:\/\/api.w.org\/{rel}","templated":true}]}}