{"id":57304,"date":"2024-06-17T20:34:00","date_gmt":"2024-06-17T20:34:00","guid":{"rendered":"https:\/\/www.ecoitaliano.com.ar\/?p=57304"},"modified":"2024-06-17T20:34:00","modified_gmt":"2024-06-17T20:34:00","slug":"serena-conduce-operaclassica-eco-italiano-3434","status":"publish","type":"post","link":"https:\/\/www.ecoitaliano.com.ar\/?p=57304","title":{"rendered":"Serena conduce operaclassica eco italiano"},"content":{"rendered":"<div class=\"wp-block-image\">\n<figure class=\"aligncenter size-full is-resized\"><a href=\"https:\/\/www.ecoitaliano.com.ar\/wp-content\/uploads\/2024\/06\/Screenshot-280-1.png\"><img decoding=\"async\" width=\"432\" height=\"117\" src=\"https:\/\/www.ecoitaliano.com.ar\/wp-content\/uploads\/2024\/06\/Screenshot-280-1.png\" alt=\"\" class=\"wp-image-57305\" style=\"width:335px;height:auto\" srcset=\"https:\/\/www.ecoitaliano.com.ar\/wp-content\/uploads\/2024\/06\/Screenshot-280-1.png 432w, https:\/\/www.ecoitaliano.com.ar\/wp-content\/uploads\/2024\/06\/Screenshot-280-1-300x81.png 300w, https:\/\/www.ecoitaliano.com.ar\/wp-content\/uploads\/2024\/06\/Screenshot-280-1-150x41.png 150w\" sizes=\"(max-width: 432px) 100vw, 432px\" \/><\/a><\/figure><\/div>\n\n\n<p><strong>comunicato stampa<\/strong><\/p>\n\n\n\n<p><strong>Emanuele Senici presenta <\/strong><strong><em>Madama Butterfly<\/em><\/strong><strong> di Giacomo Puccini,<\/strong><\/p>\n\n\n\n<p><strong>al <\/strong><strong>Teatro Carmen Melis<\/strong><\/p>\n\n\n\n<p><strong>Venerd\u00ec 21 giugno, alle 19<\/strong>, nel nuovo <strong>Teatro Carmen Melis<\/strong>, ridotto del Teatro Lirico di Cagliari, il musicologo <strong>Emanuele Senici<\/strong>, al suo <strong>debutto<\/strong> a Cagliari in qualit\u00e0 di conferenziere, presenta <strong><em>Madama Butterfly<\/em><\/strong> di <strong>Giacomo Puccini<\/strong>, in un incontro con il pubblico. L\u2019opera va in scena, <strong>venerd\u00ec 28 giugno alle 20.30<\/strong> (turno A), quale quinto ed ultimo titolo della <strong>Stagione lirica e di balletto 2024<\/strong> <strong>del Teatro Lirico di Cagliari<\/strong>.<\/p>\n\n\n\n<p><strong>L\u2019ingresso alla presentazione \u00e8 libero.<\/strong><\/p>\n\n\n\n<p><strong>Emanuele Senici<\/strong><\/p>\n\n\n\n<p>Ha studiato musicologia all\u2019Universit\u00e0 degli Studi di Pavia, al King\u2019s College di Londra e alla Cornell University. Dal 1998 al 2000 \u00e8 stato Junior Research Fellow al Christ Church College della Oxford University, e, dal 2000 a dicembre 2007, University Lecturer in Music e poi Reader in Musicology nella Faculty of Music della stessa Universit\u00e0, nonch\u00e9 Fellow del St. Hugh\u2019s College. Da gennaio 2008 \u00e8 professore ordinario di storia della musica alla Sapienza di Roma. Le sue ricerche vertono sull\u2019opera italiana del lungo Ottocento, la teoria e la storiografia dell\u2019opera in musica, e l\u2019opera in video. Le sue pubblicazioni recenti includono la monografia \u201cMusic in the Present Tense: Rossini\u2019s Italian Operas in Their Time\u201d (University of Chicago Press, 2019), di cui nei prossimi mesi uscir\u00e0 la traduzione italiana.<\/p>\n\n\n\n<p><strong><em>Madama Butterfly<\/em><\/strong> viene replicata: <strong>sabato 29 giugno alle 19<\/strong> (turno G); <strong>domenica 30 giugno alle 17<\/strong> (turno D); <strong>marted\u00ec 2 luglio alle 20.30<\/strong> (fuori abbonamento); <strong>mercoled\u00ec 3 luglio alle 20.30<\/strong> (turno B); <strong>gioved\u00ec 4 luglio alle 19<\/strong> (turno F); <strong>venerd\u00ec 5 luglio alle 20.30<\/strong> (turno C); <strong>sabato 6 luglio alle 17<\/strong> (turno I); <strong>domenica 7 luglio alle 17<\/strong> (turno E).<\/p>\n\n\n\n<p><strong>La Biglietteria del Teatro Lirico \u00e8 aperta luned\u00ec, marted\u00ec, gioved\u00ec, venerd\u00ec e sabato dalle 9 alle 13, mercoled\u00ec dalle 16 alle 20 e, nei giorni di spettacolo, anche da due ore prima dell\u2019inizio.<\/strong><\/p>\n\n\n\n<p><strong>Per informazioni<\/strong>: <strong>Biglietteria del Teatro Lirico<\/strong>, via Sant\u2019Alenixedda, 09128 Cagliari, telefono 0704082230 &#8211; 0704082249, <a href=\"mailto:biglietteria@teatroliricodicagliari.it;\">biglietteria@teatroliricodicagliari.it<\/a>, <a href=\"http:\/\/www.teatroliricodicagliari.it\/\">www.teatroliricodicagliari.it<\/a>. Il Teatro Lirico di Cagliari si pu\u00f2 seguire anche su Facebook, Twitter, YouTube, Instagram, Linkedin. Biglietteria <em>online<\/em>: www.vivaticket.com.<\/p>\n\n\n\n<p>La Direzione si riserva di apportare al programma le modifiche che si rendessero necessarie per esigenze tecniche o per cause di forza maggiore. Eventuali modifiche al cartellone saranno indicate nel sito internet del teatro www.teatroliricodicagliari.it.<\/p>\n\n\n\n<p>Cagliari, 17 giugno 2024<\/p>\n\n\n\n<p>Pierluigi Corona<\/p>\n\n\n\n<p>Responsabile Ufficio Stampa<\/p>\n\n\n\n<p>Teatro Lirico di Cagliari, via Efisio Cao di San Marco, 09128 Cagliari &#8211; Italia<\/p>\n\n\n\n<p>telefono +39 0704082209 &#8211; <a href=\"mailto:stampa@teatroliricodicagliari.it\">stampa@teatroliricodicagliari.it<\/a> &#8211; <a href=\"http:\/\/www.teatroliricodicagliari.it\/\">www.teatroliricodicagliari.it<\/a><\/p>\n\n\n\n<figure class=\"wp-block-gallery has-nested-images columns-default is-cropped wp-block-gallery-1 is-layout-flex wp-block-gallery-is-layout-flex\">\n<figure class=\"wp-block-image size-large\"><a href=\"https:\/\/www.ecoitaliano.com.ar\/wp-content\/uploads\/2024\/06\/Emanuele-Senici.png\"><img decoding=\"async\" width=\"1024\" height=\"659\" data-id=\"57306\" src=\"https:\/\/www.ecoitaliano.com.ar\/wp-content\/uploads\/2024\/06\/Emanuele-Senici-1024x659.png\" alt=\"\" class=\"wp-image-57306\" srcset=\"https:\/\/www.ecoitaliano.com.ar\/wp-content\/uploads\/2024\/06\/Emanuele-Senici-1024x659.png 1024w, https:\/\/www.ecoitaliano.com.ar\/wp-content\/uploads\/2024\/06\/Emanuele-Senici-300x193.png 300w, https:\/\/www.ecoitaliano.com.ar\/wp-content\/uploads\/2024\/06\/Emanuele-Senici-768x494.png 768w, https:\/\/www.ecoitaliano.com.ar\/wp-content\/uploads\/2024\/06\/Emanuele-Senici-1536x988.png 1536w, https:\/\/www.ecoitaliano.com.ar\/wp-content\/uploads\/2024\/06\/Emanuele-Senici-150x96.png 150w, https:\/\/www.ecoitaliano.com.ar\/wp-content\/uploads\/2024\/06\/Emanuele-Senici.png 1609w\" sizes=\"(max-width: 1024px) 100vw, 1024px\" \/><\/a><\/figure>\n<\/figure>\n","protected":false},"excerpt":{"rendered":"<p>comunicato stampa Emanuele Senici presenta Madama Butterfly di Giacomo Puccini, al Teatro Carmen Melis Venerd\u00ec 21 giugno, alle 19, nel [&hellip;]<\/p>\n","protected":false},"author":1,"featured_media":0,"comment_status":"open","ping_status":"open","sticky":false,"template":"","format":"standard","meta":{"footnotes":""},"categories":[1],"tags":[],"class_list":["post-57304","post","type-post","status-publish","format-standard","hentry","category-sin-categoria"],"_links":{"self":[{"href":"https:\/\/www.ecoitaliano.com.ar\/index.php?rest_route=\/wp\/v2\/posts\/57304","targetHints":{"allow":["GET"]}}],"collection":[{"href":"https:\/\/www.ecoitaliano.com.ar\/index.php?rest_route=\/wp\/v2\/posts"}],"about":[{"href":"https:\/\/www.ecoitaliano.com.ar\/index.php?rest_route=\/wp\/v2\/types\/post"}],"author":[{"embeddable":true,"href":"https:\/\/www.ecoitaliano.com.ar\/index.php?rest_route=\/wp\/v2\/users\/1"}],"replies":[{"embeddable":true,"href":"https:\/\/www.ecoitaliano.com.ar\/index.php?rest_route=%2Fwp%2Fv2%2Fcomments&post=57304"}],"version-history":[{"count":0,"href":"https:\/\/www.ecoitaliano.com.ar\/index.php?rest_route=\/wp\/v2\/posts\/57304\/revisions"}],"wp:attachment":[{"href":"https:\/\/www.ecoitaliano.com.ar\/index.php?rest_route=%2Fwp%2Fv2%2Fmedia&parent=57304"}],"wp:term":[{"taxonomy":"category","embeddable":true,"href":"https:\/\/www.ecoitaliano.com.ar\/index.php?rest_route=%2Fwp%2Fv2%2Fcategories&post=57304"},{"taxonomy":"post_tag","embeddable":true,"href":"https:\/\/www.ecoitaliano.com.ar\/index.php?rest_route=%2Fwp%2Fv2%2Ftags&post=57304"}],"curies":[{"name":"wp","href":"https:\/\/api.w.org\/{rel}","templated":true}]}}