{"id":57311,"date":"2024-06-17T21:50:20","date_gmt":"2024-06-17T21:50:20","guid":{"rendered":"https:\/\/www.ecoitaliano.com.ar\/?p=57311"},"modified":"2024-06-17T21:50:20","modified_gmt":"2024-06-17T21:50:20","slug":"giornata-mondiale-della-musica-dedicata-a-eleonora-duse-con-una-relazione-di-pierfranco-bruni-direttore-progetto-undulna","status":"publish","type":"post","link":"https:\/\/www.ecoitaliano.com.ar\/?p=57311","title":{"rendered":"Giornata Mondiale della Musica dedicata a Eleonora Duse con una relazione di Pierfranco Bruni direttore Progetto Undulna"},"content":{"rendered":"\n<figure class=\"wp-block-image size-large\"><a href=\"https:\/\/www.ecoitaliano.com.ar\/wp-content\/uploads\/2024\/06\/IMG-20240617-WA0008.jpg\"><img decoding=\"async\" width=\"1024\" height=\"1024\" src=\"https:\/\/www.ecoitaliano.com.ar\/wp-content\/uploads\/2024\/06\/IMG-20240617-WA0008-1024x1024.jpg\" alt=\"\" class=\"wp-image-57312\" srcset=\"https:\/\/www.ecoitaliano.com.ar\/wp-content\/uploads\/2024\/06\/IMG-20240617-WA0008-1024x1024.jpg 1024w, https:\/\/www.ecoitaliano.com.ar\/wp-content\/uploads\/2024\/06\/IMG-20240617-WA0008-300x300.jpg 300w, https:\/\/www.ecoitaliano.com.ar\/wp-content\/uploads\/2024\/06\/IMG-20240617-WA0008-150x150.jpg 150w, https:\/\/www.ecoitaliano.com.ar\/wp-content\/uploads\/2024\/06\/IMG-20240617-WA0008-768x768.jpg 768w, https:\/\/www.ecoitaliano.com.ar\/wp-content\/uploads\/2024\/06\/IMG-20240617-WA0008-1536x1536.jpg 1536w, https:\/\/www.ecoitaliano.com.ar\/wp-content\/uploads\/2024\/06\/IMG-20240617-WA0008.jpg 2048w\" sizes=\"(max-width: 1024px) 100vw, 1024px\" \/><\/a><\/figure>\n\n\n\n<p>Nella Giornata Mondiale della Festa della Musica il Comitato Nazionale Celebrazioni Eleonora Duse, il Comune di Modugno e il Progetto Undulna celebrano, in un convegno che si svolger\u00e0 il 21 Giugno prossimo alle ore 17.00, Eleonora Duse, ovvero \u00abLa Divina e il linguaggio dei Suoni\u00bb.<br>L&#8217;incontro vedr\u00e0 i saluti del Sindaco di Modugno Nicola Bonosia e di Davide Tosca, Consigliere Delegato alla Biblioteca. Seguiranno gli interventi di Angelo Ulivieri, esperto di letteratura dannunziana e Pierfranco Bruni, responsabile del Progetto Undulna-Duse. Confronti e comparazioni sulle conoscenze musicali della Duse saranno al centro della interessante discussione.<br>Pierfranco Bruni, che \u00e8 anche Presidente Commissione Capitale Italiana Citt\u00e0 del Libro, ha posto all&#8217;attenzione la necessit\u00e0 di comprendere gli elementi musicali nel mondo dusiano.<br>Musica e poesia sono un incontro fondante, ha detto Bruni, che si avverte sia dell&#8217;interesse della Divina soprattutto per Beethoven ma anche per la musica moderna in quella temperie di fine e inizio secolo nuovo. La manifestazione si svolger\u00e0 nella atmosfera sfolgorante del salone della Biblioteca comunale.<\/p>\n","protected":false},"excerpt":{"rendered":"<p>Nella Giornata Mondiale della Festa della Musica il Comitato Nazionale Celebrazioni Eleonora Duse, il Comune di Modugno e il Progetto [&hellip;]<\/p>\n","protected":false},"author":1,"featured_media":0,"comment_status":"open","ping_status":"open","sticky":false,"template":"","format":"standard","meta":{"footnotes":""},"categories":[10,22],"tags":[],"class_list":["post-57311","post","type-post","status-publish","format-standard","hentry","category-italiano","category-libros-y-revistas-literatura"],"_links":{"self":[{"href":"https:\/\/www.ecoitaliano.com.ar\/index.php?rest_route=\/wp\/v2\/posts\/57311","targetHints":{"allow":["GET"]}}],"collection":[{"href":"https:\/\/www.ecoitaliano.com.ar\/index.php?rest_route=\/wp\/v2\/posts"}],"about":[{"href":"https:\/\/www.ecoitaliano.com.ar\/index.php?rest_route=\/wp\/v2\/types\/post"}],"author":[{"embeddable":true,"href":"https:\/\/www.ecoitaliano.com.ar\/index.php?rest_route=\/wp\/v2\/users\/1"}],"replies":[{"embeddable":true,"href":"https:\/\/www.ecoitaliano.com.ar\/index.php?rest_route=%2Fwp%2Fv2%2Fcomments&post=57311"}],"version-history":[{"count":0,"href":"https:\/\/www.ecoitaliano.com.ar\/index.php?rest_route=\/wp\/v2\/posts\/57311\/revisions"}],"wp:attachment":[{"href":"https:\/\/www.ecoitaliano.com.ar\/index.php?rest_route=%2Fwp%2Fv2%2Fmedia&parent=57311"}],"wp:term":[{"taxonomy":"category","embeddable":true,"href":"https:\/\/www.ecoitaliano.com.ar\/index.php?rest_route=%2Fwp%2Fv2%2Fcategories&post=57311"},{"taxonomy":"post_tag","embeddable":true,"href":"https:\/\/www.ecoitaliano.com.ar\/index.php?rest_route=%2Fwp%2Fv2%2Ftags&post=57311"}],"curies":[{"name":"wp","href":"https:\/\/api.w.org\/{rel}","templated":true}]}}