{"id":57314,"date":"2024-06-17T22:51:21","date_gmt":"2024-06-17T22:51:21","guid":{"rendered":"https:\/\/www.ecoitaliano.com.ar\/?p=57314"},"modified":"2024-06-17T22:51:21","modified_gmt":"2024-06-17T22:51:21","slug":"recensione-ti-racconto-cosi-un-viaggio-sospeso-tra-quotidianita-incontri-culturali-di-rilievo-e-riflessioni-cogenti-sullemigrazione-italiana","status":"publish","type":"post","link":"https:\/\/www.ecoitaliano.com.ar\/?p=57314","title":{"rendered":"Recensione &#8211; \u201cTi racconto cos\u00ec\u201d, un viaggio sospeso tra quotidianit\u00e0, incontri culturali di rilievo e riflessioni cogenti sull\u2019emigrazione italiana"},"content":{"rendered":"\n<figure class=\"wp-block-image size-large\"><a href=\"https:\/\/www.ecoitaliano.com.ar\/wp-content\/uploads\/2024\/06\/cover-Ti-Racconto-Cosi-scaled.jpg\"><img decoding=\"async\" width=\"1024\" height=\"862\" src=\"https:\/\/www.ecoitaliano.com.ar\/wp-content\/uploads\/2024\/06\/cover-Ti-Racconto-Cosi-1024x862.jpg\" alt=\"\" class=\"wp-image-57315\" srcset=\"https:\/\/www.ecoitaliano.com.ar\/wp-content\/uploads\/2024\/06\/cover-Ti-Racconto-Cosi-1024x862.jpg 1024w, https:\/\/www.ecoitaliano.com.ar\/wp-content\/uploads\/2024\/06\/cover-Ti-Racconto-Cosi-300x252.jpg 300w, https:\/\/www.ecoitaliano.com.ar\/wp-content\/uploads\/2024\/06\/cover-Ti-Racconto-Cosi-768x646.jpg 768w, https:\/\/www.ecoitaliano.com.ar\/wp-content\/uploads\/2024\/06\/cover-Ti-Racconto-Cosi-1536x1293.jpg 1536w, https:\/\/www.ecoitaliano.com.ar\/wp-content\/uploads\/2024\/06\/cover-Ti-Racconto-Cosi-2048x1724.jpg 2048w, https:\/\/www.ecoitaliano.com.ar\/wp-content\/uploads\/2024\/06\/cover-Ti-Racconto-Cosi-150x126.jpg 150w\" sizes=\"(max-width: 1024px) 100vw, 1024px\" \/><\/a><\/figure>\n\n\n\n<p>17 giugno 2024<\/p>\n\n\n\n<p><strong><em>\u201cTi racconto cos\u00ec\u201d,<\/em><\/strong><strong> un viaggio sospeso tra quotidianit\u00e0, incontri culturali di rilievo e riflessioni cogenti sull\u2019emigrazione italiana<\/strong><\/p>\n\n\n\n<p><em>La scrittura di Palmerini proviene da uno sguardo calmo, comprensivo, mai sopra le righe, \u00e8 una scrittura che invita alla riflessione<\/em><\/p>\n\n\n\n<p>di <strong>Nicola F. Pomponio<\/strong><\/p>\n\n\n\n<p>Il nuovo volume che <strong>Goffredo Palmerini<\/strong> propone ai lettori, <strong><em>Ti racconto cos\u00ec<\/em><\/strong><strong>, One Group Edizioni<\/strong>, \u00e8 come un pezzo di un grande puzzle che da tempo lo scrittore abruzzese va disegnando. Il suo quindicesimo libro si segnala per la consueta, consumata, notevole capacit\u00e0 dell\u2019autore di tenere insieme quanto avviene nella sua terra d\u2019origine e gli sconfinati orizzonti che si aprono al di l\u00e0 della sua citt\u00e0, <strong>L\u2019Aquila<\/strong>.&nbsp;<\/p>\n\n\n\n<p>Capacit\u00e0 che ben si coniuga con una visione empatica fortemente presente nei suoi articoli, con un\u2019attenzione affettuosa verso i particolari, con una visione d\u2019insieme sempre presente ma mai soffocante.&nbsp;<\/p>\n\n\n\n<p><em>\u201cTi racconto cos\u00ec\u201d<\/em> \u00e8 un viaggio sospeso tra quotidianit\u00e0 aquilana, incontri culturali di altissimo livello, e riflessioni cogenti sulle diverse realt\u00e0 dell\u2019emigrazione italiana. Si pu\u00f2 cos\u00ec leggere l\u2019affettuoso ricordo del grande drammaturgo aquilano d\u2019origine e newyorkese d\u2019adozione, <strong>Mario Fratti<\/strong>, e di venire proiettati in una realt\u00e0 sostanziata di altissima letteratura mai dimentica della concretezza della quotidianit\u00e0 e, allo stesso tempo, poche pagine dopo, trovare la descrizione di eventi dal significato fortemente simbolico e aggregativo come il <strong>Columbus day<\/strong> della Grande Mela.&nbsp;<\/p>\n\n\n\n<p>Un libro, quindi, dal grande valore conoscitivo e affettivo. La lunga frequentazione dell\u2019autore sia delle nostre comunit\u00e0 sparse nel mondo, sia di alcuni dei nomi pi\u00f9 rappresentativi della cultura contemporanea &#8211; si leggano le righe dedicate al grande poeta libanese <strong>Hafez Haidar<\/strong> -, sia delle realt\u00e0 della sua regione nativa, danno al libro un\u2019apertura culturale e quasi \u201cpsicologica\u201d, necessaria in un tempo di chiusure e pregiudizi come il nostro.&nbsp;<\/p>\n\n\n\n<p><em>\u201cTi racconto cos\u00ec\u201d<\/em> si pu\u00f2 assaporare con calma, a piccoli passi, senza fretta, perch\u00e9 la scrittura dell\u2019autore \u00e8 una scrittura proveniente da uno sguardo calmo, comprensivo, affettuoso, mai sopra le righe. \u00c8 una scrittura che invita alla riflessione pacata, ma non per questo meno attenta ai lati meno encomiabili della realt\u00e0: <strong>Palmerini<\/strong> non giudica con asprezza, ma fa emergere i diversi lati delle persone, questioni, avvenimenti narrati lasciando al lettore la libert\u00e0 di giudizio.&nbsp;<br>Su tutto \u00e8 per\u00f2 sempre presente la sua citt\u00e0, <strong>L\u2019Aquila<\/strong>, alla quale, in quanto <strong>Capitale italiana della Cultura 2026<\/strong>, il libro \u00e8 dedicato. \u00c8 dall\u2019Aquila che <strong>Palmerini<\/strong> tesse la fitta tela d\u2019incontri per tutto il mondo e il suo incarico di <strong>Ambasciatore d\u2019Abruzzo<\/strong> non \u00e8 mai solo una vuota carica per uno sterile pavoneggiarsi, ma \u00e8 il punto di partenza per incontri, riflessioni, esperienze di cui questo libro \u00e8 un frutto succulento e altamente consigliabile per i nostri travagliati tempi. Buona lettura!<\/p>\n","protected":false},"excerpt":{"rendered":"<p>17 giugno 2024 \u201cTi racconto cos\u00ec\u201d, un viaggio sospeso tra quotidianit\u00e0, incontri culturali di rilievo e riflessioni cogenti sull\u2019emigrazione italiana [&hellip;]<\/p>\n","protected":false},"author":1,"featured_media":0,"comment_status":"open","ping_status":"open","sticky":false,"template":"","format":"standard","meta":{"footnotes":""},"categories":[10,22],"tags":[],"class_list":["post-57314","post","type-post","status-publish","format-standard","hentry","category-italiano","category-libros-y-revistas-literatura"],"_links":{"self":[{"href":"https:\/\/www.ecoitaliano.com.ar\/index.php?rest_route=\/wp\/v2\/posts\/57314","targetHints":{"allow":["GET"]}}],"collection":[{"href":"https:\/\/www.ecoitaliano.com.ar\/index.php?rest_route=\/wp\/v2\/posts"}],"about":[{"href":"https:\/\/www.ecoitaliano.com.ar\/index.php?rest_route=\/wp\/v2\/types\/post"}],"author":[{"embeddable":true,"href":"https:\/\/www.ecoitaliano.com.ar\/index.php?rest_route=\/wp\/v2\/users\/1"}],"replies":[{"embeddable":true,"href":"https:\/\/www.ecoitaliano.com.ar\/index.php?rest_route=%2Fwp%2Fv2%2Fcomments&post=57314"}],"version-history":[{"count":0,"href":"https:\/\/www.ecoitaliano.com.ar\/index.php?rest_route=\/wp\/v2\/posts\/57314\/revisions"}],"wp:attachment":[{"href":"https:\/\/www.ecoitaliano.com.ar\/index.php?rest_route=%2Fwp%2Fv2%2Fmedia&parent=57314"}],"wp:term":[{"taxonomy":"category","embeddable":true,"href":"https:\/\/www.ecoitaliano.com.ar\/index.php?rest_route=%2Fwp%2Fv2%2Fcategories&post=57314"},{"taxonomy":"post_tag","embeddable":true,"href":"https:\/\/www.ecoitaliano.com.ar\/index.php?rest_route=%2Fwp%2Fv2%2Ftags&post=57314"}],"curies":[{"name":"wp","href":"https:\/\/api.w.org\/{rel}","templated":true}]}}