{"id":57479,"date":"2024-06-19T13:47:32","date_gmt":"2024-06-19T13:47:32","guid":{"rendered":"https:\/\/www.ecoitaliano.com.ar\/?p=57479"},"modified":"2024-06-19T13:47:32","modified_gmt":"2024-06-19T13:47:32","slug":"il-pod-italian-podcast-awards-torna-per-la-iii-edizione-il-premio-nazionale-per-i-migliori-podcast","status":"publish","type":"post","link":"https:\/\/www.ecoitaliano.com.ar\/?p=57479","title":{"rendered":"Il Pod &#8211; Italian Podcast Awards: torna per la III edizione il premio nazionale per i migliori podcast"},"content":{"rendered":"\n<p><strong>COMUNICATO STAMPA<\/strong><\/p>\n\n\n\n<figure class=\"wp-block-image\"><img decoding=\"async\" src=\"https:\/\/lh7-us.googleusercontent.com\/docsz\/AD_4nXdDOAzCwlsdgRJAg5nM_75tV4KCpCcvd31X5EjtLW7HKYXLPt3w9R1jJKLRup52td4ai5pNTgfPuWn4m_sMLhjty098QfguvQfD1hef4KHhyIkB1B5V84JGSDUdtbHXf6oNpno5EHUEZDenxro5HzvllYgi?key=ocIvGLj2veMm4flJy-IM0A\" alt=\"\"\/><\/figure>\n\n\n\n<p><strong>Il Pod &#8211; Italian Podcast Awards: torna per la III edizione il premio nazionale per i migliori podcast&nbsp;<\/strong><\/p>\n\n\n\n<p><strong>DOMENICA 7 LUGLIO, PIACENZA<\/strong><\/p>\n\n\n\n<p><strong><em>Non solo una premiazione ma una giornata di workshop, incontri, presentazioni e masterclass. Un\u2019occasione unica che vedr\u00e0 riuniti tutti i principali player del mondo del podcasting. Tra le novit\u00e0 di questo 2024 il Premio Piacenza, dedicato al Podcast Rivelazione dell\u2019anno.&nbsp;<\/em><\/strong><\/p>\n\n\n\n<p>Torna l\u2019atteso appuntamento per tutti gli appassionati del mondo del podcasting: il 7 luglio 2024 si terr\u00e0 la III edizione de<strong>&nbsp;Il Pod &#8211; l\u2019Italian Podcast Awards, il primo premio nazionale dedicato ai migliori podcast italiani.&nbsp;<\/strong>Non solo un premio, ma una giornata di incontri e approfondimenti dedicata alla forma di comunicazione pi\u00f9 appassionante degli ultimi anni.&nbsp;<strong>Per la prima volta l\u2019appuntamento sar\u00e0 a Piacenza<\/strong>, grazie al sostegno della<strong>&nbsp;Fondazione di Piacenza e Vigevano,&nbsp;<\/strong>al&nbsp;<strong>Comune di Piacenza<\/strong>&nbsp;e alla&nbsp;<strong>Fondazione Teatri di Piacenza<\/strong>, e a&nbsp;<strong>Mario Magnelli<\/strong>&nbsp;e&nbsp;<strong>Renza Malchiodi<\/strong>,&nbsp;assieme a tutta la&nbsp;<strong>Rete Cultura Piacenza<\/strong>. E con&nbsp;<strong>Amazon Music<\/strong>&nbsp;e&nbsp;<strong>Iren&nbsp;<\/strong>come&nbsp;<strong>award partner<\/strong>&nbsp;ufficiali e la&nbsp;partnership di&nbsp;<strong>Audible e Spotify.<\/strong><\/p>\n\n\n\n<p>Gli spazi del&nbsp;<strong>Laboratorio Aperto &#8211; Ex Chiesa del Carmine e la corte del Palazzo Farnese&nbsp;<\/strong>di Piacenza, accoglieranno i protagonisti di questa edizione, organizzata dai filosofi e scrittori, fondatori del progetto di divulgazione culturale Tlon,&nbsp;<strong>Maura Gancitano e Andrea Colamedici, con la direzione artistica<\/strong>&nbsp;dell\u2019autore e produttore di podcast&nbsp;<strong>Fabio Ragazzo<\/strong>. Anche quest\u2019anno l\u2019appuntamento si conferma come riferimento per il consolidamento della rete professionale del podcasting e un\u2019occasione di ritrovo e d\u2019ispirazione per il pubblico dei podcast, sempre pi\u00f9 in crescita.&nbsp;<\/p>\n\n\n\n<p>Saranno&nbsp;<strong>18 i podcaster premiati<\/strong>, uno per ognuna delle categorie in concorso. Oltre a questi, saranno conferiti&nbsp;<strong>4 super premi<\/strong>: il&nbsp;<strong>Podcast dell\u2019Anno<\/strong>, il&nbsp;<strong>Premio del pubblico Amazon Music&nbsp;<\/strong>dopo il grande successo della scorsa edizione che ha visto pi\u00f9 di 60.000 ascoltatori votare il proprio podcast preferito, il&nbsp;<strong>Premio Green<\/strong>&nbsp;sostenuto da&nbsp;<strong>Iren<\/strong>, quello per il&nbsp;&nbsp;<strong>miglior<\/strong>&nbsp;<strong>Podcast Indie 2024&nbsp;<\/strong>e, novit\u00e0 di questa edizione, il&nbsp;<strong>Premio Piacenza<\/strong>, istituito dalla citt\u00e0 detta la&nbsp;<em>Primogenita<\/em>&nbsp;che per la prima volta ospita la manifestazione e assegnato dal Comune al Podcast Rivelazione che pi\u00f9 \u00e8 stato d\u2019impatto durante l&#8217;anno.<\/p>\n\n\n\n<p>Non solo una premiazione ma una giornata di celebrazione dei contenuti pi\u00f9 interessanti che vuole valorizzare e contribuire alla crescita di questo medium. Durante l\u2019evento, infatti,&nbsp;<strong>ci saranno spazi interamente dedicati ai podcaster e al racconto del loro lavoro di creazione di contenuti, attraverso talk,<\/strong>&nbsp;<strong>workshop<\/strong>&nbsp;e&nbsp;<strong>presentazioni<\/strong>, appuntamenti ai quali prenderanno parte giornalisti, scrittori, attori e comici come&nbsp;<strong>Stefano Nazzi, Chiara Tagliaferri, Nicola Lagioia, Debora Campanella, Pablo Trincia, Daniele Tinti<\/strong>&nbsp;e&nbsp;<strong>Stefano Rapone, Francesca Zanni, Rossella Pivanti&nbsp;<\/strong>e molti altri.&nbsp;<\/p>\n\n\n\n<p>Tra le novit\u00e0 2024, anche una sessione organizzata in&nbsp;<strong>collaborazione con Spotify, partner della manifestazione,&nbsp;<\/strong>dedicata a tutti coloro che vogliono imparare come&nbsp;<strong>sfruttare al massimo la piattaforma, dal funzionamento delle classifiche, ai tool interattivi e alla monetizzazione.&nbsp;<\/strong><\/p>\n\n\n\n<p>Per&nbsp;<strong>Andrea Colamedici<\/strong>&nbsp;\u201cpremiare i migliori podcast italiani significa<strong>&nbsp;riconoscere il grande valore culturale di una forma d\u2019arte che appassiona un pubblico sempre pi\u00f9 vasto<\/strong>, contribuendo in questo modo a&nbsp;<strong>rafforzare la comunit\u00e0 di ascoltatori e podcaster<\/strong>\u201d.<\/p>\n\n\n\n<p><strong><u>I PREMI<\/u><\/strong><\/p>\n\n\n\n<p>Sono stati&nbsp;<strong>864 i podcast iscritti per questa III edizione<\/strong>&nbsp;de Il Pod &#8211; Italian Podcast Awards. Tra questi sono stati&nbsp;<strong>selezionati 136 finalisti<\/strong>, suddivisi per le&nbsp;<strong>18 categorie tematiche<\/strong>&nbsp;in concorso. Ogni categoria &#8211; Benessere, Business, Comedy, Cultura, Diversity, Documentario, Host, News, Indie Informazione, Indie Intrattenimento, Indie Narrazione, Green, Talk, Sound Design, True Crime, Scienza, Script e Sport &#8211; avr\u00e0 il suo vincitore che concorrer\u00e0 per il premio pi\u00f9 prestigioso di tutti: quello per il&nbsp;<strong>Podcast dell\u2019Anno,&nbsp;<\/strong>conferito dalla giuria al miglior podcast che sia stato pubblicato nel 2023. Seguiranno anche altri<strong>&nbsp;super premi<\/strong>: tra le novit\u00e0 il&nbsp;<strong>Premio Piacenza<\/strong>&nbsp;e il&nbsp;<strong>Premio Green<\/strong>&nbsp;sostenuto da<strong>&nbsp;Iren<\/strong>; torna anche il&nbsp;<strong>Premio del pubblico Amazon Music,&nbsp;<\/strong>selezionato dalla community di ascoltatori e ascoltatrici che potr\u00e0 votare online il podcast preferito; e il&nbsp;<strong>Podcast Indie dell\u2019anno<\/strong>&nbsp;dedicato al miglior podcast indipendente, scelto tra i vincitori delle 3 categorie dedicate agli Indie (informazione, intrattenimento e narrazione).&nbsp;<\/p>\n\n\n\n<p><strong>A selezionare finalisti e vincitori, una giuria d\u2019eccezione,&nbsp;<\/strong>composta da rappresentanti dell&#8217;industria dei podcasting, accompagnati dai vincitori dell\u2019edizione passata, a partire da&nbsp;<strong>Alicia Fasser&nbsp;<\/strong>Audible Original Producer per l\u2019 Italia fino ad arrivare all\u2019Head of production di VOIS&nbsp;<strong>Andrea Maltagliati<\/strong>; passando per il giornalista e responsabile di RaiPlay Sound&nbsp;<strong>Andrea Borgnino<\/strong>, il redattore e produttore di Emons&nbsp;<strong>Paolo Girella<\/strong>, la giornalista di Radio24&nbsp;<strong>Alessandra Scaglioni.&nbsp;<\/strong>E ancora, l\u2019Head of editorial content di Chora Media&nbsp;<strong>Sabrina Tinelli<\/strong>, il Podcast Director di&nbsp;<em>One Podcast&nbsp;<\/em><strong>Antonio Visca<\/strong>, l\u2019Head of Operations di Will Media&nbsp;<strong>Riccardo Bassetto<\/strong>, la fondatrice di Storielibere.fm&nbsp;<strong>Rossana De Michele<\/strong>, l\u2019Head of content strategy de&nbsp;<em>Gli Ascoltabili&nbsp;<\/em><strong>Eleonora Chiomento<\/strong>, il giornalista e fondatore di Piano P&nbsp;<strong>Carlo Annese<\/strong>, il Direttore artistico di LifeGate Radio&nbsp;<strong>Giacomo De Poli<\/strong>, il regista e produttore&nbsp;<strong>Michele Rho<\/strong>, lo scrittore e coordinatore di Fandango Podcast&nbsp;<strong>Vins Gallico<\/strong>, la podcast producer&nbsp;<strong>Rossella Pivanti<\/strong>, la giornalista e podcaster&nbsp;<strong>Francesca Zanni<\/strong>, la scrittrice e podcaster&nbsp;<strong>Loretta da Costa Perrone<\/strong>, il podcaster e producer&nbsp;<strong>Amedeo Berta<\/strong>,<strong>&nbsp;<\/strong>l\u2019autore e podcast producer&nbsp;<strong>Johnny Faina<\/strong>, la fotografa e podcast producer&nbsp;<strong>Silvia Longhi<\/strong>&nbsp;e il presidente dell\u2019Associazione Italiana Podcasting&nbsp;<strong>Giulio Gaudiano<\/strong>.&nbsp;<\/p>\n\n\n\n<p><strong><u>IL PROGRAMMA&nbsp;<\/u><\/strong><\/p>\n\n\n\n<p>La giornata del 7 luglio si aprir\u00e0 alle ore 9 con 2 workshop dedicati a chi vuole imparare qualcosa in pi\u00f9 rispetto a come si realizza concretamente un podcast. A seguire uno speech di&nbsp;<strong>Nicola Lagioia<\/strong>&nbsp;(ore 10.15) che, a partire dalle forme pi\u00f9 antiche di narrazione e oralit\u00e0, ci condurr\u00e0 tra le potenzialit\u00e0 del podcast come strumento di comunicazione, capace di veicolare in modo semplice contenuti complessi e pienamente rispondente alla nostra necessit\u00e0 umana di raccontare storie.&nbsp; A seguire, alle 11, la scrittrice&nbsp;<strong>Chiara Tagliaferri<\/strong>, insieme alla fondatrice e CEO della piattaforma&nbsp;<a href=\"http:\/\/storielibere.fm\/\" target=\"_blank\" rel=\"noreferrer noopener\">storielibere.fm<\/a>&nbsp;<strong>Rossana De Michele<\/strong>&nbsp;e alla filosofa&nbsp;<strong>Maura Gancitano,&nbsp;<\/strong>dialogheranno attorno alla genesi del podcast Morgana, raccontando aneddoti e riascoltando estratti della trasmissione ormai diventata un culto. Sar\u00e0 questa l\u2019occasione per ricordare la coautrice del podcast e scrittrice Michela Murgia. Sar\u00e0 poi la volta del workshop a cura di&nbsp;<strong>Spotify<\/strong>&nbsp;(ore 12), dedicato a \u00abSpotify for Podcasters\u00bb lo strumento che permette ai creatori di contenuti audio di editare, pubblicare e creare una community intorno al proprio podcast. Un incontro dedicato a chi vuole scoprire le migliori strategie per lanciare il proprio contenuto audio nel panorama competitivo attuale.<\/p>\n\n\n\n<p>Per la prima volta, quest\u2019anno, alcuni allievi selezionati della scuola&nbsp;<strong>La Content Academy&nbsp;<\/strong>potranno presentare un pitch di un loro progetto di podcast davanti ai principali decision maker del settore:<strong>&nbsp;<\/strong>un\u2019occasione unica di veder realizzato il proprio sogno nel cassetto (ore 12.45). Il pomeriggio sar\u00e0 interamente dedicato alla celebrazione di alcuni dei podcast vincitori della scorsa edizione,<strong>&nbsp;<\/strong>con interviste esclusive, panel e live con i protagonisti che pi\u00f9 hanno saputo catalizzare l\u2019attenzione del pubblico e conquistare l\u2019apprezzamento dei professionisti del settore con le loro storie esclusive o i loro format accattivanti. Alle 16 potremo ascoltare&nbsp;<strong>Stefano Tinti<\/strong>&nbsp;e&nbsp;<strong>Stefano Rapone<\/strong>, iconici protagonisti di&nbsp;<em>Tintoria<\/em>&nbsp;(vincitore del Premio del Pubblico 2023). A seguire poi il dialogo tra&nbsp;<strong>Maura Gancitano&nbsp;<\/strong>e&nbsp;<strong>Valeria Montebello<\/strong>, autrice e narratrice dell\u2019audace&nbsp;<em>Il sesso degli altri,&nbsp;<\/em>vincitore 2023 nella categoria Benessere (ore 16.45). E ancora, potremo assistere, alle ore 17.30, a un talk con la giornalista&nbsp;<strong>Francesca Zanni<\/strong>, voce del podcast d\u2019inchiesta autoprodotto&nbsp;<em>Rumore<\/em>&nbsp;(Premio Miglior Indie 2023), insieme a&nbsp;<strong>Riccardo Noury<\/strong>, portavoce di<strong>&nbsp;Amnesty International Italia<\/strong>.&nbsp;<\/p>\n\n\n\n<p>Imperdibile, alle 18.15, la presentazione del podcast&nbsp;<strong>Audible<\/strong>&nbsp;<strong>Original<\/strong>&nbsp;<em>Dalla parte sbagliata<\/em>, con l\u2019autrice&nbsp;<strong>Debora Campanella<\/strong>&nbsp;e il giornalista e podcaster&nbsp;<strong>Pablo Trincia<\/strong>. Alle 19 andr\u00e0 in scena lo spettacolo live&nbsp;<em>Io ero il milanese&nbsp;<\/em>dell\u2019attore&nbsp;<strong>Mauro Pescio<\/strong>, autore dell\u2019omonimo podcast, vincitore nella categoria Miglior Documentario 2023.&nbsp;<\/p>\n\n\n\n<p>Ci sposteremo infine nella corte dello storico Palazzo Farnese per l\u2019attesa premiazione finale, che sar\u00e0 introdotta dall\u2019esclusiva opening masterclass di&nbsp;<strong>Stefano Nazzi<\/strong>, giornalista e nota voce del podcast virale&nbsp;<em>Indagini<\/em>. La serata sar\u00e0 condotta da&nbsp;<strong>Marco Carrara<\/strong>&nbsp;e&nbsp;<strong>Maura Gancitano<\/strong>.&nbsp;<\/p>\n\n\n\n<p>Appuntamento dunque a Piacenza, il 7 luglio, per una giornata speciale, fatta di tantissime voci.<\/p>\n\n\n\n<p><strong>Tutto il programma \u00e8 consultabile su<\/strong><strong><a href=\"http:\/\/www.ilpod.it\/\" target=\"_blank\" rel=\"noreferrer noopener\">&nbsp;<\/a><\/strong><strong><em><a href=\"http:\/\/www.ilpod.it\/\" target=\"_blank\" rel=\"noreferrer noopener\">ilpod.it<\/a><\/em><\/strong><strong><em>&nbsp;e<\/em>&nbsp;su<\/strong><strong><em><a href=\"https:\/\/tlon.it\/\" target=\"_blank\" rel=\"noreferrer noopener\">&nbsp;<\/a><\/em><\/strong><strong><em><a href=\"https:\/\/tlon.it\/\" target=\"_blank\" rel=\"noreferrer noopener\">tlon.it<\/a><\/em><\/strong><\/p>\n\n\n\n<p><em>Il Pod, Italian Podcast Awards \u00e8 ideato da Maura Gancitano e Andrea Colamedici. La direzione artistica \u00e8 di Fabio Ragazzo. Il premio \u00e8 realizzato grazie al sostegno della Fondazione di Piacenza e Vigevano, al Comune di Piacenza e alla Fondazione Teatri di Piacenza, assieme a tutta la Rete Cultura Piacenza, con award partner ufficiali&nbsp; Amazon Music e Iren e&nbsp;la partnership di Audible, e Spotify.<\/em><\/p>\n\n\n\n<p><em>Si ringraziano i partner tecnici: Misma Onda, 3D Italy e Calico Agency, e Chiara Delogu e Federica Mazzata per la segreteria organizzativa.&nbsp;<\/em><\/p>\n\n\n\n<p><em>Ufficio Stampa<\/em><\/p>\n\n\n\n<p><em>Silvia Bellucci<\/em><\/p>\n\n\n\n<p><em>mob. +39 3461561637<\/em><\/p>\n\n\n\n<p><em><u><a href=\"mailto:silviabellucci@live.it\" target=\"_blank\" rel=\"noreferrer noopener\">silviabellucci@live.it<\/a><\/u><\/em><\/p>\n","protected":false},"excerpt":{"rendered":"<p>COMUNICATO STAMPA Il Pod &#8211; Italian Podcast Awards: torna per la III edizione il premio nazionale per i migliori podcast&nbsp; [&hellip;]<\/p>\n","protected":false},"author":1,"featured_media":0,"comment_status":"open","ping_status":"open","sticky":false,"template":"","format":"standard","meta":{"footnotes":""},"categories":[2,10],"tags":[],"class_list":["post-57479","post","type-post","status-publish","format-standard","hentry","category-informacion","category-italiano"],"_links":{"self":[{"href":"https:\/\/www.ecoitaliano.com.ar\/index.php?rest_route=\/wp\/v2\/posts\/57479","targetHints":{"allow":["GET"]}}],"collection":[{"href":"https:\/\/www.ecoitaliano.com.ar\/index.php?rest_route=\/wp\/v2\/posts"}],"about":[{"href":"https:\/\/www.ecoitaliano.com.ar\/index.php?rest_route=\/wp\/v2\/types\/post"}],"author":[{"embeddable":true,"href":"https:\/\/www.ecoitaliano.com.ar\/index.php?rest_route=\/wp\/v2\/users\/1"}],"replies":[{"embeddable":true,"href":"https:\/\/www.ecoitaliano.com.ar\/index.php?rest_route=%2Fwp%2Fv2%2Fcomments&post=57479"}],"version-history":[{"count":0,"href":"https:\/\/www.ecoitaliano.com.ar\/index.php?rest_route=\/wp\/v2\/posts\/57479\/revisions"}],"wp:attachment":[{"href":"https:\/\/www.ecoitaliano.com.ar\/index.php?rest_route=%2Fwp%2Fv2%2Fmedia&parent=57479"}],"wp:term":[{"taxonomy":"category","embeddable":true,"href":"https:\/\/www.ecoitaliano.com.ar\/index.php?rest_route=%2Fwp%2Fv2%2Fcategories&post=57479"},{"taxonomy":"post_tag","embeddable":true,"href":"https:\/\/www.ecoitaliano.com.ar\/index.php?rest_route=%2Fwp%2Fv2%2Ftags&post=57479"}],"curies":[{"name":"wp","href":"https:\/\/api.w.org\/{rel}","templated":true}]}}