{"id":57487,"date":"2024-06-19T20:01:41","date_gmt":"2024-06-19T20:01:41","guid":{"rendered":"https:\/\/www.ecoitaliano.com.ar\/?p=57487"},"modified":"2024-06-19T20:01:41","modified_gmt":"2024-06-19T20:01:41","slug":"i-grandi-dialoghi-su-facebook-e-sbocciato-un-grande-premio","status":"publish","type":"post","link":"https:\/\/www.ecoitaliano.com.ar\/?p=57487","title":{"rendered":"I GRANDI DIALOGHI, su Facebook \u00e8 sbocciato un grande Premio!"},"content":{"rendered":"\n<figure class=\"wp-block-image size-large\"><a href=\"https:\/\/www.ecoitaliano.com.ar\/wp-content\/uploads\/2024\/06\/Gina-Marziale.jpg\"><img decoding=\"async\" width=\"881\" height=\"1024\" src=\"https:\/\/www.ecoitaliano.com.ar\/wp-content\/uploads\/2024\/06\/Gina-Marziale-881x1024.jpg\" alt=\"\" class=\"wp-image-57488\" srcset=\"https:\/\/www.ecoitaliano.com.ar\/wp-content\/uploads\/2024\/06\/Gina-Marziale-881x1024.jpg 881w, https:\/\/www.ecoitaliano.com.ar\/wp-content\/uploads\/2024\/06\/Gina-Marziale-258x300.jpg 258w, https:\/\/www.ecoitaliano.com.ar\/wp-content\/uploads\/2024\/06\/Gina-Marziale-768x893.jpg 768w, https:\/\/www.ecoitaliano.com.ar\/wp-content\/uploads\/2024\/06\/Gina-Marziale-129x150.jpg 129w, https:\/\/www.ecoitaliano.com.ar\/wp-content\/uploads\/2024\/06\/Gina-Marziale.jpg 1165w\" sizes=\"(max-width: 881px) 100vw, 881px\" \/><\/a><\/figure>\n\n\n\n<figure class=\"wp-block-gallery has-nested-images columns-default is-cropped wp-block-gallery-1 is-layout-flex wp-block-gallery-is-layout-flex\">\n<figure class=\"wp-block-image size-large\"><a href=\"https:\/\/www.ecoitaliano.com.ar\/wp-content\/uploads\/2024\/06\/3-Anna-Manna.jpg\"><img decoding=\"async\" width=\"683\" height=\"1024\" data-id=\"57489\" src=\"https:\/\/www.ecoitaliano.com.ar\/wp-content\/uploads\/2024\/06\/3-Anna-Manna-683x1024.jpg\" alt=\"\" class=\"wp-image-57489\" srcset=\"https:\/\/www.ecoitaliano.com.ar\/wp-content\/uploads\/2024\/06\/3-Anna-Manna-683x1024.jpg 683w, https:\/\/www.ecoitaliano.com.ar\/wp-content\/uploads\/2024\/06\/3-Anna-Manna-200x300.jpg 200w, https:\/\/www.ecoitaliano.com.ar\/wp-content\/uploads\/2024\/06\/3-Anna-Manna-100x150.jpg 100w, https:\/\/www.ecoitaliano.com.ar\/wp-content\/uploads\/2024\/06\/3-Anna-Manna.jpg 752w\" sizes=\"(max-width: 683px) 100vw, 683px\" \/><\/a><\/figure>\n\n\n\n<figure class=\"wp-block-image size-large\"><a href=\"https:\/\/www.ecoitaliano.com.ar\/wp-content\/uploads\/2024\/06\/ANNA-E-JOLE-ALLA-SAPIENZA.jpg\"><img decoding=\"async\" width=\"504\" height=\"383\" data-id=\"57490\" src=\"https:\/\/www.ecoitaliano.com.ar\/wp-content\/uploads\/2024\/06\/ANNA-E-JOLE-ALLA-SAPIENZA.jpg\" alt=\"\" class=\"wp-image-57490\" srcset=\"https:\/\/www.ecoitaliano.com.ar\/wp-content\/uploads\/2024\/06\/ANNA-E-JOLE-ALLA-SAPIENZA.jpg 504w, https:\/\/www.ecoitaliano.com.ar\/wp-content\/uploads\/2024\/06\/ANNA-E-JOLE-ALLA-SAPIENZA-300x228.jpg 300w, https:\/\/www.ecoitaliano.com.ar\/wp-content\/uploads\/2024\/06\/ANNA-E-JOLE-ALLA-SAPIENZA-150x114.jpg 150w\" sizes=\"(max-width: 504px) 100vw, 504px\" \/><\/a><\/figure>\n\n\n\n<figure class=\"wp-block-image size-large\"><a href=\"https:\/\/www.ecoitaliano.com.ar\/wp-content\/uploads\/2024\/06\/Anna-Maria-Giancarli.jpg\"><img decoding=\"async\" width=\"704\" height=\"490\" data-id=\"57491\" src=\"https:\/\/www.ecoitaliano.com.ar\/wp-content\/uploads\/2024\/06\/Anna-Maria-Giancarli.jpg\" alt=\"\" class=\"wp-image-57491\" srcset=\"https:\/\/www.ecoitaliano.com.ar\/wp-content\/uploads\/2024\/06\/Anna-Maria-Giancarli.jpg 704w, https:\/\/www.ecoitaliano.com.ar\/wp-content\/uploads\/2024\/06\/Anna-Maria-Giancarli-300x209.jpg 300w, https:\/\/www.ecoitaliano.com.ar\/wp-content\/uploads\/2024\/06\/Anna-Maria-Giancarli-150x104.jpg 150w\" sizes=\"(max-width: 704px) 100vw, 704px\" \/><\/a><\/figure>\n\n\n\n<figure class=\"wp-block-image size-large\"><a href=\"https:\/\/www.ecoitaliano.com.ar\/wp-content\/uploads\/2024\/06\/castel-santangelo-giulio-bianca.jpg\"><img decoding=\"async\" width=\"350\" height=\"514\" data-id=\"57492\" src=\"https:\/\/www.ecoitaliano.com.ar\/wp-content\/uploads\/2024\/06\/castel-santangelo-giulio-bianca.jpg\" alt=\"\" class=\"wp-image-57492\" srcset=\"https:\/\/www.ecoitaliano.com.ar\/wp-content\/uploads\/2024\/06\/castel-santangelo-giulio-bianca.jpg 350w, https:\/\/www.ecoitaliano.com.ar\/wp-content\/uploads\/2024\/06\/castel-santangelo-giulio-bianca-204x300.jpg 204w, https:\/\/www.ecoitaliano.com.ar\/wp-content\/uploads\/2024\/06\/castel-santangelo-giulio-bianca-102x150.jpg 102w\" sizes=\"(max-width: 350px) 100vw, 350px\" \/><\/a><\/figure>\n\n\n\n<figure class=\"wp-block-image size-large\"><a href=\"https:\/\/www.ecoitaliano.com.ar\/wp-content\/uploads\/2024\/06\/Clara-Di-Stefano.jpg\"><img decoding=\"async\" width=\"681\" height=\"906\" data-id=\"57493\" src=\"https:\/\/www.ecoitaliano.com.ar\/wp-content\/uploads\/2024\/06\/Clara-Di-Stefano.jpg\" alt=\"\" class=\"wp-image-57493\" srcset=\"https:\/\/www.ecoitaliano.com.ar\/wp-content\/uploads\/2024\/06\/Clara-Di-Stefano.jpg 681w, https:\/\/www.ecoitaliano.com.ar\/wp-content\/uploads\/2024\/06\/Clara-Di-Stefano-225x300.jpg 225w, https:\/\/www.ecoitaliano.com.ar\/wp-content\/uploads\/2024\/06\/Clara-Di-Stefano-113x150.jpg 113w\" sizes=\"(max-width: 681px) 100vw, 681px\" \/><\/a><\/figure>\n\n\n\n<figure class=\"wp-block-image size-large\"><a href=\"https:\/\/www.ecoitaliano.com.ar\/wp-content\/uploads\/2024\/06\/Corrado-Calabro.1.jpg\"><img decoding=\"async\" width=\"898\" height=\"757\" data-id=\"57494\" src=\"https:\/\/www.ecoitaliano.com.ar\/wp-content\/uploads\/2024\/06\/Corrado-Calabro.1.jpg\" alt=\"\" class=\"wp-image-57494\" srcset=\"https:\/\/www.ecoitaliano.com.ar\/wp-content\/uploads\/2024\/06\/Corrado-Calabro.1.jpg 898w, https:\/\/www.ecoitaliano.com.ar\/wp-content\/uploads\/2024\/06\/Corrado-Calabro.1-300x253.jpg 300w, https:\/\/www.ecoitaliano.com.ar\/wp-content\/uploads\/2024\/06\/Corrado-Calabro.1-768x647.jpg 768w, https:\/\/www.ecoitaliano.com.ar\/wp-content\/uploads\/2024\/06\/Corrado-Calabro.1-150x126.jpg 150w\" sizes=\"(max-width: 898px) 100vw, 898px\" \/><\/a><\/figure>\n\n\n\n<figure class=\"wp-block-image size-large\"><a href=\"https:\/\/www.ecoitaliano.com.ar\/wp-content\/uploads\/2024\/06\/G.Palmerini-23.jpg\"><img decoding=\"async\" width=\"252\" height=\"311\" data-id=\"57495\" src=\"https:\/\/www.ecoitaliano.com.ar\/wp-content\/uploads\/2024\/06\/G.Palmerini-23.jpg\" alt=\"\" class=\"wp-image-57495\" srcset=\"https:\/\/www.ecoitaliano.com.ar\/wp-content\/uploads\/2024\/06\/G.Palmerini-23.jpg 252w, https:\/\/www.ecoitaliano.com.ar\/wp-content\/uploads\/2024\/06\/G.Palmerini-23-243x300.jpg 243w, https:\/\/www.ecoitaliano.com.ar\/wp-content\/uploads\/2024\/06\/G.Palmerini-23-122x150.jpg 122w\" sizes=\"(max-width: 252px) 100vw, 252px\" \/><\/a><\/figure>\n\n\n\n<figure class=\"wp-block-image size-full\"><a href=\"https:\/\/www.ecoitaliano.com.ar\/wp-content\/uploads\/2024\/06\/Maria-Federica-Valentini.1.jpg\"><img decoding=\"async\" width=\"626\" height=\"810\" data-id=\"57497\" src=\"https:\/\/www.ecoitaliano.com.ar\/wp-content\/uploads\/2024\/06\/Maria-Federica-Valentini.1.jpg\" alt=\"\" class=\"wp-image-57497\" srcset=\"https:\/\/www.ecoitaliano.com.ar\/wp-content\/uploads\/2024\/06\/Maria-Federica-Valentini.1.jpg 626w, https:\/\/www.ecoitaliano.com.ar\/wp-content\/uploads\/2024\/06\/Maria-Federica-Valentini.1-232x300.jpg 232w, https:\/\/www.ecoitaliano.com.ar\/wp-content\/uploads\/2024\/06\/Maria-Federica-Valentini.1-116x150.jpg 116w\" sizes=\"(max-width: 626px) 100vw, 626px\" \/><\/a><\/figure>\n\n\n\n<figure class=\"wp-block-image size-large\"><a href=\"https:\/\/www.ecoitaliano.com.ar\/wp-content\/uploads\/2024\/06\/Maria-Rita-Magnante.1.jpg\"><img decoding=\"async\" width=\"856\" height=\"935\" data-id=\"57498\" src=\"https:\/\/www.ecoitaliano.com.ar\/wp-content\/uploads\/2024\/06\/Maria-Rita-Magnante.1.jpg\" alt=\"\" class=\"wp-image-57498\" srcset=\"https:\/\/www.ecoitaliano.com.ar\/wp-content\/uploads\/2024\/06\/Maria-Rita-Magnante.1.jpg 856w, https:\/\/www.ecoitaliano.com.ar\/wp-content\/uploads\/2024\/06\/Maria-Rita-Magnante.1-275x300.jpg 275w, https:\/\/www.ecoitaliano.com.ar\/wp-content\/uploads\/2024\/06\/Maria-Rita-Magnante.1-768x839.jpg 768w, https:\/\/www.ecoitaliano.com.ar\/wp-content\/uploads\/2024\/06\/Maria-Rita-Magnante.1-137x150.jpg 137w\" sizes=\"(max-width: 856px) 100vw, 856px\" \/><\/a><\/figure>\n\n\n\n<figure class=\"wp-block-image size-large\"><a href=\"https:\/\/www.ecoitaliano.com.ar\/wp-content\/uploads\/2024\/06\/Mario-Narducci.jpg\"><img decoding=\"async\" width=\"363\" height=\"520\" data-id=\"57499\" src=\"https:\/\/www.ecoitaliano.com.ar\/wp-content\/uploads\/2024\/06\/Mario-Narducci.jpg\" alt=\"\" class=\"wp-image-57499\" srcset=\"https:\/\/www.ecoitaliano.com.ar\/wp-content\/uploads\/2024\/06\/Mario-Narducci.jpg 363w, https:\/\/www.ecoitaliano.com.ar\/wp-content\/uploads\/2024\/06\/Mario-Narducci-209x300.jpg 209w, https:\/\/www.ecoitaliano.com.ar\/wp-content\/uploads\/2024\/06\/Mario-Narducci-105x150.jpg 105w\" sizes=\"(max-width: 363px) 100vw, 363px\" \/><\/a><\/figure>\n\n\n\n<figure class=\"wp-block-image size-large\"><a href=\"https:\/\/www.ecoitaliano.com.ar\/wp-content\/uploads\/2024\/06\/Neria-De-Giovanni.1.jpg\"><img decoding=\"async\" width=\"300\" height=\"289\" data-id=\"57500\" src=\"https:\/\/www.ecoitaliano.com.ar\/wp-content\/uploads\/2024\/06\/Neria-De-Giovanni.1.jpg\" alt=\"\" class=\"wp-image-57500\" srcset=\"https:\/\/www.ecoitaliano.com.ar\/wp-content\/uploads\/2024\/06\/Neria-De-Giovanni.1.jpg 300w, https:\/\/www.ecoitaliano.com.ar\/wp-content\/uploads\/2024\/06\/Neria-De-Giovanni.1-150x145.jpg 150w\" sizes=\"(max-width: 300px) 100vw, 300px\" \/><\/a><\/figure>\n\n\n\n<figure class=\"wp-block-image size-large\"><a href=\"https:\/\/www.ecoitaliano.com.ar\/wp-content\/uploads\/2024\/06\/Simone-Gambacorta.jpg\"><img decoding=\"async\" width=\"1024\" height=\"964\" data-id=\"57501\" src=\"https:\/\/www.ecoitaliano.com.ar\/wp-content\/uploads\/2024\/06\/Simone-Gambacorta-1024x964.jpg\" alt=\"\" class=\"wp-image-57501\" srcset=\"https:\/\/www.ecoitaliano.com.ar\/wp-content\/uploads\/2024\/06\/Simone-Gambacorta-1024x964.jpg 1024w, https:\/\/www.ecoitaliano.com.ar\/wp-content\/uploads\/2024\/06\/Simone-Gambacorta-300x283.jpg 300w, https:\/\/www.ecoitaliano.com.ar\/wp-content\/uploads\/2024\/06\/Simone-Gambacorta-768x723.jpg 768w, https:\/\/www.ecoitaliano.com.ar\/wp-content\/uploads\/2024\/06\/Simone-Gambacorta-150x141.jpg 150w, https:\/\/www.ecoitaliano.com.ar\/wp-content\/uploads\/2024\/06\/Simone-Gambacorta.jpg 1080w\" sizes=\"(max-width: 1024px) 100vw, 1024px\" \/><\/a><\/figure>\n<\/figure>\n\n\n\n<p><strong>SU FACEBOOK \u00c8 SBOCCIATO UN GRANDE PREMIO!<\/strong><\/p>\n\n\n\n<p><strong><em>Il premio \u201cI GRANDI DIALOGHI NEL WEB\u201d sar\u00e0 presentato alla stampa a settembre: i vincitori<\/em><\/strong><\/p>\n\n\n\n<p>di<strong> ALESSANDRO CLEMENTI<\/strong><\/p>\n\n\n\n<p>La Maratona <a href=\"https:\/\/www.facebook.com\/hashtag\/igrandidialoghinelweb?__eep__=6&amp;__cft__%5b0%5d=AZUGq79lP8ccwZcnK60iy_4n8fTmMuEcR-LrIEvJzNE-MKgRtiT8wPLCwADE-Hyfcr6A2lL8rNCP4Z1pND47Tce2A-iiBlxjbuP70FuaTylRDCpUv2hYkImxFRXwj8_ZUNmrM-Do0z1-iF9K2OiDAl1pW_d_6mtTsoWYLU7mzHyJaA&amp;__tn__=*NK-R\">#igrandidialoghinelweb<\/a>, con logo la famosa fotografia degli Angeli sul Tevere del compianto fotografo d\u2019Arte <strong>Giulio Bianca<\/strong>, nasce nell\u2019autunno del 2020. <strong>Anna Manna<\/strong>, l\u2019ideatrice dei <strong>Grandi Dialoghi nel web<\/strong>, cos\u00ec racconta e descrive: <em>\u201cL\u2019avvio del progetto avviene all\u2019inizio della seconda ondata di pandemia! Dopo la prima ondata, che ci un\u00ec in un caloroso abbraccio in famiglia, la solitudine vinta anche grazie ai dialoghi quotidiani con gli amici di facebook, mi resi conto che non si parlava pi\u00f9 dei grandi temi letterari o sociali ed anche esistenziali. Addio ai convegni, addio agli incontri letterari, addio alle presentazioni dei libri, restavamo per ore su facebook a parlare di cucina, di paure, di ansie! Casalinghi ed angosciati! Allora, tra il fiorire di tante maratone simpatiche e leggiadre, ho lanciato un gruppo particolare: I Poeti dei grandi dialoghi nel web!<\/em> <em>Per sentirci meno soli nell\u2019anima e nel cuore, per raccontarci la nostra volont\u00e0 di continuare sulla strada della letteratura senza rinchiuderci in noi stessi. Prigionieri di una casa e di un cuore che avevano perso il contatto con l\u2019esterno. Per la mia attivit\u00e0 culturale ormai trentennale, in mezzo ad artisti, poeti, scrittori, saggisti, mi \u00e8 stato facile creare una prestigiosa ghirlanda di poeti, affermati e famosi, ma anche di poeti ed artisti bravi ma sconosciuti, che soltanto i nuovi mezzi di comunicazione hanno permesso di far conoscere a molti amanti della letteratura. Confronto e scambio culturale tra la grande letteratura ed il poeta magari di provincia, tra la grande citt\u00e0 ed i piccoli centri. In un dialogo che azzera le distanze ed arricchisce. La risposta su facebook \u00e8 stata, direi, clamorosa! Moltissime le adesioni, tante tante poesie per scandagliare i Grandi Temi che via via ho proposto!\u201d<\/em><\/p>\n\n\n\n<p>Sta forse nascendo la risposta al clima tradizionale che circonda ormai tanti eventi letterari? Il tanto deprecato uso di internet pu\u00f2 rinnovare, avvicinare, accendere le energie vitali che percorrono gli intellettuali pi\u00f9 moderni? Chiss\u00e0, staremo a vedere. Certo i fascicoli ormai famosi de <em>Le rosse pergamene<\/em> inviati a <strong>Papa Francesco<\/strong> e al Presidente della Repubblica <strong>Sergio Mattarella<\/strong> dai poeti delle maratone poetiche nel web, ideate ed organizzate personalmente con impegno quotidiano dalla poetessa <strong>Anna Manna<\/strong>, occupano un posto che risalta nelle iniziative con taglio originale e moderno.<\/p>\n\n\n\n<p>Il premio \u00e8 dedicato alla poetessa <strong>Jole Chessa Olivares<\/strong>, ad un anno della scomparsa. \u00c8 stata proprio <strong>JOLE CHESSA OLIVARES<\/strong> il primo Poeta premiato nel 2020. La cerimonia di premiazione si svolse nel 2021 interamente su facebook, con tre giorni dedicati all\u2019analisi della sua poesia. Quest\u2019anno il Premio, originale e con una metodologia che si sviluppa nei mesi, verr\u00e0 illustrato in autunno durante la Cerimonia di consegna dei Superpremi con il TROFEO DEGLI ANGELI DIALOGANTI. Saranno premiati anche i vincitori della SEZIONE PREMIO <a href=\"https:\/\/www.facebook.com\/hashtag\/igrandidialoghinelweb?__eep__=6&amp;__cft__%5b0%5d=AZUGq79lP8ccwZcnK60iy_4n8fTmMuEcR-LrIEvJzNE-MKgRtiT8wPLCwADE-Hyfcr6A2lL8rNCP4Z1pND47Tce2A-iiBlxjbuP70FuaTylRDCpUv2hYkImxFRXwj8_ZUNmrM-Do0z1-iF9K2OiDAl1pW_d_6mtTsoWYLU7mzHyJaA&amp;__tn__=*NK-R\">#igrandidialoghinelweb<\/a>. I Superpremi vengono assegnati all\u2019artista nel suo complesso, alla personalit\u00e0 artistica che ha espresso con la sua arte il valore del dialogo. Gli insigniti del Premio <a href=\"https:\/\/www.facebook.com\/hashtag\/igrandidialoghinelweb?__eep__=6&amp;__cft__%5b0%5d=AZUGq79lP8ccwZcnK60iy_4n8fTmMuEcR-LrIEvJzNE-MKgRtiT8wPLCwADE-Hyfcr6A2lL8rNCP4Z1pND47Tce2A-iiBlxjbuP70FuaTylRDCpUv2hYkImxFRXwj8_ZUNmrM-Do0z1-iF9K2OiDAl1pW_d_6mtTsoWYLU7mzHyJaA&amp;__tn__=*NK-R\">#IGRANDIDIALOGHINELWEB<\/a> vengono applauditi per l\u2019opera di diffusione della propria poesia su facebook. Comunque tutti gli artisti premiarti sono presenti su <strong>facebook<\/strong>. L&#8217;ultima Sezione si intitola <strong>Vieni a dialogare con noi<\/strong>. Vuol essere un invito ad entrare nel mondo di facebook atteraverso il dialogo ad una personalit\u00e0 artistica di grande rilievo che ancora resiste ai nuovi mezzi di comunicazione.<\/p>\n\n\n\n<p><strong>ANNA MANNA<\/strong>, l\u2019ideatrice di questo interessante <strong>Progetto culturale nel web<\/strong>, \u00e8 poetessa, scrittrice e vivace cultural promoter. Cos\u00ec il noto critico letterario <strong>LORENZO SPURIO<\/strong> evidenzia il <strong>Progetto I GRANDI DIALOGHI<\/strong> nella motivazione del <strong>Premio Speciale alla Cultura<\/strong> conferito alla poetessa romana nel 2022 dall\u2019Associazione Euterpe: <em>Anna Manna \u00e8 donna della tradizione ma anche dell\u2019innovazione. Si pensi ai suoi frequentatissimi progetti lanciati sul web con l\u2019hashtag \u201cI dialoghi del web\u201d, momenti di partecipazione e di senso d\u2019unit\u00e0 anche negli asfittici e drammatici periodi del distanziamento, della reclusione in casa, dell\u2019impossibilit\u00e0 di un contatto fisico dell\u2019era Covid. La Manna rappresenta l\u2019esempio di un intellettuale che apprezza e difende il passato, lo conosce e lo propone, ma che sa interfacciarsi con competenza ed efficacia con le nuove sfide, adoperando i nuovi linguaggi. Per il fatto di concepire il mondo culturale tanto quale reale ecclesia (di una comunit\u00e0 di scambio, partecipazione, crescita permanente e responsabilit\u00e0 verso se stessi, gli altri e il mondo (quanto di ragunanza letteraria, di cenacolo ludico-culturale all\u2019aria aperta, informale, una sorta di convivio pastorale, privo dei fronzoli e della seriet\u00e0 dell\u2019Accademia), sulle tracce di Cristina di Svezia da lei approfondita (in una pubblicazione di stampo teatrale), Le conferiamo il nostro Premio Speciale \u201calla Cultura\u201d in questa edizione del Premio.\u00bb<\/em><\/p>\n\n\n\n<p>La cerimonia di premiazione avverr\u00e0 in autunno a <strong>Roma<\/strong>, in sede prestigiosa. I vincitori sono annunciati in questo periodo in onore di <strong>JOLE CHESSA OLIVARES<\/strong>, scomparsa lo scorso anno il 27 maggio. Il premio I GRANDI DIALOGHI \u00e8 dedicato alla poetessa, con l\u2019approvazione unanime di tutti gli artisti amici de LE ROSSE PERGAMENE, il gruppo dei poeti della GHIRLANDA DELLA SPERANZA, i Presidenti di giuria e gli insigniti del Premio internazionale Gennaro Manna.<\/p>\n\n\n\n<p><strong>ANNUNCIO UFFICIALE DEI VINCITORI \u201cSUPERPREMIO TROFEO ANGELI DIALOGANTI\u201d<\/strong><\/p>\n\n\n\n<p>POESIA &#8211; <strong>CORRADO CALABR\u00d2<\/strong><\/p>\n\n\n\n<p>Per la poesia vissuta come dialogo: la natura, la figura femminile, la scienza, il cosmo, attraverso l&#8217;innamoramento \u00abdell&#8217;alter\u00bb, l&#8217;ironia nello scandaglio dell&#8217;uomo nella sua avventura terrestre, l&#8217;approfondimento culturale di ogni aspetto o oggetto e soggetto di poesia. Poesia raffinata e colta ma immediata, sincera, palpitante di vita, mai appesantita dal bagaglio culturale tradizionale o dal contatto con i nuovi linguaggi, ma al contrario arricchita da questi due aspetti.&nbsp;<\/p>\n\n\n\n<p>NARRATIVA &#8211; <strong>MARIO NARDUCCI&nbsp;<\/strong><\/p>\n\n\n\n<p>Per il costante dialogo con la propria citt\u00e0 svelandone gli aspetti pi\u00f9 nascoste, i ricordi pi\u00f9 commoventi, le usanze, le tradizioni in una scrittura che accoglie il lettore come l&#8217;abbraccio degli antichi avi e diventa mitico racconto di un tempo che non c&#8217;\u00e8 pi\u00f9. Grande successo nel web delle sue novelle che lo scrittore diffonde con grande pazienza e nel quotidiano trascorrere dei ricordi. Un omaggio all&#8217;artista, ma anche un omaggio del Premio I GRANDI DIALOGHI a L\u2019Aquila, Capitale italiana della Cultura 2026.<\/p>\n\n\n\n<p>GIORNALISMO &#8211; <strong>GOFFREDO PALMERINI&nbsp;<\/strong><\/p>\n\n\n\n<p>Lo sguardo sulla tenace avventura degli italiani nel mondo dell&#8217;arte e della cultura in genere, ieri e oggi, ma soprattutto la storia dell&#8217;importante grande dialogo tra gli italiani all&#8217;estero ed il mondo esterno. Tra il reportage giornalistico e il racconto narrativo, Goffredo Palmerini rivela le difficolt\u00e0, la battaglia quotidiana, le piccole e grandi vittorie dei figli della nostra amata Italia che hanno dovuto abbandonare la loro terra d&#8217;origine alla ricerca del proprio posto nel mondo. Goffredo Palmerini ha occhi e cuore per le piccole storie e le grandi affermazioni artistiche come quella indimenticabile di Mario Fratti. Nell\u2019ultimo suo libro <em>\u201cTi racconto cos\u00ec\u201d<\/em>, One Group Edizioni 2024, fresco di stampa, gi\u00e0 il titolo stesso evidenzia l\u2019intento narrativo e dialogante e l\u2019impegno di Goffredo Palmerini nell\u2019aprire nuove ed interessanti ipotesi di lavoro giornalistico e non solo.&nbsp;<\/p>\n\n\n\n<p>CRITICA LETTERARIA &#8211; <strong>SIMONE GAMBACORTA<\/strong><\/p>\n\n\n\n<p>Per il costante, attento, partecipe dialogo tra il critico letterario e gli Autori, nell&#8217;attenzione all&#8217;opera ed alla personalit\u00e0 di chi scrive, in un moderno approccio globale all&#8217;evento letterario, sia come espressione personale dell&#8217;Autore, sia come manifestazione di espressione sociale.<\/p>\n\n\n\n<p>SAGGISTICA &#8211; <strong>NERIA DE GIOVANNI&nbsp;<\/strong><\/p>\n\n\n\n<p>Per il dialogo tra la donna e la cultura europea, con particolare riguardo al suo libro <em>\u201cEuropa. Una dea un continente\u201d<\/em>, Nemapress 2024. Il libro approfondisce la vicenda mitologica di Europa, una nuova lettura del mito di Europa.<\/p>\n\n\n\n<p>PITTURA &#8211; <strong>GINA MARZIALE<\/strong><\/p>\n\n\n\n<p>Per il dialogo continuo e penetrante con il proprio inconscio attraverso l&#8217;Arte pittorica.&nbsp;<\/p>\n\n\n\n<p><strong>SEZIONE PREMIO <\/strong><a href=\"https:\/\/www.facebook.com\/hashtag\/igrandidialoghinelweb?__eep__=6&amp;__cft__%5b0%5d=AZVW8ONkSHd4Z2K5dlKj96aneTjEPCgR7nWKgbl0hqnEI21WLvS8EHrM6x1D7TtvG_ZRz_gUmELdezwCFfXtS-u3lbDW1MjdCwIfEUiDyXqEnSZU-G5ww5_s8v14AQXbIbhqTlHkJ9LRLWmDs9ufUVBJAsQHZ6LlbkWufJWWKeBz-g&amp;__tn__=*NK-R\"><strong>#IGRANDIDIALOGHINELWEB<\/strong><\/a><\/p>\n\n\n\n<p>I VINCITORI PREMIATI PER L&#8217;OPERA DI DIFFUSIONE DELLA POESIA SU FACEBOOK<\/p>\n\n\n\n<p><strong>CLARA DI STEFANO<\/strong><\/p>\n\n\n\n<p>Poetessa dell&#8217;amore come dialogo e scambio sincero di sentimenti, diffonde su facebook i suoi canti d&#8217;amore di grande sensibilit\u00e0 ed incanto.<\/p>\n\n\n\n<p><strong>MARIA RITA MAGNANTE<\/strong><\/p>\n\n\n\n<p>Poesia raffinata spesso con richiami ai poeti del passato, anzi a volte la poetessa si rivolge direttamente ai poeti scomparsi in una dimensione temporale che supera ogni limite di tempo e di spazio. La poetessa diffonde su facebook il dialogo poetico per eccellenza.<\/p>\n\n\n\n<p><strong>MARIA FEDERICA VALENTINI<\/strong><\/p>\n\n\n\n<p>Per la partecipazione alla Maratona di poesie per Venezia con la poesia pi\u00f9 votata.<\/p>\n\n\n\n<p><strong>ANNA MARIA GIANCARLI&nbsp;<\/strong><\/p>\n\n\n\n<p>La poetessa \u00e8 vincitrice per la Sezione <em>\u201cVIENI A DIALOGARE CON NOI\u201d.<\/em><\/p>\n\n\n\n<p><strong>***<\/strong><\/p>\n\n\n\n<p><strong>Anna Manna<\/strong>, nata a Gaeta il 17 marzo 1949, vive da sempre a Roma dove nel 1973 si \u00e8 laureata in Lettere Moderne presso l\u2019Universit\u00e0 La Sapienza. Figlia d\u2019arte &#8211; suo padre lo scrittore <strong>Gennaro Manna<\/strong> (Tocco Casauria, 1922 \u2013 Roma, 1990) \u2013 \u00e8 poetessa, scrittrice, saggista e cultural promoter. Ha svolto intensa attivit\u00e0 culturale a Roma e a Spoleto, \u00e8 fondatrice ed organizzatrice di premi letterari di rilievo nazionale. Nel web ha lanciato il Progetto <a href=\"https:\/\/www.facebook.com\/hashtag\/igrandidialoghinelweb?__eep__=6&amp;__cft__%5b0%5d=AZWkFa5BtQ_DtTn5NfCX9wD9l7lRQw2Npi5TupRi2RNeu7Cn0oDDdc-JGX65T9QD1QJAPiVFDOU071Xa63qek-BcF7ZMzkycRpk0AcqLFtTwVHCiYvX6usaJJJbHd-f00T0&amp;__tn__=*NK-R\">#igrandidialoghinelweb<\/a>.<\/p>\n\n\n\n<p><strong>Per la poesia<\/strong> ha pubblicato <em>Il raggio ridente di marzo<\/em> (1994), <em>La<\/em> <em>Madonnella al porto<\/em> (1996), <em>Fragole e latte<\/em> (1999), <em>A largo della polveriera<\/em> (2000), ha curato antologia <em>Poesie per Karol<\/em> (2005), <em>Le rosse pergamene. Poesie d\u2019amore 1972- 2000<\/em>, <em>Maree amare \u2013 Mare e amare<\/em> (2007), <em>Umili parole e grandi sogni. 5 poesie per 3 pontefici<\/em> (2013), <em>Meteorite<\/em> (2015), <em>Le poesie di Monteluco<\/em> (2016), <em>Migranti. A passi nudi, a cuori scalzi<\/em> con Daniela Fabrizi nel 2016, <em>Ebbrezze d\u2019amore, dolcezze e furori<\/em><strong> <\/strong>(2020) Premio Citt\u00e0 del Galateo a Roma). Sue poesie figurano in numerose antologie tra cui<strong> <\/strong><em>Poesie per anime gemelle \u2013 Racconti d\u2019amore di grandi poetesse e grandi poeti <\/em>(2009) a cura di Francesca Pansa; <em>Lingue di terra e di luna<\/em> (2017) a cura di Anna Maria Giancarli; <em>La cognizione del colore<\/em> (2018) a cura di Laura De Luca. La sua poesia \u00e8 stata adattata in musica a Recanati (MC) presso il prestigioso Centro Mondiale della poesia negli anni 2000, inserita nel progetto \u201cIl senso dei sensi\u201d a Spoleto (2011) ed esposta a L\u2019 Aquila nella Mostra \u201cCorrispondenze\u201d patrocinata dall\u2019UNESCO (2012).<\/p>\n\n\n\n<p><strong>Per la narrativa<\/strong> ha pubblicato il romanzo <em>A largo della polveriera<\/em> (2002) e le raccolte di racconti <em>I cocci in bocca<\/em> (1998) e <em>Una citt\u00e0, un racconto<\/em> (2012).&nbsp;<\/p>\n\n\n\n<p><strong>Per la saggistica<\/strong> ha pubblicato la raccolta di interviste <em>Noi donne fallibili e degne di miracoli<\/em> (1995), <em>ll poeta della ferriera<\/em> (2004 saggio in ambito universitario con altri docenti), <em>A Roma i poeti<\/em> (2006), <em>L\u2019illimite \u2013 Incontro con Corrado Calabr\u00f2<\/em> (2014) presentato a Roma presso la Biblioteca della Camera dei deputati, <em>Il gatto di Schroedinger sonnecchia in Europa<\/em> (2014), presentato a Spoleto presso Casa Menotti, <em>La biblioteca del dialogo. Dalla biblioteca della custodia alla biblioteca del dialogo<\/em> (2007).&nbsp;<\/p>\n\n\n\n<p><strong>Alla questione femminile<\/strong> ha dedicato le antologie <em>Poetesse per Pechino<\/em> (1995) e <em>Donne di luna e di scure \u2013 poesie nel web<\/em> scritto con Daniela Fabrizi (2007).<\/p>\n\n\n\n<p><strong>Cultural promoter<\/strong>: In Campidoglio ha fondato nel 1995 il Premio \u201cFiore di roccia\u201d (che ha condotto per i dieci anni consecutivi) dedicato inizialmente alla donna. Tra i prestigiosi premiati: Maria Luisa Spaziani, Piero Angela, David Sassoli e Luciano De Crescenzo. Nel 2001 ha fondato il progetto culturale \u201cLe rosse pergamene del Nuovo Umanesimo\u201d che si esprime prevalentemente mediante l\u2019omonimo Premio Letterario dedicato all\u2019 amore e alla solidariet\u00e0.&nbsp;<\/p>\n\n\n\n<p>Si sono occupati della sua produzione, tra gli altri, in ordine cronologico: Miranda Clementoni, Mila Marini, Marianna Bucchich Bevilacqua, Gianni Bisiach, , Giorgio B\u00e0rberi-Squarotti, Michele Prisco, Lia Bronzi. Giorgio Carpaneto, Nino Piccione, Vittoriano Esposito, Elio Fiore, Raimondo Venturiello, Pasqualino Fortunato, Carmelo Aliberti, Daniela Fabrizi, Neria De Giovanni, Sandro Gros-Pietro, Franco Manescalchi, Gilberto Mazzoleni, Renato Minore, Elio Pecora, Lorenzo Spurio, Fabia Baldi, Giuseppe Manitta, Michela Zanarella, Elisabetta Bagli, Romano Levante, Mario Narducci, Anna Maria Giancarli, Eugenia Serafini, Liliana Biondi, Fausta Genziana Le Piane, Lidia Popa, Giuseppe Nasca, Clara Di Stefano.<\/p>\n\n\n\n<p><strong>Numerosi i premi letterari<\/strong> che le sono stati attribuiti tra cui vanno ricordati il \u201d Premio Teramo\u201d per un racconto (1999).Per la poesia : il Premio Calliope di Roma (1995), il Premio Zir\u00e9 d\u2019Oro a L\u2019 Aquila (l996), il Premio Lidense di Ostia (1 997), Premio internazionale \u201cCitt\u00e0 di Marino\u201d per la Saggistica,&nbsp; il Premio \u201cSinile Parvulos\u201d assegnato a Citt\u00e0 del Vaticano (2005), Premio -pubblicazione Scrivere donna Tracce con raccolta Meteorite , il Premio \u201cAlghero Donna\u201d (2011) per le Poesie profumate. Per la promozione della cultura ha ricevuto: il Premio \u201cBoncompagni Ludovisi\u201d per il suo impegno culturale nella diffusione della poesia. Nel 2022 l\u2019Associazione Euterpe APS di Jesi (AN) le ha conferito, in seno al X Premio Nazionale di Poesia \u201cL\u2019arte in versi\u201d, il Premio speciale alla Cultura. Ha ricevuto inoltre premi istituzionali come la Medaglia delle pari opportunit\u00e0, PREMIO COMMISSINE CULTURA.&nbsp;<strong>Nel 2023 ha pubblicato<\/strong> il libro di poesie \u201cQUESTA MATTINA\u201d editore Tabula fati, copertina del noto pittore futurista Antonio Fiore. Il libro, presentato a Spoleto durante il Festival dei due mondi, \u00e8 stato insignito a settembre con il<strong> <\/strong>Premio Internazionale Spoleto FestivalArt Letteratura 2023. Il 22 gennaio 2024 presso l\u2019istituto dell\u2019Enciclopedia italiana<strong> <\/strong>TRECCANI<strong>, <\/strong>nell\u2019ambito del<strong> <\/strong>Progetto<strong> <\/strong>culturale Le Rosse Pergamene- la<strong> <\/strong>Cultura dei sentimenti<strong>, <\/strong>ha istituito il<strong> <\/strong>Premio internazionale Gennaro Manna.<\/p>\n","protected":false},"excerpt":{"rendered":"<p>SU FACEBOOK \u00c8 SBOCCIATO UN GRANDE PREMIO! Il premio \u201cI GRANDI DIALOGHI NEL WEB\u201d sar\u00e0 presentato alla stampa a settembre: [&hellip;]<\/p>\n","protected":false},"author":1,"featured_media":0,"comment_status":"open","ping_status":"open","sticky":false,"template":"","format":"standard","meta":{"footnotes":""},"categories":[10,22],"tags":[],"class_list":["post-57487","post","type-post","status-publish","format-standard","hentry","category-italiano","category-libros-y-revistas-literatura"],"_links":{"self":[{"href":"https:\/\/www.ecoitaliano.com.ar\/index.php?rest_route=\/wp\/v2\/posts\/57487","targetHints":{"allow":["GET"]}}],"collection":[{"href":"https:\/\/www.ecoitaliano.com.ar\/index.php?rest_route=\/wp\/v2\/posts"}],"about":[{"href":"https:\/\/www.ecoitaliano.com.ar\/index.php?rest_route=\/wp\/v2\/types\/post"}],"author":[{"embeddable":true,"href":"https:\/\/www.ecoitaliano.com.ar\/index.php?rest_route=\/wp\/v2\/users\/1"}],"replies":[{"embeddable":true,"href":"https:\/\/www.ecoitaliano.com.ar\/index.php?rest_route=%2Fwp%2Fv2%2Fcomments&post=57487"}],"version-history":[{"count":0,"href":"https:\/\/www.ecoitaliano.com.ar\/index.php?rest_route=\/wp\/v2\/posts\/57487\/revisions"}],"wp:attachment":[{"href":"https:\/\/www.ecoitaliano.com.ar\/index.php?rest_route=%2Fwp%2Fv2%2Fmedia&parent=57487"}],"wp:term":[{"taxonomy":"category","embeddable":true,"href":"https:\/\/www.ecoitaliano.com.ar\/index.php?rest_route=%2Fwp%2Fv2%2Fcategories&post=57487"},{"taxonomy":"post_tag","embeddable":true,"href":"https:\/\/www.ecoitaliano.com.ar\/index.php?rest_route=%2Fwp%2Fv2%2Ftags&post=57487"}],"curies":[{"name":"wp","href":"https:\/\/api.w.org\/{rel}","templated":true}]}}