{"id":59056,"date":"2024-07-22T09:56:56","date_gmt":"2024-07-22T09:56:56","guid":{"rendered":"https:\/\/www.ecoitaliano.com.ar\/?p=59056"},"modified":"2024-07-22T09:56:56","modified_gmt":"2024-07-22T09:56:56","slug":"supercali-il-cinema-tra-le-pagine-torna-a-vigevano-la-v-edizione-del-festival-delle-narrazioni","status":"publish","type":"post","link":"https:\/\/www.ecoitaliano.com.ar\/?p=59056","title":{"rendered":"SUPERCALI &#8211; IL CINEMA TRA LE PAGINE, torna a Vigevano la V edizione del festival delle narrazioni"},"content":{"rendered":"\n<figure class=\"wp-block-image\"><img decoding=\"async\" src=\"https:\/\/lh7-us.googleusercontent.com\/docsz\/AD_4nXe2u8_0i-i3j7rCLRg57M2l58bxqVJG78TIm5xcQyDJ0WStg_bdKC8YWSo9q9za_Kq8GTt1rNZ0pz4hE1jeaYKFNg0y60G8Vdar_hF1MFkFNoggAifbfRw8mvJnJAWGVWHnekKfCNwK8mZZOK2itnIfAKY?key=EAIVpSHjQ5NtsFB0QTpyrg\" alt=\"\"\/><\/figure>\n\n\n\n<p><strong>SUPERCALI IL CINEMA TRA LE PAGINE: TORNA A VIGEVANO IL FESTIVAL DELLE NARRAZIONI<\/strong><\/p>\n\n\n\n<p><strong>Al Castello Sforzesco la V edizione della rassegna culturale italiana che mette al centro le narrazioni del grande schermo e della letteratura: \u201cIn the mood for\u201d il tema per questo 2024<\/strong><\/p>\n\n\n\n<p><strong>Vigevano (PV), 13 &#8211; 15 settembre<\/strong><\/p>\n\n\n\n<p>Si terr\u00e0 anche quest\u2019anno a&nbsp;<strong>Vigevano<\/strong>&nbsp;(PV)&nbsp;<strong>il primo festival italiano che riunisce appassionati di cinema e di libri: SuperCali<\/strong>, arrivato ormai alla sua&nbsp;<strong>V edizione<\/strong>, torna tra le storiche mura del Castello Sforzesco&nbsp;<strong>da venerd\u00ec 13 a domenica 15 settembre<\/strong>&nbsp;per&nbsp;<strong>tre giornate ricche di incontri, panel e talk<\/strong>.<br>La manifestazione \u2013<strong>&nbsp;<\/strong>che deve il suo nome alla trasposizione cinematografica di Mary Poppins e nasce con l\u2019intento di omaggiare gli adattamenti dei libri per film e serie TV \u2013 \u00e8 ideata dalla<strong>&nbsp;libreria \u201cLe Notti Bianche\u201d<\/strong>&nbsp;di&nbsp;<strong>Ludovica Giuliani<\/strong>&nbsp;e&nbsp;<strong>co-curata e coordinata&nbsp;<\/strong>da<strong>&nbsp;Chiara Milesi<\/strong>&nbsp;con il sostegno del Comune di Vigevano.&nbsp;<\/p>\n\n\n\n<p><strong>\u201cIn the mood for\u201d sar\u00e0&nbsp; il tema per questo 2024<\/strong>: dai 50 anni di Happy Days alla filosofia di Star Wars, dalla mitologia del vampiro all\u2019annosa domanda \u201c\u00e8 pi\u00f9 bello il film o il libro?\u201d, il mondo degli appassionati lettori e cinefili si d\u00e0 appuntamento a Vigevano.<\/p>\n\n\n\n<p>Tanti gli ospiti in arrivo per l\u2019occasione nella cittadina lombarda, grandi personalit\u00e0 del mondo del cinema, della letteratura e del web, dall\u2019attore&nbsp;<strong>Vinicio Marchioni<\/strong>&nbsp;alla scrittrice&nbsp;<strong>Camilla Ronzullo<\/strong>, in arte&nbsp;<strong>Zelda as a writer<\/strong>, dallo sceneggiatore&nbsp;<strong>Flavio Nuccitelli<\/strong>&nbsp;al filosofo e divulgatore&nbsp;&nbsp;<strong>Matteo Saudino<\/strong>, dal regista&nbsp;<strong>Francesco Trento<\/strong>&nbsp;alla studiosa di narratologia&nbsp;<strong>Marina Pierri<\/strong>, dalla critica cinematografica&nbsp;<strong>Gabriella Giliberti&nbsp;<\/strong>al caporedattore di Radio Radicale&nbsp;<strong>Emilio Targia&nbsp;<\/strong>e tante e tanti altri.&nbsp;<\/p>\n\n\n\n<p><em>\u00ab<\/em><em>Cinque anni di festival \u00e8 un primo importante anniversario. Siamo felicissime di accogliere anche quest&#8217;anno tre giorni di meraviglia cercando di intercettare i vari \u00abmood\u00bb che caratterizzano le arti della narrazione. \u201cIn the mood for\u201d \u00e8 infatti il tema che abbiamo scelto per questo 2024: un tema che si riflette sulle nostre proposte ma che, speriamo, possa mettere il pubblico nella posizione di sentirsi parte della programmazione<\/em><em>\u00bb<\/em>&nbsp;ha detto la&nbsp;<strong>direttrice artistica<\/strong>&nbsp;<strong>Ludovica Giuliani<\/strong>.<\/p>\n\n\n\n<p><em>\u00abQuesta edizione si arricchisce ancora una volta di volti e nuove voci, ospiti speciali che ci accompagnano tra le pagine dei libri, del grande schermo e delle serie TV. Dai 50 anni di Happy Days alla filosofia di Star Wars, fino alle&nbsp;<\/em>atmosfere gotiche delle narrazioni di pi\u00f9 epoche storiche che ancora oggi aleggiano nel nostro immaginario collettivo<em>: abbiamo creato un percorso che possa mantenere l\u2019atmosfera di scambio e di partecipazione attiva che da sempre contraddistingue SuperCali\u00bb&nbsp;<\/em>le parole dell\u2019<strong>event manager Chiara Milesi<\/strong>.<\/p>\n\n\n\n<p>A dare il via agli incontri del festival sar\u00e0 il celebre attore&nbsp;<strong>Vinicio Marchioni<\/strong>, che nella serata di&nbsp;<strong>venerd\u00ec 13 settembre<\/strong>&nbsp;(ore 21), insieme alla scrittrice e blogger&nbsp;<strong>Camilla Ronzullo<\/strong>&nbsp;conosciuta come&nbsp;<strong>Zelda as a writer<\/strong>, parler\u00e0 di adolescenza, di come questa talvolta esploda e poi possa ricomporsi nel tempo, ma anche di rapporto tra genitori e figli, di malattia e di domande che rimangono sospese. Una discussione che prender\u00e0 avvio dal suo recente esordio letterario con il toccante romanzo di formazione&nbsp;<em>Tre notti<\/em>&nbsp;(Rizzoli libri) e che si estender\u00e0 su tutta la sua esperienza e&nbsp;carriera nel mondo cinematografico.<br>Vedere ed essere visti sar\u00e0 invece il tema con cui si aprir\u00e0 la giornata di&nbsp;<strong>sabato 14&nbsp;<\/strong>(ore 11), con un suo talk, lo sceneggiatore e autore TV&nbsp;<strong>Flavio Nuccitelli&nbsp;<\/strong>ci porter\u00e0 a riflettere su come vediamo gli altri e noi stessi attraverso la rappresentazione filmica e l\u2019empatizzare con i personaggi.&nbsp;<\/p>\n\n\n\n<p>Cosa si pu\u00f2 imparare dalla filosofia di Star Wars? Con l&#8217;imperdibile incontro che vedr\u00e0 al centro il filosofo e divulgatore&nbsp;<strong>Matteo Saudino<\/strong>&nbsp;ci tufferemo nell\u2019universo della saga cinematografica pi\u00f9 amata di tutti i tempi.<br>Con l\u2019esperta di narratologia e scrittrice&nbsp;<strong>Marina Pierri&nbsp;<\/strong>e<strong>&nbsp;<\/strong>il regista&nbsp;<strong>Francesco Trento<\/strong>&nbsp; vedremo come si pu\u00f2 trasformare la propria passione per le grandi storie di carta e le pellicole in una vera e propria professione (ore 18).&nbsp;<\/p>\n\n\n\n<p><strong>Domenica 15 settembre&nbsp;<\/strong>la scrittrice e critica cinematografica<strong>&nbsp;Gabriella Gilberti&nbsp;<\/strong>ci trasciner\u00e0 in un\u2019atmosfera gotica tracciando una vera e propria etologia del vampiro, protagonista indiscusso delle narrazioni di pi\u00f9 epoche storiche, e ancora oggi presente nel nostro immaginario collettivo, creatura protagonista del suo ultimo saggio&nbsp;<em>Love Song for a vampire<\/em>&nbsp;(Bakemono Lab), (ore 11).<br>A SuperCali si festeggeranno i 50 anni dell\u2019iconica sitcom americana Happy Days&nbsp; che ripercorre un significativo pezzo di storia degli anni Cinquanta e Sessanta del secolo scorso. Ne parleranno il fondatore dell\u2019Happy Days International Fans Club&nbsp;<strong>Giuseppe Ganelli<\/strong>&nbsp;e<strong>&nbsp;<\/strong>il caporedattore di Radio Radicale<strong>&nbsp;Emilio Targia&nbsp;<\/strong>(ore 16).<strong><\/strong><br>\u00c8 meglio il libro o il film? Alle 18, il&nbsp;content creator e divulgatore&nbsp;<strong>Alessio De Santa<\/strong>&nbsp;e&nbsp;<strong>Flavio Nuccitelli<\/strong>&nbsp;proveranno a rispondere a questa annosa domanda: spesso tendiamo a pensare che l\u2019adattamento non sar\u00e0 mai all\u2019altezza delle emozioni provate scorrendo le pagine, ma i due esperti ci aiuteranno a capire come la trasposizione sia spesso un lavoro complicato, nella cui realizzazione possono influire molte variabili.<\/p>\n\n\n\n<p>Il festival si chiuder\u00e0 con un&nbsp;<strong>aperitivo dall\u2019atmosfera<\/strong>&nbsp;<em>Regency<\/em>&nbsp;ispirato alla serie Netflix<strong>&nbsp;Bridgerton<\/strong>&nbsp;ideata da Chris Van Dusen e prodotta da Shonda Rhimes, basata sui romanzi di Julia Quinn, ambientati nel mondo dell&#8217;alta societ\u00e0 londinese durante la Reggenza inglese.<br><br><\/p>\n\n\n\n<p><strong>Tutto il programma sul sito&nbsp;<\/strong><a href=\"https:\/\/nam12.safelinks.protection.outlook.com\/?url=https%3A%2F%2Fwww.supercali.it%2F&amp;data=05%7C01%7C%7Ce3522b8f21a94a1fada008da8a7c84dd%7C84df9e7fe9f640afb435aaaaaaaaaaaa%7C1%7C0%7C637974564660691372%7CUnknown%7CTWFpbGZsb3d8eyJWIjoiMC4wLjAwMDAiLCJQIjoiV2luMzIiLCJBTiI6Ik1haWwiLCJXVCI6Mn0%3D%7C3000%7C%7C%7C&amp;sdata=ipWuDwzLcEcoY7DwlZ1pEOFIfNI%2Bv%2FNYGTnM0jGpp08%3D&amp;reserved=0\" target=\"_blank\" rel=\"noreferrer noopener\"><strong>https:\/\/www.SuperCali.it\/<\/strong><\/a><\/p>\n\n\n\n<p><em>L\u2019ingresso agli eventi \u00e8 libero fino a esaurimento posti, con priorit\u00e0 per i possessori di biglietto (prenotare il biglietto quindi non \u00e8 obbligatorio ma \u00e8 garanzia di accesso). Chi \u00e8 senza biglietto potr\u00e0 accedere solo una volta verificata la disponibilit\u00e0 di posti liberi. Non ammessi animali.<\/em><\/p>\n\n\n\n<p><em>Il SuperCali Festival \u00e8 ideato e curato dalla libreria \u201cLe notti bianche\u201d con il patrocinio del Comune di Vigevano e il contributo Fondazione di Piacenza e Vigevano.<\/em><\/p>\n","protected":false},"excerpt":{"rendered":"<p>SUPERCALI IL CINEMA TRA LE PAGINE: TORNA A VIGEVANO IL FESTIVAL DELLE NARRAZIONI Al Castello Sforzesco la V edizione della [&hellip;]<\/p>\n","protected":false},"author":1,"featured_media":0,"comment_status":"open","ping_status":"open","sticky":false,"template":"","format":"standard","meta":{"footnotes":""},"categories":[33,10],"tags":[],"class_list":["post-59056","post","type-post","status-publish","format-standard","hentry","category-espectaculo","category-italiano"],"_links":{"self":[{"href":"https:\/\/www.ecoitaliano.com.ar\/index.php?rest_route=\/wp\/v2\/posts\/59056","targetHints":{"allow":["GET"]}}],"collection":[{"href":"https:\/\/www.ecoitaliano.com.ar\/index.php?rest_route=\/wp\/v2\/posts"}],"about":[{"href":"https:\/\/www.ecoitaliano.com.ar\/index.php?rest_route=\/wp\/v2\/types\/post"}],"author":[{"embeddable":true,"href":"https:\/\/www.ecoitaliano.com.ar\/index.php?rest_route=\/wp\/v2\/users\/1"}],"replies":[{"embeddable":true,"href":"https:\/\/www.ecoitaliano.com.ar\/index.php?rest_route=%2Fwp%2Fv2%2Fcomments&post=59056"}],"version-history":[{"count":0,"href":"https:\/\/www.ecoitaliano.com.ar\/index.php?rest_route=\/wp\/v2\/posts\/59056\/revisions"}],"wp:attachment":[{"href":"https:\/\/www.ecoitaliano.com.ar\/index.php?rest_route=%2Fwp%2Fv2%2Fmedia&parent=59056"}],"wp:term":[{"taxonomy":"category","embeddable":true,"href":"https:\/\/www.ecoitaliano.com.ar\/index.php?rest_route=%2Fwp%2Fv2%2Fcategories&post=59056"},{"taxonomy":"post_tag","embeddable":true,"href":"https:\/\/www.ecoitaliano.com.ar\/index.php?rest_route=%2Fwp%2Fv2%2Ftags&post=59056"}],"curies":[{"name":"wp","href":"https:\/\/api.w.org\/{rel}","templated":true}]}}