{"id":59438,"date":"2024-07-29T17:38:00","date_gmt":"2024-07-29T17:38:00","guid":{"rendered":"https:\/\/www.ecoitaliano.com.ar\/?p=59438"},"modified":"2024-07-29T17:38:00","modified_gmt":"2024-07-29T17:38:00","slug":"serena-conduce-operaclassica-eco-italiano-3545","status":"publish","type":"post","link":"https:\/\/www.ecoitaliano.com.ar\/?p=59438","title":{"rendered":"Serena conduce operaclassica eco italiano"},"content":{"rendered":"<div class=\"wp-block-image\">\n<figure class=\"aligncenter size-full\"><a href=\"http:\/\/www.ecoitaliano.com.ar\/wp-content\/uploads\/2024\/07\/Screenshot-280-5.png\"><img decoding=\"async\" width=\"432\" height=\"117\" src=\"http:\/\/www.ecoitaliano.com.ar\/wp-content\/uploads\/2024\/07\/Screenshot-280-5.png\" alt=\"\" class=\"wp-image-59399\" srcset=\"https:\/\/www.ecoitaliano.com.ar\/wp-content\/uploads\/2024\/07\/Screenshot-280-5.png 432w, https:\/\/www.ecoitaliano.com.ar\/wp-content\/uploads\/2024\/07\/Screenshot-280-5-300x81.png 300w, https:\/\/www.ecoitaliano.com.ar\/wp-content\/uploads\/2024\/07\/Screenshot-280-5-150x41.png 150w\" sizes=\"(max-width: 432px) 100vw, 432px\" \/><\/a><\/figure><\/div>\n\n\n<p><strong>comunicato stampa<\/strong><\/p>\n\n\n\n<p><strong>Celebri pagine di musica sinfonica e corale del Romanticismo<\/strong><strong>,<\/strong><\/p>\n\n\n\n<p><strong>al Parco della Musica di Cagliari, per l\u2019Attivit\u00e0 musicale estiva 2024<\/strong><\/p>\n\n\n\n<p><strong>Gioved\u00ec 1, venerd\u00ec 2 e sabato 3 agosto alle 21<\/strong> al <strong>Parco della Musica di Cagliari<\/strong>, per l\u2019<strong>Attivit\u00e0 musicale estiva 2024<\/strong>, \u00e8 in programma il quinto appuntamento musicale che propone tre serate, interamente dedicate a celebri pagine di ottima musica sinfonica e corale d\u2019autore, nell\u2019interpretazione dell\u2019<strong>Orchestra<\/strong> e del <strong>Coro del Teatro Lirico di Cagliari<\/strong>, diretti da <strong>Dmitri Jurowski<\/strong> (Mosca, 1979), il discendente pi\u00f9 giovane della celebre famiglia di musicisti russi che ritorna a Cagliari dopo il suo debutto, il 28-29 ottobre 2021, in occasione del Concerto straordinario per la riapertura del Teatro Lirico al pubblico dopo la pandemia. Il maestro del coro \u00e8 <strong>Giovanni Andreoli<\/strong>.<\/p>\n\n\n\n<p><strong>Il programma musicale delle serate prevede<\/strong>: <em>Le Ebridi \u201cLa grotta di Fingal\u201d, Ouverture in si minore op. 26<\/em> di <strong>Felix Mendelssohn-Bartholdy<\/strong>; <em>Le rovine di Atene op. 113: Marcia e Coro <\/em>e <em>Meerestille und gl\u00fcckliche Fahrt op. 112<\/em> di <strong>Ludwig van Beethoven<\/strong>; <em>Siegfried-Idyll in Mi maggiore, WWV 103<\/em> di <strong>Richard Wagner<\/strong>; <em>Danze ungheresi nn. 1-5-6<\/em> di <strong>Johannes Brahms<\/strong>.<\/p>\n\n\n\n<p><strong>Lo spettacolo ha una durata complessiva di 1 ora circa e non prevede l\u2019intervallo.<\/strong><\/p>\n\n\n\n<p><strong>Prezzi biglietti<\/strong>: \u20ac 10 (posto unico).<\/p>\n\n\n\n<p><strong>La Biglietteria del Teatro Lirico \u00e8 aperta luned\u00ec, marted\u00ec, gioved\u00ec, venerd\u00ec e sabato dalle 9 alle 13, mercoled\u00ec dalle 16 alle 20 e, nei giorni di spettacolo, anche da due ore prima dell\u2019inizio.<\/strong><\/p>\n\n\n\n<p><strong>Per informazioni<\/strong>: <strong>Biglietteria del Teatro Lirico<\/strong>, via Sant\u2019Alenixedda, 09128 Cagliari, telefono 0704082230 &#8211; 0704082249, <a href=\"mailto:biglietteria@teatroliricodicagliari.it;\">biglietteria@teatroliricodicagliari.it<\/a>, <a href=\"http:\/\/www.teatroliricodicagliari.it\/\">www.teatroliricodicagliari.it<\/a>. Il Teatro Lirico di Cagliari si pu\u00f2 seguire anche su Facebook, Twitter, YouTube, Instagram, Linkedin. <strong>Biglietteria <em>online<\/em>: <a href=\"http:\/\/www.vivaticket.com\">www.vivaticket.com<\/a>.<\/strong><\/p>\n\n\n\n<p>La Direzione si riserva di apportare al programma le modifiche che si rendessero necessarie per esigenze tecniche o per cause di forza maggiore. Eventuali modifiche al cartellone saranno indicate nel sito internet del teatro www.teatroliricodicagliari.it.<\/p>\n\n\n\n<p><strong>Giovanni Andreoli &#8211; <em>Maestro del coro<\/em><\/strong><\/p>\n\n\n\n<p>Originario di Brescia, studia pianoforte, composizione, flauto, percussioni, musica corale e direzione di coro. Inizia molto giovane l\u2019attivit\u00e0 in teatro, dapprima come maestro suggeritore, poi come maestro di sala e quindi come responsabile della preparazione musicale delle compagnie di canto. Gi\u00e0 maestro sostituto in importanti teatri italiani e festival lirici, tra cui Rossini Opera Festival di Pesaro, Maggio Musicale Fiorentino e Festival Puccini di Torre del Lago, \u00e8 stato Maestro del coro in importanti istituzioni musicali italiane fra cui: Rai di Milano, Teatro La Fenice di Venezia, Teatro Carlo Felice di Genova, Arena di Verona. Durante la sua carriera collabora assiduamente con la Biennale Musica di Venezia, curando la preparazione di composizioni, presentate in prima mondiale, di autori contemporanei come Adriano Guarnieri, Luis De Pablo, Aldo Clementi, Giacomo Manzoni e Luigi Nono. Negli anni 1997-1998 viene invitato al Teatro Municipal de S\u00e3o Paulo (Brasile), dove dirige <em>Messa dell\u2019incoronazione<\/em> di Mozart, <em>Nelson Messe<\/em> di Haydn e <em>Petite Messe solemnelle<\/em> di Rossini; a Rejkjavik per dirigere <em>L\u2019elisir d\u2019amore<\/em> di Donizetti, al Festival di Orvieto con i complessi del Teatro La Fenice di Venezia per l\u2019esecuzione della <em>Via Crucis<\/em> di Liszt e a Granada, sempre con La Fenice di Venezia, per <em>Carmina Burana<\/em> di Orff. \u00c8 stato invitato, dal Festival Klangbogen Wien, a dirigere <em>Otello<\/em> di Rossini al Theater an der Wien con l\u2019Orchestra Sinfonica di Varsavia. Dopo l\u2019impegno come Maestro del coro alla Fenice di Venezia (1994-2001), \u00e8 stato: Direttore artistico del Teatro Grande di Brescia (1994-2005); Maestro del coro al Teatro Carlo Felice di Genova (2001-2004); Maestro Titular del Coro al Teatro Nacional S\u00e3o Carlos di Lisbona (2004-2008); Direttore Principale della Orquestra Sinfonica da Op- Companhia Portuguesa de Opera (2004-2008); Maestro del coro alla Fondazione Arena di Verona (2010-2011); Maestro Titular del Coro al Teatro S\u00e3o Carlos di Lisbona (2011-luglio 2020).<\/p>\n\n\n\n<p><strong>Coro del Teatro Lirico di Cagliari<\/strong><\/p>\n\n\n\n<p>Protagonista di un\u2019importante attivit\u00e0 che, a partire dal dopoguerra, lo ha portato ad eseguire oltre cento titoli di lirica, si qualifica anche per la capacit\u00e0 di affrontare il repertorio sinfonico. Ha avuto tra i suoi direttori Bonaventura Somma, Roberto Benaglio, Giorgio Kirschner e, in anni recenti, \u00e8 stato diretto dal 1997 al gennaio 2005 da Paolo Vero, dal giugno 2005 al dicembre 2007 da Andrea Faidutti, dal gennaio 2008 al dicembre 2011 da Fulvio Fogliazza, dal gennaio 2012 al novembre 2014 da Marco Faelli, dal dicembre 2014 al luglio 2017 da Gaetano Mastroiaco e, dal settembre 2017, da Donato Sivo. La disponibilit\u00e0 e la capacit\u00e0 di interpretare lavori di epoche e stili diversi in lingua originale sono caratteristiche che lo hanno reso tra le compagini pi\u00f9 duttili ed apprezzate da direttori d\u2019orchestra e registi. Il complesso ha avuto particolare cura per le opere di compositori del Novecento, tra cui <em>Le Roi David<\/em> di Honegger, <em>Stabat Mater<\/em> di Poulenc, <em>Assassinio nella cattedrale<\/em> di Pizzetti, <em>Sinfonia di Salmi<\/em> di Stravinskij, <em>Coro di morti<\/em> di Petrassi, <em>La visita meravigliosa<\/em> di Rota, <em>Stabat Mater<\/em> di Szymanowski. Tra le interpretazioni delle ultime stagioni hanno particolare rilievo il <em>Te Deum<\/em> di Berlioz con la direzione di Gabor \u00d6tv\u00f6s, la <em>Seconda Sinfonia<\/em> di Mahler con Alun Francis, il <em>Requiem<\/em> e la <em>Messa dell\u2019Incoronazione<\/em> di Mozart con Ton Koopman, il <em>Requiem<\/em> di Cherubini diretto da Frans Br\u00fcggen, il <em>Requiem tedesco<\/em> di Brahms e <em>La Creazione<\/em> di Haydn con G\u00e9rard Korsten, la <em>Passione secondo Giovanni<\/em> e la <em>Passione secondo Matteo<\/em> di Bach con Peter Schreier, le opere <em>Sebastian<\/em>, tratta da <em>Le martyre de Saint-S\u00e9bastien<\/em> di Debussy (prima produzione italiana), con la direzione di Georges Pr\u00eatre, <em>\u010cerevi\u010dki<\/em> di \u010cajkovskij diretta da Gennadi Rozhdestvensky. Negli anni scorsi ha collaborato con registi quali Dario Fo, Beni Montresor, Stefano Vizioli, Lorenzo Mariani, Filippo Crivelli, Luca Ronconi, Hennings Brockhaus, Alberto Fassini, Denis Krief, Jos\u00e9 Carlos Plaza, Stephen Medcalf, Pier Luigi Pizzi, Graham Vick. Sotto la guida di Lorin Maazel ha eseguito con successo la <em>Nona Sinfonia<\/em> di Beethoven nel 1999, e l\u2019anno successivo in un\u2019apprezzata versione multimediale. Nel 2002 il Coro, insieme all\u2019Orchestra del Teatro Lirico, ha rappresentato l\u2019Italia nell\u2019ambito della rassegna <em>Italienische Nacht,<\/em> organizzata dalla Bayerischer Rundfunk al Gasteig di Monaco di Baviera e trasmessa in diretta dalla radio bavarese. Particolarmente apprezzate sono state, inoltre, le esecuzioni della <em>Liturgia di San Giovanni Crisostomo<\/em> di \u010cajkovskij e il <em>Vespro in memoria di S. Smolenskij<\/em> di Rachmaninov. Nel giugno 2003 ha eseguito, con la New York Philharmonic diretta da Lorin Maazel, brani da <em>Porgy and Bess<\/em> di Gershwin. Per la casa discografica Dynamic ha inciso <em>Die Feen<\/em> di Wagner, <em>Dalibor<\/em> di Smetana, (premiate, rispettivamente, da \u201cMusica e Dischi\u201d quale miglior disco operistico italiano del 1997, e da \u201cOp\u00e9ra International\u201d col \u201cTimbre de Platine\u201d &#8211; gennaio 2001), <em>\u010cerevi\u010dki<\/em> di \u010cajkovskij, <em>Die \u00e4gyptische Helena<\/em> di Richard Strauss, <em>Goyescas<\/em> di Granados e <em>La vida breve<\/em> di De Falla, la <em>Passione secondo Giovanni<\/em> di Bach, <em>Euryanthe<\/em> di Weber, <em>Opri\u010dnik<\/em> di \u010cajkovskij, <em>Alfonso und Estrella <\/em>di Schubert, <em>Hans Heiling<\/em> di Marschner, <em>Ch\u00e9rubin<\/em> di Massenet, <em>Die V\u00f6gel<\/em> di Braunfels, <em>Lucia di Lammermoor<\/em> di Donizetti. \u00c8 in preparazione l\u2019edizione discografica di <em>A Village Romeo and Juliet<\/em> di Delius. Per la Rai ha registrato, nel 1998, <em>La Boh\u00e8me<\/em> (con Andrea Bocelli nel ruolo di Rodolfo), trasmessa in tutto il mondo, e, nel 2003, <em>Don Pasquale<\/em> (edito in dvd da Rai Trade).<\/p>\n\n\n\n<p><strong>Dmitri Jurowski &#8211; <em>Direttore<\/em><\/strong><\/p>\n\n\n\n<p>\u00c8 il pi\u00f9 giovane rappresentante di una famosa dinastia musicale russa e ha diretto pi\u00f9 di cento produzioni operistiche diverse in teatri quali: Bayerische Staatsoper, Deutsche Oper Berlin, Semperoper Dresden, Op\u00e9ra Bastille Paris, Lyric Opera Chicago, Fenice di Venezia, Op\u00e9ra di Monaco, Grand Th\u00e9\u00e2tre di Ginevra, Palau de Les Arts Reina Sofia di Valencia, Opera israeliana di Tel Aviv, Bolshoi di Mosca. Le opere di Wagner, Strauss, Zemlinsky, \u010cajkovskij, Musorgskij, \u0160ostakovi\u010d e Prokof\u2019ev sono il fulcro del suo lavoro artistico. Nel 2010 ha diretto la pluripremiata produzione di <em>Evgenij Onegin<\/em> di Dmitri Tcherniakov in una <em>tourn<\/em><em>\u00e9e<\/em> europea al Teatro Bolshoi. Si \u00e8 esibito anche al Teatro Real Madrid, alla Royal Opera House Covent Garden di Londra e al Festival di Lucerna. In questa stagione dirige, tra le altre, <em>La Dama di picche<\/em> di \u010cajkovskij al Gran Teatre del Liceu di Barcellona. Dmitri Jurowski \u00e8 stato Direttore musicale dell\u2019Opera fiamminga di Anversa\/Gand (2011-2016). Collabora regolarmente con le principali orchestre internazionali come: BBC Philharmonic Orchestra di Manchester, Orchestra Sinfonica della Radio Svedese di Stoccolma, Orchestra Sinfonica di Amburgo, Filarmonica di Dresda, Orchestra Sinfonica di Vienna, Bruckner Orchestra di Linz, Tonk\u00fcnstler Orchestra di Vienna, Residentie Orkest L\u2019Aia, Orchestra Arturo Toscanini di Parma, Filarmonica di San Pietroburgo, Orchestra Beethoven di Bonn, Orchestre Symphonique et Lyrice de Nancy, Hong Kong Philharmonic, Shanghai Philharmonic Orchestra. Ha lavorato anche con solisti eccezionali come: Lang Lang, Jean-Yves Thibaudet, Rudolf Buchbinder, Denis Matsuev, Fran\u00e7ois-Fr\u00e9d\u00e9ric Guy, Vadim Repin, Maxim Vengerov, Janine Jansen, Ray Chen, Sol Gabetta, Jean-Guihen Queyras, Andreas Brantelid, Johannes Moser.<\/p>\n\n\n\n<p><strong>Orchestra del Teatro Lirico di Cagliari<\/strong><\/p>\n\n\n\n<p>\u00c8 stata fondata nel 1933 e ha consolidato, negli anni, un fecondo rapporto con i maggiori direttori italiani, tra cui Tullio Serafin, Vittorio Gui, Antonino Votto, Guido Cantelli, Franco Ferrara, Franco Capuana, Willy Ferrero, e con compositori quali Ottorino Respighi, Ildebrando Pizzetti, Ermanno Wolf Ferrari, Riccardo Zandonai, Alfredo Casella. Risalgono agli anni \u201850-\u201960 le apparizioni sul podio di Lorin Maazel, Lovro von Matacic, Claudio Abbado, Sergiu Celibidache, Riccardo Muti, e le collaborazioni con Gioconda De Vito, Leonid Kogan, Henryk Szering, Andr\u00e9s Navarra, Dino Ciani, Maria Tipo, Nikita Magaloff, Wilhem Kempff, Martha Argerich. In questi ultimi anni l\u2019Orchestra ha collaborato, tra gli altri, con direttori come Lorin Maazel, Georges Pr\u00eatre, Emmanuel Krivine, Mstislav Rostropovich, Ton Koopman, Iv\u00e1n Fischer, Frans Br\u00fcggen, Carlo Maria Giulini, Gennadi Rozhdestvensky, Rafael Fr\u00fchbeck de Burgos, Neville Marriner, Christopher Hogwood, Hartmut Haenchen e con solisti come Martha Argerich, Aldo Ciccolini, Kim Kashkashian, Viktoria Mullova, Misha Maisky, Truls M\u00f8rk, Sabine Meyer, Yuri Bashmet, Salvatore Accardo. Dal 1999 al 2005 G\u00e9rard Korsten ha ricoperto il ruolo di direttore musicale e ha, fra l\u2019altro, diretto in prima esecuzione nazionale, <em>Die \u00e4gyptische Helena<\/em> di Richard Strauss, <em>Euryanthe<\/em> di Weber e <em>A Village Romeo and Juliet<\/em> di Delius, mentre nella stagione 2007-2008 George Pehlivanian \u00e8 stato direttore ospite principale. Negli ultimi anni l\u2019Orchestra ha collaborato regolarmente con Lorin Maazel, compiendo nel 1999 una <em>tourn\u00e9e<\/em> in Europa ed eseguendo con successo una serie di concerti. Nel 2002 ha rappresentato l\u2019Italia nella rassegna \u201cItalienische Nacht\u201d, organizzata dalla Bayerischer Rundfunk al Gasteig di Monaco di Baviera e trasmessa in diretta dalla radio bavarese. Nel 2005 ha suonato in un concerto in onore del Presidente della Repubblica Italiana Carlo Azeglio Ciampi. Nel 2010 ha partecipato al 98\u00b0 Festival di Wiesbaden con <em>Lucia di Lammermoor<\/em> per la direzione di Stefano Ranzani e la regia di Denis Krief, riscuotendo un grande successo. Recentemente, nell\u2019ambito di un progetto di internazionalizzazione del Teatro Lirico di Cagliari, realizzato e promosso in collaborazione con l\u2019Unione Europea, il Governo Italiano e la Regione Sardegna, l\u2019Orchestra \u00e8 stata invitata dalla New York City Opera per l\u2019esecuzione di <em>La campana sommersa<\/em> di Respighi, ricevendo il plauso del pubblico e della critica. Negli ultimi anni, anche nell\u2019ambito della rassegna \u201cCinque passi nel Novecento\u201d, ha eseguito, in prima assoluta, composizioni per orchestra che il Teatro Lirico di Cagliari ha commissionato a compositori come Sylvano Bussotti, Giorgio Tedde, Azio Corghi, Fabio Nieder, Alberto Colla, Carlo Boccadoro, Franco Oppo, Francesco Antonioni, Ivan Fedele, Michele Dall\u2019Ongaro, Filippo Del Corno, Vittorio Testa, Sergio Rendine, Orazio Sciortino. Per la casa discografica Dynamic ha inciso opere in prima esecuzione in Italia, quali: <em>Die Feen<\/em> di Wagner, <em>Dalibor<\/em> di Smetana, (premiate, rispettivamente, da \u201cMusica e Dischi\u201d quale miglior disco operistico italiano del 1997, e da \u201cOp\u00e9ra International\u201d col \u201cTimbre de Platine\u201d &#8211; gennaio 2001), <em>\u010cerevi\u010dki<\/em> e <em>Opri\u010dnik<\/em> di \u010cajkovskij, <em>Die \u00e4gyptische Helena<\/em> di Richard Strauss, <em>Euryanthe<\/em> di Weber, <em>Alfonso und Estrella<\/em> di Schubert, <em>Hans Heiling<\/em> di Marschner, <em>Ch\u00e9rubin<\/em> di Massenet, <em>Lucia di Lammermoor<\/em> di Donizetti. Ha inciso, inoltre, <em>Goyescas<\/em> di Granados e <em>La vida breve<\/em> di De Falla, <em>La Passione secondo Giovanni<\/em> di Bach, <em>La sonnambula<\/em> di Bellini, <em>I Shardana<\/em> di Porrino per la Dynamic, <em>Don Pasquale<\/em> per Rai Trade e <em>La leggenda della citt\u00e0 invisibile di Kite\u017e e della fanciulla Fevronija<\/em> di Rimskij-Korsakov per Naxos. Per la Rai ha registrato, nel 1998, <em>La Boh\u00e8me<\/em> trasmessa in tutto il mondo.<\/p>\n\n\n\n<p>Cagliari, 29 luglio 2024<\/p>\n\n\n\n<p>Pierluigi Corona<\/p>\n\n\n\n<p>Responsabile Ufficio Stampa<\/p>\n\n\n\n<p>Teatro Lirico di Cagliari, via Efisio Cao di San Marco, 09128 Cagliari &#8211; Italia<\/p>\n\n\n\n<p>telefono +39 0704082209 &#8211; <a href=\"mailto:stampa@teatroliricodicagliari.it\">stampa@teatroliricodicagliari.it<\/a> &#8211; <a href=\"http:\/\/www.teatroliricodicagliari.it\/\">www.teatroliricodicagliari.it<\/a><\/p>\n\n\n\n<p>locandina concerto 1 &#8211; 2 &#8211; 3 Agosto<\/p>\n\n\n\n<figure class=\"wp-block-gallery has-nested-images columns-default is-cropped wp-block-gallery-1 is-layout-flex wp-block-gallery-is-layout-flex\">\n<figure class=\"wp-block-image size-large\"><a href=\"https:\/\/www.ecoitaliano.com.ar\/wp-content\/uploads\/2024\/07\/9cfa7f1ce89dae6fe21564f94ac50542-0.jpg\"><img decoding=\"async\" width=\"724\" height=\"1024\" data-id=\"59441\" src=\"https:\/\/www.ecoitaliano.com.ar\/wp-content\/uploads\/2024\/07\/9cfa7f1ce89dae6fe21564f94ac50542-0-724x1024.jpg\" alt=\"\" class=\"wp-image-59441\" srcset=\"https:\/\/www.ecoitaliano.com.ar\/wp-content\/uploads\/2024\/07\/9cfa7f1ce89dae6fe21564f94ac50542-0-724x1024.jpg 724w, https:\/\/www.ecoitaliano.com.ar\/wp-content\/uploads\/2024\/07\/9cfa7f1ce89dae6fe21564f94ac50542-0-212x300.jpg 212w, https:\/\/www.ecoitaliano.com.ar\/wp-content\/uploads\/2024\/07\/9cfa7f1ce89dae6fe21564f94ac50542-0-768x1086.jpg 768w, https:\/\/www.ecoitaliano.com.ar\/wp-content\/uploads\/2024\/07\/9cfa7f1ce89dae6fe21564f94ac50542-0-1086x1536.jpg 1086w, https:\/\/www.ecoitaliano.com.ar\/wp-content\/uploads\/2024\/07\/9cfa7f1ce89dae6fe21564f94ac50542-0-1448x2048.jpg 1448w, https:\/\/www.ecoitaliano.com.ar\/wp-content\/uploads\/2024\/07\/9cfa7f1ce89dae6fe21564f94ac50542-0-106x150.jpg 106w, https:\/\/www.ecoitaliano.com.ar\/wp-content\/uploads\/2024\/07\/9cfa7f1ce89dae6fe21564f94ac50542-0.jpg 1654w\" sizes=\"(max-width: 724px) 100vw, 724px\" \/><\/a><\/figure>\n\n\n\n<figure class=\"wp-block-image size-large\"><a href=\"https:\/\/www.ecoitaliano.com.ar\/wp-content\/uploads\/2024\/07\/9cfa7f1ce89dae6fe21564f94ac50542-1.jpg\"><img decoding=\"async\" width=\"724\" height=\"1024\" data-id=\"59442\" src=\"https:\/\/www.ecoitaliano.com.ar\/wp-content\/uploads\/2024\/07\/9cfa7f1ce89dae6fe21564f94ac50542-1-724x1024.jpg\" alt=\"\" class=\"wp-image-59442\" srcset=\"https:\/\/www.ecoitaliano.com.ar\/wp-content\/uploads\/2024\/07\/9cfa7f1ce89dae6fe21564f94ac50542-1-724x1024.jpg 724w, https:\/\/www.ecoitaliano.com.ar\/wp-content\/uploads\/2024\/07\/9cfa7f1ce89dae6fe21564f94ac50542-1-212x300.jpg 212w, https:\/\/www.ecoitaliano.com.ar\/wp-content\/uploads\/2024\/07\/9cfa7f1ce89dae6fe21564f94ac50542-1-768x1086.jpg 768w, https:\/\/www.ecoitaliano.com.ar\/wp-content\/uploads\/2024\/07\/9cfa7f1ce89dae6fe21564f94ac50542-1-1086x1536.jpg 1086w, https:\/\/www.ecoitaliano.com.ar\/wp-content\/uploads\/2024\/07\/9cfa7f1ce89dae6fe21564f94ac50542-1-1448x2048.jpg 1448w, https:\/\/www.ecoitaliano.com.ar\/wp-content\/uploads\/2024\/07\/9cfa7f1ce89dae6fe21564f94ac50542-1-106x150.jpg 106w, https:\/\/www.ecoitaliano.com.ar\/wp-content\/uploads\/2024\/07\/9cfa7f1ce89dae6fe21564f94ac50542-1.jpg 1654w\" sizes=\"(max-width: 724px) 100vw, 724px\" \/><\/a><\/figure>\n<\/figure>\n\n\n\n<p>complessi artistici concerto 1 &#8211; 2 &#8211; 3 Agosto<\/p>\n\n\n\n<figure class=\"wp-block-gallery has-nested-images columns-default is-cropped wp-block-gallery-2 is-layout-flex wp-block-gallery-is-layout-flex\">\n<figure class=\"wp-block-image size-large\"><a href=\"https:\/\/www.ecoitaliano.com.ar\/wp-content\/uploads\/2024\/07\/9cfa7f1ce89dae6fe21564f94ac50542-0-1.jpg\"><img decoding=\"async\" width=\"724\" height=\"1024\" data-id=\"59443\" src=\"https:\/\/www.ecoitaliano.com.ar\/wp-content\/uploads\/2024\/07\/9cfa7f1ce89dae6fe21564f94ac50542-0-1-724x1024.jpg\" alt=\"\" class=\"wp-image-59443\" srcset=\"https:\/\/www.ecoitaliano.com.ar\/wp-content\/uploads\/2024\/07\/9cfa7f1ce89dae6fe21564f94ac50542-0-1-724x1024.jpg 724w, https:\/\/www.ecoitaliano.com.ar\/wp-content\/uploads\/2024\/07\/9cfa7f1ce89dae6fe21564f94ac50542-0-1-212x300.jpg 212w, https:\/\/www.ecoitaliano.com.ar\/wp-content\/uploads\/2024\/07\/9cfa7f1ce89dae6fe21564f94ac50542-0-1-768x1086.jpg 768w, https:\/\/www.ecoitaliano.com.ar\/wp-content\/uploads\/2024\/07\/9cfa7f1ce89dae6fe21564f94ac50542-0-1-1086x1536.jpg 1086w, https:\/\/www.ecoitaliano.com.ar\/wp-content\/uploads\/2024\/07\/9cfa7f1ce89dae6fe21564f94ac50542-0-1-1448x2048.jpg 1448w, https:\/\/www.ecoitaliano.com.ar\/wp-content\/uploads\/2024\/07\/9cfa7f1ce89dae6fe21564f94ac50542-0-1-106x150.jpg 106w, https:\/\/www.ecoitaliano.com.ar\/wp-content\/uploads\/2024\/07\/9cfa7f1ce89dae6fe21564f94ac50542-0-1.jpg 1654w\" sizes=\"(max-width: 724px) 100vw, 724px\" \/><\/a><\/figure>\n\n\n\n<figure class=\"wp-block-image size-large\"><a href=\"https:\/\/www.ecoitaliano.com.ar\/wp-content\/uploads\/2024\/07\/9cfa7f1ce89dae6fe21564f94ac50542-1-1.jpg\"><img decoding=\"async\" width=\"724\" height=\"1024\" data-id=\"59444\" src=\"https:\/\/www.ecoitaliano.com.ar\/wp-content\/uploads\/2024\/07\/9cfa7f1ce89dae6fe21564f94ac50542-1-1-724x1024.jpg\" alt=\"\" class=\"wp-image-59444\" srcset=\"https:\/\/www.ecoitaliano.com.ar\/wp-content\/uploads\/2024\/07\/9cfa7f1ce89dae6fe21564f94ac50542-1-1-724x1024.jpg 724w, https:\/\/www.ecoitaliano.com.ar\/wp-content\/uploads\/2024\/07\/9cfa7f1ce89dae6fe21564f94ac50542-1-1-212x300.jpg 212w, https:\/\/www.ecoitaliano.com.ar\/wp-content\/uploads\/2024\/07\/9cfa7f1ce89dae6fe21564f94ac50542-1-1-768x1086.jpg 768w, https:\/\/www.ecoitaliano.com.ar\/wp-content\/uploads\/2024\/07\/9cfa7f1ce89dae6fe21564f94ac50542-1-1-1086x1536.jpg 1086w, https:\/\/www.ecoitaliano.com.ar\/wp-content\/uploads\/2024\/07\/9cfa7f1ce89dae6fe21564f94ac50542-1-1-1448x2048.jpg 1448w, https:\/\/www.ecoitaliano.com.ar\/wp-content\/uploads\/2024\/07\/9cfa7f1ce89dae6fe21564f94ac50542-1-1-106x150.jpg 106w, https:\/\/www.ecoitaliano.com.ar\/wp-content\/uploads\/2024\/07\/9cfa7f1ce89dae6fe21564f94ac50542-1-1.jpg 1654w\" sizes=\"(max-width: 724px) 100vw, 724px\" \/><\/a><\/figure>\n<\/figure>\n\n\n\n<p>attivit\u00e0 estiva 2024<\/p>\n\n\n\n<figure class=\"wp-block-gallery has-nested-images columns-default is-cropped wp-block-gallery-3 is-layout-flex wp-block-gallery-is-layout-flex\">\n<figure class=\"wp-block-image size-large\"><a href=\"https:\/\/www.ecoitaliano.com.ar\/wp-content\/uploads\/2024\/07\/1f3c861d37aab294948fa0d5e1d4e3cc-0.jpg\"><img decoding=\"async\" width=\"724\" height=\"1024\" data-id=\"59445\" src=\"https:\/\/www.ecoitaliano.com.ar\/wp-content\/uploads\/2024\/07\/1f3c861d37aab294948fa0d5e1d4e3cc-0-724x1024.jpg\" alt=\"\" class=\"wp-image-59445\" srcset=\"https:\/\/www.ecoitaliano.com.ar\/wp-content\/uploads\/2024\/07\/1f3c861d37aab294948fa0d5e1d4e3cc-0-724x1024.jpg 724w, https:\/\/www.ecoitaliano.com.ar\/wp-content\/uploads\/2024\/07\/1f3c861d37aab294948fa0d5e1d4e3cc-0-212x300.jpg 212w, https:\/\/www.ecoitaliano.com.ar\/wp-content\/uploads\/2024\/07\/1f3c861d37aab294948fa0d5e1d4e3cc-0-768x1086.jpg 768w, https:\/\/www.ecoitaliano.com.ar\/wp-content\/uploads\/2024\/07\/1f3c861d37aab294948fa0d5e1d4e3cc-0-1086x1536.jpg 1086w, https:\/\/www.ecoitaliano.com.ar\/wp-content\/uploads\/2024\/07\/1f3c861d37aab294948fa0d5e1d4e3cc-0-1448x2048.jpg 1448w, https:\/\/www.ecoitaliano.com.ar\/wp-content\/uploads\/2024\/07\/1f3c861d37aab294948fa0d5e1d4e3cc-0-106x150.jpg 106w, https:\/\/www.ecoitaliano.com.ar\/wp-content\/uploads\/2024\/07\/1f3c861d37aab294948fa0d5e1d4e3cc-0.jpg 1654w\" sizes=\"(max-width: 724px) 100vw, 724px\" \/><\/a><\/figure>\n\n\n\n<figure class=\"wp-block-image size-large\"><a href=\"https:\/\/www.ecoitaliano.com.ar\/wp-content\/uploads\/2024\/07\/1f3c861d37aab294948fa0d5e1d4e3cc-1.jpg\"><img decoding=\"async\" width=\"724\" height=\"1024\" data-id=\"59446\" src=\"https:\/\/www.ecoitaliano.com.ar\/wp-content\/uploads\/2024\/07\/1f3c861d37aab294948fa0d5e1d4e3cc-1-724x1024.jpg\" alt=\"\" class=\"wp-image-59446\" srcset=\"https:\/\/www.ecoitaliano.com.ar\/wp-content\/uploads\/2024\/07\/1f3c861d37aab294948fa0d5e1d4e3cc-1-724x1024.jpg 724w, https:\/\/www.ecoitaliano.com.ar\/wp-content\/uploads\/2024\/07\/1f3c861d37aab294948fa0d5e1d4e3cc-1-212x300.jpg 212w, https:\/\/www.ecoitaliano.com.ar\/wp-content\/uploads\/2024\/07\/1f3c861d37aab294948fa0d5e1d4e3cc-1-768x1086.jpg 768w, https:\/\/www.ecoitaliano.com.ar\/wp-content\/uploads\/2024\/07\/1f3c861d37aab294948fa0d5e1d4e3cc-1-1086x1536.jpg 1086w, https:\/\/www.ecoitaliano.com.ar\/wp-content\/uploads\/2024\/07\/1f3c861d37aab294948fa0d5e1d4e3cc-1-1448x2048.jpg 1448w, https:\/\/www.ecoitaliano.com.ar\/wp-content\/uploads\/2024\/07\/1f3c861d37aab294948fa0d5e1d4e3cc-1-106x150.jpg 106w, https:\/\/www.ecoitaliano.com.ar\/wp-content\/uploads\/2024\/07\/1f3c861d37aab294948fa0d5e1d4e3cc-1.jpg 1654w\" sizes=\"(max-width: 724px) 100vw, 724px\" \/><\/a><\/figure>\n<\/figure>\n\n\n\n<figure class=\"wp-block-gallery has-nested-images columns-default is-cropped wp-block-gallery-4 is-layout-flex wp-block-gallery-is-layout-flex\">\n<figure class=\"wp-block-image size-large\"><a href=\"https:\/\/www.ecoitaliano.com.ar\/wp-content\/uploads\/2024\/07\/Dmitri-Jurowski-foto-Priamo-Tolu.jpg\"><img decoding=\"async\" width=\"1024\" height=\"683\" data-id=\"59447\" src=\"https:\/\/www.ecoitaliano.com.ar\/wp-content\/uploads\/2024\/07\/Dmitri-Jurowski-foto-Priamo-Tolu-1024x683.jpg\" alt=\"\" class=\"wp-image-59447\" srcset=\"https:\/\/www.ecoitaliano.com.ar\/wp-content\/uploads\/2024\/07\/Dmitri-Jurowski-foto-Priamo-Tolu-1024x683.jpg 1024w, https:\/\/www.ecoitaliano.com.ar\/wp-content\/uploads\/2024\/07\/Dmitri-Jurowski-foto-Priamo-Tolu-300x200.jpg 300w, https:\/\/www.ecoitaliano.com.ar\/wp-content\/uploads\/2024\/07\/Dmitri-Jurowski-foto-Priamo-Tolu-768x512.jpg 768w, https:\/\/www.ecoitaliano.com.ar\/wp-content\/uploads\/2024\/07\/Dmitri-Jurowski-foto-Priamo-Tolu-1536x1024.jpg 1536w, https:\/\/www.ecoitaliano.com.ar\/wp-content\/uploads\/2024\/07\/Dmitri-Jurowski-foto-Priamo-Tolu-150x100.jpg 150w, https:\/\/www.ecoitaliano.com.ar\/wp-content\/uploads\/2024\/07\/Dmitri-Jurowski-foto-Priamo-Tolu.jpg 2048w\" sizes=\"(max-width: 1024px) 100vw, 1024px\" \/><\/a><\/figure>\n<\/figure>\n\n\n\n<figure class=\"wp-block-gallery has-nested-images columns-default is-cropped wp-block-gallery-5 is-layout-flex wp-block-gallery-is-layout-flex\">\n<figure class=\"wp-block-image size-large\"><a href=\"https:\/\/www.ecoitaliano.com.ar\/wp-content\/uploads\/2024\/07\/Giovanni-Andreoli-foto-Priamo-Tolu-1.jpg\"><img decoding=\"async\" width=\"1024\" height=\"683\" data-id=\"59448\" src=\"https:\/\/www.ecoitaliano.com.ar\/wp-content\/uploads\/2024\/07\/Giovanni-Andreoli-foto-Priamo-Tolu-1-1024x683.jpg\" alt=\"\" class=\"wp-image-59448\" srcset=\"https:\/\/www.ecoitaliano.com.ar\/wp-content\/uploads\/2024\/07\/Giovanni-Andreoli-foto-Priamo-Tolu-1-1024x683.jpg 1024w, https:\/\/www.ecoitaliano.com.ar\/wp-content\/uploads\/2024\/07\/Giovanni-Andreoli-foto-Priamo-Tolu-1-300x200.jpg 300w, https:\/\/www.ecoitaliano.com.ar\/wp-content\/uploads\/2024\/07\/Giovanni-Andreoli-foto-Priamo-Tolu-1-768x512.jpg 768w, https:\/\/www.ecoitaliano.com.ar\/wp-content\/uploads\/2024\/07\/Giovanni-Andreoli-foto-Priamo-Tolu-1-1536x1024.jpg 1536w, https:\/\/www.ecoitaliano.com.ar\/wp-content\/uploads\/2024\/07\/Giovanni-Andreoli-foto-Priamo-Tolu-1-150x100.jpg 150w, https:\/\/www.ecoitaliano.com.ar\/wp-content\/uploads\/2024\/07\/Giovanni-Andreoli-foto-Priamo-Tolu-1.jpg 2048w\" sizes=\"(max-width: 1024px) 100vw, 1024px\" \/><\/a><\/figure>\n<\/figure>\n","protected":false},"excerpt":{"rendered":"<p>comunicato stampa Celebri pagine di musica sinfonica e corale del Romanticismo, al Parco della Musica di Cagliari, per l\u2019Attivit\u00e0 musicale [&hellip;]<\/p>\n","protected":false},"author":1,"featured_media":0,"comment_status":"open","ping_status":"open","sticky":false,"template":"","format":"standard","meta":{"footnotes":""},"categories":[1],"tags":[],"class_list":["post-59438","post","type-post","status-publish","format-standard","hentry","category-sin-categoria"],"_links":{"self":[{"href":"https:\/\/www.ecoitaliano.com.ar\/index.php?rest_route=\/wp\/v2\/posts\/59438","targetHints":{"allow":["GET"]}}],"collection":[{"href":"https:\/\/www.ecoitaliano.com.ar\/index.php?rest_route=\/wp\/v2\/posts"}],"about":[{"href":"https:\/\/www.ecoitaliano.com.ar\/index.php?rest_route=\/wp\/v2\/types\/post"}],"author":[{"embeddable":true,"href":"https:\/\/www.ecoitaliano.com.ar\/index.php?rest_route=\/wp\/v2\/users\/1"}],"replies":[{"embeddable":true,"href":"https:\/\/www.ecoitaliano.com.ar\/index.php?rest_route=%2Fwp%2Fv2%2Fcomments&post=59438"}],"version-history":[{"count":0,"href":"https:\/\/www.ecoitaliano.com.ar\/index.php?rest_route=\/wp\/v2\/posts\/59438\/revisions"}],"wp:attachment":[{"href":"https:\/\/www.ecoitaliano.com.ar\/index.php?rest_route=%2Fwp%2Fv2%2Fmedia&parent=59438"}],"wp:term":[{"taxonomy":"category","embeddable":true,"href":"https:\/\/www.ecoitaliano.com.ar\/index.php?rest_route=%2Fwp%2Fv2%2Fcategories&post=59438"},{"taxonomy":"post_tag","embeddable":true,"href":"https:\/\/www.ecoitaliano.com.ar\/index.php?rest_route=%2Fwp%2Fv2%2Ftags&post=59438"}],"curies":[{"name":"wp","href":"https:\/\/api.w.org\/{rel}","templated":true}]}}