{"id":59498,"date":"2024-07-30T16:33:03","date_gmt":"2024-07-30T16:33:03","guid":{"rendered":"https:\/\/www.ecoitaliano.com.ar\/?p=59498"},"modified":"2024-07-30T17:20:36","modified_gmt":"2024-07-30T17:20:36","slug":"pesaro-citta-italiana-della-cultura","status":"publish","type":"post","link":"https:\/\/www.ecoitaliano.com.ar\/?p=59498","title":{"rendered":"Pesaro, capitale italiana della cultura:"},"content":{"rendered":"\n<p><strong>fervono i preparativi per il ROF 2024<\/strong><\/p>\n\n\n\n<figure class=\"wp-block-gallery has-nested-images columns-default is-cropped wp-block-gallery-1 is-layout-flex wp-block-gallery-is-layout-flex\">\n<figure class=\"wp-block-image size-large\"><a href=\"https:\/\/www.ecoitaliano.com.ar\/wp-content\/uploads\/2024\/07\/Farsa-Rossini-Opera-Festival.jpg\"><img decoding=\"async\" width=\"1024\" height=\"626\" data-id=\"59499\" src=\"https:\/\/www.ecoitaliano.com.ar\/wp-content\/uploads\/2024\/07\/Farsa-Rossini-Opera-Festival-1024x626.jpg\" alt=\"\" class=\"wp-image-59499\" srcset=\"https:\/\/www.ecoitaliano.com.ar\/wp-content\/uploads\/2024\/07\/Farsa-Rossini-Opera-Festival-1024x626.jpg 1024w, https:\/\/www.ecoitaliano.com.ar\/wp-content\/uploads\/2024\/07\/Farsa-Rossini-Opera-Festival-300x183.jpg 300w, https:\/\/www.ecoitaliano.com.ar\/wp-content\/uploads\/2024\/07\/Farsa-Rossini-Opera-Festival-768x469.jpg 768w, https:\/\/www.ecoitaliano.com.ar\/wp-content\/uploads\/2024\/07\/Farsa-Rossini-Opera-Festival-1536x939.jpg 1536w, https:\/\/www.ecoitaliano.com.ar\/wp-content\/uploads\/2024\/07\/Farsa-Rossini-Opera-Festival-150x92.jpg 150w, https:\/\/www.ecoitaliano.com.ar\/wp-content\/uploads\/2024\/07\/Farsa-Rossini-Opera-Festival.jpg 1600w\" sizes=\"(max-width: 1024px) 100vw, 1024px\" \/><\/a><\/figure>\n\n\n\n<figure class=\"wp-block-image size-large\"><a href=\"https:\/\/www.ecoitaliano.com.ar\/wp-content\/uploads\/2024\/07\/progr2.jpg\"><img decoding=\"async\" width=\"1024\" height=\"341\" data-id=\"59500\" src=\"https:\/\/www.ecoitaliano.com.ar\/wp-content\/uploads\/2024\/07\/progr2-1024x341.jpg\" alt=\"\" class=\"wp-image-59500\" srcset=\"https:\/\/www.ecoitaliano.com.ar\/wp-content\/uploads\/2024\/07\/progr2-1024x341.jpg 1024w, https:\/\/www.ecoitaliano.com.ar\/wp-content\/uploads\/2024\/07\/progr2-300x100.jpg 300w, https:\/\/www.ecoitaliano.com.ar\/wp-content\/uploads\/2024\/07\/progr2-768x256.jpg 768w, https:\/\/www.ecoitaliano.com.ar\/wp-content\/uploads\/2024\/07\/progr2-150x50.jpg 150w, https:\/\/www.ecoitaliano.com.ar\/wp-content\/uploads\/2024\/07\/progr2.jpg 1500w\" sizes=\"(max-width: 1024px) 100vw, 1024px\" \/><\/a><\/figure>\n<\/figure>\n\n\n\n<p>Fervono i preparativi per la 45a edizione del Rossini Opera Festival, sotto la sovrintendenza di Ernesto Palacio e la direzione artistica di Juan Diego Fl\u00f3rez.<\/p>\n\n\n\n<p>La rassegna lirico-musicale (volta com\u2019\u00e8 noto, al recupero teatrale, musicologo ed editoriale della produzione rossiniana) si terr\u00e0 dal 7 al 23 agosto a Pesaro, citt\u00e0 natale del Musicista.<\/p>\n\n\n\n<p>Il programma coprir\u00e0 un periodo di ben 17 giorni (4 in pi\u00f9 del consueto) per offrire al pubblico, proveniente da tutto il mondo, maggiori possibilit\u00e0 di essere presente in citt\u00e0, anche in coincidenza con gli eventi di \u2018<em>Pesaro capitale italiana della cultura 2024\u2019<\/em>.<\/p>\n\n\n\n<p>Quest\u2019anno saranno presentate cinque opere: due nuove (<em>Bianca e Falliero e Ermione<\/em>) e tre riprese (<em>Il barbiere di Siviglia<\/em>,<em> Il Viaggio a Reims, L\u2019equivoco stravagante<\/em>).&nbsp;<\/p>\n\n\n\n<p>Il programma concertistico racchiude la prima assoluta della&nbsp;<em>Messa di Ravenna<\/em>, la Cantata&nbsp;<em>Il vero omaggio<\/em>, due concerti lirico-sinfonici e cinque concerti di belcanto. Molto interessanti saranno gli Incontri (conversazioni intorno alle varie opere) che si terranno il 5, 6 e 11 agosto e i ROF Talks (7-8-9-10) condotti da Susanna Franchi (Rai Radio 3).<\/p>\n\n\n\n<p>L\u2019edizione 2024 si concluder\u00e0 con l\u2019esecuzione in forma di concerto del&nbsp;<em>Viaggio a Reims<\/em> (opera simbolo del Festival) diretta dal venezuelano Diego Matheuz, a celebrazione del 40<sup>o<\/sup>&nbsp;anniversario della sua prima esecuzione in tempi moderni al ROF 1984 (la consueta versione dagli allievi dell\u2019Accademia Rossiniana <em>Alberto Zedda, <\/em>andr\u00e0 in scena il<em> <\/em>16 e 19 agosto).<\/p>\n\n\n\n<p>Inaugurer\u00e0 il Festival (7 agosto) presso il PalaScavolini, il melodramma <em>Bianca e Falliero<\/em> che manca dal cartellone del ROF dal lontano 2005.<\/p>\n\n\n\n<p>Messa in scena da Jean-Louis Grinda (direttore dell&#8217;Op\u00e9ra de Monte-Carlo) con Rudy Sabounghi per scene e costumi e Laurent Castaingt alle luci, vedr\u00e0 sul podio Roberto Abbado che diriger\u00e0 l\u2019Orchestra Sinfonica Nazionale della Rai e un cast all\u2019altezza della situazione con Jessica Pratt (Bianca) e Aya Wakizono (Falliero) nel ruolo dei protagonisti (repliche 11, 14 e 19 agosto).<\/p>\n\n\n\n<p>Il 9 agosto alla Vitifrigo Arena sar\u00e0 la volta di <em>Ermione<\/em>, l\u2019opera tragica ch<em>e<\/em> racconta la passione della protagonista per Pirro, re dell\u2019Epiro, uno dei condottieri alessandrini pi\u00f9 importanti (Annibale lo consider\u00f2 come il pi\u00f9 astuto degli strateghi).&nbsp;<\/p>\n\n\n\n<p>Saperlo innamorato di Andromaca (vedova di Ettore di Troia), sentirsi respinta e umiliata, rappresenter\u00e0 per la protagonista l\u2019inizio della fine e scatener\u00e0 la tragedia finale.<\/p>\n\n\n\n<p>Diretta da Michele Mariotti (ambasciatore musicale di Pesaro nel mondo) con la regia di Johannes Erath, si vedr\u00e0 Anastasia Bartoli (che l\u2019anno scorso ha incantato il pubblico nell\u2019opera <em>Edoardo e Cristina<\/em>) nel ruolo del titolo, Juan Diego Fl\u00f3rez (star dei teatri internazionali, cittadino onorario di Pesaro) in quello di Oreste, Enea Scala in quello di Pirro (repliche 13, 17 e 20 agosto).<\/p>\n\n\n\n<p>Come sopra riportato, oltre a <em>Il Viaggio a Reims,<\/em> saranno riprese <em>Il barbiere di Siviglia<\/em>, creato per il ROF 2018 da Pier Luigi Pizzi e diretto da Lorenzo Passerini (in scena il 10, 15, 18 e 22 agosto) e <em>L\u2019equivoco stravagante<\/em>, dramma giocoso ideato per il ROF 2019 da Moshe Leiser e Patrice Caurier che debutter\u00e0 l\u20198 agosto.<\/p>\n\n\n\n<p>Sul podio Michele Spotti diriger\u00e0 la Filarmonica Rossini, un agguerrito cast composto da Maria Barakova (Ernestina), Nicola Alaimo (Gamberotto), Carles Pachon (Buralicchio) e il Coro del Teatro della Fortuna di Fano diretto da Mirca Rosciani (repliche 12, 16, 21 agosto).<\/p>\n\n\n\n<p>Rappresentato per la prima volta al Teatro del Corso di Bologna il 26 ottobre del 1811, l\u2019opera fu ritirata dalle scene dopo le consuete tre repliche: oltre ai doppi sensi insiti nel libretto di Gaetano Gasbarri, diverse scene furono considerate espliciti riferimenti sessuali, un particolare che allarm\u00f2 la censura dello Stato Pontificio di cui anche Bologna faceva parte. Dovranno passare ben 191 dalla <em>premi\u00e8re <\/em>perch\u00e9 venga rappresentata al Rossini Opera Festival (2002) dove fu replicata nel 2008.<\/p>\n\n\n\n<p>Tutte le opere saranno diffuse in diretta radiofonica su Rai Radio 3 (<em>Bianca e Falliero<\/em>&nbsp;anche nel circuito Euroradio).&nbsp;<\/p>\n\n\n\n<p>Non ci resta che attendere!<\/p>\n\n\n\n<p>Paola Cecchini<\/p>\n","protected":false},"excerpt":{"rendered":"<p>fervono i preparativi per il ROF 2024 Fervono i preparativi per la 45a edizione del Rossini Opera Festival, sotto la [&hellip;]<\/p>\n","protected":false},"author":1,"featured_media":0,"comment_status":"open","ping_status":"open","sticky":false,"template":"","format":"standard","meta":{"footnotes":""},"categories":[4,10],"tags":[],"class_list":["post-59498","post","type-post","status-publish","format-standard","hentry","category-cultura","category-italiano"],"_links":{"self":[{"href":"https:\/\/www.ecoitaliano.com.ar\/index.php?rest_route=\/wp\/v2\/posts\/59498","targetHints":{"allow":["GET"]}}],"collection":[{"href":"https:\/\/www.ecoitaliano.com.ar\/index.php?rest_route=\/wp\/v2\/posts"}],"about":[{"href":"https:\/\/www.ecoitaliano.com.ar\/index.php?rest_route=\/wp\/v2\/types\/post"}],"author":[{"embeddable":true,"href":"https:\/\/www.ecoitaliano.com.ar\/index.php?rest_route=\/wp\/v2\/users\/1"}],"replies":[{"embeddable":true,"href":"https:\/\/www.ecoitaliano.com.ar\/index.php?rest_route=%2Fwp%2Fv2%2Fcomments&post=59498"}],"version-history":[{"count":0,"href":"https:\/\/www.ecoitaliano.com.ar\/index.php?rest_route=\/wp\/v2\/posts\/59498\/revisions"}],"wp:attachment":[{"href":"https:\/\/www.ecoitaliano.com.ar\/index.php?rest_route=%2Fwp%2Fv2%2Fmedia&parent=59498"}],"wp:term":[{"taxonomy":"category","embeddable":true,"href":"https:\/\/www.ecoitaliano.com.ar\/index.php?rest_route=%2Fwp%2Fv2%2Fcategories&post=59498"},{"taxonomy":"post_tag","embeddable":true,"href":"https:\/\/www.ecoitaliano.com.ar\/index.php?rest_route=%2Fwp%2Fv2%2Ftags&post=59498"}],"curies":[{"name":"wp","href":"https:\/\/api.w.org\/{rel}","templated":true}]}}