{"id":59557,"date":"2024-08-01T09:26:51","date_gmt":"2024-08-01T09:26:51","guid":{"rendered":"https:\/\/www.ecoitaliano.com.ar\/?p=59557"},"modified":"2024-08-01T09:27:32","modified_gmt":"2024-08-01T09:27:32","slug":"favola-colonia-mirtilla-con-torta-di-riso-e-gelato-alla-torta-di-riso","status":"publish","type":"post","link":"https:\/\/www.ecoitaliano.com.ar\/?p=59557","title":{"rendered":"Favola Colonia Mirtilla con Torta di Riso e gelato alla torta di riso"},"content":{"rendered":"\n<figure class=\"wp-block-gallery has-nested-images columns-default is-cropped wp-block-gallery-1 is-layout-flex wp-block-gallery-is-layout-flex\">\n<figure class=\"wp-block-image size-large\"><a href=\"https:\/\/www.ecoitaliano.com.ar\/wp-content\/uploads\/2024\/08\/LOCtorta.jpg\"><img decoding=\"async\" width=\"727\" height=\"1024\" data-id=\"59558\" src=\"https:\/\/www.ecoitaliano.com.ar\/wp-content\/uploads\/2024\/08\/LOCtorta-727x1024.jpg\" alt=\"\" class=\"wp-image-59558\" srcset=\"https:\/\/www.ecoitaliano.com.ar\/wp-content\/uploads\/2024\/08\/LOCtorta-727x1024.jpg 727w, https:\/\/www.ecoitaliano.com.ar\/wp-content\/uploads\/2024\/08\/LOCtorta-213x300.jpg 213w, https:\/\/www.ecoitaliano.com.ar\/wp-content\/uploads\/2024\/08\/LOCtorta-768x1082.jpg 768w, https:\/\/www.ecoitaliano.com.ar\/wp-content\/uploads\/2024\/08\/LOCtorta-106x150.jpg 106w, https:\/\/www.ecoitaliano.com.ar\/wp-content\/uploads\/2024\/08\/LOCtorta.jpg 1073w\" sizes=\"(max-width: 727px) 100vw, 727px\" \/><\/a><\/figure>\n\n\n\n<figure class=\"wp-block-image size-large\"><a href=\"https:\/\/www.ecoitaliano.com.ar\/wp-content\/uploads\/2024\/08\/shila-santucci-2.jpg\"><img decoding=\"async\" width=\"1024\" height=\"768\" data-id=\"59559\" src=\"https:\/\/www.ecoitaliano.com.ar\/wp-content\/uploads\/2024\/08\/shila-santucci-2-1024x768.jpg\" alt=\"\" class=\"wp-image-59559\" srcset=\"https:\/\/www.ecoitaliano.com.ar\/wp-content\/uploads\/2024\/08\/shila-santucci-2-1024x768.jpg 1024w, https:\/\/www.ecoitaliano.com.ar\/wp-content\/uploads\/2024\/08\/shila-santucci-2-300x225.jpg 300w, https:\/\/www.ecoitaliano.com.ar\/wp-content\/uploads\/2024\/08\/shila-santucci-2-768x576.jpg 768w, https:\/\/www.ecoitaliano.com.ar\/wp-content\/uploads\/2024\/08\/shila-santucci-2-1536x1152.jpg 1536w, https:\/\/www.ecoitaliano.com.ar\/wp-content\/uploads\/2024\/08\/shila-santucci-2-150x113.jpg 150w, https:\/\/www.ecoitaliano.com.ar\/wp-content\/uploads\/2024\/08\/shila-santucci-2.jpg 2048w\" sizes=\"(max-width: 1024px) 100vw, 1024px\" \/><\/a><\/figure>\n\n\n\n<figure class=\"wp-block-image size-large\"><a href=\"https:\/\/www.ecoitaliano.com.ar\/wp-content\/uploads\/2024\/08\/t12.jpg\"><img decoding=\"async\" width=\"1024\" height=\"769\" data-id=\"59560\" src=\"https:\/\/www.ecoitaliano.com.ar\/wp-content\/uploads\/2024\/08\/t12-1024x769.jpg\" alt=\"\" class=\"wp-image-59560\" srcset=\"https:\/\/www.ecoitaliano.com.ar\/wp-content\/uploads\/2024\/08\/t12-1024x769.jpg 1024w, https:\/\/www.ecoitaliano.com.ar\/wp-content\/uploads\/2024\/08\/t12-300x225.jpg 300w, https:\/\/www.ecoitaliano.com.ar\/wp-content\/uploads\/2024\/08\/t12-768x577.jpg 768w, https:\/\/www.ecoitaliano.com.ar\/wp-content\/uploads\/2024\/08\/t12-1536x1154.jpg 1536w, https:\/\/www.ecoitaliano.com.ar\/wp-content\/uploads\/2024\/08\/t12-150x113.jpg 150w, https:\/\/www.ecoitaliano.com.ar\/wp-content\/uploads\/2024\/08\/t12.jpg 2048w\" sizes=\"(max-width: 1024px) 100vw, 1024px\" \/><\/a><\/figure>\n<\/figure>\n\n\n\n<p>Sera di mezza estate con \u201cColonia Mirtilla, la torta di riso tra leggenda e tradizioni\u201d&nbsp; (Tara editoria) , la favola \u201cdolce\u201d che allieter\u00e0 la serata dello sbarazzo&nbsp; in programma nel centro storico di Massa. E per l\u2019occasione, gelati alla torta di riso!<\/p>\n\n\n\n<p>L\u2019incontro, per grandi e piccini, si svolger\u00e0 in via Ghirlanda alla gelateria \u201cTentazioni\u201d di Shila Santucci alle 21,30\u00a0 di venerd\u00ec 2 agosto 2024.\u00a0 La favola, di cui \u00e8 autrice la collega Angela Maria Fruzzetti,\u00a0 racconta la storia di una colonia felina \u201cMirtilla\u201d che, in occasione della Festa del gatto\u00a0 del 17 febbraio, riceve in dono le uova del pollaio Nidiav\u00ec . Un incontro fortunato che d\u00e0 origine alla specialit\u00e0 massese della torta di riso mortegiana.\u00a0 A illustrare la favola sono stati i bambini e le bambine della scuola primaria\u00a0 Battistini di Mirteto. La favola ha conquistato alunni, docenti e genitori \u00a0 tanto da\u00a0 mettere in scena, a fine anno,\u00a0 un divertente sketch\u00a0 in dialetto massese.\u00a0 Dunque, protagonista della serata \u00e8 la deliziosa torta di riso, tipica del nostro territorio.\u00a0 Una delizia che, grazie all\u2019intuito di Sheila Santucci, \u00e8 diventata anche\u00a0 un ottimo gelato : \u201c Si prepara esattamente\u00a0 come l\u2019impasto\u00a0 per la torta di riso \u2013 spiega \u2013 che, invece di essere messo in teglia, viene pastorizzato\u00a0 con il nostro fiordilatte e mantecato. Prima dell\u2019uscita della macchina si aggiunge il riso. E\u2019 una specialit\u00e0 molto ricercata e richiesta soprattutto dai turisti\u201d.\u00a0 Insomma,\u00a0 tra una lettura e l\u2019altra, presentando i curiosi protagonisti della Colonia Mirtilla, sar\u00e0 possibile\u00a0 degustare\u00a0 sia la torta di riso che il gelato alla torta di riso. \u00a0 Saranno presenti: la docente Stefania Ratti, che parler\u00e0 del progetto\u00a0 scuola e territorio, la scrittrice Angela Maria Fruzzetti che\u00a0 spiegher\u00e0 il progetto \u201cFavolando\u201d avviato con Tara Editoria e rivolto alle scuole del territorio, il poeta Marco Alberti che reciter\u00e0\u00a0 la poesia \u201cLa torta d\u2019 ris\u201d in dialetto mortegiano e l\u2019editore, Daniele Tarantino.\u00a0<\/p>\n\n\n\n<blockquote class=\"wp-block-quote is-layout-flow wp-block-quote-is-layout-flow\">\n<blockquote class=\"wp-block-quote is-layout-flow wp-block-quote-is-layout-flow\">\n<p><em>Ufficio stampa Taraeditoria&amp;Comunicazione<\/em><\/p>\n<\/blockquote>\n<\/blockquote>\n","protected":false},"excerpt":{"rendered":"<p>Sera di mezza estate con \u201cColonia Mirtilla, la torta di riso tra leggenda e tradizioni\u201d&nbsp; (Tara editoria) , la favola [&hellip;]<\/p>\n","protected":false},"author":1,"featured_media":0,"comment_status":"open","ping_status":"open","sticky":false,"template":"","format":"standard","meta":{"footnotes":""},"categories":[11,10],"tags":[],"class_list":["post-59557","post","type-post","status-publish","format-standard","hentry","category-cocina","category-italiano"],"_links":{"self":[{"href":"https:\/\/www.ecoitaliano.com.ar\/index.php?rest_route=\/wp\/v2\/posts\/59557","targetHints":{"allow":["GET"]}}],"collection":[{"href":"https:\/\/www.ecoitaliano.com.ar\/index.php?rest_route=\/wp\/v2\/posts"}],"about":[{"href":"https:\/\/www.ecoitaliano.com.ar\/index.php?rest_route=\/wp\/v2\/types\/post"}],"author":[{"embeddable":true,"href":"https:\/\/www.ecoitaliano.com.ar\/index.php?rest_route=\/wp\/v2\/users\/1"}],"replies":[{"embeddable":true,"href":"https:\/\/www.ecoitaliano.com.ar\/index.php?rest_route=%2Fwp%2Fv2%2Fcomments&post=59557"}],"version-history":[{"count":0,"href":"https:\/\/www.ecoitaliano.com.ar\/index.php?rest_route=\/wp\/v2\/posts\/59557\/revisions"}],"wp:attachment":[{"href":"https:\/\/www.ecoitaliano.com.ar\/index.php?rest_route=%2Fwp%2Fv2%2Fmedia&parent=59557"}],"wp:term":[{"taxonomy":"category","embeddable":true,"href":"https:\/\/www.ecoitaliano.com.ar\/index.php?rest_route=%2Fwp%2Fv2%2Fcategories&post=59557"},{"taxonomy":"post_tag","embeddable":true,"href":"https:\/\/www.ecoitaliano.com.ar\/index.php?rest_route=%2Fwp%2Fv2%2Ftags&post=59557"}],"curies":[{"name":"wp","href":"https:\/\/api.w.org\/{rel}","templated":true}]}}