{"id":59688,"date":"2024-08-05T16:26:48","date_gmt":"2024-08-05T16:26:48","guid":{"rendered":"https:\/\/www.ecoitaliano.com.ar\/?p=59688"},"modified":"2024-08-05T16:26:48","modified_gmt":"2024-08-05T16:26:48","slug":"masterclass-in-cina-con-ateneo-internazionale-della-lirica-di-sulmona-e-musicfor-international-jolanta-stanelyte-soprano-e-guido-galterio-pianoforte-al-dake-art-museum-di-cenghdu-cinaaccademia-musi","status":"publish","type":"post","link":"https:\/\/www.ecoitaliano.com.ar\/?p=59688","title":{"rendered":"MASTERCLASS IN CINA con ATENEO INTERNAZIONALE DELLA LIRICA di SULMONA e Musicfor International, Jolanta Stanelyte soprano e Guido Galterio pianoforte al Dake Art Museum di Cenghdu (Cina)Accademia Musicale Minghuang a Chongqing"},"content":{"rendered":"\n<figure class=\"wp-block-gallery has-nested-images columns-default is-cropped wp-block-gallery-1 is-layout-flex wp-block-gallery-is-layout-flex\">\n<figure class=\"wp-block-image size-large\"><a href=\"https:\/\/www.ecoitaliano.com.ar\/wp-content\/uploads\/2024\/08\/foto-Jolanta-Stanelyte.jpg\"><img decoding=\"async\" width=\"787\" height=\"1024\" data-id=\"59689\" src=\"https:\/\/www.ecoitaliano.com.ar\/wp-content\/uploads\/2024\/08\/foto-Jolanta-Stanelyte-787x1024.jpg\" alt=\"\" class=\"wp-image-59689\" srcset=\"https:\/\/www.ecoitaliano.com.ar\/wp-content\/uploads\/2024\/08\/foto-Jolanta-Stanelyte-787x1024.jpg 787w, https:\/\/www.ecoitaliano.com.ar\/wp-content\/uploads\/2024\/08\/foto-Jolanta-Stanelyte-231x300.jpg 231w, https:\/\/www.ecoitaliano.com.ar\/wp-content\/uploads\/2024\/08\/foto-Jolanta-Stanelyte-768x999.jpg 768w, https:\/\/www.ecoitaliano.com.ar\/wp-content\/uploads\/2024\/08\/foto-Jolanta-Stanelyte-115x150.jpg 115w, https:\/\/www.ecoitaliano.com.ar\/wp-content\/uploads\/2024\/08\/foto-Jolanta-Stanelyte.jpg 987w\" sizes=\"(max-width: 787px) 100vw, 787px\" \/><\/a><\/figure>\n\n\n\n<figure class=\"wp-block-image size-large\"><a href=\"https:\/\/www.ecoitaliano.com.ar\/wp-content\/uploads\/2024\/08\/IMG-J.Stanelyte.jpg\"><img decoding=\"async\" width=\"766\" height=\"1024\" data-id=\"59690\" src=\"https:\/\/www.ecoitaliano.com.ar\/wp-content\/uploads\/2024\/08\/IMG-J.Stanelyte-766x1024.jpg\" alt=\"\" class=\"wp-image-59690\" srcset=\"https:\/\/www.ecoitaliano.com.ar\/wp-content\/uploads\/2024\/08\/IMG-J.Stanelyte-766x1024.jpg 766w, https:\/\/www.ecoitaliano.com.ar\/wp-content\/uploads\/2024\/08\/IMG-J.Stanelyte-224x300.jpg 224w, https:\/\/www.ecoitaliano.com.ar\/wp-content\/uploads\/2024\/08\/IMG-J.Stanelyte-768x1027.jpg 768w, https:\/\/www.ecoitaliano.com.ar\/wp-content\/uploads\/2024\/08\/IMG-J.Stanelyte-1149x1536.jpg 1149w, https:\/\/www.ecoitaliano.com.ar\/wp-content\/uploads\/2024\/08\/IMG-J.Stanelyte-112x150.jpg 112w, https:\/\/www.ecoitaliano.com.ar\/wp-content\/uploads\/2024\/08\/IMG-J.Stanelyte.jpg 1197w\" sizes=\"(max-width: 766px) 100vw, 766px\" \/><\/a><\/figure>\n\n\n\n<figure class=\"wp-block-image size-large\"><a href=\"https:\/\/www.ecoitaliano.com.ar\/wp-content\/uploads\/2024\/08\/MS1A4484-scaled.jpg\"><img decoding=\"async\" width=\"1024\" height=\"683\" data-id=\"59691\" src=\"https:\/\/www.ecoitaliano.com.ar\/wp-content\/uploads\/2024\/08\/MS1A4484-1024x683.jpg\" alt=\"\" class=\"wp-image-59691\" srcset=\"https:\/\/www.ecoitaliano.com.ar\/wp-content\/uploads\/2024\/08\/MS1A4484-1024x683.jpg 1024w, https:\/\/www.ecoitaliano.com.ar\/wp-content\/uploads\/2024\/08\/MS1A4484-300x200.jpg 300w, https:\/\/www.ecoitaliano.com.ar\/wp-content\/uploads\/2024\/08\/MS1A4484-768x512.jpg 768w, https:\/\/www.ecoitaliano.com.ar\/wp-content\/uploads\/2024\/08\/MS1A4484-1536x1024.jpg 1536w, https:\/\/www.ecoitaliano.com.ar\/wp-content\/uploads\/2024\/08\/MS1A4484-2048x1365.jpg 2048w, https:\/\/www.ecoitaliano.com.ar\/wp-content\/uploads\/2024\/08\/MS1A4484-150x100.jpg 150w\" sizes=\"(max-width: 1024px) 100vw, 1024px\" \/><\/a><\/figure>\n<\/figure>\n\n\n\n<p><strong>&nbsp;ATENEO INTERNAZIONALE DELLA LIRICA di SULMONA<\/strong><strong><\/strong><\/p>\n\n\n\n<p><strong>Musicfor International<\/strong><\/p>\n\n\n\n<p><strong>Master class per giovani voci della lirica<\/strong><\/p>\n\n\n\n<p><strong>7 \u2013 14 agosto 2024<\/strong><\/p>\n\n\n\n<p><strong>Dake Art Museum di Cenghdu (Cina)<\/strong><\/p>\n\n\n\n<p><strong>Accademia Musicale Minghuang a Chongqing<\/strong><\/p>\n\n\n\n<p>Dal 7 al 14 agosto una delegazione dell\u2019Ateneo Internazionale della Lirica di Sulmona sar\u00e0 &nbsp;in Cina per due master class rivolte a giovani cantanti cinesi.<\/p>\n\n\n\n<p>Il soprano Jolanta Stanelyte e il &nbsp;pianista Guido &nbsp;Galterio, da diversi anni sono presenti tra i docenti dell&#8217;Ateneo Internazionale della Lirica di Sulmona, sono stati invitati a tenere due master class rivolte a giovani &nbsp;voci della lirica. I due musicisti italiani saranno impegnati in due appuntamenti diversi fino al 14 di agosto. La prima master class si svolger\u00e0 presso il Dake Art &nbsp;Museum di Cenghdu, &nbsp;il secondo appuntamento invece si svolger\u00e0 presso l\u2019 Accademia Musicale Minghuang a Chongqing.<\/p>\n\n\n\n<p>Entrambi i corsi si concluderanno con un concerto&nbsp;degli allievi che avranno cos\u00ec modo di verificare i progressi e la qualit\u00e0 degli insegnamenti ricevuti.<\/p>\n\n\n\n<p>Le due Masterclass sono organizzate con la collaborazione&nbsp;dell&#8217;Ateneo Internazionale della Lirica di Sulmona e di MusicFor International.<\/p>\n\n\n\n<p>La collaborazione speciale con due importanti Istituzioni cinesi (Dake Art &nbsp;Museum di Cenghdu e &nbsp;Accademia Musicale Minghuang a Chongqing) nasce dalla presenza in Cina di un sempre maggiore numero di giovani cantanti &nbsp;desiderosi di entrare in contatto e apprendere i fondamenti della tecnica vocale della scuola italiana, parallelamente approfondendo lo studio del repertorio e dello stile belcantistico.<\/p>\n\n\n\n<p>E\u2019 sempre pi\u00f9 crescente amore dei paesi asiatici verso l&#8217;Opera italiana, questo si pu\u00f2 gi\u00e0 dedurre dalla massiccia presenza di giovani cantanti asiatici ai concorsi lirici e nelle Classi di canto dei Conservatori italiani.<\/p>\n\n\n\n<p>Il soprano Jolanta Stanelyte ed il Pianista Guido Galterio da vari anni tengono in Italia corsi estivi e master class a allievi musicisti provenienti da tutto il mondo e molti da paesi asiatici.<\/p>\n\n\n\n<p><strong>Jolanta Stanelyte<\/strong>,&nbsp;\u201cUna voce che entra nell\u2019anima\u201d&nbsp;come l\u2019ha definita il M\u00b0&nbsp;Mstislav Rostropovich,<em>&nbsp;\u00e8 v<\/em>incitrice di molti concorsi internazionali &nbsp;come &nbsp;il \u201cMin On\u201d in Tokio, \u201cThe Howard<em>&nbsp;<\/em>and Geraldine Polinger Foundation Prize\u201d (Special Award) in Washington. In Italia \u00e8 vincitrice dei<em>&nbsp;<\/em>concorsi: \u201cFlaviano Lab\u00f2\u201d di Piacenza, \u201cVoci nuove per la Lirica\u201d di Pavia, \u201dCascina Lirica 1993\u201d di<em>&nbsp;<\/em>Pisa, Concorso Internazionale \u201cVincenzo Bellini\u201d di Caltanisetta (primo premio ex-equo con Desir\u00e9 Rancatore). Nel 2003 a Salisburgo riceve il premio \u201cFalstaff\u201d per l\u2019interpretazione di Opere<em>&nbsp;<\/em>verdiane. Interprete in Francia, Svizzera, Gran Bretagna, Spagna, Giappone, Stati Uniti, Russia, Polonia, Lituania, Lettonia, nei ruoli principali di opere quali: Tosca, Manon Lescau, Turandot, Madama Butterfly, Trovatore, Ballo in Maschera, Attila, Aida, Cavalleria Rusticana, Jolanda di TchaiKovsky. In Italia ha cantato insieme ad artisti come L. Nucci, K. Johansson, G. Cecchele, N. Martinucci, L. Maragliano, A. Maestri, in produzioni concertistiche e operistiche nell\u2019ambito del Festival Pucciniano di Torre del Lago, del Festival dei Due Mondi a Spoleto, dell\u2019Arena di Verona e delle \u201ccelebrazioni Verdiane\u201d. Nel 2000 ha interpretato Teresa Stolz in un film musicale di Kriss Russman con Riccardo Chailly sulla vita segreta di Giuseppe Verdi, prodotto da MBC, ZDF\/ARTE, BBC britannica.<em><\/em><\/p>\n\n\n\n<p>Invitata ad importanti trasmissioni sulla lirica prodotte da RAI e Mediaset ed \u00e8 frequentemente invitata a far parte delle commissioni giudicatrici in concorsi lirici internazionali.<\/p>\n\n\n\n<p>Diplomata in violoncello e canto presso l\u2019Accademia di Musica in Vilnius (Lituania), successivamente si trasferisce in Italia per perfezionare la conoscenza dell\u2019opera e della vocalit\u00e0 italiana alla scuola di celebri cantanti: Renata Scotto, Maria Luisa Cioni e Luisa &nbsp;Maragliano, Carlo Bergonzi. Nel 2002 &nbsp;&nbsp;conosce &nbsp;il Maestro Mstislav Rostropovich e Galina Vishneskaya e segue i loro insegnamenti a Londra e Parigi. Nel &nbsp;2011 a Roma &nbsp;in Campidoglio, le &nbsp;viene conferito il Premio Internazionale Cartagine per meriti artistici&nbsp; (nelle edizioni precedenti attribuito a Ennio Morricone, Franco Zeffirelli, Lucio Dalla). Nel 2017 debutta in un applaudito recital alla Weill Recital Hall di Carnegie Hall a New York.<\/p>\n\n\n\n<p>Insegnante di canto apprezzata in Italia e all\u2019estero tiene costantemente master class (Monaco di Baviera, Vienna, Vilnius) e corsi annuali (Ateneo Internazionale della Lirica di Sulmona).<\/p>\n\n\n\n<p><strong>Guido Galterio<\/strong>&nbsp;<em>&nbsp;<\/em>Ha studiato pianoforte con Drahomira Biligova e composizione con Alessandro Sbordoni. Si \u00e8<em>&nbsp;<\/em>in seguito perfezionato con Konstantin Bogino presso l\u2019Accademia di Portogruaro e in \u201caccompagnamento pianistico\u201d con Boris Bloch al Mozarteum di Salisburgo.<em><\/em><\/p>\n\n\n\n<p>La sua attivit\u00e0 concertistica lo ha portato a suonare in importanti sale da concerto quali Hercules&nbsp;Sal di Monaco di Baviera, Weill Recital Hall a Carnegie Hall di N.Y., Auditorio Nacional di&nbsp;Madrid, Teatro dell\u2019Opera di Francoforte, Auditori di Barcellona, Teatro della Maestranza di Siviglia. \u00c8 ospite in importanti Festival internazionali tra cui il V festival Pianistico di Napoli (RAI), Festival di Nuova Consonanza &#8211; Roma, Festival Internazionale Autunno Musicale a Como, Aalborg Opera Festival, Romaeuropa Festival, Festival \u201cR. Leoncavallo\u201d di Locarno, Festival Gedung Kesenian di Jakarta, Millennium Festival di Madrid e Barcellona, Omaggio a Maria Callas al Lincoln Center (New York City Opera), Festival di Lugano.<\/p>\n\n\n\n<p>Ha collaborato con direttori e solisti di fama internazionale: Luciana Serra, Jos\u00e8 Carreras, Cecilia&nbsp;Gasdia, Nina Beilina, Katia Ricciarelli, Antony Pay, George Shirley, Luis Bacalov, Alberto Zedda,&nbsp;Marco Fornaciari, Angelo Persichilli etc. e con orchestre: l\u2019Ensemble d\u2019Archi del Mozarteum di Salisburgo, l\u2019Orchestra Alessandro Scarlatti della RAI di Napoli, l\u2019Orchestra Sinfonica della&nbsp;Radio Televisione&nbsp;di Zagabria, l\u2019Orchestra Internazionale d\u2019Italia, I Solisti Aquilani, la Florence Symphonietta, Ensemble del Teatro dell\u2019Opera di Roma, l\u2019Orchestra Sinfonica Abruzzese, l\u2019Ensemble Seicentonovecento.<\/p>\n\n\n\n<p>Ha inciso per le case discografiche Rara, MR Classic, Bongiovanni, Diapason e Hungaroton&nbsp;Classic. Sue esecuzioni sono state trasmesse da Rai&nbsp;\u2013 Radio3,&nbsp;RSI&nbsp;\u2013 Radio&nbsp;della Svizzera Italiana, Radio Vaticana, ORF&nbsp;\u2013 Osterreichischer&nbsp;Rundfunk, Radio Suisse Romande, SBS Nippon Radio.<\/p>\n\n\n\n<p>Docente presso diversi conservatori italiani tra i quali il \u201cGiuseppe Verdi\u201d di Torino e il \u201cGioacchino&nbsp;Rossini\u201d di Pesaro, attualmente \u00e8 docente di Musica da Camera presso il Conservatorio&nbsp;\u201cGiuseppe Nicolini \u201c di Piacenza.<\/p>\n\n\n\n<p>Direttore artistico del Festival Internazionale di Arte Vocale e Strumentale VOCI&amp;VOCI, ricopre&nbsp;anche l\u2019incarico di direttore dei corsi dell\u2019Ateneo Internazionale della Lirica di Sulmona.<\/p>\n\n\n\n<p><em>Ufficio Stampa<\/em><\/p>\n\n\n\n<p><em>Fiorentina Galterio<\/em><\/p>\n","protected":false},"excerpt":{"rendered":"<p>&nbsp;ATENEO INTERNAZIONALE DELLA LIRICA di SULMONA Musicfor International Master class per giovani voci della lirica 7 \u2013 14 agosto 2024 [&hellip;]<\/p>\n","protected":false},"author":1,"featured_media":0,"comment_status":"open","ping_status":"open","sticky":false,"template":"","format":"standard","meta":{"footnotes":""},"categories":[10,46],"tags":[],"class_list":["post-59688","post","type-post","status-publish","format-standard","hentry","category-italiano","category-musica"],"_links":{"self":[{"href":"https:\/\/www.ecoitaliano.com.ar\/index.php?rest_route=\/wp\/v2\/posts\/59688","targetHints":{"allow":["GET"]}}],"collection":[{"href":"https:\/\/www.ecoitaliano.com.ar\/index.php?rest_route=\/wp\/v2\/posts"}],"about":[{"href":"https:\/\/www.ecoitaliano.com.ar\/index.php?rest_route=\/wp\/v2\/types\/post"}],"author":[{"embeddable":true,"href":"https:\/\/www.ecoitaliano.com.ar\/index.php?rest_route=\/wp\/v2\/users\/1"}],"replies":[{"embeddable":true,"href":"https:\/\/www.ecoitaliano.com.ar\/index.php?rest_route=%2Fwp%2Fv2%2Fcomments&post=59688"}],"version-history":[{"count":0,"href":"https:\/\/www.ecoitaliano.com.ar\/index.php?rest_route=\/wp\/v2\/posts\/59688\/revisions"}],"wp:attachment":[{"href":"https:\/\/www.ecoitaliano.com.ar\/index.php?rest_route=%2Fwp%2Fv2%2Fmedia&parent=59688"}],"wp:term":[{"taxonomy":"category","embeddable":true,"href":"https:\/\/www.ecoitaliano.com.ar\/index.php?rest_route=%2Fwp%2Fv2%2Fcategories&post=59688"},{"taxonomy":"post_tag","embeddable":true,"href":"https:\/\/www.ecoitaliano.com.ar\/index.php?rest_route=%2Fwp%2Fv2%2Ftags&post=59688"}],"curies":[{"name":"wp","href":"https:\/\/api.w.org\/{rel}","templated":true}]}}