{"id":59703,"date":"2024-08-05T20:48:07","date_gmt":"2024-08-05T20:48:07","guid":{"rendered":"https:\/\/www.ecoitaliano.com.ar\/?p=59703"},"modified":"2024-08-05T20:48:07","modified_gmt":"2024-08-05T20:48:07","slug":"poeti-e-pittori-in-dialogo-la-pittrice-gina-marziale-ha-dipinto-la-vertigine-poetica","status":"publish","type":"post","link":"https:\/\/www.ecoitaliano.com.ar\/?p=59703","title":{"rendered":"POETI E PITTORI IN DIALOGO: LA PITTRICE GINA MARZIALE HA DIPINTO LA VERTIGINE POETICA"},"content":{"rendered":"\n<figure class=\"wp-block-gallery has-nested-images columns-default is-cropped wp-block-gallery-1 is-layout-flex wp-block-gallery-is-layout-flex\">\n<figure class=\"wp-block-image size-large\"><a href=\"https:\/\/www.ecoitaliano.com.ar\/wp-content\/uploads\/2024\/08\/CORRADO-A-VIA-MARGUTTA.jpg\"><img decoding=\"async\" width=\"790\" height=\"1024\" data-id=\"59705\" src=\"https:\/\/www.ecoitaliano.com.ar\/wp-content\/uploads\/2024\/08\/CORRADO-A-VIA-MARGUTTA-790x1024.jpg\" alt=\"\" class=\"wp-image-59705\" srcset=\"https:\/\/www.ecoitaliano.com.ar\/wp-content\/uploads\/2024\/08\/CORRADO-A-VIA-MARGUTTA-790x1024.jpg 790w, https:\/\/www.ecoitaliano.com.ar\/wp-content\/uploads\/2024\/08\/CORRADO-A-VIA-MARGUTTA-231x300.jpg 231w, https:\/\/www.ecoitaliano.com.ar\/wp-content\/uploads\/2024\/08\/CORRADO-A-VIA-MARGUTTA-768x996.jpg 768w, https:\/\/www.ecoitaliano.com.ar\/wp-content\/uploads\/2024\/08\/CORRADO-A-VIA-MARGUTTA-1184x1536.jpg 1184w, https:\/\/www.ecoitaliano.com.ar\/wp-content\/uploads\/2024\/08\/CORRADO-A-VIA-MARGUTTA-116x150.jpg 116w, https:\/\/www.ecoitaliano.com.ar\/wp-content\/uploads\/2024\/08\/CORRADO-A-VIA-MARGUTTA.jpg 1579w\" sizes=\"(max-width: 790px) 100vw, 790px\" \/><\/a><\/figure>\n\n\n\n<figure class=\"wp-block-image size-large\"><a href=\"https:\/\/www.ecoitaliano.com.ar\/wp-content\/uploads\/2024\/08\/Gina-Marziale-881x1024-1.jpg\"><img decoding=\"async\" width=\"881\" height=\"1024\" data-id=\"59706\" src=\"https:\/\/www.ecoitaliano.com.ar\/wp-content\/uploads\/2024\/08\/Gina-Marziale-881x1024-1.jpg\" alt=\"\" class=\"wp-image-59706\" srcset=\"https:\/\/www.ecoitaliano.com.ar\/wp-content\/uploads\/2024\/08\/Gina-Marziale-881x1024-1.jpg 881w, https:\/\/www.ecoitaliano.com.ar\/wp-content\/uploads\/2024\/08\/Gina-Marziale-881x1024-1-258x300.jpg 258w, https:\/\/www.ecoitaliano.com.ar\/wp-content\/uploads\/2024\/08\/Gina-Marziale-881x1024-1-768x893.jpg 768w, https:\/\/www.ecoitaliano.com.ar\/wp-content\/uploads\/2024\/08\/Gina-Marziale-881x1024-1-129x150.jpg 129w\" sizes=\"(max-width: 881px) 100vw, 881px\" \/><\/a><\/figure>\n<\/figure>\n\n\n\n<figure class=\"wp-block-gallery has-nested-images columns-default is-cropped wp-block-gallery-2 is-layout-flex wp-block-gallery-is-layout-flex\">\n<figure class=\"wp-block-image size-large\"><a href=\"https:\/\/www.ecoitaliano.com.ar\/wp-content\/uploads\/2024\/08\/fotografia-gm.jpg\"><img decoding=\"async\" width=\"643\" height=\"642\" data-id=\"59707\" src=\"https:\/\/www.ecoitaliano.com.ar\/wp-content\/uploads\/2024\/08\/fotografia-gm.jpg\" alt=\"\" class=\"wp-image-59707\" srcset=\"https:\/\/www.ecoitaliano.com.ar\/wp-content\/uploads\/2024\/08\/fotografia-gm.jpg 643w, https:\/\/www.ecoitaliano.com.ar\/wp-content\/uploads\/2024\/08\/fotografia-gm-300x300.jpg 300w, https:\/\/www.ecoitaliano.com.ar\/wp-content\/uploads\/2024\/08\/fotografia-gm-150x150.jpg 150w\" sizes=\"(max-width: 643px) 100vw, 643px\" \/><\/a><\/figure>\n\n\n\n<figure class=\"wp-block-image size-large\"><a href=\"https:\/\/www.ecoitaliano.com.ar\/wp-content\/uploads\/2024\/08\/SALUTO.jpg\"><img decoding=\"async\" width=\"1024\" height=\"986\" data-id=\"59708\" src=\"https:\/\/www.ecoitaliano.com.ar\/wp-content\/uploads\/2024\/08\/SALUTO-1024x986.jpg\" alt=\"\" class=\"wp-image-59708\" srcset=\"https:\/\/www.ecoitaliano.com.ar\/wp-content\/uploads\/2024\/08\/SALUTO-1024x986.jpg 1024w, https:\/\/www.ecoitaliano.com.ar\/wp-content\/uploads\/2024\/08\/SALUTO-300x289.jpg 300w, https:\/\/www.ecoitaliano.com.ar\/wp-content\/uploads\/2024\/08\/SALUTO-768x739.jpg 768w, https:\/\/www.ecoitaliano.com.ar\/wp-content\/uploads\/2024\/08\/SALUTO-1536x1478.jpg 1536w, https:\/\/www.ecoitaliano.com.ar\/wp-content\/uploads\/2024\/08\/SALUTO-150x144.jpg 150w, https:\/\/www.ecoitaliano.com.ar\/wp-content\/uploads\/2024\/08\/SALUTO.jpg 2048w\" sizes=\"(max-width: 1024px) 100vw, 1024px\" \/><\/a><\/figure>\n\n\n\n<figure class=\"wp-block-image size-large\"><a href=\"https:\/\/www.ecoitaliano.com.ar\/wp-content\/uploads\/2024\/08\/gina-marziale-e-anna-manna-con-luisa-chiumenti-e-daniela-fabrizi-alla-sala-delle-bandiere.jpg\"><img decoding=\"async\" width=\"663\" height=\"485\" data-id=\"59704\" src=\"https:\/\/www.ecoitaliano.com.ar\/wp-content\/uploads\/2024\/08\/gina-marziale-e-anna-manna-con-luisa-chiumenti-e-daniela-fabrizi-alla-sala-delle-bandiere.jpg\" alt=\"\" class=\"wp-image-59704\" srcset=\"https:\/\/www.ecoitaliano.com.ar\/wp-content\/uploads\/2024\/08\/gina-marziale-e-anna-manna-con-luisa-chiumenti-e-daniela-fabrizi-alla-sala-delle-bandiere.jpg 663w, https:\/\/www.ecoitaliano.com.ar\/wp-content\/uploads\/2024\/08\/gina-marziale-e-anna-manna-con-luisa-chiumenti-e-daniela-fabrizi-alla-sala-delle-bandiere-300x219.jpg 300w, https:\/\/www.ecoitaliano.com.ar\/wp-content\/uploads\/2024\/08\/gina-marziale-e-anna-manna-con-luisa-chiumenti-e-daniela-fabrizi-alla-sala-delle-bandiere-150x110.jpg 150w\" sizes=\"(max-width: 663px) 100vw, 663px\" \/><\/a><\/figure>\n<\/figure>\n\n\n\n<p><em>POETI E PITTORI IN DIALOGO<\/em><\/p>\n\n\n\n<p><strong>LA PITTRICE GINA MARZIALE HA DIPINTO LA VERTIGINE POETICA<\/strong><\/p>\n\n\n\n<p><strong>Gina Marziale<\/strong> e <strong>Corrado Calabr\u00f2<\/strong> sono i <strong>Superpremi 2024<\/strong> del Premio<strong> I GRANDI DIALOGHI<\/strong>, ideato da <strong>Anna Manna<\/strong> sul web durante la Pandemia.<strong> <\/strong>Gina Marziale \u00e8 artista reduce dalla Biennale di Venezia, dove \u00e8 stata presente con un suo dipinto di grande classe e introspezione, e Corrado Calabr\u00f2 \u00e8 poeta famoso a livello internazionale.&nbsp;<\/p>\n\n\n\n<p>La pittrice ha creato, quale Omaggio artistico al poeta <strong>Corrado Calabr\u00f2<\/strong>, il suo dipinto intitolato \u201cVERTIGINE POETICA\u201d (olio su tela, cm. 70&#215;70), ispirandosi alla brevissima lirica <em>Vertigine<\/em> che la poetessa romana <strong>Anna Manna<\/strong> aveva dedicato a Corrado Calabr\u00f2 dopo l\u2019evento <em>\u201cNove poeti per Corrado Calabr\u00f2\u201d<\/em> tenutosi il 14 aprile scorso presso la galleria internazionale AREA CONTESA ARTE, in via Margutta a <strong>Roma<\/strong>, curata da Francesco Agresti.<\/p>\n\n\n\n<p><strong><em>Vertigine&nbsp;<\/em><\/strong><\/p>\n\n\n\n<p><em>Il Poeta vero<\/em><\/p>\n\n\n\n<p><em>Vibra<\/em><\/p>\n\n\n\n<p><em>Tra la strada e le stelle<\/em><\/p>\n\n\n\n<p><em>\u2026Tra le stelle e la strada<\/em><\/p>\n\n\n\n<p><em>Incuriosito invaghito<\/em><\/p>\n\n\n\n<p><em>Del cosmo<\/em><\/p>\n\n\n\n<p><em>Annientato<\/em><\/p>\n\n\n\n<p><em>Accende il dialogo<\/em><\/p>\n\n\n\n<p><em>Tra la strada e le stelle<\/em><\/p>\n\n\n\n<p><em>\u2026Tra le stelle e la strada<\/em><\/p>\n\n\n\n<p><em>Tra la strada e\u2026\u2026\u2026\u2026le stelle<\/em><\/p>\n\n\n\n<p><strong>Anna Manna<\/strong><\/p>\n\n\n\n<p><strong>Gina Marziale<\/strong> ha voluto rappresentare il cosmo, le galassie, le stelle, il pianeta sparito dai capovolgimenti climatici. Il poeta che sta a guardare ha una vertigine (a sinistra in rosso) alla visione di tutto ci\u00f2. La sua sensibilit\u00e0 lo fa vibrare incuriosito e annientato tentando di accennare un dialogo tra la strada e le stelle. Cos\u00ec la stessa pittrice ha descritto la sua opera.&nbsp;<\/p>\n\n\n\n<p>E la poetessa <strong>Anna Manna<\/strong> ha cos\u00ec raccontato il suo stato d\u2019animo, sia nella stesura della poesia sia nel contatto visivo con il dipinto: \u201c<em>Il mondo trema, si sgretola e i versi di Corrado Calabr\u00f2 cercano di scandagliare l&#8217;universo, di carpirne i misteri. La poesia sboccia in questo tremendo incandescente viaggio nel cosmo, fiorisce con la delicatezza dei fiori ma i versi ed i fiori che li rappresentano, sono rossi, di vita certo, ma anche di sangue, il sangue delle guerre, delle sofferenze. Comunque nel mistero del dolore e della gioia il poeta, la poesia, i fiori rossi, cantano l&#8217;inno alla vita, la speranza del domani.\u201d<\/em><\/p>\n\n\n\n<p>Le due artiste si conoscono da molti anni, insieme hanno preso parte a molti eventi. Indimenticabili le Mostre a Palazzo Valentini curate da <strong>Anna Manna<\/strong> per l\u2019Assessorato alla cultura della Provincia di Roma. Si sono conosciute, infatti, alla bellissima Mostra, e di grande successo, del pittore futurista <strong>Antonio Fiore<\/strong>, diventato una punta di diamante della pittura europea.<\/p>\n\n\n\n<p>Da sempre il dialogo tra le due artiste ha arricchito le loro opere di quel <em>quid<\/em> in pi\u00f9 che dona una visuale completa. <strong>Gina Marziale<\/strong> ha dipinto anche un quadro dedicato a tutti i poeti, <em>La stanza del poeta,<\/em> ed ha firmato la copertina dell\u2019unico romanzo di <strong>Anna Manna<\/strong> <em>\u201cA largo della polveriera<\/em>\u201d, che fu presentato nella Sala delle Bandiere della sede di rappresentanza del Parlamento Europeo a Roma.&nbsp;<\/p>\n\n\n\n<p><strong>Alessandro Clementi<\/strong><em>Comunicazione stampa \u2013 Premio I GRANDI DIALOGHI<\/em><\/p>\n","protected":false},"excerpt":{"rendered":"<p>POETI E PITTORI IN DIALOGO LA PITTRICE GINA MARZIALE HA DIPINTO LA VERTIGINE POETICA Gina Marziale e Corrado Calabr\u00f2 sono [&hellip;]<\/p>\n","protected":false},"author":1,"featured_media":0,"comment_status":"open","ping_status":"open","sticky":false,"template":"","format":"standard","meta":{"footnotes":""},"categories":[4,10],"tags":[],"class_list":["post-59703","post","type-post","status-publish","format-standard","hentry","category-cultura","category-italiano"],"_links":{"self":[{"href":"https:\/\/www.ecoitaliano.com.ar\/index.php?rest_route=\/wp\/v2\/posts\/59703","targetHints":{"allow":["GET"]}}],"collection":[{"href":"https:\/\/www.ecoitaliano.com.ar\/index.php?rest_route=\/wp\/v2\/posts"}],"about":[{"href":"https:\/\/www.ecoitaliano.com.ar\/index.php?rest_route=\/wp\/v2\/types\/post"}],"author":[{"embeddable":true,"href":"https:\/\/www.ecoitaliano.com.ar\/index.php?rest_route=\/wp\/v2\/users\/1"}],"replies":[{"embeddable":true,"href":"https:\/\/www.ecoitaliano.com.ar\/index.php?rest_route=%2Fwp%2Fv2%2Fcomments&post=59703"}],"version-history":[{"count":0,"href":"https:\/\/www.ecoitaliano.com.ar\/index.php?rest_route=\/wp\/v2\/posts\/59703\/revisions"}],"wp:attachment":[{"href":"https:\/\/www.ecoitaliano.com.ar\/index.php?rest_route=%2Fwp%2Fv2%2Fmedia&parent=59703"}],"wp:term":[{"taxonomy":"category","embeddable":true,"href":"https:\/\/www.ecoitaliano.com.ar\/index.php?rest_route=%2Fwp%2Fv2%2Fcategories&post=59703"},{"taxonomy":"post_tag","embeddable":true,"href":"https:\/\/www.ecoitaliano.com.ar\/index.php?rest_route=%2Fwp%2Fv2%2Ftags&post=59703"}],"curies":[{"name":"wp","href":"https:\/\/api.w.org\/{rel}","templated":true}]}}