{"id":61000,"date":"2024-09-09T10:51:45","date_gmt":"2024-09-09T10:51:45","guid":{"rendered":"https:\/\/www.ecoitaliano.com.ar\/?p=61000"},"modified":"2024-09-09T10:51:45","modified_gmt":"2024-09-09T10:51:45","slug":"mantova-libri-mappe-stampe-il-14-e-15-settembre-torna-la-decima-edizione-della-mostra-mercato","status":"publish","type":"post","link":"https:\/\/www.ecoitaliano.com.ar\/?p=61000","title":{"rendered":"MANTOVA LIBRI MAPPE STAMPE &#8211; il 14 e 15 settembre torna la decima edizione della mostra mercato"},"content":{"rendered":"\n<figure class=\"wp-block-image\"><img decoding=\"async\" src=\"https:\/\/lh7-rt.googleusercontent.com\/docsz\/AD_4nXeePQv-HH-Y3VyUfVP6cdMwEQjLAviIsXpHaSKDL2lU8ynvPCuuOQmNR-X96MLVh5zeXeUKzR9HBkhQENmhsgXfNoV8yg1LiaJBSwAjA6we23cd-O24Dg4HEPiN9LCLnR5WIB3yw-mP0dqWmE3ksdyukb2pJgEy__GYlIDDFw?key=rtCJXqEI1qRTkZdI4AWKwA\" alt=\"\"\/><\/figure>\n\n\n\n<p><strong><em>Mantova Libri Mappe Stampe<\/em><\/strong><strong>: il 14 e 15 settembre l\u2019appuntamento autunnale<\/strong><strong>&nbsp;<\/strong><strong>con il \u201cparadiso dei collezionisti\u201d<\/strong><\/p>\n\n\n\n<p><strong>Torna nella citt\u00e0 virgiliana la mostra mercato che ogni anno attira bibliofili e collezionisti da tutta Europa. Per l\u2019occasione, il Museo Diocesano inaugura l\u2019esposizione \u201c<\/strong><strong>GHISI\/FERRONI due maestri incisori a confronto<\/strong><strong>\u201d<\/strong><\/p>\n\n\n\n<p><strong><em>X edizione, 14-15 settembre<\/em><\/strong><\/p>\n\n\n\n<p><a href=\"https:\/\/drive.google.com\/drive\/folders\/1dxslyVr02a-aKul821y8dN-ra9SCn1lq\" target=\"_blank\" rel=\"noreferrer noopener\"><strong>QUI FOTO EVENTO<\/strong><\/a><\/p>\n\n\n\n<p>In arrivo l\u2019appuntamento autunnale con&nbsp;<strong><em>Mantova Libri Mappe Stampe<\/em><\/strong>, la storica mostra mercato di antiquariato librario e collezionismo cartaceo che ha reso la citt\u00e0 virgiliana ormai<strong>&nbsp;una tappa fissa per tutti i bibliofili, i collezionisti e i cacciatori di volumi introvabili.<\/strong>&nbsp;La mostra mercato, giunta alla sua&nbsp;<strong>X edizione<\/strong>, si terr\u00e0, come di consuetudine, il terzo weekend di settembre, sotto i portici del chiostro dell&#8217;ex monastero agostiniano di S. Agnese, ora&nbsp;<strong>Museo Diocesano F. Gonzaga&nbsp;<\/strong>(Piazza Virgiliana 55).&nbsp;<\/p>\n\n\n\n<p><strong>Una cinquantina i librai specializzati in libri antichi dal XV sec. in avanti, volumi rari e di difficile reperibilit\u00e0 (fuori catalogo, prime edizioni, testi d\u2019arte), mappe e stampe d\u2019epoca originali&nbsp;<\/strong>protagonisti dell\u2019edizione in arrivo<strong>,<\/strong>&nbsp;provenienti da molte regioni italiane&nbsp;ma anche&nbsp;dall\u2019estero. La mostra mercato \u00e8 infatti un appuntamento di riferimento internazionale, che richiama pubblico anche d\u2019oltralpe grazie alla partecipazione di&nbsp;<strong>commercianti di cartografia antica tra i pi\u00f9 qualificati in Europa<\/strong>.&nbsp;Significativa la partecipazione di<strong>&nbsp;A.L.A.I<\/strong>&nbsp;(Associazione Librai Antiquari d\u2019Italia) e dell\u2019internazionale&nbsp;<strong>I.L.A.B<\/strong>&nbsp;(International League of Antiquarian Booksellers), presenti con ben 17 librerie tra le 50 partecipanti (elenco espositori consultabile sul sito web della manifestazione).<\/p>\n\n\n\n<p>Una menzione speciale per questa edizione meritano le&nbsp;<strong>incisioni degli Antichi Maestri&nbsp;<\/strong>(come&nbsp;D\u00fcrer&nbsp;o Rembrandt), preziose forme d\u2019arte multiple certamente pi\u00f9 accessibili di dipinti o sculture, attorno alle quali si \u00e8 recentemente rinnovato l\u2019interesse del pubblico.&nbsp;<em>Mantova Libri Mappe Stampe<\/em>&nbsp;offrir\u00e0, tra le altre, anche la possibilit\u00e0 di ammirare dal vivo ed acquistare questi capolavori in carta, confrontandosi con rivenditori specializzati in questo&nbsp;<strong>settore del collezionismo oggi in espansione.&nbsp;<\/strong><\/p>\n\n\n\n<p>Inoltre, per tutti gli appassionati dell\u2019arte incisoria,<strong>&nbsp;sabato 14 il Museo Diocesano inaugurer\u00e0 per l\u2019occasione la mostra a ingresso libero<\/strong>&nbsp;<strong>\u201c<\/strong><strong>GHISI\/FERRONI due maestri incisori a confronto<\/strong><strong>\u201d<\/strong>, rendendo duplice omaggio ai Maestri&nbsp;<strong>Giorgio Ghisi<\/strong>&nbsp;(Mantova 1520 &#8211; 1582), di cui la Diocesi possiede 4 lastre in rame e 13 stampe provenienti da un recente lascito, e&nbsp;<strong>Gianfranco Ferroni<\/strong>&nbsp;(Livorno 1927- Bergamo 2001), le cui stampe sono state selezionate da Alberto Bernardelli.&nbsp;<\/p>\n\n\n\n<p>L\u2019appuntamento \u00e8 dunque a Mantova i prossimi&nbsp;<strong>14 e 15 settembre<\/strong>&nbsp;per passeggiare tra i banchi pieni di preziose rarit\u00e0 in carta (la mostra aprir\u00e0 alle 10 e chiuder\u00e0 alle 18.30 il sabato, seguir\u00e0 invece l\u2019orario 9.30-13 la domenica; \u00e8 prevista la possibilit\u00e0 di visita anche il venerd\u00ec 13 esclusivamente per i commercianti, dalle 15 alle 18.30).<br><strong>L\u2019ingresso \u00e8 libero&nbsp;<\/strong>e per informazioni pi\u00f9 dettagliate e rimanere aggiornati sulle novit\u00e0 di questa edizione si possono consultare le pagine social della manifestazione (FB: Mantova Libri Mappe Stampe e IG: @mantovalibrimappestampe) o il sito web&nbsp;<a href=\"http:\/\/www.mantovalibriestampe.com\/\" target=\"_blank\" rel=\"noreferrer noopener\">www.mantovalibriestampe.com<\/a>&nbsp;dove \u00e8 disponibile anche<strong>&nbsp;l\u2019elenco completo di tutti gli espositori.<\/strong>&nbsp;La mostra si svolger\u00e0 anche in caso di pioggia.<br><\/p>\n\n\n\n<p><em>Mantova Libri Mappe Stampe \u00e8 la prima mostra mercato di antiquariato librario e collezionismo cartaceo in Italia. La manifestazione, a cura di Elisabetta Casanova, \u00e8 organizzata con il patrocinio del Comune di Mantova e dell\u2019Associazione Italiana Collezionisti di Cartografia Antica Roberto Almagi\u00e0 e la collaborazione del Museo Diocesano Francesco Gonzaga e dell\u2019associazione Mirabilia. Media partner: Maremagnum.com, Abebooks.com, Vialibri.net, Novacharta Editori.<\/em><\/p>\n\n\n\n<p>Ufficio Stampa<\/p>\n","protected":false},"excerpt":{"rendered":"<p>Mantova Libri Mappe Stampe: il 14 e 15 settembre l\u2019appuntamento autunnale&nbsp;con il \u201cparadiso dei collezionisti\u201d Torna nella citt\u00e0 virgiliana la [&hellip;]<\/p>\n","protected":false},"author":1,"featured_media":0,"comment_status":"open","ping_status":"open","sticky":false,"template":"","format":"standard","meta":{"footnotes":""},"categories":[10,22],"tags":[],"class_list":["post-61000","post","type-post","status-publish","format-standard","hentry","category-italiano","category-libros-y-revistas-literatura"],"_links":{"self":[{"href":"https:\/\/www.ecoitaliano.com.ar\/index.php?rest_route=\/wp\/v2\/posts\/61000","targetHints":{"allow":["GET"]}}],"collection":[{"href":"https:\/\/www.ecoitaliano.com.ar\/index.php?rest_route=\/wp\/v2\/posts"}],"about":[{"href":"https:\/\/www.ecoitaliano.com.ar\/index.php?rest_route=\/wp\/v2\/types\/post"}],"author":[{"embeddable":true,"href":"https:\/\/www.ecoitaliano.com.ar\/index.php?rest_route=\/wp\/v2\/users\/1"}],"replies":[{"embeddable":true,"href":"https:\/\/www.ecoitaliano.com.ar\/index.php?rest_route=%2Fwp%2Fv2%2Fcomments&post=61000"}],"version-history":[{"count":0,"href":"https:\/\/www.ecoitaliano.com.ar\/index.php?rest_route=\/wp\/v2\/posts\/61000\/revisions"}],"wp:attachment":[{"href":"https:\/\/www.ecoitaliano.com.ar\/index.php?rest_route=%2Fwp%2Fv2%2Fmedia&parent=61000"}],"wp:term":[{"taxonomy":"category","embeddable":true,"href":"https:\/\/www.ecoitaliano.com.ar\/index.php?rest_route=%2Fwp%2Fv2%2Fcategories&post=61000"},{"taxonomy":"post_tag","embeddable":true,"href":"https:\/\/www.ecoitaliano.com.ar\/index.php?rest_route=%2Fwp%2Fv2%2Ftags&post=61000"}],"curies":[{"name":"wp","href":"https:\/\/api.w.org\/{rel}","templated":true}]}}