{"id":61165,"date":"2024-09-10T23:51:30","date_gmt":"2024-09-10T23:51:30","guid":{"rendered":"https:\/\/www.ecoitaliano.com.ar\/?p=61165"},"modified":"2024-09-10T23:51:30","modified_gmt":"2024-09-10T23:51:30","slug":"serena-conduce-operaclassica-eco-italiano-3610","status":"publish","type":"post","link":"https:\/\/www.ecoitaliano.com.ar\/?p=61165","title":{"rendered":"Serena conduce operaclassica eco italiano"},"content":{"rendered":"<div class=\"wp-block-image\">\n<figure class=\"aligncenter size-large is-resized\"><a href=\"https:\/\/www.ecoitaliano.com.ar\/wp-content\/uploads\/2024\/09\/image-15.png\"><img decoding=\"async\" width=\"1024\" height=\"389\" src=\"https:\/\/www.ecoitaliano.com.ar\/wp-content\/uploads\/2024\/09\/image-15-1024x389.png\" alt=\"\" class=\"wp-image-61166\" style=\"width:344px;height:auto\" srcset=\"https:\/\/www.ecoitaliano.com.ar\/wp-content\/uploads\/2024\/09\/image-15-1024x389.png 1024w, https:\/\/www.ecoitaliano.com.ar\/wp-content\/uploads\/2024\/09\/image-15-300x114.png 300w, https:\/\/www.ecoitaliano.com.ar\/wp-content\/uploads\/2024\/09\/image-15-768x291.png 768w, https:\/\/www.ecoitaliano.com.ar\/wp-content\/uploads\/2024\/09\/image-15-1536x583.png 1536w, https:\/\/www.ecoitaliano.com.ar\/wp-content\/uploads\/2024\/09\/image-15-150x57.png 150w, https:\/\/www.ecoitaliano.com.ar\/wp-content\/uploads\/2024\/09\/image-15.png 1544w\" sizes=\"(max-width: 1024px) 100vw, 1024px\" \/><\/a><\/figure><\/div>\n\n\n<p>comunicato stampa<\/p>\n\n\n\n<p><strong>Belliniana \u2013 Omaggio al Cigno di Catania<\/strong><\/p>\n\n\n\n<p><strong>dal 14 al 28 settembre tra Catania e Messina 17 appuntamenti per celebrare Vincenzo Bellini con musica, teatro, danza e conversazioni<\/strong><\/p>\n\n\n\n<p><em>Nella rassegna promossa e organizzata dalla Regione, frutto della sinergia tra alcune delle principali istituzioni culturali siciliane, l\u2019opera La straniera in forma di concerto protagonista Jessica Pratt e Fabrizio Maria Carminati sul podio<\/em><\/p>\n\n\n\n<p><em>Su&nbsp;<a href=\"http:\/\/www.belliniana.it\/\" target=\"_blank\" rel=\"noreferrer noopener\">www.belliniana.it<\/a>&nbsp;\u00e8 possibile richiedere i biglietti gratuiti o accedere alle liste d\u2019attesa per gli appuntamenti a Villa Bellini, al Teatro Sangiorgi, al Teatro Bellini e al Teatro Vittorio Emanuele<\/em><\/p>\n\n\n\n<p><\/p>\n\n\n\n<p>Per il quarto anno consecutivo la&nbsp;<strong>Regione Siciliana<\/strong>&nbsp;celebra il genio di Vincenzo Bellini con una rassegna promossa dall&#8217;assessorato del Turismo, dello sport e dello spettacolo, dal titolo&nbsp;<strong>Belliniana &#8211; Omaggio al Cigno di Catania<\/strong>&nbsp;che si svolger\u00e0&nbsp;<strong>dal 14 al 28 settembre, tra il capoluogo etneo e Messina<\/strong>. Quindici giorni di musica, teatro, danza e conversazioni e diciassette appuntamenti a ingresso gratuito in onore del grande compositore romantico siciliano, considerato tra i massimi del mondo dell\u2019opera insieme a Rossini, Donizetti, Verdi e Puccini.<\/p>\n\n\n\n<p>\u00abUna straordinaria iniziativa che consolida sempre pi\u00f9 la forte sinergia tra le diverse istituzioni coinvolte \u2013 dice&nbsp;<strong>l\u2019assessore regionale al Turismo, Evira Amata<\/strong>&nbsp;\u2013 e che, oltre a rendere costantemente vivo l\u2019omaggio al compositore Vincenzo Bellini, punta a profilare un\u2019offerta culturale completa, integrata e coerente con la visione della programmazione del governo regionale. Il ricco calendario di eventi in programma che vede, tra l\u2019altro, oltre alla musica, generi artistici di variegata natura, contribuir\u00e0 certamente ad appassionare la vasta platea di spettatori e di turisti presenti nel nostro territorio. Nell\u2019attesa di partecipare ai tanti appuntamenti artistici e culturali, desidero manifestare il mio pi\u00f9 vivo apprezzamento a tutti coloro che hanno condiviso ogni sforzo finalizzato ad assicurare la migliore riuscita della rassegna\u00bb.<\/p>\n\n\n\n<p>Su&nbsp;<a href=\"https:\/\/florianatessitore.us12.list-manage.com\/track\/click?u=9aecf99759cc1d6c0a0ef9c1d&amp;id=b0357bb144&amp;e=cceb3c1a2f\" target=\"_blank\" rel=\"noreferrer noopener\">www.belliniana.it&nbsp;<\/a>\u00e8 possibile ottenere i biglietti gratuiti che garantiscono il posto a sedere per gli appuntamenti a Villa Bellini, Teatro Sangiorgi, Teatro Bellini, a Catania, e Teatro Vittorio Emanuele, a Messina, oppure accedere alle eventuali liste d\u2019attesa per gli appuntamenti \u201csold out\u201d. Nelle serate di spettacolo sar\u00e0 possibile recarsi direttamente nei diversi luoghi per accedere agli eventuali posti non prenotati, sino ad esaurimento della disponibilit\u00e0. Le attivit\u00e0 in programma al Palazzo della Cultura (ex Platamone), alla Basilica Cattedrale di Sant\u2019Agata V.M. e al foyer del Teatro Bellini sono invece a ingresso libero senza prenotazione, sempre sino a esaurimento dei posti disponibili.<\/p>\n\n\n\n<p>\u00abLa Belliniana \u2013 sottolinea&nbsp;<strong>la coordinatrice artistica Gianna Fratta&nbsp;<\/strong>\u2013 sulla scia delle manifestazioni dedicate a Bellini cui la Regione Siciliana e l\u2019assessorato del Turismo, dello sport e dello spettacolo hanno sempre riservato la massima attenzione, vuole essere un grande contenitore culturale intitolato al Cigno catanese, pronto ad accogliere artisticamente non solo la musica di Bellini, che rappresenta il fulcro della programmazione, ma anche i lavori di compositori coevi, dando slancio contestualmente a composizioni contemporanee a lui dedicate o ispirate. Non solo musica alla Belliniana, anche teatro, danza, conversazioni, incontri. Nell\u2019ottica di una concreta diffusione dell\u2019opera di Bellini anche presso le giovani generazioni, ecco che la rassegna spazia sia all\u2019interno dei linguaggi artistici, sia all\u2019interno dei generi e delle forme: dalla musica classica al jazz, dall\u2019opera ai gal\u00e0, dai recital ai programmi sinfonici, dalla musica sacra a quella popolare, per una kermesse che diventa strategica occasione di promozione artistica e culturale sotto il segno del Cigno di Catania\u00bb.<\/p>\n\n\n\n<p>Le pagine di Bellini naturalmente animano i programmi di tutti gli appuntamenti in calendario, tra concerti lirico-sinfonici, cameristici, spettacoli in cui la musica si unisce al teatro di parola, a quello di figura, alla danza, al jazz, senza dimenticare alcuni momenti di approfondimento, conversazioni e una mostra per riscoprire i tesori dell\u2019archivio del Teatro Bellini di Catania dove,&nbsp;<strong>luned\u00ec 23 settembre<\/strong>, \u00e8 in programma l\u2019esecuzione in forma di concerto di un titolo operistico raro come&nbsp;<strong><em>La straniera<\/em><\/strong>&nbsp;diretta da&nbsp;<strong>Fabrizio Maria Carminati<\/strong>&nbsp;(che seguir\u00e0 l\u2019edizione critica di Ricordi a cura di Marco Uvietta) e un cast di rilievo internazionale che vanta nei ruoli principali&nbsp;<strong>Jessica Pratt, Aya Wakizono, Valerio Borgioni e Franco Vassallo<\/strong>.<\/p>\n\n\n\n<p>Incentrato sulla voce anche l\u2019appuntamento inaugurale:&nbsp;<strong>sabato 14 settembre<\/strong>, alla Villa Bellini di Catania, concerto con il soprano&nbsp;<strong>Desir\u00e9e Rancatore<\/strong>, il tenore&nbsp;<strong>Vittorio Grigolo<\/strong>&nbsp;\u2013 celebri interpreti noti in tutto il mondo \u2013 e&nbsp;<strong>l\u2019Orchestra Sinfonica Siciliana diretta da Gianluca Marcian\u00f2;<\/strong>&nbsp;il programma, intitolato Le melodie infinite, comprende pagine operistiche celebri di Vincenzo Bellini, Giacomo Puccini, Giuseppe Verdi, Gaetano Donizetti, Gioachino Rossini, Jules Massenet e Georges Bizet.&nbsp;&nbsp;<strong>Gioved\u00ec 19 settembre<\/strong>&nbsp;Villa Bellini sar\u00e0 sede di un secondo concerto lirico-sinfonico protagoniste altre due voci di fama internazionale come il soprano&nbsp;<strong>Marina Monz\u00f3<\/strong>&nbsp;e il tenore&nbsp;<strong>Francesco Demuro<\/strong>&nbsp;dirette questa volta da&nbsp;<strong>Alessandro Cadario&nbsp;<\/strong>con&nbsp;<strong>l\u2019Orchestra e il Coro del Teatro Massimo Bellini di Catania&nbsp;<\/strong>che interpreteranno un\u2019antologia di famose pagine d\u2019opera del compositore catanese e anche di Richard Wagner, Gaetano Donizetti e Giacomo Puccini. A quest\u2019ultimo, del quale si ricordano nel 2024 i cento anni dalla morte, \u00e8 dedicata domenica&nbsp;<strong>22 settembre&nbsp;<\/strong>al Teatro Sangiorgi la pi\u00e8ce di teatro e musica&nbsp;<strong><em>Vissi d\u2019arte, vissi d\u2019amore<\/em><\/strong>&nbsp;su testo di Bruno Torrini e Riccardo Viagrande, con Marianna Cappellani (soprano), l\u2019attore Bruno Torrisi e il pianista Ruben Micieli.<\/p>\n\n\n\n<p>Sono tre gli appuntamenti ideati insieme all\u2019Universit\u00e0 di Catania: tornano infatti al Teatro Sangiorgi le conversazioni-concerto&nbsp;<strong>Un Bellini, s\u2019il vous pla\u00eet! domenica 15 e mercoled\u00ec 25 settembre&nbsp;<\/strong>dedicate, la prima, ai Puritani con Candida Billie Mantica (Universit\u00e0 di Pavia-Cremona) e, la seconda, a vocalit\u00e0 e ruoli en travesti nel melodramma italiano di primo Ottocento con Daniele Carnini (Fondazione Rossini di Pesaro). Quindi&nbsp;<strong>luned\u00ec 23 settembre<\/strong>&nbsp;nel foyer del Teatro Bellini&nbsp;<em><strong>Straniera reloaded. Retrospettiva multimediale degli allestimenti della&nbsp;<\/strong><\/em><strong>Straniera<\/strong><em><strong>&nbsp;al Teatro Massimo Bellini<\/strong><\/em>&nbsp;a cura di Maria Rosa De Luca, Giuseppe Montemagno e Graziella Seminara, con la ricerca iconografica di Marco Impallomeni e la collaborazione del Conservatorio \u201cVincenzo Bellini\u201d di Catania.<\/p>\n\n\n\n<p>Al Teatro Vittorio Emanuele di Messina, domenica&nbsp;<strong>15 settembre<\/strong>, andr\u00e0 in scena&nbsp;<strong><em>DiNcAnTo. Passi di danza sull\u2019opera belliniana: omaggio al belcanto<\/em><\/strong>, coreografia e regia video sono di Massimiliano Volpini, concept di Luciano Carratoni; arrangiatore delle musiche belliniane \u00e8 Roberto Molinelli, impegnato anche sul podio dell\u2019Orchestra del Teatro Vittorio Emanuele di Messina. Protagonisti in palcoscenico \u201cLe DIV4S Italian Sopranos\u201d e il Balletto di Roma.<\/p>\n\n\n\n<p>Ampio spazio a una serie di concerti che presentano, come nel caso dello spettacolo di danza, anche alcune trascrizioni delle pagine del compositore catanese, realizzate in epoche diverse e per differenti organici strumentali, o ancora pagine sinfoniche originali oppure composizioni a lui ispirate. \u00c8 il caso, marted\u00ec&nbsp;<strong>17 settembre<\/strong>&nbsp;al Palazzo della Cultura (ex Platamone), Corte Mariella Lo Giudice, del concerto dell\u2019<strong>Orchestra del Conservatorio \u201cVincenzo Bellini\u201d di Catania diretta da Giovanni Ferrauto<\/strong>&nbsp;che, accanto a Bellini, eseguir\u00e0 in prima assoluta&nbsp;<em>Echi di Sicilia: Bellini e la sua terra<\/em>&nbsp;di e con il clarinettista Giovanni Nicosia e sempre in prima&nbsp;<em>La luna, il sol, le stelle<\/em>&nbsp;di Andrea Amici e&nbsp;<em>Bellini reloaded. Reperti d\u2019archeologia futuribile<\/em>&nbsp;dello stesso Ferrauto. Venerd\u00ec<strong>&nbsp;20 settembre<\/strong>&nbsp;a Villa Bellini, il concerto della&nbsp;<strong>Massimo Youth Orchestra<\/strong>&nbsp;\u2013 organico giovanile della Fondazione Teatro Massimo di Palermo \u2013&nbsp;<strong>diretta da Michele De Luca<\/strong>&nbsp;che proporr\u00e0 una serie di pagine belliniane tra cui il&nbsp;<em>Concerto per oboe e orchestra in mi bemolle maggiore<\/em>&nbsp;con Carmelo Ruggeri e poi il Vorspiel da&nbsp;<em>Parsifal<\/em>&nbsp;e l\u2019Overture dall\u2019opera&nbsp;<em>Das Liebesverbot oder Die Novize von Palermo<\/em>&nbsp;di Richard Wagner, compositore che ammirava molto il Cigno di Catania. Ispirazione Bellini \u00e8 quindi il titolo del concerto di marted\u00ec&nbsp;<strong>24 settembre<\/strong>&nbsp;di nuovo al Palazzo della Cultura (ex Platamone), Corte Mariella Lo Giudice,&nbsp;<strong>dell\u2019Orchestra di Fiati del Conservatorio \u201cArcangelo Corelli\u201d di Messina<\/strong>&nbsp;<strong>diretta da Lorenzo Della Fonte&nbsp;<\/strong>che presenter\u00e0 una serie di celebri pagine trascritte per questo organico tra cui la Sinfonia da I Capuleti e i Montecchi, la&nbsp;<em>Fantasia sulla Sonnambula per clarinetto solo<\/em>&nbsp;di Ernesto Cavallini (solista Francesco Manuli), una rilettura della&nbsp;<em>Madama Butterfly&nbsp;<\/em>di Puccini e della&nbsp;<em>Strada<\/em>&nbsp;di Nino Rota. Si guarda alla Musica strumentale dei Catanesi coevi del Cigno nel concerto di luned\u00ec&nbsp;<strong>16 settembre&nbsp;<\/strong>al Teatro Sangiorgi protagonista il&nbsp;<strong>Quartetto di Catania&nbsp;<\/strong>(Augusto Vismara e Marcello Spina violini, Gaetano Adorno viola, Alessandro Longo violoncello) che eseguir\u00e0 il&nbsp;<em>Quartetto n. 1 in do maggiore<\/em>&nbsp;di Salvatore Pappalardo e il&nbsp;<em>Quartetto n. 2 in do maggiore<\/em>&nbsp;di Giovanni Pacini.<\/p>\n\n\n\n<p>Sar\u00e0 una prima assoluta mercoled\u00ec&nbsp;<strong>18 settembre alla Villa Bellini lo spettacolo Bellini &#8211; Paganini: un dialogo (im)possibile<\/strong>&nbsp;su testo di Giampiero Mancini in cui la musica del Cigno di Catania e quella del virtuoso dell\u2019archetto sono rilette anche in chiave jazz da&nbsp;<strong>Stefano Di Battista con il suo Quartetto,&nbsp;<\/strong>la voce di&nbsp;<strong>Nicky Nicolai,&nbsp;<\/strong>la partecipazione degli<strong>&nbsp;attori Vincenzo De Michele e Giampiero Mancini, il violinista Ettore Pellegrino e Roberto Molinelli sul podio dell\u2019Orchestra del Teatro \u201cVittorio Emanuele\u201d di Messina<\/strong>.<\/p>\n\n\n\n<p>Spazio a uno spettacolo con e per i pi\u00f9 piccoli, sabato&nbsp;<strong>21 settembre&nbsp;<\/strong>al Teatro Sangiorgi, dove andranno in scena le&nbsp;<strong>Baruffe Belliniane \u2013 tre favolette d\u2019incanti e sentimenti di e con Lina Maria Ugolini&nbsp;<\/strong>con le musiche di Vincenzo Bellini e Luciano Maria Serra e le illustrazioni realizzate dal vivo da&nbsp;<strong>Alfredo Guglielmino&nbsp;<\/strong>autore anche delle figure di Cartura; Orchestra e Coro sono quelle giovanissime di&nbsp;<strong>Musicainsieme a Librino&nbsp;<\/strong>dirette dal compositore Luciano Maria Serra e con Alessandra Toscano maestra del coro.<\/p>\n\n\n\n<p>Due, infine, le occasioni di ricorrenza istituzionale: luned\u00ec&nbsp;<strong>23 settembre<\/strong>&nbsp;alle ore 10.30, nella&nbsp;<strong>Basilica Cattedrale di Sant\u2019Agata V.M.<\/strong>, sar\u00e0 celebrata una&nbsp;<strong>Messa in onore di Vincenzo Bellini con il Coro del Teatro Massimo Bellini diretto da Luigi Petrozziello<\/strong>. Quindi per la conclusione del festival sabato&nbsp;<strong>28 settembre, al Teatro Massimo Bellini, Concerto di gala per Vincenzo Bellini e per il 2753\u00b0 anno della fondazione della Citt\u00e0 di Catania<\/strong>; sul podio dell\u2019Orchestra del teatro catanese&nbsp;<strong>Salvatore Percacciolo&nbsp;<\/strong>impegnato in un programma con pagine di Bellini, Pacini, Wagner, Puccini (con la partecipazione anche del Coro del Teatro) ma anche tre prime esecuzioni celebrative di Marco Taralli (<em>Figlia del fuoco<\/em>, testo di Emanuela Abbadessa), Giovanni Ferrauto (\u201cKore\u201d e \u201cDioniso\u201d da&nbsp;<em>Dioniso in Sicilia<\/em>&nbsp;su libretto di Paolo Cipolla) e Joe Schittino&nbsp;<em>Giuf\u00e0 (un Till Eulenspliegel siciliano)<\/em>; le illustrazioni di Gitrop accompagneranno alcuni dei brani in programma.<br>&nbsp;<\/p>\n\n\n\n<p><strong>Belliniana<\/strong>&nbsp;(rassegna precedentemente chiamata \u201cBellini International Context\u201d) \u00e8 un\u2019iniziativa direttamente promossa e organizzata dall\u2019assessorato del Turismo, dello sport e dello spettacolo della Regione Siciliana in collaborazione con alcune delle principali istituzioni culturali dell\u2019Isola: Teatro Massimo Bellini di Catania, Teatro Massimo di Palermo, Teatro di Messina, Fondazione Orchestra Sinfonica Siciliana, Fondazione Taormina Arte Sicilia, Universit\u00e0 degli Studi di Catania, Conservatorio di Musica \u201cVincenzo Bellini\u201d di Catania, Conservatorio di Musica \u201cArcangelo Corelli\u201d di Messina e l\u2019Arcidiocesi di Catania. Fondamentale la collaborazione con le Citt\u00e0 di Catania, Palermo e Messina.<\/p>\n\n\n\n<p>\u00abIl Teatro Massimo Bellini in tutte le sue componenti, \u00e8 grato alla Regione per la continuit\u00e0 assicurata ad una manifestazione con la quale si rende doveroso omaggio al sommo compositore catanese, figura gigantesca e per pi\u00f9 versi affascinante, il cui profilo prestigioso si staglia nella storia della musica come il padre del melodramma romantico italiano. Un genio che am\u00f2 seguire strade sperimentali, foriere di fondamentali sviluppi. Lo denota in maggior grado proprio l\u2019opera La Straniera, evento centrale di Belliniana e partitura che segna il debutto nel ruolo del soprano Jessica Pratt. L\u2019ente lirico etneo contribuisce alla kermesse anche con altri appuntamenti di rilievo, come il gala che vedr\u00e0 protagonisti il soprano Marina Monz\u00f2 e il tenore Francesco Demuro. Ed \u00e8 motivo di orgoglio farlo all\u2019interno di un progetto in cui si riconoscono importanti istituzioni teatrali e musicali siciliane: una bella sinergia che batte all\u2019unisono e fa certamente onore al retaggio culturale dell\u2019Isola\u00bb.<br><strong>Giovanni Cultrera di Montesano e Fabrizio Maria Carminati, sovrintendente e direttore artistico del Teatro Massimo Bellini di Catania<\/strong><\/p>\n\n\n\n<p>\u00abLa Fondazione Teatro Massimo di Palermo partecipa anche quest\u2019anno a Belliniana, la manifestazione ideata dall\u2019assessorato del Turismo della Regione Siciliana per celebrare il genio di Vincenzo Bellini, compositore sublime, la cui musica svela orizzonti inarrivabili per bellezza e profondit\u00e0. Ringrazio per l\u2019invito l\u2019Assessore Elvira Amata e Gianna Fratta, curatrice della direzione artistica, che ha impaginato un programma ampio e articolato. Il contributo del Teatro Massimo di Palermo sar\u00e0 un concerto della Massimo Youth Orchestra, diretta dal Michele De Luca, solista all\u2019oboe Carmelo Ruggeri, primo oboe dell\u2019Orchestra del Teatro Massimo, su musiche di Bellini e di Wagner\u00bb.<br><strong>Marco Betta, sovrintendente del Teatro Massimo di Palermo<\/strong><\/p>\n\n\n\n<p>\u00abSoddisfazione per la partecipazione del Teatro di Messina alla rassegna Belliniana, organizzata dalla Regione Siciliana, assessorato del Turismo, dello Sport e dello Spettacolo anche per il 2024. Il Vittorio Emanuele, accompagnato dalla propria orchestra, diretta da Roberto Molinelli, andr\u00e0 in scena con \u201cD\u2019InCaNtO passi sull\u2019opera Belliniana\u201d con la partecipazione del prestigioso Balletto di Roma, le coreografie Massimiliano Volpini e la presenza del quartetto vocale \u201cLe DIVAS\u201d. L\u2019occasione rappresenta un ulteriore significativo passo verso la realizzazione della \u201crete dei teatri siciliani\u201d, promuovendo sempre pi\u00f9 ambiziosi progetti culturali che varchino i confini dell\u2019Isola\u00bb.<br><strong>Orazio Miloro e Gianfranco Scoglio, Commissario Straordinario e Sovrintendente del Teatro di Messina<\/strong><\/p>\n\n\n\n<p>\u00abL\u2019Orchestra Sinfonica che questa estate ha promosso la musica nelle piazze della Sicilia, celebra un patrimonio dell\u2019Isola come Vincenzo Bellini con il concerto di apertura della manifestazione del 14 settembre a Catania. Come Fondazione culturale siciliana abbiamo accolto con favore l\u2019invito a partecipare all\u2019organizzazione del Festival facendo la nostra parte in una ottica di collaborazione tra istituzioni\u00bb.<br><strong>Margherita Rizza<\/strong>,&nbsp;<strong>commissario della Fondazione Orchestra Sinfonica Siciliana<\/strong><\/p>\n\n\n\n<p>\u00abL\u2019Universit\u00e0 di Catania, attraverso il Dipartimento di Scienze Umanistiche che ospita Fondazione Bellini-Centro Studi Belliniani, \u00e8 presente e attiva, ormai da molti anni, nell\u2019ambito degli studi musicologici che riguardano la vita e le opere del grande compositore catanese e di tutte le iniziative che permettono la valorizzazione e la diffusione della sua inestimabile produzione artistica. Un impegno che oggi viene riproposto con il sostegno dell\u2019Ateneo e dei suoi studiosi agli eventi promossi dall\u2019assessorato del Turismo, dello sport e dello spettacolo della Regione Siciliana con \u201cBelliniana \u2013 Omaggio al Cigno di Catania\u201d, che offrir\u00e0 la possibilit\u00e0 di far conoscere gratuitamente a migliaia di cittadini e appassionati tutti i \u2018colori\u2019 della musica di Bellini\u00bb.<br><strong>Francesco Priolo, rettore dell\u2019Universit\u00e0 di Catania<\/strong><br>&nbsp;<\/p>\n\n\n\n<p>Tutti gli eventi, quando non diversamente indicato, hanno inizio alle ore 21.<br>Il programma dettagliato e le modalit\u00e0 di prenotazione sono disponibili su&nbsp;<a target=\"_blank\" href=\"https:\/\/florianatessitore.us12.list-manage.com\/track\/click?u=9aecf99759cc1d6c0a0ef9c1d&amp;id=34c3b5fb36&amp;e=cceb3c1a2f\" rel=\"noreferrer noopener\">www.belliniana.it<\/a><\/p>\n\n\n\n<p><br><strong>Ufficio stampa<\/strong><br>Floriana Tessitore&nbsp;| Responsabile Ufficio Stampa (Walter Vitale e Alessandro Quartararo) |&nbsp;<a href=\"tel:+39 3387339981\" rel=\"noreferrer noopener\" target=\"_blank\">+39 3387339981<\/a>&nbsp;<a href=\"mailto:press@belliniana.it\" target=\"_blank\" rel=\"noreferrer noopener\">press@belliniana.it<\/a><br>La gestione della comunicazione e pubblicit\u00e0 di&nbsp;<em>Belliniana &#8211; Omaggio al Cigno di Catania<\/em>&nbsp;\u00e8 curata da&nbsp;<strong>Digitrend S.R.L.<\/strong><br><a target=\"_blank\" href=\"https:\/\/florianatessitore.us12.list-manage.com\/track\/click?u=9aecf99759cc1d6c0a0ef9c1d&amp;id=1b3db296ed&amp;e=cceb3c1a2f\" rel=\"noreferrer noopener\">www.belliniana.it<\/a><\/p>\n\n\n\n<p><em>Palermo, 10 settembre &nbsp;2024 (f.t.)<\/em><\/p>\n\n\n\n<p>foto luoghi Belliniana<\/p>\n\n\n\n<figure class=\"wp-block-gallery has-nested-images columns-default is-cropped wp-block-gallery-1 is-layout-flex wp-block-gallery-is-layout-flex\">\n<figure class=\"wp-block-image size-large\"><a href=\"https:\/\/www.ecoitaliano.com.ar\/wp-content\/uploads\/2024\/09\/Basilica-di-santAgata-CT-scaled.jpeg\"><img decoding=\"async\" width=\"1024\" height=\"626\" data-id=\"61167\" src=\"https:\/\/www.ecoitaliano.com.ar\/wp-content\/uploads\/2024\/09\/Basilica-di-santAgata-CT-1024x626.jpeg\" alt=\"\" class=\"wp-image-61167\" srcset=\"https:\/\/www.ecoitaliano.com.ar\/wp-content\/uploads\/2024\/09\/Basilica-di-santAgata-CT-1024x626.jpeg 1024w, https:\/\/www.ecoitaliano.com.ar\/wp-content\/uploads\/2024\/09\/Basilica-di-santAgata-CT-300x183.jpeg 300w, https:\/\/www.ecoitaliano.com.ar\/wp-content\/uploads\/2024\/09\/Basilica-di-santAgata-CT-768x469.jpeg 768w, https:\/\/www.ecoitaliano.com.ar\/wp-content\/uploads\/2024\/09\/Basilica-di-santAgata-CT-1536x938.jpeg 1536w, https:\/\/www.ecoitaliano.com.ar\/wp-content\/uploads\/2024\/09\/Basilica-di-santAgata-CT-2048x1251.jpeg 2048w, https:\/\/www.ecoitaliano.com.ar\/wp-content\/uploads\/2024\/09\/Basilica-di-santAgata-CT-150x92.jpeg 150w\" sizes=\"(max-width: 1024px) 100vw, 1024px\" \/><\/a><figcaption class=\"wp-element-caption\">Catania &#8211; The Basilica di Sant&#8217;agata and the harbor in the background.<\/figcaption><\/figure>\n\n\n\n<figure class=\"wp-block-image size-large\"><a href=\"https:\/\/www.ecoitaliano.com.ar\/wp-content\/uploads\/2024\/09\/Cortile-Platamone-CT.png\"><img decoding=\"async\" width=\"1024\" height=\"679\" data-id=\"61168\" src=\"https:\/\/www.ecoitaliano.com.ar\/wp-content\/uploads\/2024\/09\/Cortile-Platamone-CT-1024x679.png\" alt=\"\" class=\"wp-image-61168\" srcset=\"https:\/\/www.ecoitaliano.com.ar\/wp-content\/uploads\/2024\/09\/Cortile-Platamone-CT-1024x679.png 1024w, https:\/\/www.ecoitaliano.com.ar\/wp-content\/uploads\/2024\/09\/Cortile-Platamone-CT-300x199.png 300w, https:\/\/www.ecoitaliano.com.ar\/wp-content\/uploads\/2024\/09\/Cortile-Platamone-CT-768x509.png 768w, https:\/\/www.ecoitaliano.com.ar\/wp-content\/uploads\/2024\/09\/Cortile-Platamone-CT-1536x1018.png 1536w, https:\/\/www.ecoitaliano.com.ar\/wp-content\/uploads\/2024\/09\/Cortile-Platamone-CT-2048x1357.png 2048w, https:\/\/www.ecoitaliano.com.ar\/wp-content\/uploads\/2024\/09\/Cortile-Platamone-CT-150x99.png 150w\" sizes=\"(max-width: 1024px) 100vw, 1024px\" \/><\/a><\/figure>\n\n\n\n<figure class=\"wp-block-image size-large\"><a href=\"https:\/\/www.ecoitaliano.com.ar\/wp-content\/uploads\/2024\/09\/Teatro-Massimo-Bellini-CT-scaled.jpeg\"><img decoding=\"async\" width=\"1024\" height=\"683\" data-id=\"61169\" src=\"https:\/\/www.ecoitaliano.com.ar\/wp-content\/uploads\/2024\/09\/Teatro-Massimo-Bellini-CT-1024x683.jpeg\" alt=\"\" class=\"wp-image-61169\" srcset=\"https:\/\/www.ecoitaliano.com.ar\/wp-content\/uploads\/2024\/09\/Teatro-Massimo-Bellini-CT-1024x683.jpeg 1024w, https:\/\/www.ecoitaliano.com.ar\/wp-content\/uploads\/2024\/09\/Teatro-Massimo-Bellini-CT-300x200.jpeg 300w, https:\/\/www.ecoitaliano.com.ar\/wp-content\/uploads\/2024\/09\/Teatro-Massimo-Bellini-CT-768x512.jpeg 768w, https:\/\/www.ecoitaliano.com.ar\/wp-content\/uploads\/2024\/09\/Teatro-Massimo-Bellini-CT-1536x1024.jpeg 1536w, https:\/\/www.ecoitaliano.com.ar\/wp-content\/uploads\/2024\/09\/Teatro-Massimo-Bellini-CT-2048x1365.jpeg 2048w, https:\/\/www.ecoitaliano.com.ar\/wp-content\/uploads\/2024\/09\/Teatro-Massimo-Bellini-CT-150x100.jpeg 150w\" sizes=\"(max-width: 1024px) 100vw, 1024px\" \/><\/a><figcaption class=\"wp-element-caption\">CATANIA, ITALY &#8211; May 30, 2021\/ Theater and fountain on Piazza Vincenzo Bellini in Catania, Sicily, Italy. Teatro Massimo Bellini, the most important theater<\/figcaption><\/figure>\n\n\n\n<figure class=\"wp-block-image size-large\"><a href=\"https:\/\/www.ecoitaliano.com.ar\/wp-content\/uploads\/2024\/09\/Teatro-Massimo-Bellini-6-.jpg\"><img decoding=\"async\" width=\"1024\" height=\"683\" data-id=\"61170\" src=\"https:\/\/www.ecoitaliano.com.ar\/wp-content\/uploads\/2024\/09\/Teatro-Massimo-Bellini-6--1024x683.jpg\" alt=\"\" class=\"wp-image-61170\" srcset=\"https:\/\/www.ecoitaliano.com.ar\/wp-content\/uploads\/2024\/09\/Teatro-Massimo-Bellini-6--1024x683.jpg 1024w, https:\/\/www.ecoitaliano.com.ar\/wp-content\/uploads\/2024\/09\/Teatro-Massimo-Bellini-6--300x200.jpg 300w, https:\/\/www.ecoitaliano.com.ar\/wp-content\/uploads\/2024\/09\/Teatro-Massimo-Bellini-6--768x512.jpg 768w, https:\/\/www.ecoitaliano.com.ar\/wp-content\/uploads\/2024\/09\/Teatro-Massimo-Bellini-6--1536x1024.jpg 1536w, https:\/\/www.ecoitaliano.com.ar\/wp-content\/uploads\/2024\/09\/Teatro-Massimo-Bellini-6--2048x1365.jpg 2048w, https:\/\/www.ecoitaliano.com.ar\/wp-content\/uploads\/2024\/09\/Teatro-Massimo-Bellini-6--150x100.jpg 150w\" sizes=\"(max-width: 1024px) 100vw, 1024px\" \/><\/a><\/figure>\n\n\n\n<figure class=\"wp-block-image size-large\"><a href=\"https:\/\/www.ecoitaliano.com.ar\/wp-content\/uploads\/2024\/09\/Teatro-Sangiorgi-1-CT-scaled.jpg\"><img decoding=\"async\" width=\"684\" height=\"1024\" data-id=\"61171\" src=\"https:\/\/www.ecoitaliano.com.ar\/wp-content\/uploads\/2024\/09\/Teatro-Sangiorgi-1-CT-684x1024.jpg\" alt=\"\" class=\"wp-image-61171\" srcset=\"https:\/\/www.ecoitaliano.com.ar\/wp-content\/uploads\/2024\/09\/Teatro-Sangiorgi-1-CT-684x1024.jpg 684w, https:\/\/www.ecoitaliano.com.ar\/wp-content\/uploads\/2024\/09\/Teatro-Sangiorgi-1-CT-200x300.jpg 200w, https:\/\/www.ecoitaliano.com.ar\/wp-content\/uploads\/2024\/09\/Teatro-Sangiorgi-1-CT-768x1150.jpg 768w, https:\/\/www.ecoitaliano.com.ar\/wp-content\/uploads\/2024\/09\/Teatro-Sangiorgi-1-CT-1025x1536.jpg 1025w, https:\/\/www.ecoitaliano.com.ar\/wp-content\/uploads\/2024\/09\/Teatro-Sangiorgi-1-CT-1367x2048.jpg 1367w, https:\/\/www.ecoitaliano.com.ar\/wp-content\/uploads\/2024\/09\/Teatro-Sangiorgi-1-CT-100x150.jpg 100w, https:\/\/www.ecoitaliano.com.ar\/wp-content\/uploads\/2024\/09\/Teatro-Sangiorgi-1-CT-scaled.jpg 1709w\" sizes=\"(max-width: 684px) 100vw, 684px\" \/><\/a><figcaption class=\"wp-element-caption\">HT24HY Facade of Teatro Sangiorgi building (Sangiorgi Theatre) in Catania city on the east side of Sicily Island, Italy<\/figcaption><\/figure>\n\n\n\n<figure class=\"wp-block-image size-large\"><a href=\"https:\/\/www.ecoitaliano.com.ar\/wp-content\/uploads\/2024\/09\/Teatro-Sangiorgi-2--scaled.jpg\"><img decoding=\"async\" width=\"683\" height=\"1024\" data-id=\"61172\" src=\"https:\/\/www.ecoitaliano.com.ar\/wp-content\/uploads\/2024\/09\/Teatro-Sangiorgi-2--683x1024.jpg\" alt=\"\" class=\"wp-image-61172\" srcset=\"https:\/\/www.ecoitaliano.com.ar\/wp-content\/uploads\/2024\/09\/Teatro-Sangiorgi-2--683x1024.jpg 683w, https:\/\/www.ecoitaliano.com.ar\/wp-content\/uploads\/2024\/09\/Teatro-Sangiorgi-2--200x300.jpg 200w, https:\/\/www.ecoitaliano.com.ar\/wp-content\/uploads\/2024\/09\/Teatro-Sangiorgi-2--768x1152.jpg 768w, https:\/\/www.ecoitaliano.com.ar\/wp-content\/uploads\/2024\/09\/Teatro-Sangiorgi-2--1024x1536.jpg 1024w, https:\/\/www.ecoitaliano.com.ar\/wp-content\/uploads\/2024\/09\/Teatro-Sangiorgi-2--1365x2048.jpg 1365w, https:\/\/www.ecoitaliano.com.ar\/wp-content\/uploads\/2024\/09\/Teatro-Sangiorgi-2--100x150.jpg 100w, https:\/\/www.ecoitaliano.com.ar\/wp-content\/uploads\/2024\/09\/Teatro-Sangiorgi-2--scaled.jpg 1707w\" sizes=\"(max-width: 683px) 100vw, 683px\" \/><\/a><\/figure>\n\n\n\n<figure class=\"wp-block-image size-large\"><a href=\"https:\/\/www.ecoitaliano.com.ar\/wp-content\/uploads\/2024\/09\/Teatro-vittorio-emanuele-ME-scaled.jpg\"><img decoding=\"async\" width=\"1024\" height=\"683\" data-id=\"61173\" src=\"https:\/\/www.ecoitaliano.com.ar\/wp-content\/uploads\/2024\/09\/Teatro-vittorio-emanuele-ME-1024x683.jpg\" alt=\"\" class=\"wp-image-61173\" srcset=\"https:\/\/www.ecoitaliano.com.ar\/wp-content\/uploads\/2024\/09\/Teatro-vittorio-emanuele-ME-1024x683.jpg 1024w, https:\/\/www.ecoitaliano.com.ar\/wp-content\/uploads\/2024\/09\/Teatro-vittorio-emanuele-ME-300x200.jpg 300w, https:\/\/www.ecoitaliano.com.ar\/wp-content\/uploads\/2024\/09\/Teatro-vittorio-emanuele-ME-768x512.jpg 768w, https:\/\/www.ecoitaliano.com.ar\/wp-content\/uploads\/2024\/09\/Teatro-vittorio-emanuele-ME-1536x1024.jpg 1536w, https:\/\/www.ecoitaliano.com.ar\/wp-content\/uploads\/2024\/09\/Teatro-vittorio-emanuele-ME-2048x1365.jpg 2048w, https:\/\/www.ecoitaliano.com.ar\/wp-content\/uploads\/2024\/09\/Teatro-vittorio-emanuele-ME-150x100.jpg 150w\" sizes=\"(max-width: 1024px) 100vw, 1024px\" \/><\/a><figcaption class=\"wp-element-caption\">2BJE8GA Teatro Vittorio Emanuele, City of Messina, Sicily, Italy<\/figcaption><\/figure>\n\n\n\n<figure class=\"wp-block-image size-large\"><a href=\"https:\/\/www.ecoitaliano.com.ar\/wp-content\/uploads\/2024\/09\/Villa-Bellini-CT-scaled.jpeg\"><img decoding=\"async\" width=\"1024\" height=\"684\" data-id=\"61174\" src=\"https:\/\/www.ecoitaliano.com.ar\/wp-content\/uploads\/2024\/09\/Villa-Bellini-CT-1024x684.jpeg\" alt=\"\" class=\"wp-image-61174\" srcset=\"https:\/\/www.ecoitaliano.com.ar\/wp-content\/uploads\/2024\/09\/Villa-Bellini-CT-1024x684.jpeg 1024w, https:\/\/www.ecoitaliano.com.ar\/wp-content\/uploads\/2024\/09\/Villa-Bellini-CT-300x200.jpeg 300w, https:\/\/www.ecoitaliano.com.ar\/wp-content\/uploads\/2024\/09\/Villa-Bellini-CT-768x513.jpeg 768w, https:\/\/www.ecoitaliano.com.ar\/wp-content\/uploads\/2024\/09\/Villa-Bellini-CT-1536x1025.jpeg 1536w, https:\/\/www.ecoitaliano.com.ar\/wp-content\/uploads\/2024\/09\/Villa-Bellini-CT-2048x1367.jpeg 2048w, https:\/\/www.ecoitaliano.com.ar\/wp-content\/uploads\/2024\/09\/Villa-Bellini-CT-150x100.jpeg 150w\" sizes=\"(max-width: 1024px) 100vw, 1024px\" \/><\/a><figcaption class=\"wp-element-caption\">Italy Sicily Catania &#8211; Villa Bellini &#8211; May 25 2017<\/figcaption><\/figure>\n<\/figure>\n","protected":false},"excerpt":{"rendered":"<p>comunicato stampa Belliniana \u2013 Omaggio al Cigno di Catania dal 14 al 28 settembre tra Catania e Messina 17 appuntamenti [&hellip;]<\/p>\n","protected":false},"author":1,"featured_media":0,"comment_status":"open","ping_status":"open","sticky":false,"template":"","format":"standard","meta":{"footnotes":""},"categories":[1],"tags":[],"class_list":["post-61165","post","type-post","status-publish","format-standard","hentry","category-sin-categoria"],"_links":{"self":[{"href":"https:\/\/www.ecoitaliano.com.ar\/index.php?rest_route=\/wp\/v2\/posts\/61165","targetHints":{"allow":["GET"]}}],"collection":[{"href":"https:\/\/www.ecoitaliano.com.ar\/index.php?rest_route=\/wp\/v2\/posts"}],"about":[{"href":"https:\/\/www.ecoitaliano.com.ar\/index.php?rest_route=\/wp\/v2\/types\/post"}],"author":[{"embeddable":true,"href":"https:\/\/www.ecoitaliano.com.ar\/index.php?rest_route=\/wp\/v2\/users\/1"}],"replies":[{"embeddable":true,"href":"https:\/\/www.ecoitaliano.com.ar\/index.php?rest_route=%2Fwp%2Fv2%2Fcomments&post=61165"}],"version-history":[{"count":0,"href":"https:\/\/www.ecoitaliano.com.ar\/index.php?rest_route=\/wp\/v2\/posts\/61165\/revisions"}],"wp:attachment":[{"href":"https:\/\/www.ecoitaliano.com.ar\/index.php?rest_route=%2Fwp%2Fv2%2Fmedia&parent=61165"}],"wp:term":[{"taxonomy":"category","embeddable":true,"href":"https:\/\/www.ecoitaliano.com.ar\/index.php?rest_route=%2Fwp%2Fv2%2Fcategories&post=61165"},{"taxonomy":"post_tag","embeddable":true,"href":"https:\/\/www.ecoitaliano.com.ar\/index.php?rest_route=%2Fwp%2Fv2%2Ftags&post=61165"}],"curies":[{"name":"wp","href":"https:\/\/api.w.org\/{rel}","templated":true}]}}