{"id":61364,"date":"2024-09-15T11:04:51","date_gmt":"2024-09-15T11:04:51","guid":{"rendered":"https:\/\/www.ecoitaliano.com.ar\/?p=61364"},"modified":"2024-09-15T11:04:51","modified_gmt":"2024-09-15T11:04:51","slug":"il-volto-santo-da-manoppello-a-san-francisco-benedetto-nella-basilica-in-abruzzo-il-prezioso-reliquario-destinato-alla-cattedrale-di-san-francisco","status":"publish","type":"post","link":"https:\/\/www.ecoitaliano.com.ar\/?p=61364","title":{"rendered":"IL VOLTO SANTO DA MANOPPELLO A SAN FRANCISCO &#8211; Benedetto nella basilica in Abruzzo il prezioso reliquario destinato alla Cattedrale di San Francisco"},"content":{"rendered":"\n<figure class=\"wp-block-image size-full\"><a href=\"http:\/\/www.ecoitaliano.com.ar\/wp-content\/uploads\/2024\/09\/Manoppello-Santuario-del-Volto-Santo.jpg\"><img decoding=\"async\" width=\"947\" height=\"711\" src=\"http:\/\/www.ecoitaliano.com.ar\/wp-content\/uploads\/2024\/09\/Manoppello-Santuario-del-Volto-Santo.jpg\" alt=\"\" class=\"wp-image-61365\" srcset=\"https:\/\/www.ecoitaliano.com.ar\/wp-content\/uploads\/2024\/09\/Manoppello-Santuario-del-Volto-Santo.jpg 947w, https:\/\/www.ecoitaliano.com.ar\/wp-content\/uploads\/2024\/09\/Manoppello-Santuario-del-Volto-Santo-300x225.jpg 300w, https:\/\/www.ecoitaliano.com.ar\/wp-content\/uploads\/2024\/09\/Manoppello-Santuario-del-Volto-Santo-768x577.jpg 768w, https:\/\/www.ecoitaliano.com.ar\/wp-content\/uploads\/2024\/09\/Manoppello-Santuario-del-Volto-Santo-150x113.jpg 150w\" sizes=\"(max-width: 947px) 100vw, 947px\" \/><\/a><\/figure>\n\n\n\n<figure class=\"wp-block-gallery has-nested-images columns-default is-cropped wp-block-gallery-1 is-layout-flex wp-block-gallery-is-layout-flex\">\n<figure class=\"wp-block-image size-large\"><a href=\"https:\/\/www.ecoitaliano.com.ar\/wp-content\/uploads\/2024\/09\/1-1.jpg\"><img decoding=\"async\" width=\"1024\" height=\"810\" data-id=\"61366\" src=\"https:\/\/www.ecoitaliano.com.ar\/wp-content\/uploads\/2024\/09\/1-1-1024x810.jpg\" alt=\"\" class=\"wp-image-61366\" srcset=\"https:\/\/www.ecoitaliano.com.ar\/wp-content\/uploads\/2024\/09\/1-1-1024x810.jpg 1024w, https:\/\/www.ecoitaliano.com.ar\/wp-content\/uploads\/2024\/09\/1-1-300x237.jpg 300w, https:\/\/www.ecoitaliano.com.ar\/wp-content\/uploads\/2024\/09\/1-1-768x607.jpg 768w, https:\/\/www.ecoitaliano.com.ar\/wp-content\/uploads\/2024\/09\/1-1-1536x1214.jpg 1536w, https:\/\/www.ecoitaliano.com.ar\/wp-content\/uploads\/2024\/09\/1-1-150x119.jpg 150w, https:\/\/www.ecoitaliano.com.ar\/wp-content\/uploads\/2024\/09\/1-1.jpg 2048w\" sizes=\"(max-width: 1024px) 100vw, 1024px\" \/><\/a><\/figure>\n\n\n\n<figure class=\"wp-block-image size-large\"><a href=\"https:\/\/www.ecoitaliano.com.ar\/wp-content\/uploads\/2024\/09\/2.jpg\"><img decoding=\"async\" width=\"1024\" height=\"930\" data-id=\"61367\" src=\"https:\/\/www.ecoitaliano.com.ar\/wp-content\/uploads\/2024\/09\/2-1024x930.jpg\" alt=\"\" class=\"wp-image-61367\" srcset=\"https:\/\/www.ecoitaliano.com.ar\/wp-content\/uploads\/2024\/09\/2-1024x930.jpg 1024w, https:\/\/www.ecoitaliano.com.ar\/wp-content\/uploads\/2024\/09\/2-300x272.jpg 300w, https:\/\/www.ecoitaliano.com.ar\/wp-content\/uploads\/2024\/09\/2-768x698.jpg 768w, https:\/\/www.ecoitaliano.com.ar\/wp-content\/uploads\/2024\/09\/2-1536x1395.jpg 1536w, https:\/\/www.ecoitaliano.com.ar\/wp-content\/uploads\/2024\/09\/2-150x136.jpg 150w, https:\/\/www.ecoitaliano.com.ar\/wp-content\/uploads\/2024\/09\/2.jpg 2048w\" sizes=\"(max-width: 1024px) 100vw, 1024px\" \/><\/a><\/figure>\n\n\n\n<figure class=\"wp-block-image size-large\"><a href=\"https:\/\/www.ecoitaliano.com.ar\/wp-content\/uploads\/2024\/09\/3-Mons.-Salvatore-J.-Cordileone-scaled.jpg\"><img decoding=\"async\" width=\"772\" height=\"1024\" data-id=\"61368\" src=\"https:\/\/www.ecoitaliano.com.ar\/wp-content\/uploads\/2024\/09\/3-Mons.-Salvatore-J.-Cordileone-772x1024.jpg\" alt=\"\" class=\"wp-image-61368\" srcset=\"https:\/\/www.ecoitaliano.com.ar\/wp-content\/uploads\/2024\/09\/3-Mons.-Salvatore-J.-Cordileone-772x1024.jpg 772w, https:\/\/www.ecoitaliano.com.ar\/wp-content\/uploads\/2024\/09\/3-Mons.-Salvatore-J.-Cordileone-226x300.jpg 226w, https:\/\/www.ecoitaliano.com.ar\/wp-content\/uploads\/2024\/09\/3-Mons.-Salvatore-J.-Cordileone-768x1019.jpg 768w, https:\/\/www.ecoitaliano.com.ar\/wp-content\/uploads\/2024\/09\/3-Mons.-Salvatore-J.-Cordileone-1158x1536.jpg 1158w, https:\/\/www.ecoitaliano.com.ar\/wp-content\/uploads\/2024\/09\/3-Mons.-Salvatore-J.-Cordileone-1543x2048.jpg 1543w, https:\/\/www.ecoitaliano.com.ar\/wp-content\/uploads\/2024\/09\/3-Mons.-Salvatore-J.-Cordileone-113x150.jpg 113w, https:\/\/www.ecoitaliano.com.ar\/wp-content\/uploads\/2024\/09\/3-Mons.-Salvatore-J.-Cordileone-scaled.jpg 1929w\" sizes=\"(max-width: 772px) 100vw, 772px\" \/><\/a><\/figure>\n<\/figure>\n\n\n\n<p><a><\/a> <strong>IL VOLTO SANTO DA MANOPPELLO A SAN FRANCISCO<\/strong><\/p>\n\n\n\n<p>Benedetto nella basilica in Abruzzo il prezioso reliquario destinato alla Cattedrale di San Francisco<\/p>\n\n\n\n<p>di <strong>Antonio Bini<\/strong><\/p>\n\n\n\n<p>PESCARA &#8211; Il reliquario recante l\u2019immagine del <strong>Volto Santo<\/strong>, visibile da entrambe i lati, che sar\u00e0 prossimamente intronizzato nella Cattedrale di <strong>San Francisco<\/strong> negli Stati Uniti, \u00e8 stato al centro di un solenne rituale svoltosi il 13 settembre 2024 presso la <strong>Basilica del Volto Santo a Manoppello<\/strong>. Nel corso della celebrazione, presieduta da <strong>p. Antonio Gentili<\/strong>, rettore del Santuario, insieme a <strong>p. Carmine Cucinelli<\/strong>, al diacono <strong>Christopher Sandoval<\/strong> della cattedrale di San Francisco, a <strong>don Bonifacio (Ted) Lopez<\/strong> (Diocesi di Roma), a <strong>Don Arturo Alcantara Arcos<\/strong>, a <strong>p. Anatoliy Grytskiv<\/strong>, espressione della Chiesa Ortodossa Abruzzese-Molisana, insieme ad altri sacerdoti, \u00e8 stato benedetto il nuovo reliquario, realizzato dallo storico laboratorio palermitano diretto dall\u2019orafo <strong>Antonino Amato<\/strong>, rappresentato dalla figlia Angela con il marito Alessandro Staiano, pure orafi. L\u2019ostensorio d\u2019argento, con alcune pietre preziose e con la cornice intorno all\u2019immagine bagnata in oro 24 carati, \u00e8 ispirato al reliquario originale, rispetto al quale reca richiami simbolici religiosi propri della metropoli californiana, in particolare con la presenza dello stemma dell\u2019arcidiocesi, i medaglioni di <strong>san Patrizio<\/strong> e <strong>san Giuseppe<\/strong>, oltre alla statuetta di <strong>san Francesco<\/strong>, patrono della citt\u00e0 californiana.<\/p>\n\n\n\n<p>All\u2019inizio della celebrazione, <strong>p. Antonio Gentili<\/strong>, con un atto fortemente simbolico, davanti ai numerosi presenti, ha posto a contatto il reliquario con il <strong>Volto Santo<\/strong>, come per stabilirne la continuit\u00e0. Nel corso dell\u2019omelia, preceduta dalla lettura del Vangelo di Giovanni (cap. 20), che richiama i teli funerari e il sudario presenti nella tomba di Cristo, p. Antonio ha salutato la delegazione proveniente da <strong>San Francisco<\/strong>, sottolineando il collegamento della citt\u00e0 al poverello d\u2019Assisi e a <strong>Manoppello<\/strong>, ricordando che \u00e8 francescano il <strong>Santuario del Volto Santo<\/strong>. Ha inoltre fatto presente che il reliquario destinato alla metropoli americana non \u00e8 un semplice oggetto, essendo la Veronica (vera-icona) il messaggio della resurrezione di Cristo.<\/p>\n\n\n\n<p>Nel corso della celebrazione \u00e8 intervenuto il <strong>diacono Cristopher Sandoval<\/strong> ringraziando il rettore del Santuario, al quale ha donato una medaglia commemorativa della visita di <strong>Giovanni Paolo II<\/strong> alla Cattedrale di San Francisco il 17 settembre 1987. Ha ringraziato anche <strong>suor Blandina Pascalis<\/strong><em><strong> <\/strong><\/em><strong>Schl\u00f6mer<\/strong>, <strong>suor Petra-Maria Steiner<\/strong>, la signora <strong>Augustine Phan<\/strong>, i <strong>Knights of Saint Francis<\/strong>. Un ringraziamento particolare, al quale si \u00e8 unito p. Antonio, \u00e8 stato rivolto ad <strong>Angelo Rytz<\/strong> che ha svolto un\u2019eccellente opera di collegamento organizzativo tra <strong>San Francisco<\/strong>, <strong>Manoppello<\/strong> e il laboratorio di oreficeria siciliano. Un impegno generoso manifestato in memoria della moglie Agatha, originaria di <strong>Hong Kong<\/strong> e devotissima del Volto Santo. Tante le persone presenti al rito, tra cui molti pellegrini provenienti dall\u2019estero, che hanno partecipato con emozione e sorpresa all\u2019evento, intervallato da diversi applausi.<\/p>\n\n\n\n<p>Nel corso dell\u2019agape fraterna seguita presso la Casa del Pellegrino, <strong>p. Carmine<\/strong> \u00e8 stato sollecitato a ricordare la missione americana del 2014, dove per la prima volta ha potuto parlare di <strong>Volto Santo<\/strong> nella chiesa di <strong>St. Ignatius a San Francisco<\/strong>. P. Carmine ha fatto presente che in quell\u2019anno era stato previsto un programma, proposto dalla indimenticabile <strong>Daisy Neves<\/strong>, grande sostenitrice del Volto Santo, per due tappe negli Stati Uniti, a <strong>Las Vegas<\/strong> e a <strong>Bellevue<\/strong>, insieme ad un pi\u00f9 ampio itinerario nelle <strong>Filippine<\/strong>. In quel periodo, ricorda p. Carmine, allora rettore del Santuario, giunse pellegrina a <strong>Manoppello<\/strong> la signora <strong>Augustine Phan<\/strong>, americana di origini vietnamite, la quale appresa la notizia di un imminente viaggio negli USA, chiese che anche <strong>San Francisco<\/strong> potesse essere inserita nel programma. P. Carmine favor\u00ec i contatti con Daisy Neves e il <strong>prof. Ray Frost<\/strong> di San Francisco, che gi\u00e0 da anni curava un blog dedicato al Volto Santo. Cos\u00ec vennero organizzate due conferenze, una nella chiesa di St. Ignatius a <strong>San Francisco<\/strong> e un\u2019altra nella vicina <strong>Palo Alto<\/strong> (Silicon Valley).<\/p>\n\n\n\n<p>Nel gennaio 2019 giunse a Manoppello l\u2019<strong>arcivescovo di San Francisco<\/strong>, <strong>Salvatore Joseph Cordileone<\/strong>, partecipando al rito di Omnis Terra, insieme al <strong>cardinale <\/strong><strong>Gerhard Ludwig M\u00fcller<\/strong> e all\u2019arcivescovo di Chieti-Vasto <strong>Bruno Forte<\/strong>. P. Carmine ricorda come l\u2019arcivescovo Cordileone, discendente di emigrati italiani, fu molto colpito dall\u2019incontro con il <strong>Volto Santo<\/strong>, chiedendo di pregare e meditare in solitudine davanti alla sacra immagine, una volta chiusa la chiesa. L\u2019arcivescovo in quell\u2019occasione disse: \u201cIncoraggio tutti coloro che professano la fede in Ges\u00f9 Cristo e l\u2019amore per Lui a coltivare la devozione a questa santa Immagine che ci ha lasciato in dono, immagine del primo istante della Resurrezione\u00bb.<\/p>\n\n\n\n<p><strong>P. Carmine<\/strong> ha concluso affermando: \u201ctale reliquiario ora \u00e8 qui. Possa attrarre l\u2019attenzione di tante persone e suscitare pi\u00f9 fede, pi\u00f9 devozione, maggiore desiderio di unione con Ges\u00f9. Il Signore conceda benedizioni e grazie in abbondanza a voi e alle vostre famiglie\u201d. Ricordiamo che nella <strong>diocesi di San Francisco<\/strong> una copia del Volto Santo \u00e8 stata intronizzata nella chiesa di St. Francis of Assisi in East Palo Alto l\u201911 novembre 2017.<\/p>\n\n\n\n<p>Anche <strong>don Bonifacio (Ted) Lopez<\/strong>, che accompagn\u00f2 p. Carmine nella seconda missione internazionale del Volto Santo, con la sua consueta simpatia, \u00e8 intervenuto per ricordare alcune intronizzazioni operate negli anni successivi in <strong>Canada<\/strong>, nelle <strong>Filippine<\/strong>, dove recentemente ha partecipato alla intronizzazione del Volto Santo nella chiesa Our Mother of Perpetual Help di <strong>Bacoor City<\/strong>, alla presenza del <strong>cardinale Luis Antonio Tagle<\/strong>.<\/p>\n\n\n\n<p>Il 5 agosto dello scorso anno si \u00e8 tenuta a <strong>San Francisco<\/strong>, nella cattedrale di Santa Maria dell\u2019Assunzione, una conferenza con la partecipazione di <strong>suor Petra-Maria Steiner<\/strong>, studiosa del Volto Santo, dello stesso diacono <strong>Christoph Sandoval<\/strong> e del <strong>prof. Ray Frost<\/strong>. Alla conferenza parteciparono alcune centinaia di persone, provenienti da tutta l\u2019area della Baia di San Francisco, che conta oltre sette milioni di abitanti. In quell\u2019occasione, l\u2019arcivescovo espresse l\u2019auspicio di avere anche a San Francisco una copia del Volto Santo da venerare e portare in processione. Da qui la mobilitazione dei devoti, a partire dalla signora <strong>Augustine Phan<\/strong>. La stessa ci tiene a precisare, alla presenza del diacono Sandoval, che la donazione ha carattere anonimo, come confermato da una targhetta posta alla base del reliquario. Oggi questo desiderio si \u00e8 concretizzato. Il reliquario sar\u00e0 donato all\u2019arcivescovo il giorno <strong>4 ottobre<\/strong>, in coincidenza con la <strong>festa di San Francesco<\/strong>. Il diacono Sandoval, pellegrino a <strong>Manoppello<\/strong> nel 2006, \u00e8 apparso entusiasta, affermando anche che intende favorire la costituzione di una Associazione che promuova la conoscenza e la devozione del Volto Santo in <strong>California<\/strong>.<\/p>\n\n\n\n<p>All\u2019evento ha partecipato una rappresentanza dei <strong>Knights of St. Francis<\/strong> di <strong>San Francisco<\/strong>, organizzazione di volontariato che assiste poveri e senza fissa dimora della metropoli californiana, che \u00e8 nota per aver realizzato la cosiddetta <strong>Porziuncola Nuova<\/strong>, che riproduce quella di Santa Maria degli Angeli in <strong>Assisi<\/strong>. Un\u2019opera notevole, realizzata grazie ad artisti e artigiani provenienti dall\u2019<strong>Umbria<\/strong>, come gran parte dei materiali. Presente tra loro la fondatrice <strong>Angela Alioto<\/strong>, personaggio molto conosciuto, discendente di emigrati siciliani, figlia di <strong>Joe Alioto<\/strong>, <strong>sindaco di San Francisco<\/strong> dal 1968 al 1976. La Alioto, che ha parlato di una \u201ccerimonia incredibile\u201d, mi ha detto che aveva sentito da tempo parlare del Volto Santo, ma che solo da un anno la sua conoscenza si era fatta pi\u00f9 approfondita. Con la <strong>Alioto<\/strong>, gi\u00e0 <strong>presidente del Consiglio Comunale di San Francisco<\/strong>, ho scambiato alcune considerazioni sull\u2019influenza che gli italiani emigrati hanno esercitato nella diffusione del cristianesimo negli USA e nella stessa San Francisco. La Alioto ha ricordato che in un passato non molto lontano la comunit\u00e0 italiana rappresentava il 30% della popolazione della citt\u00e0.<\/p>\n\n\n\n<p>Presenti all\u2019evento alcuni appartenenti alla base della <strong>Marina Militare degli Stati Uniti<\/strong> di stanza a <strong>Napoli<\/strong>, comprese l\u2019organista e due cantanti, accompagnati da <strong>don Arturo Alcantara Arcos<\/strong>, sacerdote spagnolo di origini messicane, che collabora con il cappellano militare della base. Don Arturo \u00e8 anche autore di un saggio dal titolo <em>\u201cSan Junipero Serra, apostolo del Messico\u201d<\/em>, un\u2019occasione per ricordare come anche <strong>San Francisco<\/strong> prenda nome da una missione francescana spagnola, sorta nel 1776, con la supervisione di p. Junipero Serra, quando la <strong>California<\/strong> era ancora appartenente al <strong>Messico<\/strong>, diffondendo il cristianesimo in quei territori. <strong>P. Junipero Serra<\/strong>, proclamato santo nel 2015, promosse la realizzazione di numerose missioni, tra cui quella di <strong>San Juan di Capistrano<\/strong>, ispirata al santo abruzzese.<\/p>\n\n\n\n<p>Il crescente fenomeno delle intronizzazioni del <strong>Volto Santo<\/strong>, che trova il suo momento di origine nella chiesa del Purgatorio di <strong>Ruvo di Puglia<\/strong> (Bari), quando nel 1979 i devoti della citt\u00e0 pugliese intesero cos\u00ec ricordare <strong>p. Domenico da Cese<\/strong>, a distanza di pochi mesi dalla sua morte, oggi \u00e8 diffuso in varie citt\u00e0 del mondo, con modalit\u00e0 diverse, dalle pi\u00f9 semplici riproduzioni, su stoffa, su vetro o plexiglass, oggi qualitativamente possibili, in base ai grandi progressi della fotografia digitale, alle pi\u00f9 artistiche e preziose. Peraltro, non sempre queste iniziative sono note al Santuario. Si pu\u00f2 senz\u2019altro sostenere come il percorso seguito per il reliquario da destinare alla <strong>cattedrale di San Francisco<\/strong> sia esemplare, certamente lungo e non facile, ma oggettivamente solenne, spiritualmente partecipato e condiviso tra la comunit\u00e0 religiosa di San Francisco e il <strong>Santuario del Volto Santo<\/strong>, finanche nella realizzazione dello stesso reliquario, coerente con la secolare tradizione orafa italiana. Un\u2019intronizzazione che non mancher\u00e0 di provocare effetti positivi, a partire dall\u2019imminente <strong>Giubileo 2025<\/strong>.<\/p>\n\n\n\n<p>FOTO:<\/p>\n\n\n\n<p>1) <em>Rappresentanza dei Knights od saint Francis di San Francisco. Al centro Angela Alio<\/em>to;<\/p>\n\n\n\n<p>2) <em>Il diacono Christoph Sandoval della Cattedrale di San Francisco, insieme alle studiose suor Blandina Pascalis<\/em><em><strong> Schl\u00f6mer<\/strong><\/em><em> e suor Petra-Maria Steiner<\/em>, <em>davanti al nuovo reliquario <\/em>(nello sfondo il Volto Santo);<\/p>\n\n\n\n<p><a><\/a> 3) <em>L&#8217;arcivescovo di San Francisco, Salvatore Joseph Cordileone, nel Santuario del Volto Santo il 20 gennaio 2019<\/em>.<\/p>\n","protected":false},"excerpt":{"rendered":"<p>IL VOLTO SANTO DA MANOPPELLO A SAN FRANCISCO Benedetto nella basilica in Abruzzo il prezioso reliquario destinato alla Cattedrale di [&hellip;]<\/p>\n","protected":false},"author":1,"featured_media":0,"comment_status":"open","ping_status":"open","sticky":false,"template":"","format":"standard","meta":{"footnotes":""},"categories":[10,42],"tags":[],"class_list":["post-61364","post","type-post","status-publish","format-standard","hentry","category-italiano","category-religion"],"_links":{"self":[{"href":"https:\/\/www.ecoitaliano.com.ar\/index.php?rest_route=\/wp\/v2\/posts\/61364","targetHints":{"allow":["GET"]}}],"collection":[{"href":"https:\/\/www.ecoitaliano.com.ar\/index.php?rest_route=\/wp\/v2\/posts"}],"about":[{"href":"https:\/\/www.ecoitaliano.com.ar\/index.php?rest_route=\/wp\/v2\/types\/post"}],"author":[{"embeddable":true,"href":"https:\/\/www.ecoitaliano.com.ar\/index.php?rest_route=\/wp\/v2\/users\/1"}],"replies":[{"embeddable":true,"href":"https:\/\/www.ecoitaliano.com.ar\/index.php?rest_route=%2Fwp%2Fv2%2Fcomments&post=61364"}],"version-history":[{"count":0,"href":"https:\/\/www.ecoitaliano.com.ar\/index.php?rest_route=\/wp\/v2\/posts\/61364\/revisions"}],"wp:attachment":[{"href":"https:\/\/www.ecoitaliano.com.ar\/index.php?rest_route=%2Fwp%2Fv2%2Fmedia&parent=61364"}],"wp:term":[{"taxonomy":"category","embeddable":true,"href":"https:\/\/www.ecoitaliano.com.ar\/index.php?rest_route=%2Fwp%2Fv2%2Fcategories&post=61364"},{"taxonomy":"post_tag","embeddable":true,"href":"https:\/\/www.ecoitaliano.com.ar\/index.php?rest_route=%2Fwp%2Fv2%2Ftags&post=61364"}],"curies":[{"name":"wp","href":"https:\/\/api.w.org\/{rel}","templated":true}]}}