{"id":61393,"date":"2024-09-16T20:37:27","date_gmt":"2024-09-16T20:37:27","guid":{"rendered":"https:\/\/www.ecoitaliano.com.ar\/?p=61393"},"modified":"2024-09-16T20:37:27","modified_gmt":"2024-09-16T20:37:27","slug":"eugenia-serafini-due-prestigiosi-riconoscimenti-come-scrittrice-e-artista-premio-menotti-art-festival-2024-letteratura-e-arte-spoleto","status":"publish","type":"post","link":"https:\/\/www.ecoitaliano.com.ar\/?p=61393","title":{"rendered":"Eugenia Serafini, due prestigiosi riconoscimenti come scrittrice e artista, Premio Menotti Art Festival 2024 Letteratura e Arte \u2013 Spoleto"},"content":{"rendered":"\n<figure class=\"wp-block-gallery has-nested-images columns-default is-cropped wp-block-gallery-1 is-layout-flex wp-block-gallery-is-layout-flex\">\n<figure class=\"wp-block-image size-large\"><a href=\"https:\/\/www.ecoitaliano.com.ar\/wp-content\/uploads\/2024\/09\/E.Serafini-Mappa-Solare2015-.jpg\"><img decoding=\"async\" width=\"786\" height=\"1024\" data-id=\"61394\" src=\"https:\/\/www.ecoitaliano.com.ar\/wp-content\/uploads\/2024\/09\/E.Serafini-Mappa-Solare2015--786x1024.jpg\" alt=\"\" class=\"wp-image-61394\" srcset=\"https:\/\/www.ecoitaliano.com.ar\/wp-content\/uploads\/2024\/09\/E.Serafini-Mappa-Solare2015--786x1024.jpg 786w, https:\/\/www.ecoitaliano.com.ar\/wp-content\/uploads\/2024\/09\/E.Serafini-Mappa-Solare2015--230x300.jpg 230w, https:\/\/www.ecoitaliano.com.ar\/wp-content\/uploads\/2024\/09\/E.Serafini-Mappa-Solare2015--768x1001.jpg 768w, https:\/\/www.ecoitaliano.com.ar\/wp-content\/uploads\/2024\/09\/E.Serafini-Mappa-Solare2015--1179x1536.jpg 1179w, https:\/\/www.ecoitaliano.com.ar\/wp-content\/uploads\/2024\/09\/E.Serafini-Mappa-Solare2015--115x150.jpg 115w, https:\/\/www.ecoitaliano.com.ar\/wp-content\/uploads\/2024\/09\/E.Serafini-Mappa-Solare2015-.jpg 1508w\" sizes=\"(max-width: 786px) 100vw, 786px\" \/><\/a><\/figure>\n\n\n\n<figure class=\"wp-block-image size-large\"><a href=\"https:\/\/www.ecoitaliano.com.ar\/wp-content\/uploads\/2024\/09\/Eugenia-Serafini.jpg\"><img decoding=\"async\" width=\"1024\" height=\"995\" data-id=\"61395\" src=\"https:\/\/www.ecoitaliano.com.ar\/wp-content\/uploads\/2024\/09\/Eugenia-Serafini-1024x995.jpg\" alt=\"\" class=\"wp-image-61395\" srcset=\"https:\/\/www.ecoitaliano.com.ar\/wp-content\/uploads\/2024\/09\/Eugenia-Serafini-1024x995.jpg 1024w, https:\/\/www.ecoitaliano.com.ar\/wp-content\/uploads\/2024\/09\/Eugenia-Serafini-300x291.jpg 300w, https:\/\/www.ecoitaliano.com.ar\/wp-content\/uploads\/2024\/09\/Eugenia-Serafini-768x746.jpg 768w, https:\/\/www.ecoitaliano.com.ar\/wp-content\/uploads\/2024\/09\/Eugenia-Serafini-150x146.jpg 150w, https:\/\/www.ecoitaliano.com.ar\/wp-content\/uploads\/2024\/09\/Eugenia-Serafini.jpg 1056w\" sizes=\"(max-width: 1024px) 100vw, 1024px\" \/><\/a><\/figure>\n\n\n\n<figure class=\"wp-block-image size-large\"><a href=\"https:\/\/www.ecoitaliano.com.ar\/wp-content\/uploads\/2024\/09\/Eugenia-Serafini.1.jpg\"><img decoding=\"async\" width=\"1024\" height=\"617\" data-id=\"61396\" src=\"https:\/\/www.ecoitaliano.com.ar\/wp-content\/uploads\/2024\/09\/Eugenia-Serafini.1-1024x617.jpg\" alt=\"\" class=\"wp-image-61396\" srcset=\"https:\/\/www.ecoitaliano.com.ar\/wp-content\/uploads\/2024\/09\/Eugenia-Serafini.1-1024x617.jpg 1024w, https:\/\/www.ecoitaliano.com.ar\/wp-content\/uploads\/2024\/09\/Eugenia-Serafini.1-300x181.jpg 300w, https:\/\/www.ecoitaliano.com.ar\/wp-content\/uploads\/2024\/09\/Eugenia-Serafini.1-768x463.jpg 768w, https:\/\/www.ecoitaliano.com.ar\/wp-content\/uploads\/2024\/09\/Eugenia-Serafini.1-150x90.jpg 150w, https:\/\/www.ecoitaliano.com.ar\/wp-content\/uploads\/2024\/09\/Eugenia-Serafini.1-250x150.jpg 250w, https:\/\/www.ecoitaliano.com.ar\/wp-content\/uploads\/2024\/09\/Eugenia-Serafini.1.jpg 1080w\" sizes=\"(max-width: 1024px) 100vw, 1024px\" \/><\/a><\/figure>\n\n\n\n<figure class=\"wp-block-image size-large\"><a href=\"https:\/\/www.ecoitaliano.com.ar\/wp-content\/uploads\/2024\/09\/Menotti-Art-Festival-Spoleto-2024-Art-in-the-City.jpg\"><img decoding=\"async\" width=\"864\" height=\"612\" data-id=\"61397\" src=\"https:\/\/www.ecoitaliano.com.ar\/wp-content\/uploads\/2024\/09\/Menotti-Art-Festival-Spoleto-2024-Art-in-the-City.jpg\" alt=\"\" class=\"wp-image-61397\" srcset=\"https:\/\/www.ecoitaliano.com.ar\/wp-content\/uploads\/2024\/09\/Menotti-Art-Festival-Spoleto-2024-Art-in-the-City.jpg 864w, https:\/\/www.ecoitaliano.com.ar\/wp-content\/uploads\/2024\/09\/Menotti-Art-Festival-Spoleto-2024-Art-in-the-City-300x213.jpg 300w, https:\/\/www.ecoitaliano.com.ar\/wp-content\/uploads\/2024\/09\/Menotti-Art-Festival-Spoleto-2024-Art-in-the-City-768x544.jpg 768w, https:\/\/www.ecoitaliano.com.ar\/wp-content\/uploads\/2024\/09\/Menotti-Art-Festival-Spoleto-2024-Art-in-the-City-150x106.jpg 150w\" sizes=\"(max-width: 864px) 100vw, 864px\" \/><\/a><\/figure>\n\n\n\n<figure class=\"wp-block-image size-large\"><a href=\"https:\/\/www.ecoitaliano.com.ar\/wp-content\/uploads\/2024\/09\/Spoleto-Chiostro-di-San-Nicolo.jpg\"><img decoding=\"async\" width=\"1024\" height=\"768\" data-id=\"61398\" src=\"https:\/\/www.ecoitaliano.com.ar\/wp-content\/uploads\/2024\/09\/Spoleto-Chiostro-di-San-Nicolo-1024x768.jpg\" alt=\"\" class=\"wp-image-61398\" srcset=\"https:\/\/www.ecoitaliano.com.ar\/wp-content\/uploads\/2024\/09\/Spoleto-Chiostro-di-San-Nicolo-1024x768.jpg 1024w, https:\/\/www.ecoitaliano.com.ar\/wp-content\/uploads\/2024\/09\/Spoleto-Chiostro-di-San-Nicolo-300x225.jpg 300w, https:\/\/www.ecoitaliano.com.ar\/wp-content\/uploads\/2024\/09\/Spoleto-Chiostro-di-San-Nicolo-768x576.jpg 768w, https:\/\/www.ecoitaliano.com.ar\/wp-content\/uploads\/2024\/09\/Spoleto-Chiostro-di-San-Nicolo-150x113.jpg 150w, https:\/\/www.ecoitaliano.com.ar\/wp-content\/uploads\/2024\/09\/Spoleto-Chiostro-di-San-Nicolo.jpg 1200w\" sizes=\"(max-width: 1024px) 100vw, 1024px\" \/><\/a><\/figure>\n\n\n\n<figure class=\"wp-block-image size-large\"><a href=\"https:\/\/www.ecoitaliano.com.ar\/wp-content\/uploads\/2024\/09\/Ventaglio-di-Primavera-scaled.jpg\"><img decoding=\"async\" width=\"1024\" height=\"656\" data-id=\"61399\" src=\"https:\/\/www.ecoitaliano.com.ar\/wp-content\/uploads\/2024\/09\/Ventaglio-di-Primavera-1024x656.jpg\" alt=\"\" class=\"wp-image-61399\" srcset=\"https:\/\/www.ecoitaliano.com.ar\/wp-content\/uploads\/2024\/09\/Ventaglio-di-Primavera-1024x656.jpg 1024w, https:\/\/www.ecoitaliano.com.ar\/wp-content\/uploads\/2024\/09\/Ventaglio-di-Primavera-300x192.jpg 300w, https:\/\/www.ecoitaliano.com.ar\/wp-content\/uploads\/2024\/09\/Ventaglio-di-Primavera-768x492.jpg 768w, https:\/\/www.ecoitaliano.com.ar\/wp-content\/uploads\/2024\/09\/Ventaglio-di-Primavera-1536x984.jpg 1536w, https:\/\/www.ecoitaliano.com.ar\/wp-content\/uploads\/2024\/09\/Ventaglio-di-Primavera-2048x1312.jpg 2048w, https:\/\/www.ecoitaliano.com.ar\/wp-content\/uploads\/2024\/09\/Ventaglio-di-Primavera-150x96.jpg 150w\" sizes=\"(max-width: 1024px) 100vw, 1024px\" \/><\/a><figcaption class=\"wp-element-caption\">btr<\/figcaption><\/figure>\n<\/figure>\n\n\n\n<p>16 settembre 2024<\/p>\n\n\n\n<p><strong>Eugenia Serafini, due prestigiosi riconoscimenti come scrittrice e artista<\/strong><\/p>\n\n\n\n<p>Premio Menotti Art Festival 2024 Letteratura e Arte \u2013 Spoleto, 27\/30 Settembre 2024<\/p>\n\n\n\n<p>SPOLETO &#8211; La Commissione del<strong> Menotti Art Festival <\/strong>ha deliberato di conferire ad<strong> Eugenia Serafini <\/strong>il Premio internazionale<strong> Spoleto Art Festival Letteratura 2024 <\/strong>per meriti letterari, artistici e culturali attinenti al libro<em>\u201cIl Preside che camminava sui rami di pino e i Racconti della Luna<\/em>\u201d (Artecom, Roma 2019),con la valutazione del percorso culturale e professionale quale scrittrice, dalla Giuria composta dal <strong>Prof. Luca Filipponi<\/strong> (Presidente), dall\u2019<strong>Avv. Angelo Sagnelli<\/strong>(Direttore Artistico Letteratura), dal Soprano <strong>Tania Di Giorgio<\/strong> (Direttore Musicale) e dal Maestro <strong>Prof. Sandro Trotti <\/strong>(Direttore Artistico). La scrittrice, e artista insigne, ottiene un ulteriore riconoscimento nel campo delle<strong> Arti visive<\/strong> con invito a tenere a <strong>Spoleto<\/strong> una Mostra Personale al <strong>MENOTTI ART FESTIVAL 2024 &#8211; Art in the City<\/strong> dal 27al 30 settembre, presso il Chiostro del Complesso monumentale San Nicol\u00f2, in esito a conforme decisione della Giuria composta da <strong>Luca Filipponi<\/strong> \u2013 Presidente e <strong>Sandro Trotti<\/strong> \u2013 Direttore Artistico.<\/p>\n\n\n\n<p>La cerimonia di consegna dei riconoscimenti si svolger\u00e0 a <strong>Spoleto<\/strong> nei giorni di venerd\u00ec 27 e sabato 28 settembre 2024, alle ore 15:30, nel <strong>Chiostro del Complesso monumentale di S. Nicol\u00f2<\/strong>, dove il Presidente <strong>prof. Luca Filipponi<\/strong> inaugurer\u00e0 anche la Mostra personale di <strong>Eugenia Serafini<\/strong> <em>\u00abOmaggio a Puccini: Madama Butterfly\u00bb,<\/em>alla presenza dei delegati dell\u2019<strong>UNESCO<\/strong>, del<strong> Parlamento Europeo <\/strong>e della<strong> Fondazione Nobel di Stoccolma. <\/strong>Tutto ci\u00f2 si aggiunge allaMostra<strong> Meeting Art Bruxelles 2024 <\/strong>ora in corso in Belgio fino a tutto Novembre e&nbsp;al <strong>Premio internazionale Spoleto Art Festival 2024 <\/strong>conferito ad<strong> Eugenia Serafini <\/strong>\u201c<em>per le importanti attivit\u00e0 che ha svolto e svolge nel campo della cultura e dell\u2019arte\u201d,<\/em> consegnato all\u2019artista-scrittrice il6 luglio scorso presso la<strong> Rocca Albornoz <\/strong>di Spoleto.<\/p>\n\n\n\n<p>La scelta dell\u2019Artista di tenere la Mostra Personale \u201c<strong>Omaggio a Puccini<\/strong>\u201d \u00e8 dovuta sia al compimento dei 120 anni dalla Prima dell&#8217;opera <em>Madama Butterfly<\/em>, rappresentata al Teatro alla Scala di Milano il 17 febbraio 1904, che al centenario della scomparsa del grande operista, sia alla predilezione che <strong>Giancarlo Menotti<\/strong> ha sempre mostrato verso il magnifico musicista, come pure all&#8217;amore dei suoi genitori per le opere di Puccini, del quale la mamma di <strong>Eugenia Serafini<\/strong> era conterranea. Chiaramente il <em>Ventaglio<\/em>, con il suo riferimento all&#8217;Oriente, diviene elemento chiave di collegamento con una delle opere pi\u00f9 rinomate e amate del musicista lucchese, appunto <em>Madama Butterfly<\/em>.<\/p>\n\n\n\n<p><strong>Eugenia Serafini<\/strong> metter\u00e0 in mostra 10 bellissimi e sognanti <strong>Ventagli, Mappe stellari<\/strong> e <strong>Maripose<\/strong> che nelle forme e nei colori richiamano il suo mondo fiabesco e cosmico, che ben rappresentano l\u2019Oriente e l\u2019appassionata storia musicata da <strong>Puccini<\/strong>: in una grande citt\u00e0 portuale del Giappone, una geisha adolescente \u00e8 venduta come sposa ad un ufficiale della Marina americana, Pinkerton. La ragazza, Co-Cio-San soprannominata <em>Madama Butterfly<\/em> per la sua fragile bellezza,&nbsp;\u00e8&nbsp;profondamente innamorata e ignora che per l&#8217;ufficiale quel matrimonio \u00e8 soltanto un gioco e pagher\u00e0 con la vita l\u2019insopportabile delusione. <strong>Giacomo Puccini<\/strong> scelse il soggetto della sua sesta opera, sotto l\u2019impulso delle emozioni suscitate in lui dopo aver assistito al Duke of York Theatre di Londra, nel giugno 1900, alla tragedia in un atto <em>Madame Butterfly<\/em> di <strong>David Belasco<\/strong>, a sua volta tratta dall\u2019omonimo racconto dell&#8217;americano <strong>John Luther Long<\/strong>, apparso nel 1898. L\u2019opera quest\u2019anno sar\u00e0 rappresentata nei teatri delle maggiori citt\u00e0 italiane ed estere, tra le quali <strong>Spoleto<\/strong> stessa e <strong>Torre del Lago<\/strong> &#8211; dove si svolge da 70 anni il Festival Puccini -, <strong>Lucca<\/strong>, <strong>Milano<\/strong>, <strong>Torino<\/strong>, <strong>Verona<\/strong> e oltre, che raccoglieranno milioni di spettatori. Non \u00e8 inutile ricordare che <strong>Mozart<\/strong> e <strong>Puccini <\/strong>sono i due compositori pi\u00f9 amati nel mondo!<\/p>\n\n\n\n<p>Le opere di<strong> Eugenia Serafini <\/strong>&#8211; i <strong>Ventagli<\/strong> e le <strong>Maripose<\/strong> &#8211; sono state esposte in una grande Mostra personale <em>\u201cSguardo a Oriente\u201d<\/em> nel 2022 a Roma, al Circolo del Ministero degli Esteri, e le <strong>Mappe Stellari<\/strong> nella Personale <em>\u201cLirica elementare\u201d<\/em> in occasione dell\u2019EXPO 2015, alla Galleria Artestudio 26, entrambe a cura del critico d\u2019arte <strong>prof. Carlo Franza<\/strong>. Cos\u00ec tra l\u2019altro l\u2019<strong>Ambasciatore Umberto Vattani <\/strong>definiva le opere della Mostra \u201cSguardo a Oriente\u201d: <em>\u201c[\u2026] Proprio con queste immagini di colore, con questo mondo leggero che si sottrae alle leggi della gravit\u00e0, uno si accorge di quanto fossero giuste le parole <\/em>\u201cNoi siamo fatti della stessa stoffa dei sogni e nello spazio e nel tempo di un sogno \u00e8 raccolta tutta la nostra breve vita<em>\u201d. Ecco questo \u00e8 quello che ispirano queste opere e io vorrei dirle, Eugenia, quanto siamo lieti di averla qui con noi e le facciamo i migliori auguri di sempre maggiore successo.\u201d <\/em>E il <strong>prof. Carlo Franza<\/strong>: <em>\u201c<\/em><em>[\u2026]<\/em><em>&nbsp;Punto di riferimento significativo nella planimetria artistica di una citt\u00e0 fortemente europea, ecco la mostra dell\u2019artista Eugenia Serafini, una sorta di biblioteca della natura e del mondo, pitto-sculture che sono un modo di essere e di vestire l\u2019intelligenza del suo essere poetessa, e come favole transitano e si raccontano in assoluto segreto<\/em><em><strong>. <\/strong><\/em><em>[\u2026] V<\/em><em>entagli, mappe stellari, forme nello spazio, costellazioni, segmenti di diurno\/notturno, trappole visive, nuvole, eppoi maripose, ovvero nugoli di farfalle in volo che sono seta e segni di bellezza, diventate forme esplosive, corpi che svolazzano come echi di preghiera. <\/em><em>Ecco scoprire l\u2019invisibile fluire degli eventi, il suo fare \u00e8 suono che si propaga sulla carta e nel colore, \u00e8 l\u2019atmosfera del pensiero che cerca s\u00e9 stesso dentro il mondo. \u00c8 un processo graduale di affinamento e di approfondimento, la percezione del mondo visibile, come melodioso tumulto, brusio allargato di suoni che hanno nelle immagini e nei simboli dell\u2019Oriente le loro equivalenze. <\/em><em>Se si osservano i ventagli, le scritture, gli ideogrammi, ecc. si noter\u00e0 un atteggiamento animistico, di religioso ascolto, di sospeso stupore, di fronte al miracolo del vero visibile.\u201d<\/em><\/p>\n\n\n\n<p>Infine, qualche annotazione sul <strong>Complesso monumentale di San Nicol\u00f2<\/strong> a Spoleto, dove si svolgeranno gli eventi. Comprende una ex chiesa, un ex convento e due chiostri. La chiesa fra il XIV e il XVIII secolo era considerata uno dei pi\u00f9 importanti edifici sacri della citt\u00e0 e l&#8217;annesso convento era sede di un attivo centro culturale. Considerata uno dei pi\u00f9 importanti edifici sacri della citt\u00e0 e l&#8217;annesso convento, era sede di un attivo centro culturale. Ospit\u00f2 tra Medioevo e Rinascimento i pi\u00f9 illustri uomini della cultura dell\u2019epoca e in essa si costitu\u00ec probabilmente l\u2019Accademia degli Ottusi, futura Accademia Spoletina. Ricca la biblioteca, ordinata dallo studioso <strong>Pierleone Leoni<\/strong>, medico di Lorenzo de\u2019 Medici. In essa avrebbe soggiornato <strong>Martin Lutero<\/strong> in viaggio verso Roma. Decaduta nei secoli, restaurata lungo l\u2019arco del 1900, \u00e8 tornata ad essere luogo di cultura internazionale ad ampio spettro.<\/p>\n\n\n\n<p>***<\/p>\n\n\n\n<p><strong>Eugenia Serafini<\/strong>, artista multimediale internazionale, docente universitaria, poeta\/performer e giornalista, \u00e8 nata nel 1946 a Tolfa (Viterbo). Vive ed opera tra Roma, Tolfa e la Toscana. Ama viaggiare e portare la sua arte a contatto con i popoli, confidando nella creativit\u00e0 come mezzo di comunicazione e conoscenza pacifica. Le sueopere \u2013 <em>installazioni, ambientazioni performative<\/em> -portano una ventata di innovazione nell\u2019ambito dell\u2019espressione artistica contemporanea. Allieva del grande <strong>Natalino Sapegno<\/strong>, si laurea in Lettere classiche con il massimo dei voti e frequenta la Scuola Nazionale di Archeologia di Roma, mentre l\u2019amicizia profonda e le collaborazioni con <strong>Lawrence Ferlinghetti, Mario Verdone<\/strong>, <strong>Giorgio Di Genova<\/strong>, <strong>Carlo Franza<\/strong>, <strong>Duccio Trombadori<\/strong> la spingono alla ricerca e alla sperimentazione nelle arti visive. La poesia visuale e visiva e la creazione di video e storie animate sono incursioni frequenti nel suo lavoro. Dirige la Collana di Libri d\u2019Artista e la rivista FOLIVM dell\u2019Artecom-onlus. \u00c8 tra i promotori del prestigioso Premio \u201cARTECOM-onlus\u201d per la Cultura. Scrive fiabe, testi teatrali, poesia di teatro e di performance. Sue poesie e suoi racconti sono tradotti e pubblicati in arabo, inglese, francese, norvegese, portoghese e romeno. Le sue opere si trovano in musei e archivi Italiani ed esteri. Della sua arte hanno trattato ampiamente critici escrittori italiani e stranieri, da <strong>Mario Verdone<\/strong> a <strong>Carlo Franza<\/strong>, a <strong>Giorgio Di Genova<\/strong>, <strong>Mihail Banciu<\/strong>, <strong>Vito Apuleo<\/strong>, <strong>Leo Strozzieri<\/strong>, <strong>Duccio Trombadori<\/strong>, <strong>Lawrence Ferlinghetti<\/strong>, <strong>Domenico Cara<\/strong>, <strong>Silvana Lazzarino<\/strong>, <strong>Anna Manna<\/strong>, <strong>Fabia Baldi. <\/strong>Numerosi i Premi e riconoscimenti conferiti per i meriti artistici e letterari, tra i quali il Premio Internazionale Spoleto Art Festival per la Letteratura 2024, il Premio Menotti Art Festival Spoleto-Art in the City 2024, il Premium International Florence 12 Stelle per l\u2019Arte 2024; Menzione Speciale al XXXV Premio Letterario Camaiore -Francesco Belluomini 2023, per il Poemetto <em>\u201cCanto dell\u2019effimero<\/em>\u201d, edizione bilingue italo-romena; Riconoscimento del Centro Culturale Romeno Italiano di Roma qualeMembro d\u2019Onore e Messaggero della Cultura Romena in Italia, nel 2018; Premio Le rosse pergamene del nuovo umanesimo, 2018; Premium International Florence Seven Stars, Grand Prix Absolute 2017; Mostra Contaminazioni Artistiche Italia-Norvegia, Istituto di Cultura Italiano di Oslo, 2016; Mostre personali a Berlino, a cura di Carlo Franza, nel 2016 e 2014; Mostra Personale \u201cFlowers\u201d all\u2019Ambasciata d\u2019Egitto, Roma 2014; Il libro d\u2019arte e d\u2019artista al Beit Hai\u2019r Museum di Tel Aviv, 2013; Leone d\u2019Argento per la Creativit\u00e0 2013 allaBiennale di Venezia; Riconoscimento della Segreteria di Stato Vaticana e Benedizione di Papa Francesco, 2013; Esposizione Internazionale d\u2019Arte &#8211; Biennale di Venezia, nel 2011, 2009, 2007;<em>Red carpet<\/em> alla 66^ Mostra Internazionale del Cinema di Venezia, interprete nel film <em>\u201cPoeti\u201d<\/em> di Toni D\u2019Angelo, 2009; Limen Arte 2010 e 2012 a cura di Giorgio Di Genova. Opere dell\u2019artista alla Imago Mundi L. Benetton Collection e Collezione Umberto Vattani.<\/p>\n\n\n\n<p><strong>Goffredo Palmerini<\/strong><\/p>\n","protected":false},"excerpt":{"rendered":"<p>16 settembre 2024 Eugenia Serafini, due prestigiosi riconoscimenti come scrittrice e artista Premio Menotti Art Festival 2024 Letteratura e Arte [&hellip;]<\/p>\n","protected":false},"author":1,"featured_media":0,"comment_status":"open","ping_status":"open","sticky":false,"template":"","format":"standard","meta":{"footnotes":""},"categories":[10,22],"tags":[],"class_list":["post-61393","post","type-post","status-publish","format-standard","hentry","category-italiano","category-libros-y-revistas-literatura"],"_links":{"self":[{"href":"https:\/\/www.ecoitaliano.com.ar\/index.php?rest_route=\/wp\/v2\/posts\/61393","targetHints":{"allow":["GET"]}}],"collection":[{"href":"https:\/\/www.ecoitaliano.com.ar\/index.php?rest_route=\/wp\/v2\/posts"}],"about":[{"href":"https:\/\/www.ecoitaliano.com.ar\/index.php?rest_route=\/wp\/v2\/types\/post"}],"author":[{"embeddable":true,"href":"https:\/\/www.ecoitaliano.com.ar\/index.php?rest_route=\/wp\/v2\/users\/1"}],"replies":[{"embeddable":true,"href":"https:\/\/www.ecoitaliano.com.ar\/index.php?rest_route=%2Fwp%2Fv2%2Fcomments&post=61393"}],"version-history":[{"count":0,"href":"https:\/\/www.ecoitaliano.com.ar\/index.php?rest_route=\/wp\/v2\/posts\/61393\/revisions"}],"wp:attachment":[{"href":"https:\/\/www.ecoitaliano.com.ar\/index.php?rest_route=%2Fwp%2Fv2%2Fmedia&parent=61393"}],"wp:term":[{"taxonomy":"category","embeddable":true,"href":"https:\/\/www.ecoitaliano.com.ar\/index.php?rest_route=%2Fwp%2Fv2%2Fcategories&post=61393"},{"taxonomy":"post_tag","embeddable":true,"href":"https:\/\/www.ecoitaliano.com.ar\/index.php?rest_route=%2Fwp%2Fv2%2Ftags&post=61393"}],"curies":[{"name":"wp","href":"https:\/\/api.w.org\/{rel}","templated":true}]}}