{"id":61514,"date":"2024-09-18T19:47:19","date_gmt":"2024-09-18T19:47:19","guid":{"rendered":"https:\/\/www.ecoitaliano.com.ar\/?p=61514"},"modified":"2024-09-18T19:47:19","modified_gmt":"2024-09-18T19:47:19","slug":"serena-conduce-operaclassica-eco-italiano-3626","status":"publish","type":"post","link":"https:\/\/www.ecoitaliano.com.ar\/?p=61514","title":{"rendered":"Serena conduce operaclassica eco italiano"},"content":{"rendered":"\n<p>20 SETTEMBRE POMPEI<br>G7 DELLA CULTURA<br><br>CONCERTO<br><br>CARMEN GIANNATTASIO SOPRANO<br>BEATRICE VENEZI DIRETTORE<br>NUOVA ORCHESTRA SCARLATTI<\/p>\n\n\n\n<p>Sar\u00e0 l\u2019irpina Carmen Giannattasio, soprano di fama internazionale, a prendere parte al concerto diretto dal Maestro Beatrice Venezi alla direzione della Nuova Orchestra Scarlatti, durante la tappa a Pompei del G7 della Cultura<\/p>\n\n\n\n<p>Il concerto si svolger\u00e0 il 20 settembre davanti ai Ministri e alle Delegazioni del G7 nel Parco Archeologico. In questo 2024 in cui ricorre il centenario Pucciniano, il soprano Giannattasio che vede in Puccini il suo cavallo di battaglia Tosca, Opera con la quale ha mietuto successi in tutto il mondo, si esibir\u00e0 proponendo all\u2019interno del programma Vissi D\u2019Arte da Tosca, ma anche Casta Diva da Norma, e non poteva mancare La Danza \u2013 Tarantella di Rossini come omaggio al luogo che ospiter\u00e0 il G7 della Cultura.<\/p>\n\n\n\n<p><em>\u201cSono onorata, grata ed emozionata di potermi esibire durante il G7 della Cultura nel Teatro Grande di Pompei. Poter cantare in un luogo cos\u00ec antico e ricco di storia, mi inorgoglisce e mi commuove. Noi cantanti d\u2019Opera ci esibiamo in tutto il mondo ed \u00e8 cos\u00ec bello per me poter essere sul palco per questa occasione cos\u00ec importante non solo nella mia Italia, ma anche proprio qui, dove sono le mie radici, nei luoghi della mia infanzia. \u00c8 una grande responsabilit\u00e0 ma come sempre cercher\u00f2 di dare il massimo.\u201d<\/em> Carmen Giannattasio<\/p>\n\n\n\n<p><br><br><br>CARMEN GIANNATTASIO<br><br>\u201cUna Diva tra Lirica e Cinema. Il Soprano delle due Sicilie che incanta i Teatri del mondo\u201d La Repubblica<br><br>\u201cVivida, passionale, eppure sempre musicalmente rigorosa, adeguata nel volume, estesa e duttile al gesto\u201d<em> <\/em>Corriere della Sera<br><br>\u201cMagnifica femme fatale<em>\u201d<\/em> THE TIMES<br><br>\u00bb \u00c8 impossibile non essere trascinati dalla sua passione. Un carisma da Anna Magnani. \u00c8 la pi\u00f9 talentuosa tra i soprani italiani\u00bb. THE TELEGRAPH<br><br>\u201cLa sua voce nel tempo si \u00e8 arricchita di armonici che fanno del suo canto un mantello di velluto gettato alla platea: caldo e squillante, controllato, sempre teatralmente pertinente, maniacalmente attento al significato drammaturgico di ogni parola. I veri artisti fanno cos\u00ec.\u201d<em> <\/em>La Repubblica<br><br>\u00abLe sue scene da solista rivelano un&#8217;attrice intelligente, che sa come tenere il palco e giocare con i sentimenti del pubblico. Il suo soprano non \u00e8 un canarino: \u00e8 corposo e di colore attraente, con un registro di petto altrettanto impressionante del suo squillante acuto. Rossini ha<em> bisogno di artisti come Giannattasio\u00bb.<br>&nbsp;<\/em>Financial Times<em><\/em><\/p>\n\n\n\n<p><br>CARMEN GIANNATTASIO BIOGRAFIA<\/p>\n\n\n\n<p>Soprano nata ad Avellino e cresciuta a Solofra, Carmen Giannattasio ha completato gli studi di canto al Conservatorio Domenico Cimarosa di Avellino, laureandosi contemporaneamente in Lingue e Letterature straniere; dal 1999 al 2001 ha frequentato l&#8217;Accademia di Perfezionamento del Teatro alla Scala di Milano, debuttando come Giulietta di Kelbar in Un Giorno di Regno di Giuseppe Verdi di rara esecuzione, e Adelia nella prima di Ugo, Conte di Parigi di Gaetano Donizetti diretta da Antonino Fogliani al Teatro degli Arcimboldi nel 2003, sede del Teatro Alla Scala negli anni di restauro.<\/p>\n\n\n\n<p>Il lancio internazionale nella carriera di Giannattasio avviene nel 2002, con la vincita a Parigi del prestigioso concorso Operalia, indetto da Pl\u00e1cido Domingo. Da allora il soprano viene richiesto in tutti i pi\u00f9 grandi teatri italiani ed esteri (Comunale di Bologna, Sferisterio di Macerata, Fenice di Venezia, Arena di Verona, San Carlo di Napoli, Metropolitan Opera di New York, Royal Opera House di Londra, Th\u00e9\u00e2tre des Champs-\u00c9lys\u00e9es di Parigi, Opernhaus di Zurigo, Deutsche Oper e Staatsoper di Berlino, La Monnaie di Bruxelles, Kungliga Operan di Stockholm, Staatsoper di Vienna, Teatro Colon di Buenos Aires, Teatro Municipal di Sao Paulo, Bolshoi di Mosca, De Nationale Opera di Amsterdam, Vlaamse Opera di Anversa, Teatro Perez Galdos di Las Palmas, Los Angeles Opera, Teatro Municipal di Santiago de Chile.)<br>Nella sua carriera \u00e8 stata: Micaela in Carmen, Amelia nel Simon Boccanegra, Anna in Maometto secondo, Leonora nel Trovatore, Elena ne La donna del lago, Violetta Val\u00e9ry ne La traviata, Li\u00f9 in Turandot, Mim\u00ec ne La Boh\u00e8me, Elisabetta I in Maria Stuarda, Nedda in Pagliacci, Donna Elvira in Don Giovanni, Desdemona in Otello, Alice Ford in Falstaff, Madama Cortese ne Il Viaggio a Reims, Margherita nel Mefistofele, Tosca, Amelia in Un Ballo in maschera, Norma, Giovanna d\u2019Arco, Giorgetta nel Tabarro, Tatjana nell\u2019Onegin, Gioconda.<br>Ha lavorato con artisti di fama mondiale come: Zubin Metha, Daniel Harding, Pinchas Steinberg, Antonio Pappano, Daniel Oren, Ezio Bosso,&nbsp; Donato Renzetti, Omer Meier Wellber, Ferzan Ozpetek, Luca Ronconi, Leo Nucci, Damiano Michieletto, David McVicar, Placido Domingo, Joseph Calleja.<br>\u00c8 stata definita dal Telegraph \u201cThe Anna Magnani of Opera\u201d.<br>Il 28 febbraio 2017 \u00e8 stata insignita dell&#8217;onorificenza di Cavaliere dell&#8217;Ordine della Stella della Repubblica Italiana. A dicembre 2021 a New York ha ricevuto il prestigioso premio Callas.<\/p>\n\n\n\n<p><br>Metropolitan di New York, LA Opera, alla Scala, Berlino, Vienna, Parigi, Tokyo, Royal Opera House Covent Garden, ma anche Opera Rara di Londra, Sydney Opera House, Bolshoi, Pechino e Madrid, insomma non c\u2019\u00e8 palco importante che Carmen Giannattasio non abbia calcato con enorme riscontro di pubblico e critica durante una carriera intensissima, che l\u2019ha vista capofila di un modo nuovo e moderno di intendere il ruolo di star internazionale dell\u2019opera fuori dagli schemi della tradizione, anticipando il linguaggio dei social o meglio: impeccabile portato accademico sul palco, divertissement pop come attitudine alla vita e alla comunicazione di s\u00e9 stessa.<\/p>\n\n\n\n<p>Nota non solo per il virtuosismo vocale, ma anche per una notevolissima capacit\u00e0 attoriale, \u00e8 stata scelta da registi cinematografici come Ferzan Ozpetek, Edoardo De Angelis, Franco Zeffirelli e John Schlesinger.<\/p>\n\n\n\n<p>Per lunghi anni londinese, citt\u00e0 in cui hai vissuto amicizie fondanti la sua esperienza umana e d\u2019artista, fra cui l\u2019iconica attrice Judy Dench ed Ezio Bosso che le dedic\u00f2 la celeberrima composizione per piano solo <em>Following a Bird<\/em>, Carmen Giannattasio ha sempre mantenuto solidissimi rapporti con le sue origini avellinesi e le tradizioni di altissimo artigianato del pellame di lusso in cui lavora da sempre la sua famiglia, esperienza che le ha dato sin da subito il piacere di dialogare col mondo della moda, \u00e8 stata musa di Karl Lagerfeld e Alberta Ferretti, del design e un\u2019attitudine manageriale assai rara nel mondo dell\u2019arte scenica.<\/p>\n\n\n\n<p>Oggi Giannattasio sceglie dunque con attenzione ed affetto le produzioni operistiche a cui ancora desidera prestare la propria voce e il suo indubbio virtuosismo, lavorando contemporaneamente ad Opere come Tosca che sono suoi cavalli di battaglia, ma anche affrontando nuovi ruoli in debutti come Giorgetta nel Tabarro nel 2023 e Gioconda nel 2024; parallelamente sono previsti inediti progetti nel sociale pensati soprattutto per le donne, proseguendo quell\u2019attitudine di trasversalit\u00e0 e duro impegno che le hanno consentito da ragazza di portare avanti contemporaneamente gli studi accademici di slavista e il conservatorio, una carriera tradizionale di grande successo ed una millimetrica gestione ante litteram della propria immagine.<\/p>\n\n\n\n<figure class=\"wp-block-gallery has-nested-images columns-default is-cropped wp-block-gallery-1 is-layout-flex wp-block-gallery-is-layout-flex\">\n<figure class=\"wp-block-image size-large\"><a href=\"https:\/\/www.ecoitaliano.com.ar\/wp-content\/uploads\/2024\/09\/CarmenGiannattasio\u00a9MarcoRossi.Tosca_.jpg\"><img decoding=\"async\" width=\"682\" height=\"1024\" data-id=\"61515\" src=\"https:\/\/www.ecoitaliano.com.ar\/wp-content\/uploads\/2024\/09\/CarmenGiannattasio\u00a9MarcoRossi.Tosca_-682x1024.jpg\" alt=\"\" class=\"wp-image-61515\" srcset=\"https:\/\/www.ecoitaliano.com.ar\/wp-content\/uploads\/2024\/09\/CarmenGiannattasio\u00a9MarcoRossi.Tosca_-682x1024.jpg 682w, https:\/\/www.ecoitaliano.com.ar\/wp-content\/uploads\/2024\/09\/CarmenGiannattasio\u00a9MarcoRossi.Tosca_-200x300.jpg 200w, https:\/\/www.ecoitaliano.com.ar\/wp-content\/uploads\/2024\/09\/CarmenGiannattasio\u00a9MarcoRossi.Tosca_-768x1152.jpg 768w, https:\/\/www.ecoitaliano.com.ar\/wp-content\/uploads\/2024\/09\/CarmenGiannattasio\u00a9MarcoRossi.Tosca_-100x150.jpg 100w, https:\/\/www.ecoitaliano.com.ar\/wp-content\/uploads\/2024\/09\/CarmenGiannattasio\u00a9MarcoRossi.Tosca_.jpg 917w\" sizes=\"(max-width: 682px) 100vw, 682px\" \/><\/a><\/figure>\n<\/figure>\n","protected":false},"excerpt":{"rendered":"<p>20 SETTEMBRE POMPEIG7 DELLA CULTURA CONCERTO CARMEN GIANNATTASIO SOPRANOBEATRICE VENEZI DIRETTORENUOVA ORCHESTRA SCARLATTI Sar\u00e0 l\u2019irpina Carmen Giannattasio, soprano di fama [&hellip;]<\/p>\n","protected":false},"author":1,"featured_media":0,"comment_status":"open","ping_status":"open","sticky":false,"template":"","format":"standard","meta":{"footnotes":""},"categories":[1],"tags":[],"class_list":["post-61514","post","type-post","status-publish","format-standard","hentry","category-sin-categoria"],"_links":{"self":[{"href":"https:\/\/www.ecoitaliano.com.ar\/index.php?rest_route=\/wp\/v2\/posts\/61514","targetHints":{"allow":["GET"]}}],"collection":[{"href":"https:\/\/www.ecoitaliano.com.ar\/index.php?rest_route=\/wp\/v2\/posts"}],"about":[{"href":"https:\/\/www.ecoitaliano.com.ar\/index.php?rest_route=\/wp\/v2\/types\/post"}],"author":[{"embeddable":true,"href":"https:\/\/www.ecoitaliano.com.ar\/index.php?rest_route=\/wp\/v2\/users\/1"}],"replies":[{"embeddable":true,"href":"https:\/\/www.ecoitaliano.com.ar\/index.php?rest_route=%2Fwp%2Fv2%2Fcomments&post=61514"}],"version-history":[{"count":0,"href":"https:\/\/www.ecoitaliano.com.ar\/index.php?rest_route=\/wp\/v2\/posts\/61514\/revisions"}],"wp:attachment":[{"href":"https:\/\/www.ecoitaliano.com.ar\/index.php?rest_route=%2Fwp%2Fv2%2Fmedia&parent=61514"}],"wp:term":[{"taxonomy":"category","embeddable":true,"href":"https:\/\/www.ecoitaliano.com.ar\/index.php?rest_route=%2Fwp%2Fv2%2Fcategories&post=61514"},{"taxonomy":"post_tag","embeddable":true,"href":"https:\/\/www.ecoitaliano.com.ar\/index.php?rest_route=%2Fwp%2Fv2%2Ftags&post=61514"}],"curies":[{"name":"wp","href":"https:\/\/api.w.org\/{rel}","templated":true}]}}