{"id":61517,"date":"2024-09-18T20:03:38","date_gmt":"2024-09-18T20:03:38","guid":{"rendered":"https:\/\/www.ecoitaliano.com.ar\/?p=61517"},"modified":"2024-09-18T20:03:38","modified_gmt":"2024-09-18T20:03:38","slug":"serena-conduce-operaclassica-eco-italiano-3627","status":"publish","type":"post","link":"https:\/\/www.ecoitaliano.com.ar\/?p=61517","title":{"rendered":"Serena conduce operaclassica eco italiano"},"content":{"rendered":"<div class=\"wp-block-image\">\n<figure class=\"aligncenter size-full is-resized\"><a href=\"http:\/\/www.ecoitaliano.com.ar\/wp-content\/uploads\/2024\/09\/Screenshot-1233-2.png\"><img decoding=\"async\" width=\"255\" height=\"253\" src=\"http:\/\/www.ecoitaliano.com.ar\/wp-content\/uploads\/2024\/09\/Screenshot-1233-2.png\" alt=\"\" class=\"wp-image-61469\" style=\"width:194px;height:auto\" srcset=\"https:\/\/www.ecoitaliano.com.ar\/wp-content\/uploads\/2024\/09\/Screenshot-1233-2.png 255w, https:\/\/www.ecoitaliano.com.ar\/wp-content\/uploads\/2024\/09\/Screenshot-1233-2-150x150.png 150w\" sizes=\"(max-width: 255px) 100vw, 255px\" \/><\/a><\/figure><\/div>\n\n\n<p><strong>Gioved\u00ec 19 settembre 2024 alle ore 20.<\/strong><\/p>\n\n\n\n<p><strong>Secondo concerto sinfonico della Stagione autunnale del Teatro del Maggio.<\/strong><\/p>\n\n\n\n<p><strong>Alessandro Bonato, al suo debutto al Maggio, dirige l\u2019Orchestra con un programma di composizioni di &nbsp;Sergej Rachmaninov e di P\u00ebtr Il\u2019i\u010d \u010cajkovskij.<\/strong><\/p>\n\n\n\n<p><strong>Solista al pianoforte Francesco Libetta che si cimenta con il celebre \u201cRach2\u201d,<\/strong>&nbsp;<strong>il concerto n. 2 in do minore op. 18 per pianoforte e orchestra di Sergej Rachmaninov<\/strong><\/p>\n\n\n\n<p><em>Firenze, 18 settembre 2024<\/em>&nbsp;\u2013 Gioved\u00ec 19 settembre 2024 alle ore 20, continua la programmazione autunnale del Teatro con il secondo concerto sinfonico in sala Zubin Mehta: al suo debutto al Maggio,&nbsp;<strong>Alessandro Bonato<\/strong>&nbsp;sul podio alla guida dell\u2019Orchestra del Maggio Musicale Fiorentino.<\/p>\n\n\n\n<p>In locandina, un programma interamente dedicato alla musica russa: apre la serata il celebre Concerto n. 2 in do minore op. 18 per pianoforte e orchestra di Sergej Rachmaninov presentato a Mosca il 9 novembre del 1901 sotto la direzione di Alexander Ziloti (con Rachmaninov solista). Solista \u00e8&nbsp;<strong>Francesco Libetta<\/strong>. \u00c8 una composizione che unisce una scrittura pianistica assai difficoltosa a un\u2019enfasi melodica ricca di&nbsp;<em>pathos<\/em>, che vede in primo piano il pianoforte rispetto all\u2019orchestra, qui chiamata a supportare il solista. Il brano \u00e8 celebre anche per essere molto citato nella cultura di massa cinematografica, o nell\u2019ambito della musica pop, tra cui si ricorda la scena del film&nbsp;<em>Quando la moglie \u00e8 in vacanza<\/em>&nbsp;in cui l\u2019attrice Marylin Monroe veniva \u2018scossa\u2019 dalla musica.<\/p>\n\n\n\n<p><strong>Alessandro Bonato<\/strong>&nbsp;\u00e8 considerato uno dei pi\u00f9 giovani promettenti direttori italiani, nasce a Verona e studia violino, composizione e direzione d\u2019orchestra presso il locale Conservatorio con Piercarlo Orizio. Si \u00e8 imposto all\u2019attenzione internazionale nel 2018, a soli 23 anni, conquistando il terzo premio alla \u201cMalko International Competition\u201d di Copenhagen ed \u00e8 stato il pi\u00f9 giovane Direttore Principale dell\u2019Orchestra Filarmonica Marchigiana per il biennio 2021-2022. In Italia ha diretto l\u2019Orchestra della Toscana, la Filarmonica della Scala, l\u2019Orchestra Sinfonica Nazionale della Rai, la Filarmonica del Festival Pianistico Internazionale di Brescia e Bergamo ed \u00e8 regolarmente ospite de I Pomeriggi Musicali, mentre all\u2019estero \u00e8 stato ospite della Danish National Symphony Orchestra e della CRR Symphony Orchestra di Istanbul. Dalla stagione 2024\/25 sar\u00e0 Direttore Ospite dell\u2019Orchestra Haydn di Trento e Bolzano. \u201cEseguiremo brani tratti dal repertorio russo&nbsp;&#8211; spiega il maestro Alessandro Bonato &#8211;&nbsp;iniziando con il Concerto n. 2 per pianoforte e orchestra di Rachmaninov, uno dei pi\u00f9 celebri di tutto il repertorio pianistico, per proseguire con la suite da&nbsp;<em>Il lago dei cigni<\/em>&nbsp;che contiene i pi\u00f9 noti passi del balletto che tutti conosciamo. In chiusura, ci sar\u00e0 il&nbsp;<em>Capriccio italiano<\/em>: una dedica del compositore all\u2019Italia, paese nel quale \u00e8 venuto diverse volte, in cui sentiremo tantissimi temi che ricordano la nostra musica\u201d.<\/p>\n\n\n\n<p>Solista al pianoforte durante l\u2019esecuzione,&nbsp;<strong>Francesco Libetta<\/strong>&nbsp;che torna al Maggio dopo il suo concerto con l\u2019Accademia Bartolomeo Cristofori dello scorso aprile: pianista italiano, Steinway Artist, considerato tra i pi\u00f9 versatili e stimati nel mondo (le cui registrazioni sono pluripremiate da Diapason, Le Monde de la Musique, Classique e Amadeus), ha collaborato con direttori quali Antonio Pappano, Marc Andreae e Christian Mandeal; artisti, fra i quali Giovanni Sollima, Anna Caterina Antonacci, Mariella Devia; attori quali Alessio Boni, Marisa Laurito, Alessandro Preziosi, Simona Marchini e danzatori quali Carla Fracci, oltre ad aver fondato il gruppo di ballo Corerofonie. Del concerto di Rachmaninov dice:&nbsp;\u201cQuando si decide di studiare il pianoforte, si ha di fronte un piccolo gruppo di pezzi del repertorio pianistico conosciuti da sempre come \u201cPer Elisa\u201d di Beethoven o \u201cLa Polacca\u201d di Chopin. Per i concerti con pianoforte e orchestra, c\u2019\u00e8 sicuramente il secondo concerto di Rachmaninov: un concerto che piace a tutti. Il compositore l\u2019ha scritto in un momento catartico anche per s\u00e9 stesso, poich\u00e9 voleva uscire da un periodo complicato, in cui si misura con dei messaggi di grande passionalit\u00e0. Con il maestro Bonato abbiamo iniziato a provare ed \u00e8 come aver avuto una Lamborghini per divertirci insieme a fare musica\u201d.<\/p>\n\n\n\n<p>In chiusura al concerto la suite da&nbsp;<em>Il lago dei cigni<\/em>, suite op. 20a e il&nbsp;<em>Capriccio italiano<\/em>&nbsp;op. 45 di P\u00ebtr Il\u2019i\u010d \u010cajkovskij. Nonostante sia oggi tra i balletti pi\u00f9 amati in assoluto, il&nbsp;<em>Lago dei cigni<\/em>&nbsp;non divenne noto al suo debutto nel 1877, ma anni dopo (nel 1882) grazie ad una Suite da concerto (elaborata dal compositore stesso) e articolata in sei numeri che riassumono i momenti salienti della vicenda: l\u2019apparizione di Odette, accompagnata dal celeberrimo e malinconico tema intonato dall\u2019oboe,&nbsp;la festa danzante a ritmo di valzer, la danza caratteristica dei piccoli cigni, la Scena di Odette e Siegfried al lago, la&nbsp;<em>Danse hongroise<\/em>&nbsp;e la scena finale che descrive la disperazione di Odette per il tradimento subito. Il&nbsp;<em>Capriccio italiano<\/em>&nbsp;op. 45, composto tra il 1879 e il 1880, fu ispirato dal soggiorno in Italia di P\u00ebtr Il\u2019i\u010d \u010cajkovskij che cerc\u00f2 di mettere in musica il calore, la solarit\u00e0 e le tradizioni degli italiani dando origine ad una partitura dai colori smaglianti e dalle sonorit\u00e0 italiche: dalla fanfara di apertura, al canto popolare toscano intonato dagli oboi, dallo stornello romanesco pieno di slancio, alla trascinante tarantella posta in chiusura.<\/p>\n\n\n\n<p>La locandina<\/p>\n\n\n\n<p><strong>Alessandro Bonato<\/strong>,&nbsp;<em>direttore<\/em><\/p>\n\n\n\n<p><br><strong>Sergej Rachmaninov<\/strong><\/p>\n\n\n\n<p>Concerto n. 2 in do minore op. 18 per pianoforte e orchestra<br>Moderato\/Adagio sostenuto\/Allegro scherzando<br><strong>Francesco Libetta<\/strong>,&nbsp;<em>pianoforte<\/em><br>&#8211;<\/p>\n\n\n\n<p><strong>P\u00ebtr Il\u2019i\u010d \u010cajkovskij<br><\/strong><em>Il lago dei cigni,<\/em>&nbsp;Suite dal balletto op. 20a<br><em>Sc\u00e8ne<\/em>&nbsp;nn. 10 e 14\/<em>Valse<\/em>&nbsp;n. 2\/<em>Danse des cygnes<\/em>&nbsp;n. 13, Variazione 4\/<em>Sc\u00e8ne<\/em>&nbsp;n. 13, Variazione 5\/<br><em>Danse hongroise. Czardas<\/em>&nbsp;n. 20\/<em>Sc\u00e8ne<\/em>&nbsp;n. 28 e inizio n. 29<\/p>\n\n\n\n<p><strong>P\u00ebtr Il\u2019i\u010d \u010cajkovskij<\/strong><\/p>\n\n\n\n<p><em>Capriccio italiano&nbsp;<\/em>in la maggioreop. 45<br>Andante un poco rubato. Pochissimo pi\u00f9 mosso. Allegro moderato. Andante. Allegro moderato. Presto<\/p>\n\n\n\n<p><strong>Orchestra del Maggio Musicale Fiorentino<\/strong><\/p>\n\n\n\n<p>SALA ZUBIN MEHTAGioved\u00ec 19 settembre 2024 ore 20<\/p>\n\n\n\n<figure class=\"wp-block-gallery has-nested-images columns-default is-cropped wp-block-gallery-1 is-layout-flex wp-block-gallery-is-layout-flex\">\n<figure class=\"wp-block-image size-large\"><a href=\"https:\/\/www.ecoitaliano.com.ar\/wp-content\/uploads\/2024\/09\/Alessandro-Bonato-\u00a9-Leonardo-Ferri-photographer-scaled.jpg\"><img decoding=\"async\" width=\"1024\" height=\"682\" data-id=\"61518\" src=\"https:\/\/www.ecoitaliano.com.ar\/wp-content\/uploads\/2024\/09\/Alessandro-Bonato-\u00a9-Leonardo-Ferri-photographer-1024x682.jpg\" alt=\"\" class=\"wp-image-61518\" srcset=\"https:\/\/www.ecoitaliano.com.ar\/wp-content\/uploads\/2024\/09\/Alessandro-Bonato-\u00a9-Leonardo-Ferri-photographer-1024x682.jpg 1024w, https:\/\/www.ecoitaliano.com.ar\/wp-content\/uploads\/2024\/09\/Alessandro-Bonato-\u00a9-Leonardo-Ferri-photographer-300x200.jpg 300w, https:\/\/www.ecoitaliano.com.ar\/wp-content\/uploads\/2024\/09\/Alessandro-Bonato-\u00a9-Leonardo-Ferri-photographer-768x512.jpg 768w, https:\/\/www.ecoitaliano.com.ar\/wp-content\/uploads\/2024\/09\/Alessandro-Bonato-\u00a9-Leonardo-Ferri-photographer-1536x1024.jpg 1536w, https:\/\/www.ecoitaliano.com.ar\/wp-content\/uploads\/2024\/09\/Alessandro-Bonato-\u00a9-Leonardo-Ferri-photographer-2048x1365.jpg 2048w, https:\/\/www.ecoitaliano.com.ar\/wp-content\/uploads\/2024\/09\/Alessandro-Bonato-\u00a9-Leonardo-Ferri-photographer-150x100.jpg 150w\" sizes=\"(max-width: 1024px) 100vw, 1024px\" \/><\/a><\/figure>\n\n\n\n<figure class=\"wp-block-image size-large\"><a href=\"https:\/\/www.ecoitaliano.com.ar\/wp-content\/uploads\/2024\/09\/Francesco-Libetta-\u00a9-Michele-Monasta-Maggio-Musicale-Fiorentino-scaled.jpg\"><img decoding=\"async\" width=\"683\" height=\"1024\" data-id=\"61519\" src=\"https:\/\/www.ecoitaliano.com.ar\/wp-content\/uploads\/2024\/09\/Francesco-Libetta-\u00a9-Michele-Monasta-Maggio-Musicale-Fiorentino-683x1024.jpg\" alt=\"\" class=\"wp-image-61519\" srcset=\"https:\/\/www.ecoitaliano.com.ar\/wp-content\/uploads\/2024\/09\/Francesco-Libetta-\u00a9-Michele-Monasta-Maggio-Musicale-Fiorentino-683x1024.jpg 683w, https:\/\/www.ecoitaliano.com.ar\/wp-content\/uploads\/2024\/09\/Francesco-Libetta-\u00a9-Michele-Monasta-Maggio-Musicale-Fiorentino-200x300.jpg 200w, https:\/\/www.ecoitaliano.com.ar\/wp-content\/uploads\/2024\/09\/Francesco-Libetta-\u00a9-Michele-Monasta-Maggio-Musicale-Fiorentino-768x1152.jpg 768w, https:\/\/www.ecoitaliano.com.ar\/wp-content\/uploads\/2024\/09\/Francesco-Libetta-\u00a9-Michele-Monasta-Maggio-Musicale-Fiorentino-1024x1536.jpg 1024w, https:\/\/www.ecoitaliano.com.ar\/wp-content\/uploads\/2024\/09\/Francesco-Libetta-\u00a9-Michele-Monasta-Maggio-Musicale-Fiorentino-1365x2048.jpg 1365w, https:\/\/www.ecoitaliano.com.ar\/wp-content\/uploads\/2024\/09\/Francesco-Libetta-\u00a9-Michele-Monasta-Maggio-Musicale-Fiorentino-100x150.jpg 100w, https:\/\/www.ecoitaliano.com.ar\/wp-content\/uploads\/2024\/09\/Francesco-Libetta-\u00a9-Michele-Monasta-Maggio-Musicale-Fiorentino-scaled.jpg 1707w\" sizes=\"(max-width: 683px) 100vw, 683px\" \/><\/a><\/figure>\n\n\n\n<figure class=\"wp-block-image size-large\"><a href=\"https:\/\/www.ecoitaliano.com.ar\/wp-content\/uploads\/2024\/09\/Locandina-scaled.jpg\"><img decoding=\"async\" width=\"717\" height=\"1024\" data-id=\"61520\" src=\"https:\/\/www.ecoitaliano.com.ar\/wp-content\/uploads\/2024\/09\/Locandina-717x1024.jpg\" alt=\"\" class=\"wp-image-61520\" srcset=\"https:\/\/www.ecoitaliano.com.ar\/wp-content\/uploads\/2024\/09\/Locandina-717x1024.jpg 717w, https:\/\/www.ecoitaliano.com.ar\/wp-content\/uploads\/2024\/09\/Locandina-210x300.jpg 210w, https:\/\/www.ecoitaliano.com.ar\/wp-content\/uploads\/2024\/09\/Locandina-768x1097.jpg 768w, https:\/\/www.ecoitaliano.com.ar\/wp-content\/uploads\/2024\/09\/Locandina-1075x1536.jpg 1075w, https:\/\/www.ecoitaliano.com.ar\/wp-content\/uploads\/2024\/09\/Locandina-1434x2048.jpg 1434w, https:\/\/www.ecoitaliano.com.ar\/wp-content\/uploads\/2024\/09\/Locandina-105x150.jpg 105w, https:\/\/www.ecoitaliano.com.ar\/wp-content\/uploads\/2024\/09\/Locandina-scaled.jpg 1792w\" sizes=\"(max-width: 717px) 100vw, 717px\" \/><\/a><\/figure>\n<\/figure>\n","protected":false},"excerpt":{"rendered":"<p>Gioved\u00ec 19 settembre 2024 alle ore 20. Secondo concerto sinfonico della Stagione autunnale del Teatro del Maggio. Alessandro Bonato, al [&hellip;]<\/p>\n","protected":false},"author":1,"featured_media":0,"comment_status":"open","ping_status":"open","sticky":false,"template":"","format":"standard","meta":{"footnotes":""},"categories":[1],"tags":[],"class_list":["post-61517","post","type-post","status-publish","format-standard","hentry","category-sin-categoria"],"_links":{"self":[{"href":"https:\/\/www.ecoitaliano.com.ar\/index.php?rest_route=\/wp\/v2\/posts\/61517","targetHints":{"allow":["GET"]}}],"collection":[{"href":"https:\/\/www.ecoitaliano.com.ar\/index.php?rest_route=\/wp\/v2\/posts"}],"about":[{"href":"https:\/\/www.ecoitaliano.com.ar\/index.php?rest_route=\/wp\/v2\/types\/post"}],"author":[{"embeddable":true,"href":"https:\/\/www.ecoitaliano.com.ar\/index.php?rest_route=\/wp\/v2\/users\/1"}],"replies":[{"embeddable":true,"href":"https:\/\/www.ecoitaliano.com.ar\/index.php?rest_route=%2Fwp%2Fv2%2Fcomments&post=61517"}],"version-history":[{"count":0,"href":"https:\/\/www.ecoitaliano.com.ar\/index.php?rest_route=\/wp\/v2\/posts\/61517\/revisions"}],"wp:attachment":[{"href":"https:\/\/www.ecoitaliano.com.ar\/index.php?rest_route=%2Fwp%2Fv2%2Fmedia&parent=61517"}],"wp:term":[{"taxonomy":"category","embeddable":true,"href":"https:\/\/www.ecoitaliano.com.ar\/index.php?rest_route=%2Fwp%2Fv2%2Fcategories&post=61517"},{"taxonomy":"post_tag","embeddable":true,"href":"https:\/\/www.ecoitaliano.com.ar\/index.php?rest_route=%2Fwp%2Fv2%2Ftags&post=61517"}],"curies":[{"name":"wp","href":"https:\/\/api.w.org\/{rel}","templated":true}]}}