{"id":61526,"date":"2024-09-18T20:19:10","date_gmt":"2024-09-18T20:19:10","guid":{"rendered":"https:\/\/www.ecoitaliano.com.ar\/?p=61526"},"modified":"2024-09-18T20:27:32","modified_gmt":"2024-09-18T20:27:32","slug":"serena-conduce-operaclassica-eco-italiano-3629","status":"publish","type":"post","link":"https:\/\/www.ecoitaliano.com.ar\/?p=61526","title":{"rendered":"Serena conduce operaclassica eco italiano"},"content":{"rendered":"<div class=\"wp-block-image\">\n<figure class=\"aligncenter size-large is-resized\"><a href=\"https:\/\/www.ecoitaliano.com.ar\/wp-content\/uploads\/2024\/09\/image-18.png\"><img decoding=\"async\" width=\"1024\" height=\"331\" src=\"https:\/\/www.ecoitaliano.com.ar\/wp-content\/uploads\/2024\/09\/image-18-1024x331.png\" alt=\"\" class=\"wp-image-61527\" style=\"width:301px;height:auto\" srcset=\"https:\/\/www.ecoitaliano.com.ar\/wp-content\/uploads\/2024\/09\/image-18-1024x331.png 1024w, https:\/\/www.ecoitaliano.com.ar\/wp-content\/uploads\/2024\/09\/image-18-300x97.png 300w, https:\/\/www.ecoitaliano.com.ar\/wp-content\/uploads\/2024\/09\/image-18-768x248.png 768w, https:\/\/www.ecoitaliano.com.ar\/wp-content\/uploads\/2024\/09\/image-18-1536x496.png 1536w, https:\/\/www.ecoitaliano.com.ar\/wp-content\/uploads\/2024\/09\/image-18-150x48.png 150w, https:\/\/www.ecoitaliano.com.ar\/wp-content\/uploads\/2024\/09\/image-18.png 1771w\" sizes=\"(max-width: 1024px) 100vw, 1024px\" \/><\/a><\/figure><\/div>\n\n\n<p>comunicato stampa<\/p>\n\n\n\n<p><strong>\u201c80 ANNI SUONATI\u201d: L\u2019OTTANTESIMA STAGIONE DI CONCERTI DELL\u2019ORCHESTRA I POMERIGGI MUSICALI<\/strong><\/p>\n\n\n\n<p><em>Da ottobre 2024 a maggio 2025 tante star per festeggiare il traguardo dell\u2019istituzione milanese, la prima a ripartire dopo la guerra nel 1945 e dopo la pandemia nel 2020<\/em><\/p>\n\n\n\n<p><em>Omaggio a Puccini il 5 ottobre con&nbsp;<\/em>Le Willis<em>&nbsp;in forma di concerto dirette da Diego Fasolis e un convegno organizzato dell\u2019Associazione Nazionale Critici Musicali<\/em><\/p>\n\n\n\n<p><em>Inaugurazione il 10 e il 12 ottobre con il pianista Mikhail Pletn\u00ebv interprete del Rach3<\/em><br>&nbsp;<\/p>\n\n\n\n<p><\/p>\n\n\n\n<p><br>\u00c8 un traguardo molto importante quello che l\u2019Orchestra I Pomeriggi Musicali festeggia con la prossima stagione: quella 2024\/2025 sar\u00e0 infatti l\u2019ottantesima e si svolger\u00e0 da ottobre a maggio con 23 programmi settimanali per i consueti concerti del gioved\u00ec sera (ore 20) e del sabato pomeriggio (ore 17) al Teatro Dal Verme, cui si aggiungono alcuni appuntamenti \u201cin anteprima\u201d, cio\u00e8 le prove generali aperte del gioved\u00ec mattina (ore 10).<\/p>\n\n\n\n<p>L\u2019ottantesima stagione avr\u00e0 un&nbsp;<strong>preludio sabato 5 ottobre (ore 17)&nbsp;<\/strong>pensato per ricordare anche il profondo legame tra la compagine lombarda e il Teatro Dal Verme. Non poteva infatti passare inosservato il&nbsp;<strong>centenario della morte di Giacomo Puccini che proprio in questo luogo al centro di Milano debutt\u00f2 nel 1884 con Le Willis, opera che sar\u00e0 eseguita (nella prima versione) dai Pomeriggi Musicali in forma di concerto&nbsp;<\/strong>(fuori abbonamento), con la direzione di Diego Fasolis; interpreti vocali sono Francesca Sassu (Anna), Giuseppe Talamo (Roberto), Marco Bussi (Guglielmo Wulf) e il Coro della Radio Svizzera. Un appuntamento in collaborazione con il Comitato Nazionale per le Celebrazioni Pucciniane<\/p>\n\n\n\n<p>Lo stesso sabato 5 ottobre,<strong>&nbsp;i Pomeriggi Musicali ospiteranno al Teatro Dal Verme la seconda sessione del convegno Puccini in scena, oggi organizzato dall\u2019Associazione Nazionale Critici Musicali<\/strong>, che dar\u00e0 la parola a registi, direttori, cantanti, organizzatori musicali, con l\u2019obiettivo di verificare sul campo le idee emerse nella prima giornata (svoltasi a Lucca lo scorso 24 aprile), in cui critici musicali e musicologi hanno affrontato il rapporto tra Puccini, il suo teatro e la cultura contemporanea. Sono previste tre tavole rotonde, cui seguir\u00e0, prima del concerto, un\u2019intervista pubblica a&nbsp;<strong>Riccardo Chailly<\/strong>, direttore musicale del Teatro alla Scala e interprete pucciniano di riferimento.<\/p>\n\n\n\n<p><strong>Inaugurazione ufficiale della stagione n. 80 gioved\u00ec 10 ottobre (con replica sabato 12) con un concerto affidato a uno dei pi\u00f9 grandi pianisti del nostro tempo, Mikhail Pletn\u00ebv impegnato nel celebre Terzo concerto di Rachmaninov<\/strong>. Sul podio Ryan McAdams che, nella seconda parte, diriger\u00e0 L\u2019oiseau de feu di Stravinski nella versione del 1945 \u2013 stesso anno di fondazione dei Pomeriggi Musicali \u2013 preparata dallo stesso compositore.<\/p>\n\n\n\n<p>\u00abIl compito degli artisti oggi \u2013 scriveva nel 1945 Ferdinando Ballo, fondatore insieme a Remigio Paone dei Pomeriggi Musicali \u2013 non \u00e8 pi\u00f9 quello di difendersi e straniarsi bens\u00ec quello di ricercare quei punti di contatto e di simpatia tra la loro espressione e la gente. Perch\u00e9 ci\u00f2 si compia occorre che gli artisti tornino ad essere uomini tra gli uomini, accettando l\u2019impegno della propria missione: essere lo specchio della coscienza di tutti, essere l\u2019espressione viva e tangibile della nostra umanit\u00e0 nelle sue forze pi\u00f9 nuove e vive\u00bb. Il direttore generale e artistico Maurizio Salerno torna quindi alle origini per festeggiare il traguardo delle 80 stagioni, \u00abraggiunto grazie all\u2019ininterrotta staffetta generazionale dei tanti professori d&#8217;orchestra che si sono avvicendati ai leggii, dimostrando che la scintilla originaria dalla quale \u00e8 nata la nostra orchestra \u00e8 ancora pienamente attuale. Nel continuo rinnovarsi di quello spirito pionieristico, anche la Stagione n. 80 continuer\u00e0 a presentare repertorio classico e nuove creazioni, pagine pi\u00f9 rare accanto a titoli molto amati, celebrit\u00e0 della scena concertistica internazionale e giovani virtuosi, secondo la visione indicata dai nostri fondatori, che omaggeremo eseguendo nel concerto inaugurale una pagina di Stravinskij \u2013 compositore presente sin dal debutto dei Pomeriggi nel 1945, senza dimenticare il ruolo del Teatro Dal Verme nella vita musicale italiana eseguendo Le Villi di Puccini nel centenario della morte che proprio qui videro la luce. Il nostro impegno prosegue quindi con un ampio ventaglio di attivit\u00e0 divulgative per i pi\u00f9 piccoli e per i giovani, di presenza in tutta la regione sia con repertorio operistico sia sinfonico, di commistioni di generi come opportunit\u00e0 d&#8217;incontro di culture, strumenti per arricchire la collettivit\u00e0, veicoli di buona musica come ecologia della mente accessibile a tutti\u00bb.<\/p>\n\n\n\n<p>\u201c80 anni suonati\u201d \u00e8 il claim che accompagna&nbsp;la campagna promozionale firmata da Venti caratteruzzi e l\u2019ottantesima stagione 2024\/2025, sui social e nelle affissioni stradali, illustrata con una serie di fotografie di Lorenza Daverio che ritraggono il passato, il presente e il futuro dell\u2019Orchestra: insieme ai professori in attivit\u00e0, ad alcuni ormai in pensione e alle giovanissime promesse dei Piccoli Pomeriggi Musicali.<\/p>\n\n\n\n<p>\u2014\u2014<\/p>\n\n\n\n<p>L\u201980a stagione sinfonica 2024-2025 avr\u00e0 un\u2019anteprima sabato 5 ottobre con l\u2019opera Le Willis di Giacomo Puccini nel centenario della nascita del compositore: sul podio Diego Fasolis, interpreti il soprano Francesca Sassu, il tenore Giuseppe Talamo, il basso Marco Bussi e il Coro della Radiotelevisione Svizzera; l\u2019appuntamento \u00e8 in collaborazione col Comitato Nazionale per le Celebrazioni Pucciniane e ricorda anche i 140 anni dalla prima esecuzione dell\u2019opera avvenuta proprio al Teatro Dal Verme.<\/p>\n\n\n\n<p>Concerto inaugurale gioved\u00ec 10 e sabato 12 ottobre diretto da Ryan McAdams con il pianista Mikhail Pletn\u00ebv impegnato nel Concerto n. 3 in Re minore op. 30 di Sergej Rachmaninov seguito da un omaggio alla costituzione dell\u2019Orchestra nel 1945 con L\u2019Oiseau de feu di Igor Stravinskij (terza suite, versione del 1945).<\/p>\n\n\n\n<p>Per il secondo appuntamento, gioved\u00ec 17 e sabato 19 ottobre, due artisti premiati in importanti competizioni internazionali il direttore Niklas Benjamin Hoffmann (vincitore della \u201cLovro von Mata\u010di\u0107\u201d Conducting Competition di Zagabria) e il pianista Arsenii Moon (vincitore del Concorso \u201cBusoni\u201d 2023) che eseguiranno il Concerto n. 1 in Mi minore op. 11 di Fryderyck Chopin e poi la Sinfonia n. 3 in Mi bemolle maggiore op. 55 \u201cEroica\u201d di Ludwig van Beethoven.<\/p>\n\n\n\n<p>Primo dei concerti con una compagine ospite, gioved\u00ec 7 novembre l\u2019Orchestra di Padova e del Veneto diretta da Francesco Cilluffo presenta What the Wild Flowers Tell to Me di Gustav Mahler \/ Benjamin Britten Seguito dal Concerto n. 1 per violino e orchestra di B\u00e9la Bart\u00f3k con la violinista Nurit Stark \u00e8 in chiusura la Suite dalla colonna sonora dal film Il Gattopardo di Nino Rota. Seconda ospitalit\u00e0 gioved\u00ec 14 e sabato 16 novembre per il ritorno dei \u201ccari amici\u201d, I Virtuosi Italiani, con primo violino concertatore Alberto Martini \u00e8 un programma che accosta l\u2019Ouverture in Do minore di Franz Schubert al Concerto per pianoforte e orchestra n. 2 in Fa minore op. 21 di Fryderyck Chopin affidato a Jin Ju, quindi la prima esecuzione di Tzigane per violino e orchestra d\u2019archi di Roberto Di Marino e la celebre Serenata per archi op. 48 di P\u00ebtr Il\u2019i\u010d \u010cajkovskij. Quindi sabato 23 novembre arriva da Parma La Toscanini con due artiste come la direttrice Yi-Chen Lin e il mezzosoprano Cristina Zavalloni impegnata nel Pierrot Lunarie op. 21 (versione italiana a cura di Marcello Panni); il programma comprende anche il Preludio da Le maschere di Pietro Mascagni e la suite da Pulcinella di Igor Stravinskij. Non pu\u00f2 mancare l\u2019ormai tradizionale appuntamento festivo con le pagine della famiglia Strauss dirette da Alessandro Bonato gioved\u00ec 19 e sabato 21 dicembre con l\u2019Orchestra I Pomeriggi Musicali.<\/p>\n\n\n\n<p>Il 2025 si apre gioved\u00ec 9 e sabato 11 gennaio con il ritorno del direttore e pianista Alexander Lonquich con un programma tutto mozartiano con l\u2019Ouverture da Le Nozze di Figaro, il Concerto n. 22 in Mi bemolle maggiore K482 e il Concerto n. 24 in Do minore K491. Ultima orchestra ospite gioved\u00ec 16 e sabato 18 gennaio la Filarmonica di Zagabria diretta da Dawid Runtz con Radovan Vlatkovic solista del Concerto per corno e orchestra in Si bemolle Maggiore op. 91 di Reinhold Gli\u00e8re, preceduto dalla Symphonic Dance di Jakov Gotovac e poi dalla celebre Sinfonia n. 6 in Si minore op. 74 \u201cPatetica\u201d di P\u00ebtr Il\u2019i\u010d \u010cajkovskij.<\/p>\n\n\n\n<p>Si rimane nell\u2019ambito della scuola di tradizione slava gioved\u00ec 23 e sabato 25 gennaio con il violinista Stefan Milenkovich diretto da George Pehlivanian nel Concerto n. 2 op. 63 di Sergej Prokof\u2019ev, con la Suite armena di Padre Komitas e la Sinfonia n. 7 in La maggiore op. 92 di Ludwig van Beethoven.<\/p>\n\n\n\n<p>Gioved\u00ec 30 gennaio e sabato 1 febbraio un concerto affidato a due donne, la direttrice Gianna Fratta con la pianista Avery Gagliano solista del Concerto n. 2 in Sol maggiore op. 40 di P\u00ebtr Il\u2019i\u010d \u010cajkovskij, mentre il programma sar\u00e0 completato da due pagine di Gabriel Faur\u00e9 Pavane in Fa diesis minore op. 50 e la Suite da Pell\u00e9as et M\u00e9lisande op. 80.<\/p>\n\n\n\n<p>Programma e solista inusuali gioved\u00ec 6 e sabato 8 febbraio con Alessandro Bonato sul podio: Samuele Telari sar\u00e0 il solista del Concerto per armonica e orchestra W524 (nella versione per fisarmonica) di Heitor Villa-Lobos, quindi la prima esecuzione assoluta di una nuova commissione Festa! di Christian Carrara e ancora l\u2019Ouverture da L\u2019italiana in Algeri di Gioachino Rossini e la Sinfonia in Do maggiore di Georges Bizet. Ancora un virtuoso dell\u2019archetto come Roman Simovic diretto da Alessandro Cadario gioved\u00ec 13 e sabato 15 febbraio impegnato nel Concerto per violino e orchestra op. 101 di Max Reger, preceduto da Egmont Ouverture in Fa minore op. 84 di Ludwig van Beethoven e dalla Sinfonia n. 25 in Sol minore K183 di Wolfgang Amadeus Mozart.<\/p>\n\n\n\n<p>Il giovane pianista italiano Filippo Gorini, ormai ospite delle maggiori istituzioni italiane, torna al Teatro Dal Verme gioved\u00ec 20 e sabato 22 febbraio con James Feddeck e uno dei suoi compositori \u201cpreferiti\u201d Ludwig van Beethoven: in programma il Concerto n. 3 in Do minore op. 37 e poi la Sinfonia n. 4 in Do minore D417 \u201cTragica\u201d di Franz Schubert.<\/p>\n\n\n\n<p>Gioved\u00ec 27 febbraio e sabato 1 marzo un pianista ancora pi\u00f9 giovane che il pubblico dei Pomeriggi Musicali sta seguendo annualmente: il milanese Antonio Alessandri impegnato nella Burlesca in Re minore per pianoforte e orchestra di Richard Strauss, sul podio Alessandro Cadario che diriger\u00e0 anche la prima solita della seconda commissione dell\u2019anno firmata da Francesco Antonioni Bouquet, quindi di Max Reger le Variazioni su un tema di Mozart op. 132. Dopo i concerti sold out inaugurali della 79a stagione, gioved\u00ec 6 e sabato 8 marzo torna il violoncellista Mischa Maisky con una delle opere simbolo del suo repertorio il Concerto per in Si minore op. 104 di Anton\u00edn Dvo\u0159\u00e1k, seguito dalla Sinfonia n. 4 in Fa minore op. 36 di P\u00ebtr Il\u2019i\u010d \u010cajkovskij.<\/p>\n\n\n\n<p>Diego Fasolis \u00e8 tra i direttori che salgono pi\u00f9 frequentemente sul podio dei Pomeriggi Musicali che, dopo l\u2019appuntamento fuori stagione dedicato a Puccini, torna per due programmi: gioved\u00ec 13 e sabato 15 marzo con la Sinfonia n. 6 in Fa maggiore op. 68 \u201cPastorale\u201d di Ludwig van Beethoven e la Sinfonia n. 40 in Sol minore K550 di Wolfgang Amadeus Mozart; quindi gioved\u00ec 20 e sabato 22 marzo la Sinfonia n. 9 in Re maggiore op. 125 di Ludwig van Beethoven con Michela Antenucci (soprano), Lucia Cirillo (mezzosoprano), Charles Sy (tenore) e Henryk B\u00f6hm (basso) e il Coro della Radiotelevisione Svizzera.<\/p>\n\n\n\n<p>Altra bacchetta amata \u00e8 quella di Donato Renzetti che, gioved\u00ec 27 e sabato 29 marzo, diriger\u00e0 uno dei talenti del violino di oggi, Giuseppe Gibboni, nel Concerto in Re maggiore op. 35 di P\u00ebtr Il\u2019i\u010d \u010cajkovskij, seguito dall\u2019Idillio di Sigfrido di Richard Wagner e dalla Sinfonia n. 1 in Re maggiore op. 25 \u201cClassica\u201d di Sergej Prokof\u2019ev.<\/p>\n\n\n\n<p>Due prime partite dell\u2019Orchestra Sinfonica Nazionale della RAI \u2013 il violinista Alessandro Milani e il violista Luca Ranieri \u2013 sono impegnati gioved\u00ec 3 e sabato 5 aprile nella Sinfonia concertante in Mi bemolle maggiore K364 di Mozart con la direzione di Beatrice Venezi che guider\u00e0 l\u2019orchestra anche nella Kammersymphonie n. 2 op. 38 di Arnold Sch\u00f6nberg e Le b\u0153uf sur le toit op. 58 di Darius Milhaud. Tante davvero le bacchette legate al l\u2019orchestra che tornano per festeggiare la Stagione n. 80 come Stefano Montanari che gioved\u00ec 10 e sabato 12 aprile sar\u00e0 sul podio per la Sinfonia n. 3 in La minore op. 56 \u201cScozzese\u201d di Felix Mendelssohn-Bartholdy e il Concerto per violino e orchestra in Re maggiore op. 61 con una star come Viktoria Mullova.<\/p>\n\n\n\n<p>Repertorio del Novecento per il direttore e sassofonista Federico Mondelci, gioved\u00ec 24 e sabato 26 aprile, Interpete di \u201cMusical Portrait\u201d per sassofono e orchestra di Nino Rota e di \u201cWest Side Story Suite\u201d per sassofono e orchestra nell\u2019arrangiamento di Roberto Granata.<\/p>\n\n\n\n<p>L\u2019ultimo mese di concerti si apre gioved\u00ec 8 e sabato 10 maggio con il ritorno di Louis Lortie insieme alla pianista Illia Ovcharenko per il Concerto per due pianoforti n. 10 in Mi bemolle maggiore K365 di Mozart e poi il Concerto n. 5 per pianoforte e orchestra in Mi bemolle maggiore op. 73 \u201cImperatore\u201d di Beethoven.<\/p>\n\n\n\n<p>Altra star del violino, gioved\u00ec 15 e sabato 17 maggio, Julian Rachlin per un programma monografico su Felix Mendelssohn-Bartholdy con il Concerto in Mi minore op. 64, Die Heimkehr aus der Fremde op. 89 e la Sinfonia n. 4 in La maggiore op. 90 \u201cItaliana\u201d.<\/p>\n\n\n\n<p>Ultimo appuntamento, gioved\u00ec 22 e sabato 24 maggio, con il direttore finlandese Pietari Inkinen e due sinfonie di Anton\u00edn Dvo\u0159\u00e1k: la n. 8 in Sol maggiore op. 88 e la famosissima Sinfonia n. 9 in Mi minore op. 95 \u201cDal Nuovo Mondo\u201d.<\/p>\n\n\n\n<p>I concerti della 80a Stagione sono programmati come sempre al Teatro Dal Verme il gioved\u00ec alle ore 10 e alle ore 20; il sabato alle ore 17.<\/p>\n\n\n\n<p><strong>80a stagione 2024\/2025<\/strong><br>Nuovi abbonamenti: dal 18 giugno 2024<br>Vendita dei singoli biglietti dal 9 luglio 2024<\/p>\n\n\n\n<p>Gli abbonamenti a 23 concerti hanno un costo intero da 175 a 290 euro + prevendita<br>Gli abbonamenti a 23 concerti hanno un costo ridotto da 130 a 215 euro + prevendita<br>La riduzione \u00e8 valida per gli under 30, per gli over 60, gruppi, associazioni ed enti convenzionati.<\/p>\n\n\n\n<p>Gli abbonamenti a 18 concerti \u201cIn anteprima\u201d hanno un costo intero di 109 euro + prevendita (posto unico)<br>Gli abbonamenti a 18 concerti \u201cIn anteprima\u201d hanno un costo ridotto di 90 euro + prevendita (posto unico)<br>La riduzione \u00e8 valida per gli under 30 e per gli over 60<\/p>\n\n\n\n<p>I carnet \u201cliberi di scegliere\u201d a 15 concerti hanno un costo intero da 147 a 236 euro + prevendita<br>I carnet \u201cliberi di scegliere\u201d a 15 concerti hanno un costo ridotto da 107 a 177 euro + prevendita<br>La riduzione \u00e8 valida per gli under 30, per gli over 60, gruppi, associazioni ed enti convenzionati.<\/p>\n\n\n\n<p>I biglietti per i singoli concerti hanno un costo da 11 a 20 euro (intero) e da 9 a 16 euro (ridotto).<br>La riduzione \u00e8 valida per gli under 30, per gli over 60, gruppi, associazioni ed enti convenzionati.<\/p>\n\n\n\n<p>&nbsp;<br><strong>Biglietteria TicketOne &#8211; Teatro Dal Verme<\/strong><br>via San Giovanni sul Muro, 2 &#8211; 20121, Milano<br>Tel.&nbsp;<a href=\"tel:+39 02 87 905\">+39 02 87 905<\/a>&nbsp;\u2013&nbsp;<a target=\"_blank\" href=\"https:\/\/florianatessitore.us12.list-manage.com\/track\/click?u=9aecf99759cc1d6c0a0ef9c1d&amp;id=eaf3b85b34&amp;e=cceb3c1a2f\" rel=\"noreferrer noopener\">www.ipomeriggi.it<\/a><\/p>\n\n\n\n<p>La biglietteria del Teatro Dal Verme \u00e8 aperta da marted\u00ec a sabato ore 10-18<br><a href=\"mailto:biglietteria@ipomeriggi.it\">biglietteria@ipomeriggi.it<\/a>&nbsp;\/ Te.&nbsp;<a href=\"tel:+39 02 87905 201\">+39 02 87905 201<\/a><\/p>\n\n\n\n<p>Acquista online&nbsp;<a target=\"_blank\" href=\"https:\/\/florianatessitore.us12.list-manage.com\/track\/click?u=9aecf99759cc1d6c0a0ef9c1d&amp;id=2be1dbfea2&amp;e=cceb3c1a2f\" rel=\"noreferrer noopener\">www.ipomeriggi.it\/acquista<\/a>&nbsp;\/ &nbsp;<a target=\"_blank\" href=\"https:\/\/florianatessitore.us12.list-manage.com\/track\/click?u=9aecf99759cc1d6c0a0ef9c1d&amp;id=acc5b4e1c1&amp;e=cceb3c1a2f\" rel=\"noreferrer noopener\">www.ticketone.it<\/a><\/p>\n\n\n\n<p><strong><em>Ufficio stampa<\/em><\/strong><br>Floriana Tessitore&nbsp;<a href=\"tel:+39 3387339981\">+39 3387339981<\/a><br>stampa@ipomeriggi.it<br>Fondazione I Pomeriggi Musicali<br>www.ipomeriggi.it<br>&nbsp;<\/p>\n\n\n\n<p>Milano, 18 settembre 2024 (f.t.)<\/p>\n\n\n\n<p>FONDAZIONE I POMERIGGI MUSICALI<br>Ufficio stampa<br>Via San Giovanni sul Muro, 2 &#8211; 20121 Milano<br>T. 02 87905; F. 02 87905291<br>www.ipomeriggi.it<\/p>\n\n\n\n<p><em>Copyright \u00a9 2024 Tessitore Vitale, All rights reserved.<\/em><\/p>\n\n\n\n<p>foto<\/p>\n\n\n\n<figure class=\"wp-block-gallery has-nested-images columns-default is-cropped wp-block-gallery-1 is-layout-flex wp-block-gallery-is-layout-flex\">\n<figure class=\"wp-block-image size-large\"><a href=\"https:\/\/www.ecoitaliano.com.ar\/wp-content\/uploads\/2024\/09\/Bonato-Alessandro-ph-Lorenzo-Ferr1-q-scaled.jpeg\"><img decoding=\"async\" width=\"1024\" height=\"681\" data-id=\"61529\" src=\"https:\/\/www.ecoitaliano.com.ar\/wp-content\/uploads\/2024\/09\/Bonato-Alessandro-ph-Lorenzo-Ferr1-q-1024x681.jpeg\" alt=\"\" class=\"wp-image-61529\" srcset=\"https:\/\/www.ecoitaliano.com.ar\/wp-content\/uploads\/2024\/09\/Bonato-Alessandro-ph-Lorenzo-Ferr1-q-1024x681.jpeg 1024w, https:\/\/www.ecoitaliano.com.ar\/wp-content\/uploads\/2024\/09\/Bonato-Alessandro-ph-Lorenzo-Ferr1-q-300x199.jpeg 300w, https:\/\/www.ecoitaliano.com.ar\/wp-content\/uploads\/2024\/09\/Bonato-Alessandro-ph-Lorenzo-Ferr1-q-768x511.jpeg 768w, https:\/\/www.ecoitaliano.com.ar\/wp-content\/uploads\/2024\/09\/Bonato-Alessandro-ph-Lorenzo-Ferr1-q-1536x1021.jpeg 1536w, https:\/\/www.ecoitaliano.com.ar\/wp-content\/uploads\/2024\/09\/Bonato-Alessandro-ph-Lorenzo-Ferr1-q-2048x1362.jpeg 2048w, https:\/\/www.ecoitaliano.com.ar\/wp-content\/uploads\/2024\/09\/Bonato-Alessandro-ph-Lorenzo-Ferr1-q-150x100.jpeg 150w\" sizes=\"(max-width: 1024px) 100vw, 1024px\" \/><\/a><\/figure>\n\n\n\n<figure class=\"wp-block-image size-large\"><a href=\"https:\/\/www.ecoitaliano.com.ar\/wp-content\/uploads\/2024\/09\/Cadario-Alessandro-foto-Daverio-11-scaled.jpeg\"><img decoding=\"async\" width=\"683\" height=\"1024\" data-id=\"61531\" src=\"https:\/\/www.ecoitaliano.com.ar\/wp-content\/uploads\/2024\/09\/Cadario-Alessandro-foto-Daverio-11-683x1024.jpeg\" alt=\"\" class=\"wp-image-61531\" srcset=\"https:\/\/www.ecoitaliano.com.ar\/wp-content\/uploads\/2024\/09\/Cadario-Alessandro-foto-Daverio-11-683x1024.jpeg 683w, https:\/\/www.ecoitaliano.com.ar\/wp-content\/uploads\/2024\/09\/Cadario-Alessandro-foto-Daverio-11-200x300.jpeg 200w, https:\/\/www.ecoitaliano.com.ar\/wp-content\/uploads\/2024\/09\/Cadario-Alessandro-foto-Daverio-11-768x1152.jpeg 768w, https:\/\/www.ecoitaliano.com.ar\/wp-content\/uploads\/2024\/09\/Cadario-Alessandro-foto-Daverio-11-1024x1536.jpeg 1024w, https:\/\/www.ecoitaliano.com.ar\/wp-content\/uploads\/2024\/09\/Cadario-Alessandro-foto-Daverio-11-1365x2048.jpeg 1365w, https:\/\/www.ecoitaliano.com.ar\/wp-content\/uploads\/2024\/09\/Cadario-Alessandro-foto-Daverio-11-100x150.jpeg 100w, https:\/\/www.ecoitaliano.com.ar\/wp-content\/uploads\/2024\/09\/Cadario-Alessandro-foto-Daverio-11-scaled.jpeg 1707w\" sizes=\"(max-width: 683px) 100vw, 683px\" \/><\/a><\/figure>\n\n\n\n<figure class=\"wp-block-image size-large\"><a href=\"https:\/\/www.ecoitaliano.com.ar\/wp-content\/uploads\/2024\/09\/Cilluffo-Francesco-scaled.jpg\"><img decoding=\"async\" width=\"1024\" height=\"683\" data-id=\"61532\" src=\"https:\/\/www.ecoitaliano.com.ar\/wp-content\/uploads\/2024\/09\/Cilluffo-Francesco-1024x683.jpg\" alt=\"\" class=\"wp-image-61532\" srcset=\"https:\/\/www.ecoitaliano.com.ar\/wp-content\/uploads\/2024\/09\/Cilluffo-Francesco-1024x683.jpg 1024w, https:\/\/www.ecoitaliano.com.ar\/wp-content\/uploads\/2024\/09\/Cilluffo-Francesco-300x200.jpg 300w, https:\/\/www.ecoitaliano.com.ar\/wp-content\/uploads\/2024\/09\/Cilluffo-Francesco-768x512.jpg 768w, https:\/\/www.ecoitaliano.com.ar\/wp-content\/uploads\/2024\/09\/Cilluffo-Francesco-1536x1024.jpg 1536w, https:\/\/www.ecoitaliano.com.ar\/wp-content\/uploads\/2024\/09\/Cilluffo-Francesco-2048x1365.jpg 2048w, https:\/\/www.ecoitaliano.com.ar\/wp-content\/uploads\/2024\/09\/Cilluffo-Francesco-150x100.jpg 150w\" sizes=\"(max-width: 1024px) 100vw, 1024px\" \/><\/a><\/figure>\n\n\n\n<figure class=\"wp-block-image size-large\"><a href=\"https:\/\/www.ecoitaliano.com.ar\/wp-content\/uploads\/2024\/09\/Fasolis-Diego-2020-scaled.jpg\"><img decoding=\"async\" width=\"1024\" height=\"814\" data-id=\"61533\" src=\"https:\/\/www.ecoitaliano.com.ar\/wp-content\/uploads\/2024\/09\/Fasolis-Diego-2020-1024x814.jpg\" alt=\"\" class=\"wp-image-61533\" srcset=\"https:\/\/www.ecoitaliano.com.ar\/wp-content\/uploads\/2024\/09\/Fasolis-Diego-2020-1024x814.jpg 1024w, https:\/\/www.ecoitaliano.com.ar\/wp-content\/uploads\/2024\/09\/Fasolis-Diego-2020-300x239.jpg 300w, https:\/\/www.ecoitaliano.com.ar\/wp-content\/uploads\/2024\/09\/Fasolis-Diego-2020-768x611.jpg 768w, https:\/\/www.ecoitaliano.com.ar\/wp-content\/uploads\/2024\/09\/Fasolis-Diego-2020-1536x1221.jpg 1536w, https:\/\/www.ecoitaliano.com.ar\/wp-content\/uploads\/2024\/09\/Fasolis-Diego-2020-2048x1628.jpg 2048w, https:\/\/www.ecoitaliano.com.ar\/wp-content\/uploads\/2024\/09\/Fasolis-Diego-2020-150x119.jpg 150w\" sizes=\"(max-width: 1024px) 100vw, 1024px\" \/><\/a><\/figure>\n\n\n\n<figure class=\"wp-block-image size-large\"><a href=\"https:\/\/www.ecoitaliano.com.ar\/wp-content\/uploads\/2024\/09\/Feddeck-James-09-ph-Daverio.jpeg\"><img decoding=\"async\" width=\"1024\" height=\"683\" data-id=\"61534\" src=\"https:\/\/www.ecoitaliano.com.ar\/wp-content\/uploads\/2024\/09\/Feddeck-James-09-ph-Daverio-1024x683.jpeg\" alt=\"\" class=\"wp-image-61534\" srcset=\"https:\/\/www.ecoitaliano.com.ar\/wp-content\/uploads\/2024\/09\/Feddeck-James-09-ph-Daverio-1024x683.jpeg 1024w, https:\/\/www.ecoitaliano.com.ar\/wp-content\/uploads\/2024\/09\/Feddeck-James-09-ph-Daverio-300x200.jpeg 300w, https:\/\/www.ecoitaliano.com.ar\/wp-content\/uploads\/2024\/09\/Feddeck-James-09-ph-Daverio-768x512.jpeg 768w, https:\/\/www.ecoitaliano.com.ar\/wp-content\/uploads\/2024\/09\/Feddeck-James-09-ph-Daverio-1536x1024.jpeg 1536w, https:\/\/www.ecoitaliano.com.ar\/wp-content\/uploads\/2024\/09\/Feddeck-James-09-ph-Daverio-2048x1365.jpeg 2048w, https:\/\/www.ecoitaliano.com.ar\/wp-content\/uploads\/2024\/09\/Feddeck-James-09-ph-Daverio-150x100.jpeg 150w\" sizes=\"(max-width: 1024px) 100vw, 1024px\" \/><\/a><\/figure>\n\n\n\n<figure class=\"wp-block-image size-large\"><a href=\"https:\/\/www.ecoitaliano.com.ar\/wp-content\/uploads\/2024\/09\/Gorini-Filippo-3-photo-Marco-Borggreve-scaled.jpeg\"><img decoding=\"async\" width=\"725\" height=\"1024\" data-id=\"61535\" src=\"https:\/\/www.ecoitaliano.com.ar\/wp-content\/uploads\/2024\/09\/Gorini-Filippo-3-photo-Marco-Borggreve-725x1024.jpeg\" alt=\"\" class=\"wp-image-61535\" srcset=\"https:\/\/www.ecoitaliano.com.ar\/wp-content\/uploads\/2024\/09\/Gorini-Filippo-3-photo-Marco-Borggreve-725x1024.jpeg 725w, https:\/\/www.ecoitaliano.com.ar\/wp-content\/uploads\/2024\/09\/Gorini-Filippo-3-photo-Marco-Borggreve-212x300.jpeg 212w, https:\/\/www.ecoitaliano.com.ar\/wp-content\/uploads\/2024\/09\/Gorini-Filippo-3-photo-Marco-Borggreve-768x1085.jpeg 768w, https:\/\/www.ecoitaliano.com.ar\/wp-content\/uploads\/2024\/09\/Gorini-Filippo-3-photo-Marco-Borggreve-1087x1536.jpeg 1087w, https:\/\/www.ecoitaliano.com.ar\/wp-content\/uploads\/2024\/09\/Gorini-Filippo-3-photo-Marco-Borggreve-1449x2048.jpeg 1449w, https:\/\/www.ecoitaliano.com.ar\/wp-content\/uploads\/2024\/09\/Gorini-Filippo-3-photo-Marco-Borggreve-106x150.jpeg 106w, https:\/\/www.ecoitaliano.com.ar\/wp-content\/uploads\/2024\/09\/Gorini-Filippo-3-photo-Marco-Borggreve-scaled.jpeg 1811w\" sizes=\"(max-width: 725px) 100vw, 725px\" \/><\/a><figcaption class=\"wp-element-caption\">Filippo Gorini Pianist<br>Photo: Marco Borggreve<\/figcaption><\/figure>\n\n\n\n<figure class=\"wp-block-image size-large\"><a href=\"https:\/\/www.ecoitaliano.com.ar\/wp-content\/uploads\/2024\/09\/Li-Yi-Chen-martacsoult-scaled.jpg\"><img decoding=\"async\" width=\"1024\" height=\"683\" data-id=\"61536\" src=\"https:\/\/www.ecoitaliano.com.ar\/wp-content\/uploads\/2024\/09\/Li-Yi-Chen-martacsoult-1024x683.jpg\" alt=\"\" class=\"wp-image-61536\" srcset=\"https:\/\/www.ecoitaliano.com.ar\/wp-content\/uploads\/2024\/09\/Li-Yi-Chen-martacsoult-1024x683.jpg 1024w, https:\/\/www.ecoitaliano.com.ar\/wp-content\/uploads\/2024\/09\/Li-Yi-Chen-martacsoult-300x200.jpg 300w, https:\/\/www.ecoitaliano.com.ar\/wp-content\/uploads\/2024\/09\/Li-Yi-Chen-martacsoult-768x512.jpg 768w, https:\/\/www.ecoitaliano.com.ar\/wp-content\/uploads\/2024\/09\/Li-Yi-Chen-martacsoult-1536x1024.jpg 1536w, https:\/\/www.ecoitaliano.com.ar\/wp-content\/uploads\/2024\/09\/Li-Yi-Chen-martacsoult-2048x1365.jpg 2048w, https:\/\/www.ecoitaliano.com.ar\/wp-content\/uploads\/2024\/09\/Li-Yi-Chen-martacsoult-150x100.jpg 150w\" sizes=\"(max-width: 1024px) 100vw, 1024px\" \/><\/a><\/figure>\n\n\n\n<figure class=\"wp-block-image size-large\"><a href=\"https:\/\/www.ecoitaliano.com.ar\/wp-content\/uploads\/2024\/09\/Lortie-Louis-2018-5-Credit-EliasPhotography-scaled.jpeg\"><img decoding=\"async\" width=\"759\" height=\"1024\" data-id=\"61537\" src=\"https:\/\/www.ecoitaliano.com.ar\/wp-content\/uploads\/2024\/09\/Lortie-Louis-2018-5-Credit-EliasPhotography-759x1024.jpeg\" alt=\"\" class=\"wp-image-61537\" srcset=\"https:\/\/www.ecoitaliano.com.ar\/wp-content\/uploads\/2024\/09\/Lortie-Louis-2018-5-Credit-EliasPhotography-759x1024.jpeg 759w, https:\/\/www.ecoitaliano.com.ar\/wp-content\/uploads\/2024\/09\/Lortie-Louis-2018-5-Credit-EliasPhotography-222x300.jpeg 222w, https:\/\/www.ecoitaliano.com.ar\/wp-content\/uploads\/2024\/09\/Lortie-Louis-2018-5-Credit-EliasPhotography-768x1036.jpeg 768w, https:\/\/www.ecoitaliano.com.ar\/wp-content\/uploads\/2024\/09\/Lortie-Louis-2018-5-Credit-EliasPhotography-1139x1536.jpeg 1139w, https:\/\/www.ecoitaliano.com.ar\/wp-content\/uploads\/2024\/09\/Lortie-Louis-2018-5-Credit-EliasPhotography-1519x2048.jpeg 1519w, https:\/\/www.ecoitaliano.com.ar\/wp-content\/uploads\/2024\/09\/Lortie-Louis-2018-5-Credit-EliasPhotography-111x150.jpeg 111w, https:\/\/www.ecoitaliano.com.ar\/wp-content\/uploads\/2024\/09\/Lortie-Louis-2018-5-Credit-EliasPhotography-scaled.jpeg 1898w\" sizes=\"(max-width: 759px) 100vw, 759px\" \/><\/a><\/figure>\n\n\n\n<figure class=\"wp-block-image size-large\"><a href=\"https:\/\/www.ecoitaliano.com.ar\/wp-content\/uploads\/2024\/09\/Maisky-Mischa-scaled.jpg\"><img decoding=\"async\" width=\"1024\" height=\"975\" data-id=\"61538\" src=\"https:\/\/www.ecoitaliano.com.ar\/wp-content\/uploads\/2024\/09\/Maisky-Mischa-1024x975.jpg\" alt=\"\" class=\"wp-image-61538\" srcset=\"https:\/\/www.ecoitaliano.com.ar\/wp-content\/uploads\/2024\/09\/Maisky-Mischa-1024x975.jpg 1024w, https:\/\/www.ecoitaliano.com.ar\/wp-content\/uploads\/2024\/09\/Maisky-Mischa-300x286.jpg 300w, https:\/\/www.ecoitaliano.com.ar\/wp-content\/uploads\/2024\/09\/Maisky-Mischa-768x732.jpg 768w, https:\/\/www.ecoitaliano.com.ar\/wp-content\/uploads\/2024\/09\/Maisky-Mischa-1536x1463.jpg 1536w, https:\/\/www.ecoitaliano.com.ar\/wp-content\/uploads\/2024\/09\/Maisky-Mischa-2048x1951.jpg 2048w, https:\/\/www.ecoitaliano.com.ar\/wp-content\/uploads\/2024\/09\/Maisky-Mischa-150x143.jpg 150w\" sizes=\"(max-width: 1024px) 100vw, 1024px\" \/><\/a><\/figure>\n\n\n\n<figure class=\"wp-block-image size-large\"><a href=\"https:\/\/www.ecoitaliano.com.ar\/wp-content\/uploads\/2024\/09\/Montanari-Stefano-foto-Daverio-10.jpeg\"><img decoding=\"async\" width=\"682\" height=\"1024\" data-id=\"61539\" src=\"https:\/\/www.ecoitaliano.com.ar\/wp-content\/uploads\/2024\/09\/Montanari-Stefano-foto-Daverio-10-682x1024.jpeg\" alt=\"\" class=\"wp-image-61539\" srcset=\"https:\/\/www.ecoitaliano.com.ar\/wp-content\/uploads\/2024\/09\/Montanari-Stefano-foto-Daverio-10-682x1024.jpeg 682w, https:\/\/www.ecoitaliano.com.ar\/wp-content\/uploads\/2024\/09\/Montanari-Stefano-foto-Daverio-10-200x300.jpeg 200w, https:\/\/www.ecoitaliano.com.ar\/wp-content\/uploads\/2024\/09\/Montanari-Stefano-foto-Daverio-10-768x1152.jpeg 768w, https:\/\/www.ecoitaliano.com.ar\/wp-content\/uploads\/2024\/09\/Montanari-Stefano-foto-Daverio-10-1024x1536.jpeg 1024w, https:\/\/www.ecoitaliano.com.ar\/wp-content\/uploads\/2024\/09\/Montanari-Stefano-foto-Daverio-10-100x150.jpeg 100w, https:\/\/www.ecoitaliano.com.ar\/wp-content\/uploads\/2024\/09\/Montanari-Stefano-foto-Daverio-10.jpeg 1181w\" sizes=\"(max-width: 682px) 100vw, 682px\" \/><\/a><\/figure>\n\n\n\n<figure class=\"wp-block-image size-large\"><a href=\"https:\/\/www.ecoitaliano.com.ar\/wp-content\/uploads\/2024\/09\/Moon-Arsenii.png\"><img decoding=\"async\" width=\"1024\" height=\"1024\" data-id=\"61540\" src=\"https:\/\/www.ecoitaliano.com.ar\/wp-content\/uploads\/2024\/09\/Moon-Arsenii-1024x1024.png\" alt=\"\" class=\"wp-image-61540\" srcset=\"https:\/\/www.ecoitaliano.com.ar\/wp-content\/uploads\/2024\/09\/Moon-Arsenii-1024x1024.png 1024w, https:\/\/www.ecoitaliano.com.ar\/wp-content\/uploads\/2024\/09\/Moon-Arsenii-300x300.png 300w, https:\/\/www.ecoitaliano.com.ar\/wp-content\/uploads\/2024\/09\/Moon-Arsenii-150x150.png 150w, https:\/\/www.ecoitaliano.com.ar\/wp-content\/uploads\/2024\/09\/Moon-Arsenii-768x768.png 768w, https:\/\/www.ecoitaliano.com.ar\/wp-content\/uploads\/2024\/09\/Moon-Arsenii-1536x1536.png 1536w, https:\/\/www.ecoitaliano.com.ar\/wp-content\/uploads\/2024\/09\/Moon-Arsenii.png 2048w\" sizes=\"(max-width: 1024px) 100vw, 1024px\" \/><\/a><\/figure>\n\n\n\n<figure class=\"wp-block-image size-large\"><a href=\"https:\/\/www.ecoitaliano.com.ar\/wp-content\/uploads\/2024\/09\/Mullova-Viktoria-foto-Benjamin-Ealovega-scaled.jpeg\"><img decoding=\"async\" width=\"683\" height=\"1024\" data-id=\"61541\" src=\"https:\/\/www.ecoitaliano.com.ar\/wp-content\/uploads\/2024\/09\/Mullova-Viktoria-foto-Benjamin-Ealovega-683x1024.jpeg\" alt=\"\" class=\"wp-image-61541\" srcset=\"https:\/\/www.ecoitaliano.com.ar\/wp-content\/uploads\/2024\/09\/Mullova-Viktoria-foto-Benjamin-Ealovega-683x1024.jpeg 683w, https:\/\/www.ecoitaliano.com.ar\/wp-content\/uploads\/2024\/09\/Mullova-Viktoria-foto-Benjamin-Ealovega-200x300.jpeg 200w, https:\/\/www.ecoitaliano.com.ar\/wp-content\/uploads\/2024\/09\/Mullova-Viktoria-foto-Benjamin-Ealovega-768x1152.jpeg 768w, https:\/\/www.ecoitaliano.com.ar\/wp-content\/uploads\/2024\/09\/Mullova-Viktoria-foto-Benjamin-Ealovega-1024x1536.jpeg 1024w, https:\/\/www.ecoitaliano.com.ar\/wp-content\/uploads\/2024\/09\/Mullova-Viktoria-foto-Benjamin-Ealovega-1365x2048.jpeg 1365w, https:\/\/www.ecoitaliano.com.ar\/wp-content\/uploads\/2024\/09\/Mullova-Viktoria-foto-Benjamin-Ealovega-100x150.jpeg 100w, https:\/\/www.ecoitaliano.com.ar\/wp-content\/uploads\/2024\/09\/Mullova-Viktoria-foto-Benjamin-Ealovega-scaled.jpeg 1707w\" sizes=\"(max-width: 683px) 100vw, 683px\" \/><\/a><\/figure>\n\n\n\n<figure class=\"wp-block-image size-large\"><a href=\"https:\/\/www.ecoitaliano.com.ar\/wp-content\/uploads\/2024\/09\/Pletnev-Mikhail-ph.-Alexei-Molchanovsky-scaled-1.jpg\"><img decoding=\"async\" width=\"1024\" height=\"681\" data-id=\"61542\" src=\"https:\/\/www.ecoitaliano.com.ar\/wp-content\/uploads\/2024\/09\/Pletnev-Mikhail-ph.-Alexei-Molchanovsky-scaled-1-1024x681.jpg\" alt=\"\" class=\"wp-image-61542\" srcset=\"https:\/\/www.ecoitaliano.com.ar\/wp-content\/uploads\/2024\/09\/Pletnev-Mikhail-ph.-Alexei-Molchanovsky-scaled-1-1024x681.jpg 1024w, https:\/\/www.ecoitaliano.com.ar\/wp-content\/uploads\/2024\/09\/Pletnev-Mikhail-ph.-Alexei-Molchanovsky-scaled-1-300x200.jpg 300w, https:\/\/www.ecoitaliano.com.ar\/wp-content\/uploads\/2024\/09\/Pletnev-Mikhail-ph.-Alexei-Molchanovsky-scaled-1-768x511.jpg 768w, https:\/\/www.ecoitaliano.com.ar\/wp-content\/uploads\/2024\/09\/Pletnev-Mikhail-ph.-Alexei-Molchanovsky-scaled-1-1536x1022.jpg 1536w, https:\/\/www.ecoitaliano.com.ar\/wp-content\/uploads\/2024\/09\/Pletnev-Mikhail-ph.-Alexei-Molchanovsky-scaled-1-2048x1362.jpg 2048w, https:\/\/www.ecoitaliano.com.ar\/wp-content\/uploads\/2024\/09\/Pletnev-Mikhail-ph.-Alexei-Molchanovsky-scaled-1-150x100.jpg 150w\" sizes=\"(max-width: 1024px) 100vw, 1024px\" \/><\/a><\/figure>\n\n\n\n<figure class=\"wp-block-image size-large\"><a href=\"https:\/\/www.ecoitaliano.com.ar\/wp-content\/uploads\/2024\/09\/Rachlin-Julian-Photo-by-Ashley-Klassen-2-scaled.jpeg\"><img decoding=\"async\" width=\"683\" height=\"1024\" data-id=\"61543\" src=\"https:\/\/www.ecoitaliano.com.ar\/wp-content\/uploads\/2024\/09\/Rachlin-Julian-Photo-by-Ashley-Klassen-2-683x1024.jpeg\" alt=\"\" class=\"wp-image-61543\" srcset=\"https:\/\/www.ecoitaliano.com.ar\/wp-content\/uploads\/2024\/09\/Rachlin-Julian-Photo-by-Ashley-Klassen-2-683x1024.jpeg 683w, https:\/\/www.ecoitaliano.com.ar\/wp-content\/uploads\/2024\/09\/Rachlin-Julian-Photo-by-Ashley-Klassen-2-200x300.jpeg 200w, https:\/\/www.ecoitaliano.com.ar\/wp-content\/uploads\/2024\/09\/Rachlin-Julian-Photo-by-Ashley-Klassen-2-768x1152.jpeg 768w, https:\/\/www.ecoitaliano.com.ar\/wp-content\/uploads\/2024\/09\/Rachlin-Julian-Photo-by-Ashley-Klassen-2-1024x1536.jpeg 1024w, https:\/\/www.ecoitaliano.com.ar\/wp-content\/uploads\/2024\/09\/Rachlin-Julian-Photo-by-Ashley-Klassen-2-1365x2048.jpeg 1365w, https:\/\/www.ecoitaliano.com.ar\/wp-content\/uploads\/2024\/09\/Rachlin-Julian-Photo-by-Ashley-Klassen-2-100x150.jpeg 100w, https:\/\/www.ecoitaliano.com.ar\/wp-content\/uploads\/2024\/09\/Rachlin-Julian-Photo-by-Ashley-Klassen-2-scaled.jpeg 1707w\" sizes=\"(max-width: 683px) 100vw, 683px\" \/><\/a><\/figure>\n\n\n\n<figure class=\"wp-block-image size-large\"><a href=\"https:\/\/www.ecoitaliano.com.ar\/wp-content\/uploads\/2024\/09\/Zavalloni-Cristina-\u00a9Barbara-_Rigon-scaled-1.jpeg\"><img decoding=\"async\" width=\"1024\" height=\"683\" data-id=\"61544\" src=\"https:\/\/www.ecoitaliano.com.ar\/wp-content\/uploads\/2024\/09\/Zavalloni-Cristina-\u00a9Barbara-_Rigon-scaled-1-1024x683.jpeg\" alt=\"\" class=\"wp-image-61544\" srcset=\"https:\/\/www.ecoitaliano.com.ar\/wp-content\/uploads\/2024\/09\/Zavalloni-Cristina-\u00a9Barbara-_Rigon-scaled-1-1024x683.jpeg 1024w, https:\/\/www.ecoitaliano.com.ar\/wp-content\/uploads\/2024\/09\/Zavalloni-Cristina-\u00a9Barbara-_Rigon-scaled-1-300x200.jpeg 300w, https:\/\/www.ecoitaliano.com.ar\/wp-content\/uploads\/2024\/09\/Zavalloni-Cristina-\u00a9Barbara-_Rigon-scaled-1-768x512.jpeg 768w, https:\/\/www.ecoitaliano.com.ar\/wp-content\/uploads\/2024\/09\/Zavalloni-Cristina-\u00a9Barbara-_Rigon-scaled-1-1536x1024.jpeg 1536w, https:\/\/www.ecoitaliano.com.ar\/wp-content\/uploads\/2024\/09\/Zavalloni-Cristina-\u00a9Barbara-_Rigon-scaled-1-2048x1366.jpeg 2048w, https:\/\/www.ecoitaliano.com.ar\/wp-content\/uploads\/2024\/09\/Zavalloni-Cristina-\u00a9Barbara-_Rigon-scaled-1-150x100.jpeg 150w\" sizes=\"(max-width: 1024px) 100vw, 1024px\" \/><\/a><\/figure>\n<\/figure>\n","protected":false},"excerpt":{"rendered":"<p>comunicato stampa \u201c80 ANNI SUONATI\u201d: L\u2019OTTANTESIMA STAGIONE DI CONCERTI DELL\u2019ORCHESTRA I POMERIGGI MUSICALI Da ottobre 2024 a maggio 2025 tante [&hellip;]<\/p>\n","protected":false},"author":1,"featured_media":0,"comment_status":"open","ping_status":"open","sticky":false,"template":"","format":"standard","meta":{"footnotes":""},"categories":[1],"tags":[],"class_list":["post-61526","post","type-post","status-publish","format-standard","hentry","category-sin-categoria"],"_links":{"self":[{"href":"https:\/\/www.ecoitaliano.com.ar\/index.php?rest_route=\/wp\/v2\/posts\/61526","targetHints":{"allow":["GET"]}}],"collection":[{"href":"https:\/\/www.ecoitaliano.com.ar\/index.php?rest_route=\/wp\/v2\/posts"}],"about":[{"href":"https:\/\/www.ecoitaliano.com.ar\/index.php?rest_route=\/wp\/v2\/types\/post"}],"author":[{"embeddable":true,"href":"https:\/\/www.ecoitaliano.com.ar\/index.php?rest_route=\/wp\/v2\/users\/1"}],"replies":[{"embeddable":true,"href":"https:\/\/www.ecoitaliano.com.ar\/index.php?rest_route=%2Fwp%2Fv2%2Fcomments&post=61526"}],"version-history":[{"count":0,"href":"https:\/\/www.ecoitaliano.com.ar\/index.php?rest_route=\/wp\/v2\/posts\/61526\/revisions"}],"wp:attachment":[{"href":"https:\/\/www.ecoitaliano.com.ar\/index.php?rest_route=%2Fwp%2Fv2%2Fmedia&parent=61526"}],"wp:term":[{"taxonomy":"category","embeddable":true,"href":"https:\/\/www.ecoitaliano.com.ar\/index.php?rest_route=%2Fwp%2Fv2%2Fcategories&post=61526"},{"taxonomy":"post_tag","embeddable":true,"href":"https:\/\/www.ecoitaliano.com.ar\/index.php?rest_route=%2Fwp%2Fv2%2Ftags&post=61526"}],"curies":[{"name":"wp","href":"https:\/\/api.w.org\/{rel}","templated":true}]}}