{"id":61991,"date":"2024-09-26T23:57:10","date_gmt":"2024-09-26T23:57:10","guid":{"rendered":"https:\/\/www.ecoitaliano.com.ar\/?p=61991"},"modified":"2024-09-26T23:57:10","modified_gmt":"2024-09-26T23:57:10","slug":"serena-conduce-operaclassica-eco-italiano-3656","status":"publish","type":"post","link":"https:\/\/www.ecoitaliano.com.ar\/?p=61991","title":{"rendered":"Serena conduce operaclassica eco italiano"},"content":{"rendered":"<div class=\"wp-block-image\">\n<figure class=\"aligncenter size-large is-resized\"><a href=\"http:\/\/www.ecoitaliano.com.ar\/wp-content\/uploads\/2024\/09\/TRP-24-Marchio-Teatro-Regio-Parma_Blu-3.png\"><img decoding=\"async\" width=\"1024\" height=\"724\" src=\"http:\/\/www.ecoitaliano.com.ar\/wp-content\/uploads\/2024\/09\/TRP-24-Marchio-Teatro-Regio-Parma_Blu-3-1024x724.png\" alt=\"\" class=\"wp-image-61851\" style=\"width:203px;height:auto\" srcset=\"https:\/\/www.ecoitaliano.com.ar\/wp-content\/uploads\/2024\/09\/TRP-24-Marchio-Teatro-Regio-Parma_Blu-3-1024x724.png 1024w, https:\/\/www.ecoitaliano.com.ar\/wp-content\/uploads\/2024\/09\/TRP-24-Marchio-Teatro-Regio-Parma_Blu-3-300x212.png 300w, https:\/\/www.ecoitaliano.com.ar\/wp-content\/uploads\/2024\/09\/TRP-24-Marchio-Teatro-Regio-Parma_Blu-3-768x543.png 768w, https:\/\/www.ecoitaliano.com.ar\/wp-content\/uploads\/2024\/09\/TRP-24-Marchio-Teatro-Regio-Parma_Blu-3-1536x1086.png 1536w, https:\/\/www.ecoitaliano.com.ar\/wp-content\/uploads\/2024\/09\/TRP-24-Marchio-Teatro-Regio-Parma_Blu-3-2048x1448.png 2048w, https:\/\/www.ecoitaliano.com.ar\/wp-content\/uploads\/2024\/09\/TRP-24-Marchio-Teatro-Regio-Parma_Blu-3-150x106.png 150w\" sizes=\"(max-width: 1024px) 100vw, 1024px\" \/><\/a><\/figure><\/div>\n\n\n<p><a><\/a><a><strong>VERDI SPIP PARADE<\/strong><\/a><\/p>\n\n\n\n<p><strong>Musica, teatro, giocoleria, concerti e spettacoli per famiglie e bambini, per scoprire il grande spazio urbano nel quale ferve l\u2019attivit\u00e0 imprenditoriale di aziende e imprese, che nell\u2019occasione saranno aperte al pubblico.<\/strong><\/p>\n\n\n\n<p><strong>Parma, Quartiere SPIP<\/strong><\/p>\n\n\n\n<p><strong>(via Alfred Bernhard Nobel, via Mercalli 1\/a)<\/strong><\/p>\n\n\n\n<p><strong>sabato 28 settembre 2024,<\/strong><\/p>\n\n\n\n<p><strong>dalle ore 15.30 alle 20.00 ingresso libero<\/strong><\/p>\n\n\n\n<p>La Verdi SPIP Parade si terr\u00e0 anche in caso di maltempo.<\/p>\n\n\n\n<p>Aggiornamenti sul programma su festivalverdi.it.<\/p>\n\n\n\n<p>Lo spirito festoso di Verdi Off abbraccia il cuore industriale del <strong>Quartiere SPIP di Parma<\/strong> <strong>sabato 28 settembre 2024, dalle ore 15.30 alle 20.00<\/strong> con la <strong><em>Verdi SPIP Parade, <\/em>la parata di musica, teatro, giocoleria, concerti e spettacoli a<\/strong> <strong>ingresso libero per famiglie e bambini<\/strong>, con gli artisti di Accademia Verdiana, Funkasin Street Band, Associazione Circolarmente, Compagnia Auriga Teatro, Compagna Nando e Maila, Compagnia Artemis Danza, Collettivo Lynus, per scoprire il grande spazio urbano nel quale ferve l\u2019attivit\u00e0 imprenditoriale di aziende e imprese di Parma.<\/p>\n\n\n\n<p>Realizzata da <strong>Teatro Regio di Parma<\/strong>, insieme a <strong>Comune di Parma<\/strong>, <strong>Comitato SPIP<\/strong>, <strong>Associazione \u201cParma, io ci sto!\u201d<\/strong>, e con la collaborazione di <strong>Camst<\/strong>, la Verdi SPIP Parade rinnova la sua atmosfera giocosa, accogliente e inclusiva che le \u00e8 valsa, alla sua prima edizione dello scorso anno, la <strong>menzione speciale<\/strong><\/p>\n\n\n\n<p>al prestigioso <strong>Premio CULTURA + IMPRESA<\/strong> fra i 123 progetti presentati e provenienti da 14 regioni italiane.<\/p>\n\n\n\n<p>Nel corso della giornata il pubblico avr\u00e0 inoltre la possibilit\u00e0 di scoprire il \u201cdietro le quinte\u201d delle dinamiche produttive prendendo parte <strong>alle visite guidate di <em>Imprese Aperte<\/em>.<\/strong><strong><\/strong><\/p>\n\n\n\n<p><strong>La partecipazione alla <em>Verdi SPIP Parade<\/em> e alle iniziative previste nell\u2019area Camst \u00e8 libera e gratuita. Per assistere agli spettacoli e per partecipare ai laboratori e alle visite guidate programmati nelle altre sedi \u00e8 necessario prenotarsi online al sito <\/strong><a href=\"http:\/\/www.impreseaperteparma.com\"><strong>www.impreseaperteparma.com<\/strong><\/a> o direttamente sulla pagina Eventbrite del progetto<strong>.<\/strong><strong><br><\/strong><\/p>\n\n\n\n<p><strong>LA PARATA, I LABORATORI, GLI SPETTACOLI<\/strong><\/p>\n\n\n\n<p>La <em>Verdi SPIP Parade <\/em>prender\u00e0 il via <strong>alle ore 15.30<\/strong> da <strong>via Alfred Bernhard Nobel<\/strong> con la <strong>Funkasin Street Band <\/strong>che con il suo repertorio pop, disco music e rock, ci guider\u00e0 verso <strong>l\u2019area Camst<\/strong> (via Mercalli 1\/a). Qui, all\u2019ombra degli alberi dell\u2019ampio giardino, i bambini potranno partecipare alla <strong>Merenda verdiana<\/strong> per poi prendere parte alle <strong>16.30<\/strong>, alle <strong>attivit\u00e0 laboratoriali <\/strong>con <strong>Spiazza la piazza<\/strong> per sperimentare insieme agli adulti i vari attrezzi della giocoleria per stimolare l\u2019interazione e l\u2019abbattimento delle barriere interculturali e generazionali. Sempre <strong>nell\u2019area Camst<\/strong> alle <strong>ore 18.30<\/strong> si terr\u00e0 il <strong>concerto finale<\/strong> dei <strong>Funkasin<\/strong> che grazie al loro stile funk, intrecciato con altri generi e alle coreografie, chiuderanno la seconda edizione della <em>Verdi SPIP Parade<\/em>.<\/p>\n\n\n\n<p><strong>Opem <\/strong>(Via della Cooperazione 2\/a) ospiter\u00e0 due appuntamenti: alle <strong>ore 16.50<\/strong> andr\u00e0 in scena <strong>Musica Maestro! <\/strong>spettacolo di <strong>Auriga Teatro<\/strong> in cui ci sar\u00e0 un\u2019orchestra, come in ogni concerto tradizionale, ma ci saranno anche degli ospiti speciali e, tra violini, violoncelli e contrabbassi, non tutto andr\u00e0 per il verso giusto, tra rovinosi fallimenti, gag esilaranti e imprevedibili colpi di scena. Alle <strong>ore 17.50<\/strong> i bambini tra i 6 e gli 11 anni potranno partecipare al laboratorio <strong>Gioielli di Aida <\/strong>curato dall\u2019<strong>Associazione Circolarmente<\/strong>, durante il quale si potranno creare e costruire accessori ispirati all\u2019opera <em>Aida<\/em>, utilizzando varie tecniche e materiali misti.<\/p>\n\n\n\n<p>Altri suoni si ascolteranno alle <strong>16.50<\/strong> nella sede di <strong>Salvatore Robuschi<\/strong> (Via Emilio Segr\u00e8 11\/a) con la<strong> Sonata per tubi, <\/strong>uno spettacolo di circo contemporaneo ideato dalla Compagnia Nando e Maila, che ricerca le possibilit\u00e0 musicali di oggetti ed attrezzi di circo, trasformandoli in strumenti musicali attraverso l\u2019ingegno e l\u2019uso della tecnologia. Subito a seguire, alle <strong>17.50 <\/strong>per i bambini dai 6 agli 11 anni \u00e8 stato ideato il laboratorio <strong>Tubi sonori<\/strong> durante il quale ogni partecipante verr\u00e0 guidato nella realizzazione del proprio tubo sonoro con vari materiali creativi, portando a casa un oggetto magico con cui continuare a suonare e sperimentare.<\/p>\n\n\n\n<p>Da <strong>Raytec Vision<\/strong> (Via Rudolf Diesel 2) alle <strong>17.00<\/strong> andr\u00e0 in scena <strong>Portraits Verdi &amp; Puccini <\/strong>a cura di <strong>Artemis Danza<\/strong>, una danza corale, ricca di impulsi e passioni, che fa un uso vorticoso dello spazio: le protagoniste si esibiranno in assoli protette da cornici in una dinamica accelerata da forze propulsive che fanno vivere nel corpo e nelle viscere il dramma e le passioni.<\/p>\n\n\n\n<p>I locali de <strong>La Giovane <\/strong>(Via dell\u2019Artigianato 2\/a)<strong> <\/strong>ospiteranno <strong><em>In bilico (Don Carlo e le donne)<\/em><\/strong>,<strong> <\/strong>del <strong>Collettivo Lynus<\/strong>, alle <strong>17.30 <\/strong>e alle <strong>18.15: <\/strong>un\u2019indagine sull\u2019amore e sulla guerra ma soprattutto sul potere, repressivo e opprimente, che permea entrambi i mondi. Ma anche una interrogazione sulla donna e sulla sua possibilit\u00e0 di essere libera, in un mondo cupo e soffocante. Partendo dal <em>Don Carlo<\/em> di Verdi e dalla Spagna del 1500 si abbraccer\u00e0 la nostra contemporaneit\u00e0 grazie alla performance di suoni in movimento, di voci e di corpi femminili in disequilibrio alla ricerca di un posto giusto in un mondo di guerra.<\/p>\n\n\n\n<p>Nella sede <strong>IREN <\/strong>(strada della Lupa) le visite guidate si alterneranno alla performance <strong><em>Ierofania<\/em><\/strong> con la regia di <strong>Alessandro Pasini<\/strong> e l\u2019elaborazione sonora di <strong>Daniele Boccardi<\/strong>, che avverr\u00e0 all\u2019interno di un padiglione di IRENAmbiente: un monolite, un totem oscuro, che vuole essere simbolo della terra bruciata, emblema e al tempo stesso lapide del pianeta morente. Il pubblico verr\u00e0 invitato a visitare il padiglione attraversandone l\u2019intero spazio, fino a raggiungere l\u2019insolito monumento. L\u2019atmosfera straniante sar\u00e0 rafforzata dall\u2019ambiente sonoro ipnotico e meditativo. Il raccoglimento collettivo detter\u00e0 l\u2019inizio della performance: un rito diviso in cinque sezioni (dalla durata totale di 40 minuti) scandito dal corpo, dalla voce e dal segno grafico della performer <strong>Anna Brussi<\/strong>, elevata a sacerdotessa sciamana.<\/p>\n\n\n\n<p><strong>VISITE GUIDATE E IMPRESE APERTE<\/strong><\/p>\n\n\n\n<p>In occasione della Verdi SPIP Parade, alcune aziende dell\u2019area SPIP, nell\u2019ambito del progetto <strong><em>Imprese aperte<\/em><\/strong><em>,<\/em> aprono le porte al pubblico per condividere il proprio ricco patrimonio di conoscenze e competenze facendo scoprire il \u201cdietro le quinte\u201d delle dinamiche produttive. <strong>Dalle ore 16.00<\/strong>, il pubblico potr\u00e0 partecipare alle visite guidate presso le aziende <strong>Opem <\/strong>(ore 16.00)<strong>, Iren <\/strong>(ore 15.00 e 16.00)<strong>, Raytec Vision <\/strong>(ore 16.00),<strong> La Giovane <\/strong>(ore 16.30 e 17.15).<\/p>\n\n\n\n<p>Al termine delle visite guidate sar\u00e0 possibile assistere agli spettacoli in programma.<\/p>\n\n\n\n<p>Ad aprire le proprie porte al pubblico saranno anche le aziende <strong>Bonatti<\/strong> (ore 14.30) e <strong>Rizzoli Emanuelli<\/strong> (15.30 e 17.00).<\/p>\n\n\n\n<p><strong>La partecipazione alla <em>Verdi SPIP Parade<\/em> e alle iniziative previste nell\u2019area Camst \u00e8 libera e gratuita. Per assistere agli spettacoli e per partecipare ai laboratori e alle visite guidate programmati nelle altre sedi \u00e8 necessario prenotarsi online al sito <\/strong><a href=\"http:\/\/www.impreseaperteparma.com\">www.impreseaperteparma.com<\/a><strong> <\/strong>o direttamente sulla pagina Eventbrite del progetto<strong>.<\/strong><\/p>\n\n\n\n<p><em>Imprese aperte<\/em> \u00e8 un progetto ideato e sviluppato da \u201cParma, io ci sto!\u201d e Unione Parmense degli Industriali, in collaborazione con l\u2019ente di formazione Cisita Parma e il patrocinio del Comune di Parma e Universit\u00e0 di Parma, che celebra il ruolo chiave che la cultura d\u2019impresa ricopre per il territorio. Sperimentato con successo durante il biennio di Parma Capitale Italiana della Cultura 2020+21, \u00e8 giunto nel 2024 alla sua quarta edizione coinvolgendo, con un format innovativo e unico a livello nazionale, le eccellenze imprenditoriali e produttive di Parma in un ricco calendario di appuntamenti rivolti a cittadini, turisti e studenti tra i mesi di maggio e novembre.<\/p>\n\n\n\n<p><a><strong>IL QUARTIERE E IL COMITATO SPIP: Verso il modello Eco-district<\/strong><\/a><\/p>\n\n\n\n<p>L\u2019area industriale Parma Nord (di cui fa parte il pi\u00f9 conosciuto quartiere SPIP &#8211; Societ\u00e0 Parmense per gli Insediamenti Produttivi) \u00e8 il principale comparto industriale della provincia che negli ultimi decenni ha ospitato la quota maggiore di attivit\u00e0 produttive. \u00c8 un Distretto industriale con aree verdi pari all\u2019estensione del Parco ducale, collocato in una posizione privilegiata all\u2019uscita del casello dell\u2019autostrada A1. \u00c8 riconoscibile come luogo del produrre, del lavoro, del trasporto di materiali, merci e persone. \u00c8 anche il luogo, non solo in termini simbolici, dove si produce una quota importante della ricchezza della citt\u00e0, dove chi produce mette in campo conoscenza, capacit\u00e0 di innovare e di competere in termini di qualit\u00e0 e quantit\u00e0. Il \u201cComitato per la rigenerazione dell\u2019Area Produttiva Nord della Citt\u00e0 di Parma\u201d si \u00e8 costituito nel 2019 (divenuto operativo nel 2021 a causa della pandemia) e ha come mission promuovere ogni iniziativa volta a trasformare l\u2019area industriale in una zona vivibile e in cui la presenza delle imprese insediate si coniughi con la qualit\u00e0 dei luoghi e della vita delle tante persone che ogni giorno vi si recano per lavorare, renderla quindi un <strong>moderno Eco-distric<\/strong>, ovvero un\u2019area nella quale le attivit\u00e0 produttive ottimizzano la gestione delle risorse, interagiscono con il territorio e danno concretezza alle nuove parole d\u2019ordine della sostenibilit\u00e0 quali ambiente, economia e ci\u00f2 che riguarda il sociale, attraverso proposte e attivit\u00e0 coordinate di sviluppo sostenibile, di cura dell\u2019area, di promozione dei servizi comuni alle realt\u00e0 economiche insediate come sicurezza e mobilit\u00e0 sostenibile. L\u2019Area industriale vuole diventare un esempio di come Parma sappia abbinare qualit\u00e0 delle proprie produzioni a qualit\u00e0 della vita e valorizzare il rapporto pubblico-privato.&nbsp;<\/p>\n\n\n\n<p>Per informazioni www.ecodistrictparma.com<\/p>\n\n\n\n<p><strong>PARTNER E SPONSOR<\/strong><\/p>\n\n\n\n<p>Il Festival Verdi \u00e8 realizzato grazie al contributo di <a>Ministero della Cultura, Regione Emilia-Romagna, Reggio Parma Festival, Comune di Parma<\/a>. Main partner Chiesi. Major partner Fondazione Cariparma. Media partner Mediaset. Cultural Partner <a>Cr\u00e9dit Agricole<\/a>. Main sponsor Iren, Barilla. Sponsor Unione Parmense degli Industriali, Dallara, Opem. Sostenitori <a>GloveICT, Cavalca, La Giovane, Amoretti, Sicim, Colser, Mutti, Cepim, Parmacotto, Grasselli, Parmalat, Delicius. <\/a>Con il contributo di Comune di Fidenza, Ascom e Ascom Confcommercio Parma Fondazione, Camera di Commercio dell\u2019Emilia, Fondazione Monte Parma, Comune di Busseto. Wine partner Oinoe. Mobilty Partner Tep. Con il supporto di \u201cParma, io ci sto!\u201d. Legal counselling Villa&amp;Partners. Partner scientifico Istituto Nazionale di Studi Verdiani. Digital counselling Unsocials. Radio Ufficiale Radio Monte Carlo. Fairplay Partner Zebre Parma. Tour Operator Partner Parma Incoming. Sostenitori tecnici <a>De Simoni, Milosped, Teamwork, Graphital. <\/a>Il Teatro Regio aderisce a Fedora, Opera Europa, Opera Vision, Emilia taste, nature &amp; culture. Special thanks to International Friends of Festival Verdi. Partner artistici e istituzionali Teatro Comunale di Bologna, La Toscanini, Societ\u00e0 dei Concerti di Parma, Conservatorio \u201cArrigo Boito\u201d di Parma, Coro del Teatro Regio di Parma.<\/p>\n\n\n\n\n\n<p>Parma, 26 settembre 2024<\/p>\n\n\n\n<p>Paolo Maier<\/p>\n\n\n\n<p>Responsabile Comunicazione istituzionale, Ufficio stampa, Archivio<\/p>\n\n\n\n<p>Teatro Regio di Parma<\/p>\n\n\n\n<p>strada Garibaldi 16\/A, 43121 Parma \u2013 Italia<\/p>\n\n\n\n<p>Tel. +39 0521 203969&nbsp;<\/p>\n\n\n\n<p>p.maier@teatroregioparma.it&nbsp;<\/p>\n\n\n\n<p>stampa@teatroregioparma.it<\/p>\n\n\n\n<p>www.teatroregioparma.it<\/p>\n\n\n\n\n\n\n\n\n\n\n\n<p><a href=\"http:\/\/www.facebook.com\/teatroregioparma\"><\/a>&nbsp;&nbsp;&nbsp;<\/p>\n\n\n\n<p><strong>VERDI SPIP PARADE<\/strong><\/p>\n\n\n\n<p><strong>Parma, Quartiere SPIP<\/strong><\/p>\n\n\n\n<p><strong>(via Alfred Bernhard Nobel, via Mercalli 1\/a)<\/strong><\/p>\n\n\n\n<p><strong>sabato 28 settembre 2024, dalle ore 15.30 alle 20.00<\/strong><\/p>\n\n\n\n<p><strong>ingresso libero<\/strong><strong><\/strong><\/p>\n\n\n\n<p>La Verdi SPIP Parade si terr\u00e0 anche in caso di maltempo.<\/p>\n\n\n\n<p>Aggiornamenti sul programma su festivalverdi.it.<\/p>\n\n\n\n<p><strong>Via Alfred Bernhard Nobel<\/strong><\/p>\n\n\n\n<p><strong>ore 15.30<\/strong> Partenza Verdi SPIP Parade<\/p>\n\n\n\n<p><strong>Funkasin Street Band<\/strong><\/p>\n\n\n\n<p>AREA CAMST Via Giuseppe Mercalli 1\/a<\/p>\n\n\n\n<p><strong>ore 16.00<\/strong> (durata 30 minuti)<\/p>\n\n\n\n<p><strong>Merenda verdiana<\/strong><\/p>\n\n\n\n<p><em>A cura di<\/em> Camst<\/p>\n\n\n\n<p><strong>ore 16.30<\/strong> (durata 1 ora)<\/p>\n\n\n\n<p><strong>Spiazza la piazza &#8211; Laboratori per bambini 3-12 anni<\/strong><\/p>\n\n\n\n<p><em>A cura di<\/em> Associazione Circolarmente<\/p>\n\n\n\n<p><strong>ore 18.30<\/strong> (durata 1 ora e 45 minuti)<\/p>\n\n\n\n<p><strong>Concerto finale<\/strong><\/p>\n\n\n\n<p><em>A cura di<\/em> Funkasin Street Band<\/p>\n\n\n\n<p>OPEM Via della Cooperazione 2\/a<\/p>\n\n\n\n<p><strong>ore 16.00<\/strong> (durata 45 minuti)<\/p>\n\n\n\n<p><strong>Visita guidata<\/strong><\/p>\n\n\n\n<p><em>A cura di<\/em> Imprese Aperte<\/p>\n\n\n\n<p><strong>ore 16.50<\/strong> (durata 55 minuti)<\/p>\n\n\n\n<p><strong>Musica Maestro!<\/strong><\/p>\n\n\n\n<p><em>A cura di<\/em> Auriga Teatro<\/p>\n\n\n\n<p><strong>ore 17.50<\/strong> (durata 40 minuti)<\/p>\n\n\n\n<p><strong>Gioielli di Aida \u2013 Laboratorio per bambini 6-11 anni<\/strong><\/p>\n\n\n\n<p><em>A cura di<\/em> Associazione Circolarmente<\/p>\n\n\n\n<p>SALVATORE ROBUSCHI <a>Via Emilio Segr\u00e8 11\/a<\/a><\/p>\n\n\n\n<p><strong>ore 16.50<\/strong> (durata 55 minuti)<\/p>\n\n\n\n<p><strong>Sonata per tubi<\/strong><\/p>\n\n\n\n<p><em>A cura di<\/em> Compagnia Nando e Maila<\/p>\n\n\n\n<p><strong>ore 17.50<\/strong> (durata 40 minuti)<\/p>\n\n\n\n<p><strong>Tubi sonori \u2013 Laboratorio per bambini 6-11 anni<\/strong><\/p>\n\n\n\n<p><em>A cura di<\/em> Associazione Circolarmente<\/p>\n\n\n\n<p>RAYTEC VISION <a>Via Rudolf Diesel 2<\/a><\/p>\n\n\n\n<p><strong>ore 16.00<\/strong> (durata 45 minuti)<\/p>\n\n\n\n<p><strong>Visita guidata<\/strong><\/p>\n\n\n\n<p><em>A cura di<\/em> Imprese Aperte<\/p>\n\n\n\n<p><strong>ore 17.00<\/strong> (durata 40 minuti)<\/p>\n\n\n\n<p><strong>Portraits Verdi e Puccini<\/strong><\/p>\n\n\n\n<p><em>A cura di<\/em> Compagnia Artemis Danza<\/p>\n\n\n\n<p>IREN Strada della Lupa<\/p>\n\n\n\n<p><strong>ore 15.00<\/strong> (durata 25 minuti)<\/p>\n\n\n\n<p><strong>Visita guidata ReCap<\/strong><\/p>\n\n\n\n<p><em>A cura di<\/em> Imprese Aperte<\/p>\n\n\n\n<p>+<\/p>\n\n\n\n<p><strong>Ierofania<\/strong><\/p>\n\n\n\n<p><em>Regia di<\/em> Alessandro Pasini<\/p>\n\n\n\n<p><em>Elaborazione sonora <\/em>Daniele Boccardi<\/p>\n\n\n\n<p><em>Performer <\/em>Anna Brussi<\/p>\n\n\n\n<p>+<\/p>\n\n\n\n<p><strong>Visita guidata Termovalorizzatore<\/strong><\/p>\n\n\n\n<p><em>A cura di<\/em> Imprese Aperte<\/p>\n\n\n\n<p><strong>ore 16.00<\/strong> (durata 25 minuti)<\/p>\n\n\n\n<p><strong>Visita guidata ReCap<\/strong><\/p>\n\n\n\n<p><em>A cura di<\/em> Imprese Aperte<\/p>\n\n\n\n<p>+<\/p>\n\n\n\n<p><strong>Ierofania<\/strong><\/p>\n\n\n\n<p><em>Regia di<\/em> Alessandro Pasini<\/p>\n\n\n\n<p><em>Elaborazione sonora <\/em>Daniele Boccardi<\/p>\n\n\n\n<p><em>Performer <\/em>Anna Brussi<\/p>\n\n\n\n<p>+<\/p>\n\n\n\n<p><strong>Visita guidata Termovalorizzatore<\/strong><\/p>\n\n\n\n<p><em>A cura di<\/em> Imprese Aperte<\/p>\n\n\n\n<p>LA GIOVANE <a>Via dell\u2019Artigianato 2\/a<\/a><\/p>\n\n\n\n<p><strong>ore 16.30<\/strong> (durata 45 minuti)<\/p>\n\n\n\n<p><strong>Visita guidata<\/strong><\/p>\n\n\n\n<p><em>A cura di<\/em> Imprese Aperte<\/p>\n\n\n\n<p><strong>ore 17.30<\/strong> (durata 45 minuti)<\/p>\n\n\n\n<p><strong>In bilico (Don Carlo e le donne)<\/strong><\/p>\n\n\n\n<p><em>A cura di<\/em> Collettivo Lynus<\/p>\n\n\n\n<p>BONATTI S.p.A. Via Alfred Bernhard Nobel 2\/a<\/p>\n\n\n\n<p><strong>ore 14.30<\/strong><\/p>\n\n\n\n<p><strong>Visita guidata<\/strong><\/p>\n\n\n\n<p><em>A cura di<\/em> Imprese Aperte<\/p>\n\n\n\n<p>RIZZOLI EMANUELLI Via Emilio Gino Segr\u00e8 3\/a<\/p>\n\n\n\n<p><strong>ore 15.30<\/strong><\/p>\n\n\n\n<p><strong>Visita guidata<\/strong><\/p>\n\n\n\n<p><em>A cura di<\/em> Imprese Aperte<\/p>\n\n\n\n<p><a><\/a><a><strong>VERDI SPIP PARADE<\/strong><\/a><\/p>\n\n\n\n<p><strong>Parma, Quartiere SPIP<\/strong><\/p>\n\n\n\n<p><strong>(via Alfred Bernhard Nobel, via Mercalli 1\/a)<\/strong><\/p>\n\n\n\n<p><strong>sabato 28 settembre 2024, dalle ore 15.30 alle 20.00<\/strong><\/p>\n\n\n\n<p><strong>ingresso libero<\/strong><strong><\/strong><\/p>\n\n\n\n<p>La Verdi SPIP Parade si terr\u00e0 anche in caso di maltempo.<\/p>\n\n\n\n<p>Aggiornamenti sul programma su festivalverdi.it.<\/p>\n\n\n\n<p><strong>Via Alfred Bernhard Nobel<\/strong><\/p>\n\n\n\n<p><strong>ore 15.30<\/strong> Partenza Verdi SPIP Parade<\/p>\n\n\n\n<p><strong>Funkasin Street Band<\/strong><\/p>\n\n\n\n<p>AREA CAMST Via Giuseppe Mercalli 1\/a<\/p>\n\n\n\n<p><strong>ore 16.00<\/strong> (durata 30 minuti)<\/p>\n\n\n\n<p><strong>Merenda verdiana<\/strong><\/p>\n\n\n\n<p><em>A cura di<\/em> Camst<\/p>\n\n\n\n<p><strong>ore 16.30<\/strong> (durata 1 ora)<\/p>\n\n\n\n<p><strong>Spiazza la piazza &#8211; Laboratori per bambini 3-12 anni<\/strong><\/p>\n\n\n\n<p><em>A cura di<\/em> Associazione Circolarmente<\/p>\n\n\n\n<p><strong>ore 18.30<\/strong> (durata 1 ora e 45 minuti)<\/p>\n\n\n\n<p><strong>Concerto finale<\/strong><\/p>\n\n\n\n<p><em>A cura di<\/em> Funkasin Street Band<\/p>\n\n\n\n<p>OPEM Via della Cooperazione 2\/a<\/p>\n\n\n\n<p><strong>ore 16.00<\/strong> (durata 45 minuti)<\/p>\n\n\n\n<p><strong>Visita guidata<\/strong><\/p>\n\n\n\n<p><em>A cura di<\/em> Imprese Aperte<\/p>\n\n\n\n<p><strong>ore 16.50<\/strong> (durata 55 minuti)<\/p>\n\n\n\n<p><strong>Musica Maestro!<\/strong><\/p>\n\n\n\n<p><em>A cura di<\/em> Auriga Teatro<\/p>\n\n\n\n<p><strong>ore 17.50<\/strong> (durata 40 minuti)<\/p>\n\n\n\n<p><strong>Gioielli di Aida \u2013 Laboratorio per bambini 6-11 anni<\/strong><\/p>\n\n\n\n<p><em>A cura di<\/em> Associazione Circolarmente<\/p>\n\n\n\n<p>SALVATORE ROBUSCHI <a>Via Emilio Segr\u00e8 11\/a<\/a><\/p>\n\n\n\n<p><strong>ore 16.50<\/strong> (durata 55 minuti)<\/p>\n\n\n\n<p><strong>Sonata per tubi<\/strong><\/p>\n\n\n\n<p><em>A cura di<\/em> Compagnia Nando e Maila<\/p>\n\n\n\n<p><strong>ore 17.50<\/strong> (durata 40 minuti)<\/p>\n\n\n\n<p><strong>Tubi sonori \u2013 Laboratorio per bambini 6-11 anni<\/strong><\/p>\n\n\n\n<p><em>A cura di<\/em> Associazione Circolarmente<\/p>\n\n\n\n<p>RAYTEC VISION <a>Via Rudolf Diesel 2<\/a><\/p>\n\n\n\n<p><strong>ore 16.00<\/strong> (durata 45 minuti)<\/p>\n\n\n\n<p><strong>Visita guidata<\/strong><\/p>\n\n\n\n<p><em>A cura di<\/em> Imprese Aperte<\/p>\n\n\n\n<p><strong>ore 17.00<\/strong> (durata 40 minuti)<\/p>\n\n\n\n<p><strong>Portraits Verdi e Puccini<\/strong><\/p>\n\n\n\n<p><em>A cura di<\/em> Compagnia Artemis Danza<\/p>\n\n\n\n<p>IREN Strada della Lupa<\/p>\n\n\n\n<p><strong>ore 15.00<\/strong> (durata 25 minuti)<\/p>\n\n\n\n<p><strong>Visita guidata ReCap<\/strong><\/p>\n\n\n\n<p><em>A cura di<\/em> Imprese Aperte<\/p>\n\n\n\n<p>+<\/p>\n\n\n\n<p><strong>Ierofania<\/strong><\/p>\n\n\n\n<p><em>Regia di<\/em> Alessandro Pasini<\/p>\n\n\n\n<p><em>Elaborazione sonora <\/em>Daniele Boccardi<\/p>\n\n\n\n<p><em>Performer <\/em>Anna Brussi<\/p>\n\n\n\n<p>+<\/p>\n\n\n\n<p><strong>Visita guidata Termovalorizzatore<\/strong><\/p>\n\n\n\n<p><em>A cura di<\/em> Imprese Aperte<\/p>\n\n\n\n<p><strong>ore 16.00<\/strong> (durata 25 minuti)<\/p>\n\n\n\n<p><strong>Visita guidata ReCap<\/strong><\/p>\n\n\n\n<p><em>A cura di<\/em> Imprese Aperte<\/p>\n\n\n\n<p>+<\/p>\n\n\n\n<p><strong>Ierofania<\/strong><\/p>\n\n\n\n<p><em>Regia di<\/em> Alessandro Pasini<\/p>\n\n\n\n<p><em>Elaborazione sonora <\/em>Daniele Boccardi<\/p>\n\n\n\n<p><em>Performer <\/em>Anna Brussi<\/p>\n\n\n\n<p>+<\/p>\n\n\n\n<p><strong>Visita guidata Termovalorizzatore<\/strong><\/p>\n\n\n\n<p><em>A cura di<\/em> Imprese Aperte<\/p>\n\n\n\n<p>LA GIOVANE <a>Via dell\u2019Artigianato 2\/a<\/a><\/p>\n\n\n\n<p><strong>ore 16.30<\/strong> (durata 45 minuti)<\/p>\n\n\n\n<p><strong>Visita guidata<\/strong><\/p>\n\n\n\n<p><em>A cura di<\/em> Imprese Aperte<\/p>\n\n\n\n<p><strong>ore 17.30<\/strong> (durata 45 minuti)<\/p>\n\n\n\n<p><strong>In bilico (Don Carlo e le donne)<\/strong><\/p>\n\n\n\n<p><em>A cura di<\/em> Collettivo Lynus<\/p>\n\n\n\n<p>BONATTI S.p.A. Via Alfred Bernhard Nobel 2\/a<\/p>\n\n\n\n<p><strong>ore 14.30<\/strong><\/p>\n\n\n\n<p><strong>Visita guidata<\/strong><\/p>\n\n\n\n<p><em>A cura di<\/em> Imprese Aperte<\/p>\n\n\n\n<p>RIZZOLI EMANUELLI Via Emilio Gino Segr\u00e8 3\/a<\/p>\n\n\n\n<p><strong>ore 15.30<\/strong><\/p>\n\n\n\n<p><strong>Visita guidata<\/strong><\/p>\n\n\n\n<p><em>A cura di<\/em> Imprese Aperte<\/p>\n\n\n\n<p>foto di repertorio Verdi SPIP Parade ph Ricci<\/p>\n\n\n\n<figure class=\"wp-block-gallery has-nested-images columns-default is-cropped wp-block-gallery-1 is-layout-flex wp-block-gallery-is-layout-flex\">\n<figure class=\"wp-block-image size-large\"><a href=\"https:\/\/www.ecoitaliano.com.ar\/wp-content\/uploads\/2024\/09\/DSC_3043.jpg\"><img decoding=\"async\" width=\"1024\" height=\"684\" data-id=\"61992\" src=\"https:\/\/www.ecoitaliano.com.ar\/wp-content\/uploads\/2024\/09\/DSC_3043-1024x684.jpg\" alt=\"\" class=\"wp-image-61992\" srcset=\"https:\/\/www.ecoitaliano.com.ar\/wp-content\/uploads\/2024\/09\/DSC_3043-1024x684.jpg 1024w, https:\/\/www.ecoitaliano.com.ar\/wp-content\/uploads\/2024\/09\/DSC_3043-300x200.jpg 300w, https:\/\/www.ecoitaliano.com.ar\/wp-content\/uploads\/2024\/09\/DSC_3043-768x513.jpg 768w, https:\/\/www.ecoitaliano.com.ar\/wp-content\/uploads\/2024\/09\/DSC_3043-1536x1026.jpg 1536w, https:\/\/www.ecoitaliano.com.ar\/wp-content\/uploads\/2024\/09\/DSC_3043-2048x1367.jpg 2048w, https:\/\/www.ecoitaliano.com.ar\/wp-content\/uploads\/2024\/09\/DSC_3043-150x100.jpg 150w\" sizes=\"(max-width: 1024px) 100vw, 1024px\" \/><\/a><\/figure>\n\n\n\n<figure class=\"wp-block-image size-large\"><a href=\"https:\/\/www.ecoitaliano.com.ar\/wp-content\/uploads\/2024\/09\/DSC_3060.jpg\"><img decoding=\"async\" width=\"1024\" height=\"620\" data-id=\"61993\" src=\"https:\/\/www.ecoitaliano.com.ar\/wp-content\/uploads\/2024\/09\/DSC_3060-1024x620.jpg\" alt=\"\" class=\"wp-image-61993\" srcset=\"https:\/\/www.ecoitaliano.com.ar\/wp-content\/uploads\/2024\/09\/DSC_3060-1024x620.jpg 1024w, https:\/\/www.ecoitaliano.com.ar\/wp-content\/uploads\/2024\/09\/DSC_3060-300x181.jpg 300w, https:\/\/www.ecoitaliano.com.ar\/wp-content\/uploads\/2024\/09\/DSC_3060-768x465.jpg 768w, https:\/\/www.ecoitaliano.com.ar\/wp-content\/uploads\/2024\/09\/DSC_3060-1536x929.jpg 1536w, https:\/\/www.ecoitaliano.com.ar\/wp-content\/uploads\/2024\/09\/DSC_3060-2048x1239.jpg 2048w, https:\/\/www.ecoitaliano.com.ar\/wp-content\/uploads\/2024\/09\/DSC_3060-150x91.jpg 150w, https:\/\/www.ecoitaliano.com.ar\/wp-content\/uploads\/2024\/09\/DSC_3060-250x150.jpg 250w\" sizes=\"(max-width: 1024px) 100vw, 1024px\" \/><\/a><\/figure>\n\n\n\n<figure class=\"wp-block-image size-large\"><a href=\"https:\/\/www.ecoitaliano.com.ar\/wp-content\/uploads\/2024\/09\/DSC_3108.jpg\"><img decoding=\"async\" width=\"1024\" height=\"684\" data-id=\"61994\" src=\"https:\/\/www.ecoitaliano.com.ar\/wp-content\/uploads\/2024\/09\/DSC_3108-1024x684.jpg\" alt=\"\" class=\"wp-image-61994\" srcset=\"https:\/\/www.ecoitaliano.com.ar\/wp-content\/uploads\/2024\/09\/DSC_3108-1024x684.jpg 1024w, https:\/\/www.ecoitaliano.com.ar\/wp-content\/uploads\/2024\/09\/DSC_3108-300x200.jpg 300w, https:\/\/www.ecoitaliano.com.ar\/wp-content\/uploads\/2024\/09\/DSC_3108-768x513.jpg 768w, https:\/\/www.ecoitaliano.com.ar\/wp-content\/uploads\/2024\/09\/DSC_3108-1536x1026.jpg 1536w, https:\/\/www.ecoitaliano.com.ar\/wp-content\/uploads\/2024\/09\/DSC_3108-2048x1367.jpg 2048w, https:\/\/www.ecoitaliano.com.ar\/wp-content\/uploads\/2024\/09\/DSC_3108-150x100.jpg 150w\" sizes=\"(max-width: 1024px) 100vw, 1024px\" \/><\/a><\/figure>\n\n\n\n<figure class=\"wp-block-image size-large\"><a href=\"https:\/\/www.ecoitaliano.com.ar\/wp-content\/uploads\/2024\/09\/DSC_3121.jpg\"><img decoding=\"async\" width=\"1024\" height=\"731\" data-id=\"61995\" src=\"https:\/\/www.ecoitaliano.com.ar\/wp-content\/uploads\/2024\/09\/DSC_3121-1024x731.jpg\" alt=\"\" class=\"wp-image-61995\" srcset=\"https:\/\/www.ecoitaliano.com.ar\/wp-content\/uploads\/2024\/09\/DSC_3121-1024x731.jpg 1024w, https:\/\/www.ecoitaliano.com.ar\/wp-content\/uploads\/2024\/09\/DSC_3121-300x214.jpg 300w, https:\/\/www.ecoitaliano.com.ar\/wp-content\/uploads\/2024\/09\/DSC_3121-768x549.jpg 768w, https:\/\/www.ecoitaliano.com.ar\/wp-content\/uploads\/2024\/09\/DSC_3121-1536x1097.jpg 1536w, https:\/\/www.ecoitaliano.com.ar\/wp-content\/uploads\/2024\/09\/DSC_3121-2048x1463.jpg 2048w, https:\/\/www.ecoitaliano.com.ar\/wp-content\/uploads\/2024\/09\/DSC_3121-150x107.jpg 150w\" sizes=\"(max-width: 1024px) 100vw, 1024px\" \/><\/a><\/figure>\n\n\n\n<figure class=\"wp-block-image size-large\"><a href=\"https:\/\/www.ecoitaliano.com.ar\/wp-content\/uploads\/2024\/09\/DSC_3255.jpg\"><img decoding=\"async\" width=\"1024\" height=\"517\" data-id=\"61996\" src=\"https:\/\/www.ecoitaliano.com.ar\/wp-content\/uploads\/2024\/09\/DSC_3255-1024x517.jpg\" alt=\"\" class=\"wp-image-61996\" srcset=\"https:\/\/www.ecoitaliano.com.ar\/wp-content\/uploads\/2024\/09\/DSC_3255-1024x517.jpg 1024w, https:\/\/www.ecoitaliano.com.ar\/wp-content\/uploads\/2024\/09\/DSC_3255-300x151.jpg 300w, https:\/\/www.ecoitaliano.com.ar\/wp-content\/uploads\/2024\/09\/DSC_3255-768x388.jpg 768w, https:\/\/www.ecoitaliano.com.ar\/wp-content\/uploads\/2024\/09\/DSC_3255-1536x775.jpg 1536w, https:\/\/www.ecoitaliano.com.ar\/wp-content\/uploads\/2024\/09\/DSC_3255-2048x1034.jpg 2048w, https:\/\/www.ecoitaliano.com.ar\/wp-content\/uploads\/2024\/09\/DSC_3255-150x76.jpg 150w\" sizes=\"(max-width: 1024px) 100vw, 1024px\" \/><\/a><\/figure>\n<\/figure>\n\n\n\n<p>illustrazioni Davide Forleo<\/p>\n\n\n\n<figure class=\"wp-block-gallery has-nested-images columns-default is-cropped wp-block-gallery-2 is-layout-flex wp-block-gallery-is-layout-flex\">\n<figure class=\"wp-block-image size-large\"><a href=\"https:\/\/www.ecoitaliano.com.ar\/wp-content\/uploads\/2024\/09\/TRP-24-SOCIAL_SPIP-PARADE_1200x1200_1.jpg\"><img decoding=\"async\" width=\"1024\" height=\"1024\" data-id=\"61997\" src=\"https:\/\/www.ecoitaliano.com.ar\/wp-content\/uploads\/2024\/09\/TRP-24-SOCIAL_SPIP-PARADE_1200x1200_1-1024x1024.jpg\" alt=\"\" class=\"wp-image-61997\" srcset=\"https:\/\/www.ecoitaliano.com.ar\/wp-content\/uploads\/2024\/09\/TRP-24-SOCIAL_SPIP-PARADE_1200x1200_1-1024x1024.jpg 1024w, https:\/\/www.ecoitaliano.com.ar\/wp-content\/uploads\/2024\/09\/TRP-24-SOCIAL_SPIP-PARADE_1200x1200_1-300x300.jpg 300w, https:\/\/www.ecoitaliano.com.ar\/wp-content\/uploads\/2024\/09\/TRP-24-SOCIAL_SPIP-PARADE_1200x1200_1-150x150.jpg 150w, https:\/\/www.ecoitaliano.com.ar\/wp-content\/uploads\/2024\/09\/TRP-24-SOCIAL_SPIP-PARADE_1200x1200_1-768x768.jpg 768w, https:\/\/www.ecoitaliano.com.ar\/wp-content\/uploads\/2024\/09\/TRP-24-SOCIAL_SPIP-PARADE_1200x1200_1.jpg 1200w\" sizes=\"(max-width: 1024px) 100vw, 1024px\" \/><\/a><\/figure>\n\n\n\n<figure class=\"wp-block-image size-large\"><a href=\"https:\/\/www.ecoitaliano.com.ar\/wp-content\/uploads\/2024\/09\/TRP-24-SPIP-16-9-01-scaled.jpg\"><img decoding=\"async\" width=\"1024\" height=\"576\" data-id=\"61998\" src=\"https:\/\/www.ecoitaliano.com.ar\/wp-content\/uploads\/2024\/09\/TRP-24-SPIP-16-9-01-1024x576.jpg\" alt=\"\" class=\"wp-image-61998\" srcset=\"https:\/\/www.ecoitaliano.com.ar\/wp-content\/uploads\/2024\/09\/TRP-24-SPIP-16-9-01-1024x576.jpg 1024w, https:\/\/www.ecoitaliano.com.ar\/wp-content\/uploads\/2024\/09\/TRP-24-SPIP-16-9-01-300x169.jpg 300w, https:\/\/www.ecoitaliano.com.ar\/wp-content\/uploads\/2024\/09\/TRP-24-SPIP-16-9-01-768x432.jpg 768w, https:\/\/www.ecoitaliano.com.ar\/wp-content\/uploads\/2024\/09\/TRP-24-SPIP-16-9-01-1536x864.jpg 1536w, https:\/\/www.ecoitaliano.com.ar\/wp-content\/uploads\/2024\/09\/TRP-24-SPIP-16-9-01-2048x1152.jpg 2048w, https:\/\/www.ecoitaliano.com.ar\/wp-content\/uploads\/2024\/09\/TRP-24-SPIP-16-9-01-150x84.jpg 150w\" sizes=\"(max-width: 1024px) 100vw, 1024px\" \/><\/a><\/figure>\n\n\n\n<figure class=\"wp-block-image size-large\"><a href=\"https:\/\/www.ecoitaliano.com.ar\/wp-content\/uploads\/2024\/09\/TRP-24-SPIP-16-9-01-1-scaled.jpg\"><img decoding=\"async\" width=\"1024\" height=\"576\" data-id=\"61999\" src=\"https:\/\/www.ecoitaliano.com.ar\/wp-content\/uploads\/2024\/09\/TRP-24-SPIP-16-9-01-1-1024x576.jpg\" alt=\"\" class=\"wp-image-61999\" srcset=\"https:\/\/www.ecoitaliano.com.ar\/wp-content\/uploads\/2024\/09\/TRP-24-SPIP-16-9-01-1-1024x576.jpg 1024w, https:\/\/www.ecoitaliano.com.ar\/wp-content\/uploads\/2024\/09\/TRP-24-SPIP-16-9-01-1-300x169.jpg 300w, https:\/\/www.ecoitaliano.com.ar\/wp-content\/uploads\/2024\/09\/TRP-24-SPIP-16-9-01-1-768x432.jpg 768w, https:\/\/www.ecoitaliano.com.ar\/wp-content\/uploads\/2024\/09\/TRP-24-SPIP-16-9-01-1-1536x864.jpg 1536w, https:\/\/www.ecoitaliano.com.ar\/wp-content\/uploads\/2024\/09\/TRP-24-SPIP-16-9-01-1-2048x1152.jpg 2048w, https:\/\/www.ecoitaliano.com.ar\/wp-content\/uploads\/2024\/09\/TRP-24-SPIP-16-9-01-1-150x84.jpg 150w\" sizes=\"(max-width: 1024px) 100vw, 1024px\" \/><\/a><\/figure>\n<\/figure>\n\n\n\n<p>mappa Verdi SPIP parade<\/p>\n\n\n\n<p><a><\/a><a><strong>VERDI SPIP PARADE<\/strong><\/a><\/p>\n\n\n\n<p><strong>sabato 28 settembre 2024, dalle ore 15.30 alle 20.00<\/strong><\/p>\n\n\n\n<p><strong>Leggenda mappa<\/strong><\/p>\n\n\n\n<p><strong>1. Opem<\/strong><\/p>\n\n\n\n<p><strong>2. Salvatore Robuschi<\/strong><\/p>\n\n\n\n<p><strong>3. Iren<\/strong><\/p>\n\n\n\n<p><strong>4. Raytec Vision<\/strong><\/p>\n\n\n\n<p><strong>5. Camst<\/strong><\/p>\n\n\n\n<p><strong>6. La Giovane<\/strong><\/p>\n\n\n\n<figure class=\"wp-block-gallery has-nested-images columns-default is-cropped wp-block-gallery-3 is-layout-flex wp-block-gallery-is-layout-flex\">\n<figure class=\"wp-block-image size-large\"><a href=\"https:\/\/www.ecoitaliano.com.ar\/wp-content\/uploads\/2024\/09\/Mappa-Verdi-SPIP-Parade-scaled.jpg\"><img decoding=\"async\" width=\"1024\" height=\"613\" data-id=\"62000\" src=\"https:\/\/www.ecoitaliano.com.ar\/wp-content\/uploads\/2024\/09\/Mappa-Verdi-SPIP-Parade-1024x613.jpg\" alt=\"\" class=\"wp-image-62000\" srcset=\"https:\/\/www.ecoitaliano.com.ar\/wp-content\/uploads\/2024\/09\/Mappa-Verdi-SPIP-Parade-1024x613.jpg 1024w, https:\/\/www.ecoitaliano.com.ar\/wp-content\/uploads\/2024\/09\/Mappa-Verdi-SPIP-Parade-300x180.jpg 300w, https:\/\/www.ecoitaliano.com.ar\/wp-content\/uploads\/2024\/09\/Mappa-Verdi-SPIP-Parade-768x460.jpg 768w, https:\/\/www.ecoitaliano.com.ar\/wp-content\/uploads\/2024\/09\/Mappa-Verdi-SPIP-Parade-1536x920.jpg 1536w, https:\/\/www.ecoitaliano.com.ar\/wp-content\/uploads\/2024\/09\/Mappa-Verdi-SPIP-Parade-2048x1227.jpg 2048w, https:\/\/www.ecoitaliano.com.ar\/wp-content\/uploads\/2024\/09\/Mappa-Verdi-SPIP-Parade-150x90.jpg 150w, https:\/\/www.ecoitaliano.com.ar\/wp-content\/uploads\/2024\/09\/Mappa-Verdi-SPIP-Parade-250x150.jpg 250w\" sizes=\"(max-width: 1024px) 100vw, 1024px\" \/><\/a><\/figure>\n<\/figure>\n","protected":false},"excerpt":{"rendered":"<p>VERDI SPIP PARADE Musica, teatro, giocoleria, concerti e spettacoli per famiglie e bambini, per scoprire il grande spazio urbano nel [&hellip;]<\/p>\n","protected":false},"author":1,"featured_media":0,"comment_status":"open","ping_status":"open","sticky":false,"template":"","format":"standard","meta":{"footnotes":""},"categories":[1],"tags":[],"class_list":["post-61991","post","type-post","status-publish","format-standard","hentry","category-sin-categoria"],"_links":{"self":[{"href":"https:\/\/www.ecoitaliano.com.ar\/index.php?rest_route=\/wp\/v2\/posts\/61991","targetHints":{"allow":["GET"]}}],"collection":[{"href":"https:\/\/www.ecoitaliano.com.ar\/index.php?rest_route=\/wp\/v2\/posts"}],"about":[{"href":"https:\/\/www.ecoitaliano.com.ar\/index.php?rest_route=\/wp\/v2\/types\/post"}],"author":[{"embeddable":true,"href":"https:\/\/www.ecoitaliano.com.ar\/index.php?rest_route=\/wp\/v2\/users\/1"}],"replies":[{"embeddable":true,"href":"https:\/\/www.ecoitaliano.com.ar\/index.php?rest_route=%2Fwp%2Fv2%2Fcomments&post=61991"}],"version-history":[{"count":0,"href":"https:\/\/www.ecoitaliano.com.ar\/index.php?rest_route=\/wp\/v2\/posts\/61991\/revisions"}],"wp:attachment":[{"href":"https:\/\/www.ecoitaliano.com.ar\/index.php?rest_route=%2Fwp%2Fv2%2Fmedia&parent=61991"}],"wp:term":[{"taxonomy":"category","embeddable":true,"href":"https:\/\/www.ecoitaliano.com.ar\/index.php?rest_route=%2Fwp%2Fv2%2Fcategories&post=61991"},{"taxonomy":"post_tag","embeddable":true,"href":"https:\/\/www.ecoitaliano.com.ar\/index.php?rest_route=%2Fwp%2Fv2%2Ftags&post=61991"}],"curies":[{"name":"wp","href":"https:\/\/api.w.org\/{rel}","templated":true}]}}