{"id":62010,"date":"2024-09-27T17:22:39","date_gmt":"2024-09-27T17:22:39","guid":{"rendered":"https:\/\/www.ecoitaliano.com.ar\/?p=62010"},"modified":"2024-09-27T17:22:39","modified_gmt":"2024-09-27T17:22:39","slug":"serena-conduce-operaclassica-eco-italiano-3657","status":"publish","type":"post","link":"https:\/\/www.ecoitaliano.com.ar\/?p=62010","title":{"rendered":"Serena conduce operaclassica eco italiano"},"content":{"rendered":"<div class=\"wp-block-image\">\n<figure class=\"aligncenter size-full is-resized\"><a href=\"http:\/\/www.ecoitaliano.com.ar\/wp-content\/uploads\/2024\/09\/Screenshot-1233-3.png\"><img decoding=\"async\" width=\"255\" height=\"253\" src=\"http:\/\/www.ecoitaliano.com.ar\/wp-content\/uploads\/2024\/09\/Screenshot-1233-3.png\" alt=\"\" class=\"wp-image-62011\" style=\"width:191px;height:auto\" srcset=\"https:\/\/www.ecoitaliano.com.ar\/wp-content\/uploads\/2024\/09\/Screenshot-1233-3.png 255w, https:\/\/www.ecoitaliano.com.ar\/wp-content\/uploads\/2024\/09\/Screenshot-1233-3-150x150.png 150w\" sizes=\"(max-width: 255px) 100vw, 255px\" \/><\/a><\/figure><\/div>\n\n\n<p><strong>Domenica 29 settembre 2024 alle ore 17, sala Zubin Mehta, continua il ciclo dei concerti di canto al Maggio con il mezzosoprano Teresa Iervolino:&nbsp;<em>Prima Donna, Primo Uomo<\/em>.<\/strong><\/p>\n\n\n\n<p><br><strong>Orchestra del Maggio Musicale Fiorentino.<\/strong><\/p>\n\n\n\n<p><strong>Sul podio Matteo Parmeggiani.<\/strong><\/p>\n\n\n\n<p><strong>Arie e sinfonie di Gioachino Rossini e Giuseppe Verdi<\/strong><\/p>\n\n\n\n<p><em>Firenze, 27 settembre 2024<\/em>&nbsp;\u2013 Domenica 29 settembre 2024 alle ore 17, in sala Zubin Mehta, continua il ciclo di recital di canto al Maggio: dopo il concerto basato sul cd \u201cDelirio\u201d con il soprano Jessica Pratt, \u00e8 il turno di Teresa Iervolino con&nbsp;<em>Prima Donna, Primo Uomo<\/em>. Il recital di canto, con il maestro Matteo Parmeggiani sul podio a dirigere l\u2019Orchestra del Maggio, anticipa l\u2019uscita di un cd omonimo (diretto per la registrazione da Giacomo Sagripanti) che uscir\u00e0 a breve per l\u2019etichetta Dynamic.<\/p>\n\n\n\n<p><em>\u201cIl concerto &#8211; &nbsp;<\/em>spiega Teresa Iervolino<em>&nbsp;&#8211; &nbsp;\u00e8 un simbolo del nostro cd e la sua particolarit\u00e0 sta nel fatto d\u2019interpretare ruoli sia scritti per uomini, sia scritti per donne che vestono i panni di un uomo. La \u201cGiovanna D\u2019Arco\u201d, per esempio, \u00e8 la rappresentazione figurativa (e musicale) di una donna che per farsi coraggio e combattere deve vestirsi i panni di un uomo\u201d.<\/em><\/p>\n\n\n\n<p>Iervolino, artista sempre ben accolta dal pubblico del Maggio, impegnata fino al 27 settembre con le recite de \u201cLa Cenerentola\u201d in Sala Grande, \u00e8 una talentuosa e virtuosistica belcantista dei nostri tempi e affronta in questo concerto&nbsp;&#8211; e nel Cd \u2013 arie di Gioachino Rossini e Giuseppe Verdi scritte per voce maschile, ma interpretate da voce femminile. Sul podio Matteo Parmeggiani che torner\u00e0 nuovamente al Maggio per un successivo recital di cantodi questo autunno con il baritono Nicola Alaimo (3 novembre 2024) in un concerto con arie e sinfonie di Gaetano Donizetti<strong>.<\/strong><\/p>\n\n\n\n<p>I brani presentati &#8211; in ordine di esecuzione &#8211; sono dunque tratti da&nbsp;<em>Semiramide<\/em>&nbsp;di Gioachino Rossini, da&nbsp;<em>Ernani&nbsp;<\/em>e poi ancora Rossini con la cantata&nbsp;<em>Giovanna D\u2019Arco<\/em>&nbsp;per voce e orchestra (orchestrazione di Luca Giovanni Logi).<\/p>\n\n\n\n<p>Il primo brano \u00e8 tratto dall\u2019opera&nbsp;<em>Semiramide<\/em>&nbsp;di Rossini ed \u00e8 l\u2019aria di sortita di Arsace:&nbsp;\u201cEccomi alfine in Babilonia\u201d, articolata nella forma quadripartita di recitativo, cantabile, tempo di mezzo e cabaletta conclusiva, presenta il condottiero tornato in patria dopo lungo tempo mentre rammenta il giorno dell\u2019incontro con Azema e del suo innamoramento. Quasi un decennio dopo&nbsp;<em>Semiramide,&nbsp;<\/em>nel 1832, Rossini compose a Parigi la cantata&nbsp;<em>Giovanna d\u2019Arco&nbsp;<\/em>per contralto e pianoforte (che chiude il concerto). La cantata, su testo di autore anonimo, \u00e8 articolata in due ampi recitativi seguiti da due arie. La Pulzella d\u2019Orl\u00e9ans, che rinnega la propria natura per combattere come un uomo insieme all\u2019esercito francese, \u00e8 ritratta nel recitativo mentre riflette sull\u2019importanza della sua missione guerresca. Nell\u2019aria che segue il suo pensiero corre alla madre, ricordata con affetto. Ma ecco tornare nel secondo recitativo le visioni funeste annunciate dall\u2019angelo della morte e che nella seconda aria prendono corpo in una scrittura sempre pi\u00f9 fiorita e virtuosistica. L\u2019aria invece presentata a met\u00e0 concerto, \u201cOh, de\u2019 verd\u2019anni miei\u201d dall\u2019opera&nbsp;<em>Ernani<\/em>&nbsp;di Giuseppe Verdi, \u00e8 tratta dalla parte terza dell\u2019opera in cui Carlo, nascosto nei sotterranei che custodiscono il sepolcro di Carlo Magno, attende di rivelarsi per mandare a monte la congiura ordita contro di lui. Carlo, che diventer\u00e0 il futuro imperatore, medita sull\u2019incanto fugace della trascorsa giovent\u00f9 e sul compito importante a cui sta per essere chiamato. Caso limite, ma non isolato, della versatilit\u00e0&nbsp;di alcune interpreti leggendarie del diciannovesimo secolo, capaci al bisogno di prestare voce non solo a giovani condottieri ma anche a personaggi decisamente pi\u00f9 virili, \u00e8 quello del contralto Marietta Alboni, che nel 1848 in un allestimento londinese di&nbsp;<em>Ernani&nbsp;<\/em>di Verdi (opera scritta per il Teatro La Fenice di Venezianel 1844) interpret\u00f2 addirittura il ruolo di Carlo.<\/p>\n\n\n\n<p>Nel corso del concerto il maestro Parmeggiani diriger\u00e0 la sinfonia da&nbsp;<em>Elisabetta, regina d\u2019Inghilterra<\/em>&nbsp;di Rossini e da&nbsp;<em>Luisa Miller<\/em>&nbsp;di Verdi.&nbsp;<\/p>\n\n\n\n<p>La sinfonia di apertura di\u00a0<em>Elisabetta regina d\u2019Inghilterra<\/em>, opera seria che debutt\u00f2 al San Carlo di Napoli nel 1815, rappresenta un altro esempio di ambiguit\u00e0 in musica. Infatti non fu scritta appositamente per l\u2019occasione ma ripresa da\u00a0<em>Aureliano in Palmira,\u00a0<\/em>opera seria allestita al Teatro alla Scala nel dicembre del 1813. Ma il reimpiego della sinfonia non era ancora concluso, poich\u00e9 la stessa confluir\u00e0 poi, nel 1816, in un\u2019altra opera, ma di segno opposto:\u00a0<em>Il barbiere di Siviglia<\/em>, l\u2019opera buffa pi\u00f9 celebre di Rossini. La peculiarit\u00e0, invece, della sinfonia di\u00a0<em>Luisa Miller\u00a0<\/em>di Verdi, opera che debutta al Teatro San Carlo di Napoli nel 1849, risiede invece nella sua struttura in un unico movimento che sviluppa un solo tema (come nei preludi d\u2019opera). La sinfonia espone infatti la \u2018tinta\u2019 del dramma attraverso quell\u2019unico tema caratterizzato da ritmo anapestico (nel lessico verdiano spesso associato al fato avverso) e da semitono discendente, simbolo musicale del lamento. La Pulzella d\u2019Orl\u00e9ans ispir\u00f2 anche Giuseppe Verdi, che ne celebr\u00f2 le vicende nella sua\u00a0<em>Giovanna d\u2019Arco<\/em>\u00a0andata in scena al Teatro alla Scala di Milano nel 1845. La sinfonia di apertura dell\u2019opera \u00e8 costruita su due temi di carattere diametralmente opposto che ben rappresentano i due mondi di Giovanna: l\u2019uno, perentorio e in ritmo marziale collegato alla vita guerriera, l\u2019altro delicato e dai toni pastorali che ricorda invece la vera natura dell\u2019eroina del dramma.<\/p>\n\n\n\n<p>foto<\/p>\n\n\n\n<figure class=\"wp-block-gallery has-nested-images columns-default is-cropped wp-block-gallery-1 is-layout-flex wp-block-gallery-is-layout-flex\">\n<figure class=\"wp-block-image size-large\"><a href=\"https:\/\/www.ecoitaliano.com.ar\/wp-content\/uploads\/2024\/09\/7-Matteo-Parmeggiani-\u00a9-Michele-Monasta-Maggio-Musicale-Fiorentino-scaled.jpg\"><img decoding=\"async\" width=\"1024\" height=\"683\" data-id=\"62012\" src=\"https:\/\/www.ecoitaliano.com.ar\/wp-content\/uploads\/2024\/09\/7-Matteo-Parmeggiani-\u00a9-Michele-Monasta-Maggio-Musicale-Fiorentino-1024x683.jpg\" alt=\"\" class=\"wp-image-62012\" srcset=\"https:\/\/www.ecoitaliano.com.ar\/wp-content\/uploads\/2024\/09\/7-Matteo-Parmeggiani-\u00a9-Michele-Monasta-Maggio-Musicale-Fiorentino-1024x683.jpg 1024w, https:\/\/www.ecoitaliano.com.ar\/wp-content\/uploads\/2024\/09\/7-Matteo-Parmeggiani-\u00a9-Michele-Monasta-Maggio-Musicale-Fiorentino-300x200.jpg 300w, https:\/\/www.ecoitaliano.com.ar\/wp-content\/uploads\/2024\/09\/7-Matteo-Parmeggiani-\u00a9-Michele-Monasta-Maggio-Musicale-Fiorentino-768x512.jpg 768w, https:\/\/www.ecoitaliano.com.ar\/wp-content\/uploads\/2024\/09\/7-Matteo-Parmeggiani-\u00a9-Michele-Monasta-Maggio-Musicale-Fiorentino-1536x1024.jpg 1536w, https:\/\/www.ecoitaliano.com.ar\/wp-content\/uploads\/2024\/09\/7-Matteo-Parmeggiani-\u00a9-Michele-Monasta-Maggio-Musicale-Fiorentino-2048x1365.jpg 2048w, https:\/\/www.ecoitaliano.com.ar\/wp-content\/uploads\/2024\/09\/7-Matteo-Parmeggiani-\u00a9-Michele-Monasta-Maggio-Musicale-Fiorentino-150x100.jpg 150w\" sizes=\"(max-width: 1024px) 100vw, 1024px\" \/><\/a><\/figure>\n\n\n\n<figure class=\"wp-block-image size-large\"><a href=\"https:\/\/www.ecoitaliano.com.ar\/wp-content\/uploads\/2024\/09\/7a-Teresa-Iervolino-\u00a9-Michele-Monasta-Maggio-Musicale-Fiorentino.jpg\"><img decoding=\"async\" width=\"683\" height=\"1024\" data-id=\"62013\" src=\"https:\/\/www.ecoitaliano.com.ar\/wp-content\/uploads\/2024\/09\/7a-Teresa-Iervolino-\u00a9-Michele-Monasta-Maggio-Musicale-Fiorentino-683x1024.jpg\" alt=\"\" class=\"wp-image-62013\" srcset=\"https:\/\/www.ecoitaliano.com.ar\/wp-content\/uploads\/2024\/09\/7a-Teresa-Iervolino-\u00a9-Michele-Monasta-Maggio-Musicale-Fiorentino-683x1024.jpg 683w, https:\/\/www.ecoitaliano.com.ar\/wp-content\/uploads\/2024\/09\/7a-Teresa-Iervolino-\u00a9-Michele-Monasta-Maggio-Musicale-Fiorentino-200x300.jpg 200w, https:\/\/www.ecoitaliano.com.ar\/wp-content\/uploads\/2024\/09\/7a-Teresa-Iervolino-\u00a9-Michele-Monasta-Maggio-Musicale-Fiorentino-768x1152.jpg 768w, https:\/\/www.ecoitaliano.com.ar\/wp-content\/uploads\/2024\/09\/7a-Teresa-Iervolino-\u00a9-Michele-Monasta-Maggio-Musicale-Fiorentino-1024x1536.jpg 1024w, https:\/\/www.ecoitaliano.com.ar\/wp-content\/uploads\/2024\/09\/7a-Teresa-Iervolino-\u00a9-Michele-Monasta-Maggio-Musicale-Fiorentino-100x150.jpg 100w, https:\/\/www.ecoitaliano.com.ar\/wp-content\/uploads\/2024\/09\/7a-Teresa-Iervolino-\u00a9-Michele-Monasta-Maggio-Musicale-Fiorentino.jpg 1067w\" sizes=\"(max-width: 683px) 100vw, 683px\" \/><\/a><\/figure>\n\n\n\n<figure class=\"wp-block-image size-large\"><a href=\"https:\/\/www.ecoitaliano.com.ar\/wp-content\/uploads\/2024\/09\/Teresa-Iervolino-\u00a9-Michele-Monasta-Maggio-Musicale-Fiorentino-scaled.jpg\"><img decoding=\"async\" width=\"683\" height=\"1024\" data-id=\"62014\" src=\"https:\/\/www.ecoitaliano.com.ar\/wp-content\/uploads\/2024\/09\/Teresa-Iervolino-\u00a9-Michele-Monasta-Maggio-Musicale-Fiorentino-683x1024.jpg\" alt=\"\" class=\"wp-image-62014\" srcset=\"https:\/\/www.ecoitaliano.com.ar\/wp-content\/uploads\/2024\/09\/Teresa-Iervolino-\u00a9-Michele-Monasta-Maggio-Musicale-Fiorentino-683x1024.jpg 683w, https:\/\/www.ecoitaliano.com.ar\/wp-content\/uploads\/2024\/09\/Teresa-Iervolino-\u00a9-Michele-Monasta-Maggio-Musicale-Fiorentino-200x300.jpg 200w, https:\/\/www.ecoitaliano.com.ar\/wp-content\/uploads\/2024\/09\/Teresa-Iervolino-\u00a9-Michele-Monasta-Maggio-Musicale-Fiorentino-768x1152.jpg 768w, https:\/\/www.ecoitaliano.com.ar\/wp-content\/uploads\/2024\/09\/Teresa-Iervolino-\u00a9-Michele-Monasta-Maggio-Musicale-Fiorentino-1024x1536.jpg 1024w, https:\/\/www.ecoitaliano.com.ar\/wp-content\/uploads\/2024\/09\/Teresa-Iervolino-\u00a9-Michele-Monasta-Maggio-Musicale-Fiorentino-1365x2048.jpg 1365w, https:\/\/www.ecoitaliano.com.ar\/wp-content\/uploads\/2024\/09\/Teresa-Iervolino-\u00a9-Michele-Monasta-Maggio-Musicale-Fiorentino-100x150.jpg 100w, https:\/\/www.ecoitaliano.com.ar\/wp-content\/uploads\/2024\/09\/Teresa-Iervolino-\u00a9-Michele-Monasta-Maggio-Musicale-Fiorentino-scaled.jpg 1707w\" sizes=\"(max-width: 683px) 100vw, 683px\" \/><\/a><\/figure>\n<\/figure>\n\n\n\n<figure class=\"wp-block-gallery has-nested-images columns-default is-cropped wp-block-gallery-2 is-layout-flex wp-block-gallery-is-layout-flex\">\n<figure class=\"wp-block-image size-large\"><a href=\"https:\/\/www.ecoitaliano.com.ar\/wp-content\/uploads\/2024\/09\/PARMEGGIANI_IERVOLINO-scaled.jpg\"><img decoding=\"async\" width=\"717\" height=\"1024\" data-id=\"62015\" src=\"https:\/\/www.ecoitaliano.com.ar\/wp-content\/uploads\/2024\/09\/PARMEGGIANI_IERVOLINO-717x1024.jpg\" alt=\"\" class=\"wp-image-62015\" srcset=\"https:\/\/www.ecoitaliano.com.ar\/wp-content\/uploads\/2024\/09\/PARMEGGIANI_IERVOLINO-717x1024.jpg 717w, https:\/\/www.ecoitaliano.com.ar\/wp-content\/uploads\/2024\/09\/PARMEGGIANI_IERVOLINO-210x300.jpg 210w, https:\/\/www.ecoitaliano.com.ar\/wp-content\/uploads\/2024\/09\/PARMEGGIANI_IERVOLINO-768x1097.jpg 768w, https:\/\/www.ecoitaliano.com.ar\/wp-content\/uploads\/2024\/09\/PARMEGGIANI_IERVOLINO-1075x1536.jpg 1075w, https:\/\/www.ecoitaliano.com.ar\/wp-content\/uploads\/2024\/09\/PARMEGGIANI_IERVOLINO-1434x2048.jpg 1434w, https:\/\/www.ecoitaliano.com.ar\/wp-content\/uploads\/2024\/09\/PARMEGGIANI_IERVOLINO-105x150.jpg 105w, https:\/\/www.ecoitaliano.com.ar\/wp-content\/uploads\/2024\/09\/PARMEGGIANI_IERVOLINO-scaled.jpg 1792w\" sizes=\"(max-width: 717px) 100vw, 717px\" \/><\/a><\/figure>\n<\/figure>\n","protected":false},"excerpt":{"rendered":"<p>Domenica 29 settembre 2024 alle ore 17, sala Zubin Mehta, continua il ciclo dei concerti di canto al Maggio con [&hellip;]<\/p>\n","protected":false},"author":1,"featured_media":0,"comment_status":"open","ping_status":"open","sticky":false,"template":"","format":"standard","meta":{"footnotes":""},"categories":[1],"tags":[],"class_list":["post-62010","post","type-post","status-publish","format-standard","hentry","category-sin-categoria"],"_links":{"self":[{"href":"https:\/\/www.ecoitaliano.com.ar\/index.php?rest_route=\/wp\/v2\/posts\/62010","targetHints":{"allow":["GET"]}}],"collection":[{"href":"https:\/\/www.ecoitaliano.com.ar\/index.php?rest_route=\/wp\/v2\/posts"}],"about":[{"href":"https:\/\/www.ecoitaliano.com.ar\/index.php?rest_route=\/wp\/v2\/types\/post"}],"author":[{"embeddable":true,"href":"https:\/\/www.ecoitaliano.com.ar\/index.php?rest_route=\/wp\/v2\/users\/1"}],"replies":[{"embeddable":true,"href":"https:\/\/www.ecoitaliano.com.ar\/index.php?rest_route=%2Fwp%2Fv2%2Fcomments&post=62010"}],"version-history":[{"count":0,"href":"https:\/\/www.ecoitaliano.com.ar\/index.php?rest_route=\/wp\/v2\/posts\/62010\/revisions"}],"wp:attachment":[{"href":"https:\/\/www.ecoitaliano.com.ar\/index.php?rest_route=%2Fwp%2Fv2%2Fmedia&parent=62010"}],"wp:term":[{"taxonomy":"category","embeddable":true,"href":"https:\/\/www.ecoitaliano.com.ar\/index.php?rest_route=%2Fwp%2Fv2%2Fcategories&post=62010"},{"taxonomy":"post_tag","embeddable":true,"href":"https:\/\/www.ecoitaliano.com.ar\/index.php?rest_route=%2Fwp%2Fv2%2Ftags&post=62010"}],"curies":[{"name":"wp","href":"https:\/\/api.w.org\/{rel}","templated":true}]}}