{"id":62309,"date":"2024-10-01T09:46:46","date_gmt":"2024-10-01T09:46:46","guid":{"rendered":"https:\/\/www.ecoitaliano.com.ar\/?p=62309"},"modified":"2024-10-01T09:46:46","modified_gmt":"2024-10-01T09:46:46","slug":"women-and-the-city-tutto-il-programma-del-festival-per-citta-piu-eque-e-attente-alla-parita","status":"publish","type":"post","link":"https:\/\/www.ecoitaliano.com.ar\/?p=62309","title":{"rendered":"WOMEN AND THE CITY, tutto il programma del Festival per citt\u00e0 pi\u00f9 eque e attente alla parit\u00e0"},"content":{"rendered":"\n<figure class=\"wp-block-image size-large\"><a href=\"http:\/\/www.ecoitaliano.com.ar\/wp-content\/uploads\/2024\/10\/unnamed.png\"><img decoding=\"async\" width=\"1024\" height=\"900\" src=\"http:\/\/www.ecoitaliano.com.ar\/wp-content\/uploads\/2024\/10\/unnamed-1024x900.png\" alt=\"\" class=\"wp-image-62310\" srcset=\"https:\/\/www.ecoitaliano.com.ar\/wp-content\/uploads\/2024\/10\/unnamed-1024x900.png 1024w, https:\/\/www.ecoitaliano.com.ar\/wp-content\/uploads\/2024\/10\/unnamed-300x264.png 300w, https:\/\/www.ecoitaliano.com.ar\/wp-content\/uploads\/2024\/10\/unnamed-768x675.png 768w, https:\/\/www.ecoitaliano.com.ar\/wp-content\/uploads\/2024\/10\/unnamed-1536x1350.png 1536w, https:\/\/www.ecoitaliano.com.ar\/wp-content\/uploads\/2024\/10\/unnamed-150x132.png 150w, https:\/\/www.ecoitaliano.com.ar\/wp-content\/uploads\/2024\/10\/unnamed.png 1600w\" sizes=\"(max-width: 1024px) 100vw, 1024px\" \/><\/a><\/figure>\n\n\n\n<p><strong>WOMEN AND THE CITY:&nbsp;<\/strong><\/p>\n\n\n\n<p><strong>\u201cUn altro genere di idee\u201d per costruire citt\u00e0 pi\u00f9 eque e attente alla parit\u00e0.<\/strong><\/p>\n\n\n\n<p><strong><em>A Torino, dal 9 al 13 ottobre, torna la seconda edizione del festival con grandi ospiti dall\u2019Italia e dal mondo.&nbsp; Tra loro Gino Cecchettin, Annalena Benini, Annalisa Cuzzocrea, Chiara Martegiani, Stefania Prandi, Rooy Charlie Lana, Pilar Saavedra Perrotta, Monica D\u2019Ascenzo, Irene Facheris, Azzurra Rinaldi e molte altre. L\u2019Ingresso libero e gratuito fino a esaurimento posti.<\/em><\/strong><\/p>\n\n\n\n<p><strong><u>Torino 1 ottobre 2024<\/u><\/strong>&nbsp;&#8211; 5 giorni di festival, 3 altre giornate di pre e post Festival, 150 ospiti, 34 incontri tra panel ed eventi in 7 location. Si terr\u00e0 dal 9 al 13 ottobre 2024 a Torino la seconda edizione del festival Women and the City dal titolo \u201cUn altro genere di idee\u201d.&nbsp;<\/p>\n\n\n\n<p>Il Festival \u00e8 promosso e ideato dall&#8217;associazione Torino Citt\u00e0 per le Donne<strong>&nbsp;con l\u2019obiettivo di favorire le prospettive di genere nelle politiche locali, attraverso incontri, interviste, panel, eventi e riflessioni per rendere gli spazi e le pratiche cittadine accessibili, inclusive ed eque e&nbsp;per raccontare le buone prassi gi\u00e0 in atto.&nbsp;<\/strong>La manifestazione, che ha ricevuto da Rai e dalla Rappresentanza in Italia della Commissione Ue il logo \u201cNo Women No Panel\u201d &#8211; il progetto europeo per l\u2019equilibrio di genere nel dibattito pubblico-, \u00e8 nata dall\u2019esperienza maturata nel tempo dall&#8217;Associazione TOxD (Torino Citt\u00e0 per le Donne) presieduta da&nbsp;<strong>Antonella Parigi<\/strong>, assessora alla Cultura e alle Pari opportunit\u00e0 del Comune di Moncalieri, manager culturale, ex assessora alla Cultura e al Turismo della Regione Piemonte, fondatrice del Circolo dei Lettori, della Scuola Holden (con Alessandro Baricco) e della stessa TOxD.&nbsp;<\/p>\n\n\n\n<p>Dopo il successo della prima edizione, il festival si propone come uno spazio fondamentale di dialogo e confronto su temi cruciali come l\u2019uso di un<strong>&nbsp;linguaggio non offensivo nelle istituzioni e nelle scuole<\/strong>, la&nbsp;<strong>rigenerazione urbana<\/strong>, il<strong>&nbsp;ruolo delle donne nelle Stem<\/strong>&nbsp;e la&nbsp;<strong>condizione femminile nel mondo del lavoro, del cinema, della scienza e della medicina.<\/strong>&nbsp;Lo scopo \u00e8 costruire un dibattito che coinvolga non solo esperti ma anche il grande pubblico, stimolando una riflessione collettiva. Un programma ricco di temi e ospiti che ha impegnato per sette mesi di scambi e lavoro lo staff e&nbsp; il Comitato Organizzatore coordinato dalla giornalista&nbsp;<strong>Elisa Forte&nbsp;<\/strong>che si occupa dell\u2019organizzazione del Festival.&nbsp;<\/p>\n\n\n\n<p>Tutti gli eventi saranno a ingresso libero e gratuito fino a esaurimento posti, occorre solo prenotare su Eventbrite la partecipazione all&#8217;inaugurazione del 9 ottobre&nbsp; e agli eventi di venerd\u00ec 11 ottobre dedicati alle aziende.&nbsp;<\/p>\n\n\n\n<p><em>\u201cWomen and the city vuole essere uno spazio per la citt\u00e0 in cui tutti e tutte quelli che lavorano a diverso titolo sulla parit\u00e0 possano trovare voce e ambito di discussione per il nostro comune obiettivo: fare sistema attorno al tema dell\u2019equit\u00e0.<\/em><\/p>\n\n\n\n<p><em>La volont\u00e0 \u00e8 quella con cui l\u2019Associazione TOxD, che organizza il festival, \u00e8 nata nel 2020: fare sistema, accogliere istituzioni, persone e chi lavora sulla parit\u00e0 di genere a parlare con tutta la citt\u00e0 e la societ\u00e0 per cambiare la cultura del Paese.\u201d<\/em>&nbsp;<strong>Antonella Parigi, ideatrice di Women and the city<\/strong><\/p>\n\n\n\n<p><em>\u201cDi questo progetto ho seguito la genesi, ho avuto l\u2019onore di partecipare alla prima edizione e sono felicissima che questo anno il festival sia stato riproposto e che si sia anche arricchito nella programmazione. Il Comitato per l\u2019imprenditoria femminile che rappresento promuove la parit\u00e0 di genere, sposiamo a pieno le tematiche del festival, che permetter\u00e0 a tutti di prendere parte a un dibattito vivo che ci tocca da vicino, aiuter\u00e0 gli studenti ad avvicinarsi al tema della parit\u00e0 e del rispetto di genere, permetter\u00e0 di affrontare l\u2019annoso problema dell\u2019importanza della parit\u00e0 nell\u2019innovazione e sul lavoro. Questo che stiamo costruendo insieme \u00e8 un percorso verso una meta dove tutte e tutti dobbiamo arrivare.\u201d<\/em><strong>&nbsp;Berigitte Sardo, Presidente Comitato Imprenditoria Femminile&nbsp;della Camera di Commercio di Torino<\/strong><\/p>\n\n\n\n<p><em>\u201cHo molto piacere di essere qui e porto i saluti della nostra realt\u00e0, felici di prendere parte alla seconda edizione. Il tema dell\u2019inclusione all&#8217;interno delle grandi aziende in qualche modo \u00e8 gestito, il punto \u00e8 riconoscere delle buone pratiche da riprodurre anche nelle piccole e medie imprese. Stiamo andando avanti in questa direzione: cercando di promuovere le buone pratiche di inclusione, diversity ed equity. Stiamo facendo networking e formazione promuovendo nuovi progetti con sempre pi\u00f9 realt\u00e0. Ogni volta che mi accingo a nuovi progetti riscontro una maggiore sensibilit\u00e0 non solo da chi si attiva su questi temi, ma da una platea sempre pi\u00f9 ampia con un riscontro positivo. In quest\u2019ottica un festival cos\u00ec ci aiuta in una prospettiva che non vuole essere un arrivo, ma solo l\u2019inizio.\u201d<\/em>&nbsp;<strong>Cristina Tumiatti, Vice Presidente Unione Industriali Torino&nbsp;<\/strong><\/p>\n\n\n\n<p>Women and the City non \u00e8 solo un momento di dibattito e&nbsp; teoria, ma \u00e8 anche&nbsp;<strong>un evento che crea una rete di supporto e collaborazione tra associazioni, enti ed aziende locali e nazionali.&nbsp;<\/strong>Il festival \u00e8 parte di un pi\u00f9 ampio ecosistema che lavora in concretezza con diversi progetti e iniziative su questi temi nel territorio, in sinergia con organizzazioni attive nel campo della parit\u00e0 di genere e delle pari opportunit\u00e0. Come il contest&nbsp;<strong>Spark Innovation&nbsp;<\/strong>progettato da TOxD e il Politecnico di Torino rivolto a startup per l\u2019innovazione di genere, un\u2019opportunit\u00e0 unica dedicata alle idee imprenditoriali under 30 con leadership femminile o con un focus sull\u2019innovazione di genere al fine di promuovere e supportare le giovani imprenditrici e i giovani imprenditori e le loro idee che mirano a creare un impatto significativo nella parit\u00e0 di genere. La start up vincitrice sar\u00e0&nbsp; premiata venerd\u00ec 11 ottobre al PolTo insieme a&nbsp;<strong>Giuseppe Scellato<\/strong>&nbsp;(presidente di I3P) e tutta la giuria che ha selezionato i progetti. Con loro saranno presenti anche&nbsp;<strong>Greta Beccarello&nbsp;<\/strong>(chief marketin officer e Co-Founder di GRLS e Creative Mentor) e&nbsp;<strong>Federica Gerace<\/strong>&nbsp;(AI manager Syndiag): racconteranno progetti e le realt\u00e0 delle start up di cui sono fondatrici e manager.&nbsp;<\/p>\n\n\n\n<p>L\u2019inaugurazione del festival si terr\u00e0 il&nbsp;<strong>9 ottobre<\/strong>&nbsp;e sar\u00e0 l&#8217;occasione per dialogare apertamente con esperti, istituzioni e pubblico.&nbsp;<\/p>\n\n\n\n<p>Prenderanno parte a questo momento, insieme ad<strong>&nbsp;Antonella Parigi<\/strong>, presidente TOxD, &nbsp;<strong>Stefano Geuna<\/strong>, rettore Universit\u00e0 degli studi Torino;&nbsp;<strong>Matteo Bagnasco<\/strong>, responsabile Obiettivo Cultura Fondazione Compagnia di San Paolo;&nbsp;<strong>Guido Bolatto<\/strong>, segretario generale Camera di commercio di Torino;&nbsp;<strong>Raffaele Caterina<\/strong>, Dipartimento di Giurisprudenza UniTo;&nbsp;<strong>Stefano Corgnati<\/strong>, rettore Politecnico Torino;<strong>&nbsp;Monica Lo Cascio<\/strong>, direttrice Dipartimento Servizi Sociali, Socio Sanitari e Abitativi Comune Torino;&nbsp;<strong>Fulvio Paganin<\/strong>, presidente Distretto Cinema;&nbsp;<strong>Lucia Pellino<\/strong>, Diversity &amp; Inclusion director Lavazza;<strong>&nbsp;Elena Rosa<\/strong>, presidente dell\u2019Associazione LOfficina;&nbsp;<strong>Jacopo Rosatelli<\/strong>, assessore al Welfare Comune di Torino;&nbsp;<strong>Alessandro Rusciano<\/strong>, direttore personale e organizzazione Gruppo Iren;&nbsp;<strong>Massimo Sapia<\/strong>, dirigente scolastico Istituto Comprensivo Settimo 3 e&nbsp;<strong>Annapaola Venezia<\/strong>, segretario generale Fondazione CRT.<\/p>\n\n\n\n<p>In questa occasione verr\u00e0 presentato e discusso il&nbsp;<strong>ricco programma di questa seconda edizione che vede la partecipazione di ospiti nazionali e internazionali<\/strong>&nbsp;di rilievo nei campi della cultura, dell&#8217;impresa e della ricerca, tra cui&nbsp;<strong>H\u00e9l\u00e8ne Langevin\u2010Joliot<\/strong>,&nbsp;<strong>Yves Langevin<\/strong>,&nbsp;<strong>Gino Cecchettin<\/strong>,&nbsp;<strong>Annalena Benini<\/strong>,&nbsp;<strong>Annalisa Cuzzocrea<\/strong>,&nbsp;<strong>Monica D\u2019Ascenzo<\/strong>,&nbsp;<strong>Stefania Prandi<\/strong>,&nbsp;<strong>Marzia Camarda<\/strong>,&nbsp;<strong>Mila Spicola<\/strong>,&nbsp;<strong>Johnny Bertolio<\/strong>,&nbsp;<strong>Filomena Taverniti<\/strong>,&nbsp;<strong>Elena Granata<\/strong>,&nbsp;<strong>Arianna Voto<\/strong>,&nbsp;<strong>Chiara Martegiani<\/strong>,&nbsp;<strong>Domizia De Rosa<\/strong>,&nbsp;<strong>Pilar Saavedra Perrotta<\/strong>,&nbsp;<strong>Valentina Castellani Quinn<\/strong>,&nbsp;<strong>Rooy Charlie Lana<\/strong>,&nbsp;<strong>Irene Facheris<\/strong>&nbsp;e&nbsp;<strong>Azzurra Rinaldi<\/strong>.&nbsp;<\/p>\n\n\n\n<p><strong>Condizione femminile e mondo del lavoro<\/strong><\/p>\n\n\n\n<p>\u00c8 un miraggio conciliare maternit\u00e0 e lavoro? E come vivono le donne straniere che lasciano affetti e luoghi delle loro vite per stare in Italia in quei settori dove \u00e8 difficile trovare forza lavoro? Di mamme italiane e madri lontane parleranno, in un dialogo incrociato, le giornaliste e scrittrici&nbsp;<strong>Stefania Prandi e Monica D&#8217;Ascenzo<\/strong>. Della condizione femminile e carriera discuteranno in una tavola rotonda la sociologa e filosofa&nbsp;<strong>Chiara Saraceno,&nbsp;<\/strong>la vicepresidente Comitato per l\u2019imprenditoria Femminile Camera di commercio di Torino<strong>&nbsp;Alessandra Brogliatto,&nbsp;<\/strong>il presidente della Camera di commercio di Torino&nbsp;<strong>Dario Gallina<\/strong>, l\u2019amministratrice delegata di Ferrino &amp; C. Spa&nbsp;<strong>Anna Ferrino,&nbsp;<\/strong>la responsabile Talent Acquisition, Development &amp; Sustainability Prima Industrie S.p.A, consigliera regionale Aipd&nbsp;<strong>Francesca Lombardo la&nbsp;<\/strong>Diversity &amp; Inclusion director Lavazza&nbsp;<strong>Lucia Pellino&nbsp;<\/strong>e la giornalista Rai e project manager, coordinatrice del progetto europeo \u201cNo Women No Panel\u201d<strong>&nbsp;Arianna Voto.<\/strong>&nbsp;In un incontro dedicato alla condivisione di esperienze, difficolt\u00e0 e momenti di unione celebreremo la forza collettiva delle donne in ambito lavorativo, in questa occasione&nbsp;<strong>Stefania Calcagnolo<\/strong>, delegata sindacale Filcams Cgil Torino, dialogher\u00e0 con&nbsp;<strong>Giusy Oddo<\/strong>,&nbsp;<strong>Giovanna Ponzio<\/strong>&nbsp;e&nbsp;<strong>Anna Totaro<\/strong>&nbsp;che porteranno la loro esperienza quotidiana di madri e lavoratrici. Molto attese le presenze dell\u2019economista femminista&nbsp;<strong>Azzurra Rinaldi<\/strong>&nbsp;e della direttrice del Museo del Risparmio di Torino&nbsp;<strong>Giovanna Paladino<\/strong>&nbsp;per discutere del rapporto tra cultura economica e divari salariali.&nbsp;<\/p>\n\n\n\n<p>Come si rompe il soffitto&nbsp; di cristallo? Come si sviluppano buone pratiche per l\u2019empowerment femminile? Il progetto di TOxD e UniTo \u201cNo women no board\u201d vuole individuare e sviluppare buone norme per rispondere a queste domande. Ne parleranno le docenti universitarie&nbsp;<strong>Mia Callegari<\/strong>, coordinatrice Forjus e Hub genere e sostenibilit\u00e0 sociale, Dipartimento di Giurisprudenza UniTo e&nbsp;<strong>Eva R. Desana<\/strong>, referente del progetto, docente del Dipartimento di Giurisprudenza UniTo e membro del Comitato scientifico Torino Citt\u00e0 per le Donne. Di offese sessiste nel mondo del lavoro, delle istituzioni e della politica con l\u2019incontro BosS &#8211; BASTA offese sessiste STOP ci parleranno in un dialogo a 4 voci le consigliere della Circoscrizione 2 del Comune di Torino&nbsp;<strong>Rita Grimaudo<\/strong>,&nbsp;<strong>Anastasia Guarna<\/strong>,<strong>&nbsp;Sara Russo<\/strong>&nbsp;ed&nbsp;<strong>Elena Variara<\/strong>.&nbsp;<\/p>\n\n\n\n<p><strong>Narrazioni collettive contro stereotipi e violenza di genere&nbsp;<\/strong><\/p>\n\n\n\n<p>A Women and the City uno degli ospiti pi\u00f9 attesi \u00e8&nbsp;<strong>Gino Cecchettin<\/strong>, padre di Giulia, impegnato in una battaglia che da personale \u00e8 diventata comune per scardinare le dinamiche di violenza di genere a partire dalla narrazione e dalla denuncia dei comportamenti pericolosi e violenti. Con il direttore de La Stampa&nbsp;<strong>Andrea Malaguti&nbsp;<\/strong>ci parler\u00e0 della neonata Fondazione dedicata alla figlia uccisa dal fidanzato e del suo potente messaggio contenuto nel libro \u201cCara Giulia\u201d edito da Rizzoli. In questa edizione del festival anche&nbsp;<strong>Irene Facheris<\/strong>, che terr\u00e0 uno speech sulla maschilit\u00e0 e femminilit\u00e0 senza stereotipi.<\/p>\n\n\n\n<p>Tra le novit\u00e0 di questo 2024 il ToxD Talks, un format che debutta in questa edizione, pensato per condividere esperienze individuali che si intrecciano con grandi temi sociali, per creare una narrazione collettiva che merita di essere discussa. Ascolteremo storie di opportunit\u00e0 nel mondo moderno con&nbsp;<strong>Tana Anglana<\/strong>, sociologa ed esperta di comunicazione,&nbsp;<strong>Marinella Camerani<\/strong>, viticultrice e pioniera dell\u2019agricoltura biodinamica,&nbsp;<strong>Aurora Caporossi<\/strong>, fondatrice Animenta APS,&nbsp;<strong>Natalia Pazzaglia<\/strong>, imprenditrice e storyteller, fondatrice Lasae e Legacy Compass e&nbsp;<strong>Cinzia Tessarolo<\/strong>, ceo e co-founder Family+Happy. L\u2019artista e formatrice&nbsp;<strong>Barbara Altissimo&nbsp;<\/strong>si esibir\u00e0 in una lettura scenica tratta dal libro&nbsp;<em>Ai fiori non serve il pettine&nbsp;<\/em>della giornalista, autrice e gestalt art counselor&nbsp;<strong>Marina Gellona<\/strong>, e la coach, consulente aziendale e leader positiva<strong>&nbsp;Ilaria Santambrogio.&nbsp;<\/strong>Con&nbsp;<strong>Rooy Charlie Lana<\/strong>, artista esperto in pratiche performative e studi queer legati all\u2019identit\u00e0 transghost che insieme alla Psicologa e direttrice della scuola cani guida \u201cAmici cani guida\u201d, e chief visionary officer in AccessiWay&nbsp;<strong>Dajana Gioffr\u00e8,&nbsp;<\/strong>l\u2019operatrice sociosanitaria&nbsp;<strong>Greta Lombardi<\/strong>, la dirigente scolastica&nbsp;<strong>Aurelia Provenza<\/strong>&nbsp;e<strong>&nbsp;Carla P.<\/strong>&nbsp;una donna sopravvissuta a violenze e stalking, che vive sotto minaccia costante dell\u2019ex marito ci racconteranno storie di sfide contemporanee di libert\u00e0 di espressione e impegno civico.<\/p>\n\n\n\n<p><strong>La citt\u00e0 che vorrei: come ripensare gli spazi in modo paritario<\/strong><\/p>\n\n\n\n<p>Oggi pi\u00f9 che mai, la prospettiva da cui le donne guardano il mondo appare cruciale: con&nbsp;<strong>Elena Granata<\/strong>, professoressa associata di Urbanistica al Dipartimento di Architettura e Studi urbani del Politecnico di Milano, e autrice del libro \u201cIl senso delle donne per la citt\u00e0\u201d, sar\u00e0 proposta una riflessione in compagnia di esperti di settore su come ripensare la relazione tra spazi e vita, tra tempi quotidiani e aspettative di benessere, tra natura e citt\u00e0&nbsp;<strong>Paolo Mazzoleni<\/strong>, assessore all\u2019Urbanistica, Edilizia privata, Coordinamento grandi progetti e Grandi infrastrutture Citt\u00e0 di Torino,&nbsp;<strong>Franco Tresso<\/strong>, assessore alla Cura della citt\u00e0, alla Protezione civile e ai Servizi civici Citt\u00e0 di Torino. Insieme a alla interior designer specializzata in architettura inclusiva&nbsp;<strong>Mara Bragagnolo<\/strong>, attraverso le progettiste della storia che hanno contribuito a questa visione e alle progettiste di oggi che continuano a portare avanti i valori di inclusivit\u00e0, discuteremo di cosa vuol dire progettazione femminile e come questa metodologia possa avere un impatto importante sulla societ\u00e0. Al festival avremo anche occasione di discutere di idee e immagini per una Torino diversa, ne parleremo con&nbsp;<strong>Elisa Campra<\/strong>, architetta del paesaggio e agronoma, titolare Ne\u00f2 | Natura su Misura,&nbsp;<strong>Francesca Comisso<\/strong>, storica dell\u2019arte e curatrice indipendente, cofondatrice collettivo curatoriale a.titolo,<strong>&nbsp;\u200dEmanuela Currao<\/strong>, attrice, drammaturga e stand up comedian,&nbsp;<strong>\u200dElena Granata<\/strong>, professoressa associata di Urbanistica Dipartimento di Architettura e Studi urbani del Politecnico di Milano e docente Scuola di Economia Civile, \u200d<strong>Loretta Junck<\/strong>, componente esperta di Parit\u00e0 di genere Commissione toponomastica Comune di Torino,&nbsp;<strong>\u200dElena Miglietti<\/strong>, giornalista, docente Scuola Holden e referente per il Piemonte e la Valle D\u2019Aosta Fondazione Sportcity, \u200d<strong>Maicol Negrello<\/strong>, architetto e ricercatore post-doc sull\u2019integrazione dell\u2019agricoltura high-tech nei contesti urbani,&nbsp;<strong>\u200dMariachiara Raviola<\/strong>, curatrice, regista-coreografa e docente,<strong>&nbsp;\u200dLuca Ballarini,<\/strong>&nbsp;fondatore di Torino Stratosferica e del Festival Utopian Hours, \u200d<strong>Chiara Lucchini<\/strong>, responsabile area Sviluppo Territoriale di Urban Lab Torino, \u200d<strong>Paolo Mazzoleni<\/strong>, assessore all\u2019Urbanistica, Edilizia privata, Coordinamento grandi progetti e Grandi infrastrutture Citt\u00e0 di Torino, \u200d<strong>Franco Tresso<\/strong>, assessore alla Cura della citt\u00e0, alla Protezione civile e ai Servizi civici Citt\u00e0 di Torino. In questa occasione verr\u00e0 presentato il progetto di TOxD accolto dall\u2019ufficio Toponomastica del comune di Torino per intitolare una strada a Maria Adriana Prolo, storica del cinema italiano e fondatrice del Museo nazionale del cinema di Torino, un passo in avanti per diminuire il divario di genere che si mostra anche nei nomi delle vie della citt\u00e0.&nbsp;<\/p>\n\n\n\n<p><strong>Istruzione, inclusivit\u00e0 e stereotipi di genere in ambito scolastico<\/strong><\/p>\n\n\n\n<p>Molti gli incontri dedicati al mondo dell\u2019istruzione, con la giornalista&nbsp;<strong>Annalisa Cuzzocrea&nbsp;<\/strong>e la direttrice del Salone Internazionale del Libro di Torino<strong>&nbsp;Annalena Benini<\/strong>&nbsp;si discuter\u00e0, infatti, del potere delle parole e la differenza che possono fare in particolare in ambito scolastico. Indici (dis)paritari e linguaggio inclusivo nei libri di testo scolastici saranno i temi dell\u2019incontro di formazione con&nbsp;<strong>Massimo Sapia<\/strong>, direttore del corso e dirigente Istituto Comprensivo Settimo 3,&nbsp;<strong>Carlotta Salerno<\/strong>, assessora Istruzione, giovani, periferie e rigenerazione urbana Comune di Torino,&nbsp;<strong>Marzia Camarda<\/strong>, editor specializzata in scolastica e grandi opere, gender equality strategist,&nbsp;<strong>Filomena Taverniti<\/strong>, docente, storica, presidente aps Indici paritari,&nbsp;<strong>Mila Spicola<\/strong>, attivista ed esperta di politiche scolastiche,&nbsp;<strong>Johnny Bertolio,&nbsp;<\/strong>formatore e docente,<strong>&nbsp;<\/strong>e&nbsp;<strong>Laura Gramuglia<\/strong>, formatrice e direttrice artistica Citt\u00e0 per le Donne di Bologna con lei parleremo anche di stereotipi di genere con il laboratorio \u201cRockets Girl\u201d. Con&nbsp;<strong>Sara Ferrentino<\/strong>, project manager \u2013 Impianti rinnovabili e&nbsp;<strong>Laura Coletto<\/strong>, data analyst \u2013 Servizio Teleriscaldamento parleremo del progetto \u201cInspiring Girls\u201d di Iren e dell\u2019importanza di incoraggiare le ragazze ad avere consapevolezza del proprio talento, liberandole dagli stereotipi di genere che frenano le loro ambizioni per costruire un ponte concreto tra scuola e mondo del lavoro. E ancora vedremo il potere delle storie nel riequilibrio di genere insieme a&nbsp;<strong>Tiziana Cerrato<\/strong>, docente di materie letterarie, latino e greco al Liceo Massimo D\u2019Azeglio di Torino, coordinatrice e organizzativo TRL (Torino Rete Libri) Piemonte. Non solo panel ma anche iniziative che coinvolgono attivamente le classi e gli studenti, come la rete nazionale Letture ad Alta Voce dell\u2019Associazione Nausika&nbsp; guidata dalla formatrice Martina Evangelista che alza il sipario sulle letture (ad alta voce) sui temi di parit\u00e0 di genere nelle scuole. Verr\u00e0 poi presentato il podcast dell\u2019AriostoWeRadio&nbsp;<em>Storie al femminile<\/em>&nbsp;a cura dei studenti del Liceo Statale Ludovico Ariosto di Ferrara con le insegnati&nbsp;<strong>Stefania Borini<\/strong>&nbsp;e&nbsp;<strong>Roberta Mori.&nbsp;<\/strong>Mentre il Cpia1 Paulo Freire presenter\u00e0 una buona prassi realizzata in Grecia con le studentesse-mamme: ne parleranno le insegnanti&nbsp;<strong>Vanna Tessore<\/strong>&nbsp;(Progetto Erasmus+) e&nbsp;<strong>Mirella Demaria<\/strong>&nbsp;(Scuola delle mamme) con le educatrici&nbsp;&nbsp;<strong>Hakima Nacer<\/strong>,&nbsp;<strong>Nicole Morra<\/strong>&nbsp;(Gruppo Abele) e una delegazione di studentesse partecipanti al viaggio. Il liceo Cottini con l\u2019insegnante Antonio Baldinu e il dirigente Antonio Balestra racconter\u00e0 con due rappresentanti dell\u2019Arma il concorso &nbsp;promosso dai Carabinieri in occasione del 25 novembre sulla violenza di genere.<\/p>\n\n\n\n<p><strong>Parit\u00e0 di genere e inclusivit\u00e0 nel mondo della settima arte<\/strong><\/p>\n\n\n\n<p>Tra i molti appuntamenti, non mancher\u00e0 uno sguardo alla rappresentazione di genere nella produzione cinematografica. Ne parleremo con&nbsp;<strong>Domizia De Rosa<\/strong>, presidente di Women In Film, la produttrice<strong>&nbsp;Valentina Castellani Quinn,<\/strong>&nbsp;<strong>Paolo Manera&nbsp;<\/strong>il direttore di Film Commission Torino Piemonte,&nbsp;<strong>\u200dBeatrice Gulino<\/strong>, responsabile acquisizioni e vendite Teodora Film e \u200d<strong>Pilar Saavedra Perrotta<\/strong>, produttrice. Ci sar\u00e0 l\u2019occasione di ricordare&nbsp;<em>la divina<\/em>&nbsp;Eleonora Duse, un\u2019attrice all\u2019avanguardia insieme a&nbsp;<strong>Marcella Filippa<\/strong>, storica e direttrice Fondazione Vera Nocentini e la giornalista&nbsp;<strong>Arianna Voto.&nbsp;<\/strong>Un tema molto sentito nel mondo della settima arte \u00e8 il ruolo delle donne nel cinema del futuro, ne discuteranno&nbsp;<strong>Simone Arcagni,<\/strong>&nbsp;critico cinematografico e docente di nuove tecnologie all\u2019Universit\u00e0 di Palermo in dialogo con&nbsp;<strong>Laura Mirabella<\/strong>, chief marketing officer Vision Distribution e&nbsp;<strong>Gloria Puppi<\/strong>, consigliera Italian Institute for the Future. Il cinema a servizio della medicina di genere, parlemo infatti di endometriosi, di medicina e di crisi d\u2019identit\u00e0 a partire dalla serie Prime Video&nbsp;<em>Antonia&nbsp;<\/em>con l\u2019attrice protagonista&nbsp;<strong>Chiara Martegiani<\/strong>&nbsp;e&nbsp;<strong>Chiara Benedetto<\/strong>, professoressa ordinaria di ginecologia e ostetricia dell\u2019Universit\u00e0 di Torino, direttrice della Struttura Complessa Universitaria di Ginecologia e Ostetricia 1 &#8211; Presidio Ospedaliero Sant\u2019Anna, presidente della Fondazione Medicina a Misura di Donna Onlus.<\/p>\n\n\n\n<p><strong>Women and the City continua nel post festival<\/strong><\/p>\n\n\n\n<p>Come l\u2019intelligenza artificiale sta cambiando il mondo, le tecnologie, le persone, il lavoro e le organizzazioni? Ne parleremo, in occasione della Giornata Mondiale ONU per Scienza per la Pace e lo Sviluppo sostenibile, l\u201911 novembre 2024, con l\u2019associazione&nbsp;<strong>Stem by women<\/strong>&nbsp; in un incontro di riflessione e condivisione di esperienze sul tema a cura di&nbsp;<strong>Licia Devalle<\/strong>. Donne e scienza \u00e8&nbsp; un tema centrale anche per una decina di&nbsp; scuole coinvolte nel Festival, dal liceo D\u2019Azeglio al Sociale che nelle loro scuole stanno ospitando le studiose dell\u2019Universit\u00e0 di Torino&nbsp;<strong>Roberta Schellino<\/strong>,<strong>&nbsp;Polyssena Renzi<\/strong>&nbsp;e&nbsp;<strong>Francesca Cardano<\/strong>&nbsp;coordinate dalla vice rettrice&nbsp;<strong>Cristina Prandi<\/strong>&nbsp;per approfondire il tema e presentare i lavori di restituzione il 10 ottobre nella mattinata dedicata alle studentesse e agli studenti.&nbsp;<\/p>\n\n\n\n<p>PRESS KIT:&nbsp;<a href=\"https:\/\/www.torinocittaperledonne.org\/women-the-city-area-stampa-2024\" target=\"_blank\" rel=\"noreferrer noopener\">https:\/\/www.torinocittaperledonne.org\/women-the-city-area-stampa-2024<\/a><\/p>\n\n\n\n<p>contenente foto, video e schede di presentazione degli appuntamenti&nbsp;<\/p>\n\n\n\n<p><strong>Altre informazioni<\/strong><\/p>\n\n\n\n<p><em>L\u2019evento \u00e8 libero e con accesso gratuito. Tutti i dettagli e le informazioni sul festival e il programma saranno presto consultabili online sul sito:&nbsp;<a href=\"https:\/\/www.torinocittaperledonne.org\/women-thecity-programma-2-edizione\" target=\"_blank\" rel=\"noreferrer noopener\">&nbsp;<\/a><\/em><em><u><a href=\"https:\/\/www.torinocittaperledonne.org\/women-thecity-programma-2-edizione\" target=\"_blank\" rel=\"noreferrer noopener\">https:\/\/www.torinocittaperledonne.org\/women-thecity-programma-2-edizione<\/a><\/u><\/em><em>.&nbsp;<\/em><\/p>\n\n\n\n<p><em>A questo link \u00e8 disponibile la versione scaricabile in pdf del programma:&nbsp;<a href=\"https:\/\/cdn.prod.website-files.com\/5f967cc8d0040f7c89747720\/66e9a44767b1bd2da3f7c363_programma_W&amp;tC.pdf\" target=\"_blank\" rel=\"noreferrer noopener\">&nbsp;<\/a><\/em><em><u><a href=\"https:\/\/cdn.prod.website-files.com\/5f967cc8d0040f7c89747720\/66e9a44767b1bd2da3f7c363_programma_W&amp;tC.pdf\" target=\"_blank\" rel=\"noreferrer noopener\">https:\/\/cdn.prod.website-files.com\/5f967cc8d0040f7c89747720\/66e9a44767b1bd2da3f7c363_programma_W%26tC.pdf<\/a><\/u><\/em><em>. Foto e contributi grafici sono presenti nel kit digitale a questo link:<a href=\"https:\/\/www.torinocittaperledonne.org\/kit-digitale-women-and-the-city\" target=\"_blank\" rel=\"noreferrer noopener\">&nbsp;<\/a><\/em><em><u><a href=\"https:\/\/www.torinocittaperledonne.org\/kit-digitale-women-and-the-city\" target=\"_blank\" rel=\"noreferrer noopener\">https:\/\/www.torinocittaperledonne.org\/kit-digitale-women-and-the-city<\/a><\/u><\/em><em><u>.<\/u><\/em><\/p>\n\n\n\n<p><em>ll festival organizzato da&nbsp;<\/em><strong><em>Torino Citt\u00e0 per le Donne&nbsp;<\/em><\/strong><em>ha ricevuto da&nbsp;<\/em><strong><em>Rai<\/em><\/strong><em>&nbsp;e dalla&nbsp;<\/em><strong><em>Rappresentanza in Italia della Commissione Ue il logo \u201cNo Women No Panel\u201d<\/em><\/strong><em>, il progetto europeo per l\u2019equilibrio di genere nel dibattito pubblico, il patrocinio di&nbsp;&nbsp;<\/em><strong><em>RAI PER LA SOSTENIBILITA\u2019&nbsp;<\/em><\/strong><em>e&nbsp;<\/em><strong><em>RAI PIEMONTE<\/em><\/strong><em>&nbsp;e la mediapartneship de<\/em><strong><em>&nbsp;La Stampa<\/em><\/strong><em>. Sar\u00e0 presente la redazione junior del&nbsp;<\/em><strong><em>Bookblog del Salone del Libro<\/em><\/strong><em>.&nbsp;<\/em><\/p>\n\n\n\n<p><em>Il festival \u00e8 stato organizzato con il patrocinio di<\/em><strong><em>&nbsp;Citt\u00e0 di Torino<\/em><\/strong><em>,&nbsp;<\/em><strong><em>Ordine dei Giornalisti<\/em><\/strong><em>,&nbsp;<\/em><strong><em>Politecnico di Torino,<\/em><\/strong><strong><em>Universit\u00e0 di Torino&nbsp;<\/em><\/strong><em>e<\/em><strong><em>&nbsp;Citt\u00e0 di Moncalieri.&nbsp;<\/em><\/strong><\/p>\n\n\n\n<p><em>Con il contributo di Camera di Commercio, Comitati per l&#8217;imprenditoria femminile, Fondazione Compagnia di San Paolo, Fondazione CRT, Iren, Lavazza group, Teatro Stabile Torino, Unione Industriali Torino.<\/em><\/p>\n\n\n\n<p><em>Si ringraziano sponsor ed enti che hanno supportato il progetto: Apid, Contemporanea Film Festival e Distretto Cinema, Dada Tv, Entrepreneurship and Innovation centre, 4EGE, FORJUS Forum, ICS3, Il Circolo dei Lettori Torino, Incubatore Imprese Universit\u00e0 di Torino, Incubatore Politecnico di Torino, La citt\u00e0 delle donne Bologna, Onda Teatro, Progetto di Eccellenza Hub 2, Gender Research coordination Group, Salone Internazionale del Libro Torino, Smat, Stem by Women, Synergie, Fondazione TRG Teatro dei Ragazzi e dei Giovani, Dipartimento di Giurisprudenza Universit\u00e0 di Torino, The Goodness Factory, R\u00e9seau Entreprendre Piemonte, Banca d&#8217;Alba, Letture ad Alta Voce e Associazione Nausika, Medicina a Misura di Donna, SocialFare, Torinostratosferica, Rete Torino Libri, Torino Urban Lab, Utopian Hours, FreeCards.<\/em><\/p>\n\n\n\n<p>Ufficio Stampa nazionale&nbsp;<\/p>\n\n\n\n<p><strong>Silvia Bellucci<\/strong><\/p>\n\n\n\n<p>+39 3461561637<\/p>\n\n\n\n<p><a href=\"mailto:silviabellucci@live.it\" target=\"_blank\" rel=\"noreferrer noopener\">silviabellucci@live.it<\/a><\/p>\n\n\n\n<p><strong>Claudia Cervellini<\/strong><\/p>\n\n\n\n<p>+39 3204245502<\/p>\n\n\n\n<p><a href=\"mailto:claudia.cervellini.92@gmail.com\" target=\"_blank\" rel=\"noreferrer noopener\">claudia.cervellini.92@gmail.com<\/a><\/p>\n\n\n\n<p>Coordinamento comunicazione Women &amp; The City e Ufficio stampa regionale<\/p>\n\n\n\n<p><strong>Elisa Forte<\/strong><\/p>\n\n\n\n<p><a href=\"mailto:elisaforteweb@gmail.com\" target=\"_blank\" rel=\"noreferrer noopener\">elisaforteweb@gmail.com<\/a><\/p>\n\n\n\n<p>3392014539<\/p>\n","protected":false},"excerpt":{"rendered":"<p>WOMEN AND THE CITY:&nbsp; \u201cUn altro genere di idee\u201d per costruire citt\u00e0 pi\u00f9 eque e attente alla parit\u00e0. A Torino, [&hellip;]<\/p>\n","protected":false},"author":1,"featured_media":0,"comment_status":"open","ping_status":"open","sticky":false,"template":"","format":"standard","meta":{"footnotes":""},"categories":[4,10],"tags":[],"class_list":["post-62309","post","type-post","status-publish","format-standard","hentry","category-cultura","category-italiano"],"_links":{"self":[{"href":"https:\/\/www.ecoitaliano.com.ar\/index.php?rest_route=\/wp\/v2\/posts\/62309","targetHints":{"allow":["GET"]}}],"collection":[{"href":"https:\/\/www.ecoitaliano.com.ar\/index.php?rest_route=\/wp\/v2\/posts"}],"about":[{"href":"https:\/\/www.ecoitaliano.com.ar\/index.php?rest_route=\/wp\/v2\/types\/post"}],"author":[{"embeddable":true,"href":"https:\/\/www.ecoitaliano.com.ar\/index.php?rest_route=\/wp\/v2\/users\/1"}],"replies":[{"embeddable":true,"href":"https:\/\/www.ecoitaliano.com.ar\/index.php?rest_route=%2Fwp%2Fv2%2Fcomments&post=62309"}],"version-history":[{"count":0,"href":"https:\/\/www.ecoitaliano.com.ar\/index.php?rest_route=\/wp\/v2\/posts\/62309\/revisions"}],"wp:attachment":[{"href":"https:\/\/www.ecoitaliano.com.ar\/index.php?rest_route=%2Fwp%2Fv2%2Fmedia&parent=62309"}],"wp:term":[{"taxonomy":"category","embeddable":true,"href":"https:\/\/www.ecoitaliano.com.ar\/index.php?rest_route=%2Fwp%2Fv2%2Fcategories&post=62309"},{"taxonomy":"post_tag","embeddable":true,"href":"https:\/\/www.ecoitaliano.com.ar\/index.php?rest_route=%2Fwp%2Fv2%2Ftags&post=62309"}],"curies":[{"name":"wp","href":"https:\/\/api.w.org\/{rel}","templated":true}]}}