{"id":62569,"date":"2024-10-07T16:19:34","date_gmt":"2024-10-07T16:19:34","guid":{"rendered":"https:\/\/www.ecoitaliano.com.ar\/?p=62569"},"modified":"2024-10-07T17:28:44","modified_gmt":"2024-10-07T17:28:44","slug":"cs-nuovo-saggio-su-sgalambro-e-comitato-nazionale-per-le-celebrazioni-dei-cento-anni-dalla-nascita-di-manlio-sgalambro","status":"publish","type":"post","link":"https:\/\/www.ecoitaliano.com.ar\/?p=62569","title":{"rendered":"CS. Nuovo saggio su Sgalambro e Comitato Nazionale per le celebrazioni dei cento anni dalla nascita di Manlio Sgalambro"},"content":{"rendered":"\n<figure class=\"wp-block-image size-large\"><a href=\"http:\/\/www.ecoitaliano.com.ar\/wp-content\/uploads\/2024\/10\/sgalambro-copertina-e-locandina.jpg\"><img decoding=\"async\" width=\"724\" height=\"1024\" src=\"http:\/\/www.ecoitaliano.com.ar\/wp-content\/uploads\/2024\/10\/sgalambro-copertina-e-locandina-724x1024.jpg\" alt=\"\" class=\"wp-image-62570\" srcset=\"https:\/\/www.ecoitaliano.com.ar\/wp-content\/uploads\/2024\/10\/sgalambro-copertina-e-locandina-724x1024.jpg 724w, https:\/\/www.ecoitaliano.com.ar\/wp-content\/uploads\/2024\/10\/sgalambro-copertina-e-locandina-212x300.jpg 212w, https:\/\/www.ecoitaliano.com.ar\/wp-content\/uploads\/2024\/10\/sgalambro-copertina-e-locandina-768x1086.jpg 768w, https:\/\/www.ecoitaliano.com.ar\/wp-content\/uploads\/2024\/10\/sgalambro-copertina-e-locandina-1086x1536.jpg 1086w, https:\/\/www.ecoitaliano.com.ar\/wp-content\/uploads\/2024\/10\/sgalambro-copertina-e-locandina-106x150.jpg 106w, https:\/\/www.ecoitaliano.com.ar\/wp-content\/uploads\/2024\/10\/sgalambro-copertina-e-locandina.jpg 1131w\" sizes=\"(max-width: 724px) 100vw, 724px\" \/><\/a><\/figure>\n\n\n\n<p><strong>CS. IN USCITA IL NUOVO SAGGIO DI BRUNI: \u201cMANLIO SGLAMABRO \u2013 L\u2019EMPIET\u00c0 DEL GRECO SICULO\u201d<\/strong><\/p>\n\n\n\n<p>In uscita, per conto del <strong>Comitato Nazionale per le celebrazioni dei cento anni dalla nascita di Manlio Sgalambro <\/strong>e del <strong>Ministero della Cultura<\/strong> per \u201cI Tipi\u201d di Pellegrini Editore, il nuovo saggio di <strong>Pierfranco Bruni<\/strong> dedicato al filosofo Manlio Sgalambro in occasione del centenario dalla sua nascita.<\/p>\n\n\n\n<p>Il saggio, dal titolo \u201c<strong>Manlio Sgalambro \u2013 L\u2019empiet\u00e0 del greco siculo<\/strong>\u201d, rientra nelle attivit\u00e0 celebrative del <strong>Comitato Nazionale per le celebrazioni dei cento anni dalla nascita di Manlio Sgalambro<\/strong>, istituito con il DM del 26 febbraio 2024, e che nel corso dell\u2019anno realizzer\u00e0 una serie di iniziative e incontri culturali dedicati allo studio di Sgalambro e una prossima pubblicazione.<\/p>\n\n\n\n<p>Il saggio, curato dalla Professoressa Marilena Cavallo, contiene la prefazione di Paola Passarelli, la premessa di Tonino Filomena e i contributi di altri nove scrittori che hanno esaminato la produzione letteraria, musicale e filosofica di Sgalambro. L\u2019opera, difatti, si propone di gettare nuovamente luce su un <strong>intellettuale ingiustamente dimenticato<\/strong>, anche se morto recentemente. Proprio su questa esigenza di riscoperta si \u00e8 gi\u00e0 pi\u00f9 volte pronunciato Bruni:<\/p>\n\n\n\n<p>\u00ab\u00c8 il Centenario di Sgalambro. Sono occasioni che spingono involontariamente a proporre o riproporre una riflessione grazie a delle riletture pi\u00f9 ampie. Sensibilizzare \u00e8 fondamentale. Certo.\u00c8 un filosofo che ha scelto la solitudine ma negli ultimi non troppo perch\u00e9 i testi delle canzoni, i film e i concerti accanto a Battiato lo hanno condotto oltre. Chiaro, la sua filosofia \u00e8 nella solitudine. \u00c8 stata sempre una sua scelta. Ma noi abbiamo il dovere di promuovere\u00bb.<\/p>\n\n\n\n<p><strong>Dalla prefazione di Paola Passarelli, Direttrice Generale Beni librari e diritto d\u2019autore Ministero della Cultura<\/strong><\/p>\n\n\n\n<p>\u00abNel suo libro Bruni introduce il lettore in un\u2019esperienza quasi iniziatica e sapienziale nel pensiero di Sgalambro; un\u2019esperienza che sembra fondarsi sull\u2019applicazione ricorsiva della visione sulle cose del pensatore di Lentini applicato alla sua stessa produzione. Ne scaturisce un dialogo interiore in cui l\u2019Autore arriva a tratti a confondersi \u2013 come per sacro <em>enthousiasmos<\/em> \u2013 a Sgalambro\u00bb.<\/p>\n\n\n\n<p><strong>Dall\u2019introduzione di Marilena Cavallo, docente<\/strong><\/p>\n\n\n\n<p>\u00abSgalambro apre un intaglio nel concetto di eternit\u00e0 finita. Perch\u00e9 finisce tutto? Perch\u00e9 \u00e8 un fatto naturale? O perch\u00e9 \u00e8 cos\u00ec deciso dal destino. Il dilemma tra filosofia e destino \u00e8 il tragico del pensiero che muore nel deciso. I suoi libri sono il rovescio ma anche il dritto, per dirla proprio con Camus. A cosa affidarsi? Non credo di trovare risposte. Se si apre una porta non si sapr\u00e0 mai cosa ci aspetter\u00e0. La filosofia di Sgalambro essendo non sistematica presenta una lettura comparata come si evince dai contributi che seguono. Il saggio di Pierfranco Bruni \u00e8 un lavoro che ha una sua ricerca a s\u00e9 come si nota. La ricchezza di tutto il lavoro ha una visione chiaramente innovativa che avvia una dialettica sia su Sgalambro che su una filosofia che intreccia aspetti sia epistemologi &#8211; fenomenologi che metafisici.\u00bb.<\/p>\n\n\n\n<p><strong>Titolo: <\/strong>Manlio Sgalambro \u2013 L\u2019empiet\u00e0 del greco siculo<\/p>\n\n\n\n<p><strong>Editore: <\/strong>Pellegrini Editore<\/p>\n\n\n\n<p><strong>ISBN: <\/strong>ISBN 979-12-205-0318-1<\/p>\n\n\n\n<p><strong>Prezzo:<\/strong> \u20ac 18,00<\/p>\n\n\n\n<p><strong>Pagine: <\/strong>241<\/p>\n\n\n\n<p><strong>Trailer video:<\/strong> <a href=\"https:\/\/youtu.be\/szowhHOENlc\">https:\/\/youtu.be\/szowhHOENlc<\/a><\/p>\n","protected":false},"excerpt":{"rendered":"<p>CS. IN USCITA IL NUOVO SAGGIO DI BRUNI: \u201cMANLIO SGLAMABRO \u2013 L\u2019EMPIET\u00c0 DEL GRECO SICULO\u201d In uscita, per conto del [&hellip;]<\/p>\n","protected":false},"author":1,"featured_media":0,"comment_status":"open","ping_status":"open","sticky":false,"template":"","format":"standard","meta":{"footnotes":""},"categories":[10,22],"tags":[],"class_list":["post-62569","post","type-post","status-publish","format-standard","hentry","category-italiano","category-libros-y-revistas-literatura"],"_links":{"self":[{"href":"https:\/\/www.ecoitaliano.com.ar\/index.php?rest_route=\/wp\/v2\/posts\/62569","targetHints":{"allow":["GET"]}}],"collection":[{"href":"https:\/\/www.ecoitaliano.com.ar\/index.php?rest_route=\/wp\/v2\/posts"}],"about":[{"href":"https:\/\/www.ecoitaliano.com.ar\/index.php?rest_route=\/wp\/v2\/types\/post"}],"author":[{"embeddable":true,"href":"https:\/\/www.ecoitaliano.com.ar\/index.php?rest_route=\/wp\/v2\/users\/1"}],"replies":[{"embeddable":true,"href":"https:\/\/www.ecoitaliano.com.ar\/index.php?rest_route=%2Fwp%2Fv2%2Fcomments&post=62569"}],"version-history":[{"count":0,"href":"https:\/\/www.ecoitaliano.com.ar\/index.php?rest_route=\/wp\/v2\/posts\/62569\/revisions"}],"wp:attachment":[{"href":"https:\/\/www.ecoitaliano.com.ar\/index.php?rest_route=%2Fwp%2Fv2%2Fmedia&parent=62569"}],"wp:term":[{"taxonomy":"category","embeddable":true,"href":"https:\/\/www.ecoitaliano.com.ar\/index.php?rest_route=%2Fwp%2Fv2%2Fcategories&post=62569"},{"taxonomy":"post_tag","embeddable":true,"href":"https:\/\/www.ecoitaliano.com.ar\/index.php?rest_route=%2Fwp%2Fv2%2Ftags&post=62569"}],"curies":[{"name":"wp","href":"https:\/\/api.w.org\/{rel}","templated":true}]}}