{"id":62573,"date":"2024-10-07T20:09:17","date_gmt":"2024-10-07T20:09:17","guid":{"rendered":"https:\/\/www.ecoitaliano.com.ar\/?p=62573"},"modified":"2024-10-07T20:09:17","modified_gmt":"2024-10-07T20:09:17","slug":"serena-conduce-operaclassica-eco-italiano-3685","status":"publish","type":"post","link":"https:\/\/www.ecoitaliano.com.ar\/?p=62573","title":{"rendered":"Serena conduce operaclassica eco italiano"},"content":{"rendered":"\n<figure class=\"wp-block-image size-full is-resized\"><a href=\"http:\/\/www.ecoitaliano.com.ar\/wp-content\/uploads\/2024\/10\/fghjk-1.jpg\"><img decoding=\"async\" width=\"493\" height=\"103\" src=\"http:\/\/www.ecoitaliano.com.ar\/wp-content\/uploads\/2024\/10\/fghjk-1.jpg\" alt=\"\" class=\"wp-image-62574\" style=\"width:382px;height:auto\" srcset=\"https:\/\/www.ecoitaliano.com.ar\/wp-content\/uploads\/2024\/10\/fghjk-1.jpg 493w, https:\/\/www.ecoitaliano.com.ar\/wp-content\/uploads\/2024\/10\/fghjk-1-300x63.jpg 300w, https:\/\/www.ecoitaliano.com.ar\/wp-content\/uploads\/2024\/10\/fghjk-1-150x31.jpg 150w\" sizes=\"(max-width: 493px) 100vw, 493px\" \/><\/a><\/figure>\n\n\n\n<p><strong>STAGIONE SINFONICA 2024 DEL TEATRO G. VERDI DI TRIESTE<\/strong><strong><\/strong><\/p>\n\n\n\n<p><strong>Dal 27 settembre al 22 dicembre 2024<\/strong><strong><\/strong><\/p>\n\n\n\n<p><strong>*******<\/strong><strong><\/strong><\/p>\n\n\n\n<p><strong>3\u00b0 Concerto<\/strong><strong><\/strong><\/p>\n\n\n\n<p><strong>Venerd\u00ec 11 ottobre 2024 ore 19.30<\/strong><strong><\/strong><\/p>\n\n\n\n<p>Direttore TOMMASO TURCHETTA<\/p>\n\n\n\n<p>Soprano MARIE-PIERRE ROY<\/p>\n\n\n\n<p>Pianoforte GIACOMO FUGA<\/p>\n\n\n\n<p>Maestro del Coro PAOLO LONGO<\/p>\n\n\n\n<p>PROGRAMMA<\/p>\n\n\n\n<p>CESARE BARISON<\/p>\n\n\n\n<p><a><em>Tre momenti lirici per un melodramma<\/em><\/a><\/p>\n\n\n\n<p>SANDRO FUGA<\/p>\n\n\n\n<p><em>Toccata per pianoforte e orchestra<\/em><em><\/em><\/p>\n\n\n\n<p>LUIGI DALLAPICCOLA<\/p>\n\n\n\n<p><em>Cinque frammenti di Saffo &#8211; Liriche greche<\/em><\/p>\n\n\n\n<p>IGOR STRAVINSKIJ<\/p>\n\n\n\n<p><em>Sinfonia di salmi<\/em><\/p>\n\n\n\n<p><strong>Orchestra della Fondazione Teatro Lirico Giuseppe Verdi di Trieste<\/strong><strong><\/strong><\/p>\n\n\n\n<p><strong>Con un concerto omaggio alla storica vocazione per la musica contemporanea di Trieste e in senso lato alla sua tradizione di modernit\u00e0 e attualit\u00e0,&nbsp; si giunge al terzo concerto sinfonico aperto con Cesare Barison, grande protagonista della vita musicale triestina novecentesca di cui quest\u2019anno ricorrono i cinquant\u2019anni dalla morte e il prossimo il 150nario dalla nascita, quindi subito Sandro Fuga, vincitore del Concorso di Composizione Sinfonica \u201cCitt\u00e0 di Trieste\u201d 1952, qui con il figlio Giacomo Fuga al pianoforte che fu di Maria Tipo; poi l\u2019istriano e studente triestino Luigi Dallapiccola, infine la Sinfonia di Salmi di Igor Stravinskij.<\/strong><strong><\/strong><\/p>\n\n\n\n<p>Con la direzione del giovane Tommaso Turchetta, primo Kapellmeister ad Innsbruck ed ora a Essen, con la voce dell\u2019affermato soprano Marie Pierre Roy, nota per la sua grande sicurezza sul repertorio barocco e contemporaneo, quindi il pianista Giacomo Fuga, figlio del compositore Sandro Fuga e interprete per eccellenza della composizione del padre, il Verdi di Trieste porta al suo pubblico un impaginato che \u00e8 davvero un memento alla grande vocazione di innovazione, coraggio creativo e proiezione culturale al futuro della citt\u00e0.<\/p>\n\n\n\n<p>Si apre infatti con <em>Tre momenti lirici per un melodramma<\/em> di Cesare Barison, violinista di grande pregio, didatta, compositore, sovrintendente del Verdi dal 1945 al 1954 e in quel ruolo protagonista assoluto della centralit\u00e0 del teatro nella cultura musicale del tempo: con lui spicca il volo dal Verdi il giovanissimo von Karajan, con lui il Verdi diventa il palco di prime essenziali del Novecento musicale con Copland o Hindemith, con Barison il Ring di Wagner diventa la produzione da non perdere e grazie a lui la Norma di Bellini vede in citt\u00e0 la Callas.<\/p>\n\n\n\n<p>Ma in quegli stessi anni che hanno fatto la fama della citt\u00e0 nel mondo, tutta la collettivit\u00e0 guarda al futuro e infatti nel 1949 il Sindaco ing. Gianni Bartoli fond\u00f2 il Concorso di Composizione Sinfonica \u201cCitt\u00e0 di Trieste\u201d, per <em>\u201cpromuovere, favorire, stimolare determinate attivit\u00e0 culturali, sempre vive nella nostra Citt\u00e0\u201d. &nbsp;<\/em>Con il supporto attivo del Conservatorio Tartini, del Teatro Verdi e della sua Orchestra, nasce dunque il concorso vinto nel 1952 dal compositore veneto-torinese Sandro Fuga, nipote di Luigi Nono, con la Toccata per Pianoforte e Orchestra, che torna finalmente nel nostro teatro dopo oltre 70 anni con il figlio Giacomo Fuga al pianoforte laddove al tempo si ebbe la grande Maria Tipo.<\/p>\n\n\n\n<p>Il cammino delle memorie al futuro procede poi con l\u2019istriano e studente triestino Luigi Dallapiccola, colonna portante del Novecento internazionale da Berlino fino agli USA, presentato qui con i <em>Cinque frammenti di Saffo &#8211; Liriche greche <\/em>composte sulle traduzioni di Salvatore Quasimodo durante la guerra ed eseguiti solo dopo la fine del conflitto; con il loro tentativo di fuga dalla realt\u00e0 dolente del momento, esse conducono al gran finale neoclassico della serata con la <em>Sinfonia di Salmi <\/em>di Stravinskij, nata su tre salmi davidici prima in slavo, poi in latino, rivista quindi nel 1948, proseguendo anche la traccia del secondo fil rouge dell\u2019impaginato, la voce umana nel \u2018900 musicale.<\/p>\n\n\n\n<p><strong>Commenta cos\u00ec il Direttore Artistico Paolo Rodda<\/strong>: <em>\u201cGrazie alla mia lunga carriera con la nostra istituzione, la mia memoria storica in questo teatro \u00e8 assai lunga e di certo non dimentico lo sforzo di tutta la citt\u00e0 in passato per fare di questo teatro la punta di diamante della ricerca artistica in Europa. Dimenticare il nostro passato o peggio ricordarlo solo come folklore \u00e8 pi\u00f9 facile, ma \u00e8 un errore. Oggi che il futuro ci sembra pi\u00f9 sereno, \u00e8 nostro dovere ricordare e fare uno sforzo intellettuale verso il ricordo come sprone per il futuro. Molte iniziative della sinfonica e della stagione lirica vanno in questa direzione ed io invito i miei concittadini a prestare proprio ad esse la massima attenzione\u201d.<\/em><\/p>\n\n\n\n<figure class=\"wp-block-gallery has-nested-images columns-default is-cropped wp-block-gallery-1 is-layout-flex wp-block-gallery-is-layout-flex\">\n<figure class=\"wp-block-image size-large\"><a href=\"https:\/\/www.ecoitaliano.com.ar\/wp-content\/uploads\/2024\/10\/Marie-Pierre-Roy.jpg\"><img decoding=\"async\" width=\"1024\" height=\"683\" data-id=\"62575\" src=\"https:\/\/www.ecoitaliano.com.ar\/wp-content\/uploads\/2024\/10\/Marie-Pierre-Roy-1024x683.jpg\" alt=\"\" class=\"wp-image-62575\" srcset=\"https:\/\/www.ecoitaliano.com.ar\/wp-content\/uploads\/2024\/10\/Marie-Pierre-Roy-1024x683.jpg 1024w, https:\/\/www.ecoitaliano.com.ar\/wp-content\/uploads\/2024\/10\/Marie-Pierre-Roy-300x200.jpg 300w, https:\/\/www.ecoitaliano.com.ar\/wp-content\/uploads\/2024\/10\/Marie-Pierre-Roy-768x512.jpg 768w, https:\/\/www.ecoitaliano.com.ar\/wp-content\/uploads\/2024\/10\/Marie-Pierre-Roy-1536x1024.jpg 1536w, https:\/\/www.ecoitaliano.com.ar\/wp-content\/uploads\/2024\/10\/Marie-Pierre-Roy-150x100.jpg 150w, https:\/\/www.ecoitaliano.com.ar\/wp-content\/uploads\/2024\/10\/Marie-Pierre-Roy.jpg 2048w\" sizes=\"(max-width: 1024px) 100vw, 1024px\" \/><\/a><\/figure>\n\n\n\n<figure class=\"wp-block-image size-large\"><a href=\"https:\/\/www.ecoitaliano.com.ar\/wp-content\/uploads\/2024\/10\/Tommaso-Turchetta-e1588710131811.png\"><img decoding=\"async\" width=\"683\" height=\"1024\" data-id=\"62576\" src=\"https:\/\/www.ecoitaliano.com.ar\/wp-content\/uploads\/2024\/10\/Tommaso-Turchetta-e1588710131811-683x1024.png\" alt=\"\" class=\"wp-image-62576\" srcset=\"https:\/\/www.ecoitaliano.com.ar\/wp-content\/uploads\/2024\/10\/Tommaso-Turchetta-e1588710131811-683x1024.png 683w, https:\/\/www.ecoitaliano.com.ar\/wp-content\/uploads\/2024\/10\/Tommaso-Turchetta-e1588710131811-200x300.png 200w, https:\/\/www.ecoitaliano.com.ar\/wp-content\/uploads\/2024\/10\/Tommaso-Turchetta-e1588710131811-768x1152.png 768w, https:\/\/www.ecoitaliano.com.ar\/wp-content\/uploads\/2024\/10\/Tommaso-Turchetta-e1588710131811-1024x1536.png 1024w, https:\/\/www.ecoitaliano.com.ar\/wp-content\/uploads\/2024\/10\/Tommaso-Turchetta-e1588710131811-100x150.png 100w, https:\/\/www.ecoitaliano.com.ar\/wp-content\/uploads\/2024\/10\/Tommaso-Turchetta-e1588710131811.png 1067w\" sizes=\"(max-width: 683px) 100vw, 683px\" \/><\/a><\/figure>\n<\/figure>\n","protected":false},"excerpt":{"rendered":"<p>STAGIONE SINFONICA 2024 DEL TEATRO G. VERDI DI TRIESTE Dal 27 settembre al 22 dicembre 2024 ******* 3\u00b0 Concerto Venerd\u00ec [&hellip;]<\/p>\n","protected":false},"author":1,"featured_media":0,"comment_status":"open","ping_status":"open","sticky":false,"template":"","format":"standard","meta":{"footnotes":""},"categories":[1],"tags":[],"class_list":["post-62573","post","type-post","status-publish","format-standard","hentry","category-sin-categoria"],"_links":{"self":[{"href":"https:\/\/www.ecoitaliano.com.ar\/index.php?rest_route=\/wp\/v2\/posts\/62573","targetHints":{"allow":["GET"]}}],"collection":[{"href":"https:\/\/www.ecoitaliano.com.ar\/index.php?rest_route=\/wp\/v2\/posts"}],"about":[{"href":"https:\/\/www.ecoitaliano.com.ar\/index.php?rest_route=\/wp\/v2\/types\/post"}],"author":[{"embeddable":true,"href":"https:\/\/www.ecoitaliano.com.ar\/index.php?rest_route=\/wp\/v2\/users\/1"}],"replies":[{"embeddable":true,"href":"https:\/\/www.ecoitaliano.com.ar\/index.php?rest_route=%2Fwp%2Fv2%2Fcomments&post=62573"}],"version-history":[{"count":0,"href":"https:\/\/www.ecoitaliano.com.ar\/index.php?rest_route=\/wp\/v2\/posts\/62573\/revisions"}],"wp:attachment":[{"href":"https:\/\/www.ecoitaliano.com.ar\/index.php?rest_route=%2Fwp%2Fv2%2Fmedia&parent=62573"}],"wp:term":[{"taxonomy":"category","embeddable":true,"href":"https:\/\/www.ecoitaliano.com.ar\/index.php?rest_route=%2Fwp%2Fv2%2Fcategories&post=62573"},{"taxonomy":"post_tag","embeddable":true,"href":"https:\/\/www.ecoitaliano.com.ar\/index.php?rest_route=%2Fwp%2Fv2%2Ftags&post=62573"}],"curies":[{"name":"wp","href":"https:\/\/api.w.org\/{rel}","templated":true}]}}