{"id":62578,"date":"2024-10-07T20:14:31","date_gmt":"2024-10-07T20:14:31","guid":{"rendered":"https:\/\/www.ecoitaliano.com.ar\/?p=62578"},"modified":"2024-10-07T20:14:31","modified_gmt":"2024-10-07T20:14:31","slug":"serena-conduce-operaclassica-eco-italiano-3686","status":"publish","type":"post","link":"https:\/\/www.ecoitaliano.com.ar\/?p=62578","title":{"rendered":"Serena conduce operaclassica eco italiano"},"content":{"rendered":"<div class=\"wp-block-image\">\n<figure class=\"aligncenter size-large is-resized\"><a href=\"http:\/\/www.ecoitaliano.com.ar\/wp-content\/uploads\/2024\/10\/TRP-24-Marchio-Teatro-Regio-Parma_Giallo-1.png\"><img decoding=\"async\" width=\"1024\" height=\"724\" src=\"http:\/\/www.ecoitaliano.com.ar\/wp-content\/uploads\/2024\/10\/TRP-24-Marchio-Teatro-Regio-Parma_Giallo-1-1024x724.png\" alt=\"\" class=\"wp-image-62491\" style=\"width:197px;height:auto\" srcset=\"https:\/\/www.ecoitaliano.com.ar\/wp-content\/uploads\/2024\/10\/TRP-24-Marchio-Teatro-Regio-Parma_Giallo-1-1024x724.png 1024w, https:\/\/www.ecoitaliano.com.ar\/wp-content\/uploads\/2024\/10\/TRP-24-Marchio-Teatro-Regio-Parma_Giallo-1-300x212.png 300w, https:\/\/www.ecoitaliano.com.ar\/wp-content\/uploads\/2024\/10\/TRP-24-Marchio-Teatro-Regio-Parma_Giallo-1-768x543.png 768w, https:\/\/www.ecoitaliano.com.ar\/wp-content\/uploads\/2024\/10\/TRP-24-Marchio-Teatro-Regio-Parma_Giallo-1-1536x1086.png 1536w, https:\/\/www.ecoitaliano.com.ar\/wp-content\/uploads\/2024\/10\/TRP-24-Marchio-Teatro-Regio-Parma_Giallo-1-2048x1448.png 2048w, https:\/\/www.ecoitaliano.com.ar\/wp-content\/uploads\/2024\/10\/TRP-24-Marchio-Teatro-Regio-Parma_Giallo-1-150x106.png 150w\" sizes=\"(max-width: 1024px) 100vw, 1024px\" \/><\/a><\/figure><\/div>\n\n\n<p><strong>TEODOR CURRENTZIS<\/strong><\/p>\n\n\n\n<p><strong>PER LA PRIMA VOLTA A PARMA<\/strong><\/p>\n\n\n\n<p><strong>AL FESTIVAL VERDI INSIEME ALLA SUA ORCHESTRA MUSIC\u00c6TERNA<\/strong><\/p>\n\n\n\n<p><strong>PER <em>RAMIFICAZIONI<\/em><\/strong><\/p>\n\n\n\n<p>L\u2019eccezionale carisma e il dirompente anticonformismo sono i tratti che fanno dell\u2019artista, tra i direttori pi\u00f9 ricercati a livello internazionale. Al Regio eseguir\u00e0 la \u201cSinfonia\u201d da <em>La forza del destino<\/em> e la <em>Sinfonia n. 5 <\/em>di Dmitrij \u0160ostakovi\u010d<\/p>\n\n\n\n<p>insieme alle <em>Variazioni su un tema rococ\u00f2<\/em>, Op. 33 di P\u00ebtr Il\u2019i\u010d \u010cajkovskij con Miriam Prandi al violoncello.<\/p>\n\n\n\n<p><strong>Teatro Regio di Parma<\/strong><\/p>\n\n\n\n<p><strong>sabato 12 ottobre 2024, ore 20.30<\/strong><\/p>\n\n\n\n<p>Per la prima volta a Parma e al Festival Verdi, <strong>Teodor Currentzis<\/strong>, una delle bacchette pi\u00f9 richieste della scena internazionale, vera \u201crock star\u201d del podio, tra le pi\u00f9 originali e discusse figure del mondo musicale di oggi, negli ultimi anni ospite dei pi\u00f9 prestigiosi festival e teatri d\u2019opera, sar\u00e0 il protagonista del terzo appuntamento di <em>Ramificazioni<\/em> al <strong>Teatro Regio di Parma sabato 12 ottobre, ore 20.30<\/strong>, alla guida della sua orchestra <strong>musicAeterna<\/strong>.<\/p>\n\n\n\n<p>Il programma della serata prevede l\u2019omaggio a Verdi con l\u2019esecuzione della \u201cSinfonia\u201d da <em>La forza del destino<\/em>, accostata ad una delle opere pi\u00f9 politiche del Novecento: la <em>Sinfonia n. 5 <\/em>di <strong>Dmitrij \u0160ostakovi\u010d<\/strong>, compositore che pi\u00f9 di ogni altro risent\u00ec del suo travagliato rapporto con il potere, negli anni del totalitarismo staliniano. Il concerto di <em>Ramificazioni<\/em>, rassegna che vuole mettere in luce i legami con il tema del XXIV Festival Verdi \u201cPotere e Politica\u201d nella storia della musica, proporr\u00e0 quindi l\u2019ascolto della sinfonia del compositore russo, creata dopo le non troppo velate minacce mezzo stampa del regime sovietico alla sua opera <em>Lady Macbeth del distretto di Mzensk<\/em>, altro punto in comune con Verdi e col titolo inaugurale del festival in corso. Completa il programma l\u2019esecuzione delle <em>Variazioni su un tema rococ\u00f2, Op. 33 <\/em>di P\u00ebtr Il\u2019i\u010d \u010cajkovskij con Miriam Prandi al violoncello.<\/p>\n\n\n\n<p><strong>TEODOR CURRENTZIS<\/strong><\/p>\n\n\n\n<p>Teodor Currentzis \u00e8 il fondatore e direttore artistico dell\u2019Orchestra Utopia, il Direttore Principale dell\u2019Orchestra Sinfonica SWR di Stoccarda e il Direttore Artistico dell\u2019Orchestra e del Coro musicAeterna.<\/p>\n\n\n\n<p>\u00c8 nato in Grecia, dove ha iniziato a studiare musica. Nel 1994 \u00e8 entrato al Conservatorio di Stato di San Pietroburgo per studiare con il leggendario Maestro Ilya Musin. Insieme ai suoi ensemble, Teodor Currentzis \u00e8 regolarmente in tourn\u00e9e in Europa e nel mondo con esibizioni in numerose sedi prestigiose tra cui la Konzerthausdi Vienna, la Filarmonica di Berlino, la Elbphilharmonie di Amburgo, la Filarmonica di Monaco, la Philharmonie <em>de Paris<\/em>, la K\u00f6lner Philharmonie, l\u2019Auditorio Nacional, la Baden-Baden Festspielhaus e il Teatro alla Scala di Milano. Come direttore d\u2019orchestra e direttore musicale, Teodor Currentzis ha lavorato con i principali teatri d\u2019opera tra cui l\u2019Op\u00e9ra de Paris, la Bayerische Staatsoper, l\u2019Opernhaus Z\u00fcrich, il Teatro Real di Madrid e il Teatro Bolshoi. Ha anche collaborato con le figure chiave del teatro occidentale moderno: Robert Wilson, Romeo Castellucci, Peter Sellars, Dmitri Tcherniakov, Theodoros Terzopoulos, tra i molti. \u00c8 Resident Artist al Festival di Salisburgo, al Festival triennale della RUHR, ai festival di Lucerna e Aix-en-Provence. In qualit\u00e0 di \u201cartista residente\u201d alla Konzerthaus di Vienna, dalla stagione 2016\/17 in poi ha tenuto numerosi concerti con la Vienna Symphony Orchestra, la Camerata Salzburg, la SWR Symphony Orchestra e musicAeterna.<\/p>\n\n\n\n<p>Le sue acclamate registrazioni di opere di Mozart, Mahler, Beethoven, \u010cajkovskij, Rameau e Stravinsky, pubblicate per SONY Classical, hanno ricevuto numerosi premi musicali internazionali: ECHO Klassik, Edison Klassiek, Japanese Record Academy Award e BBC Music Magazine&#8217;s Opera Award. Ha ricevuto il prestigioso KAIROS Award della Toepfer Foundation. \u00c8 stato inoltre insignito dell\u2019Ordine Greco della Fenice e del Premio internazionale Musikfest Bremen.<\/p>\n\n\n\n<p><strong>MUSIC\u00c6TERNA<\/strong><\/p>\n\n\n\n<p>L\u2019orchestra musicAeterna \u00e8 uno degli ensemble pi\u00f9 richiesti sulla scena internazionale. \u00c8 stata fondata nel 2004 dal direttore d\u2019orchestra Teodor Currentzis ed \u00e8 composta da musicisti provenienti da quindici paesi differenti. Il suo repertorio comprende famosi capolavori di musica antica, opere del XIX e XX secolo e composizioni contemporanee sperimentali.<\/p>\n\n\n\n<p>Insieme a Teodor Currentzis, l\u2019orchestra musicAeterna \u00e8 regolarmente in tourn\u00e9e in Europa e nel mondo con esibizioni in numerose prestigiose sedi tra le quali la Konzerthaus di Vienna, la Filarmonica di Berlino, l\u2019Elbphilharmonie di Amburgo, la Filarmonica di Monaco, la Philharmonie de Paris, la K\u00f6lner Philharmonie, l\u2019Auditorio Nacional, la Baden-Baden Festspielhaus e il Teatro La Scala. Nel 2019, la geografia dei tour dell\u2019ensemble \u00e8 stata notevolmente ampliata, grazie ai debutti in Giappone e negli Stati Uniti. Il \u00abNew York Times\u00bb ha definito quella performance come uno degli eventi chiave dell\u2019anno.<\/p>\n\n\n\n<p>L&#8217;orchestra musicAeterna \u00e8 spesso ospite di festival internazionali, quali il Festival triennale della RUHR, il Klara Festival, il Festival di Aix-en-Provence e il Diaghilev Festival. Nel 2017, musicAeterna \u00e8 diventato il primo ensemble russo ad avere l\u2019onore di aprire il programma principale del festival musicale pi\u00f9 prestigioso del mondo: il Festival di Salisburgo. I musicisti hanno eseguito <em>La Clemenza di Tito<\/em> (regia di Peter Sellars) e il <em>Requiem<\/em> di Mozart. Da allora, musicAeterna \u00e8 stata regolarmente presente al festival.<\/p>\n\n\n\n<p>Teodor Currentzis e musicAeterna registrano in esclusiva per Sony Classical. Le loro acclamate registrazioni di opere di Mozart, Mahler, Beethoven, Tchaikovsky, Rameau e Stravinsky hanno ricevuto prestigiosi premi musicali: ECHO Klassik, Edison Klassiek, Japanese Record Academy Award e BBC Music Magazine&#8217;s Opera Award.<\/p>\n\n\n\n<p><strong>MIRIAM PRANDI<\/strong><\/p>\n\n\n\n<p>Vincitrice del Rahn Musikpreis 2014, \u00e8 stata elogiata dalla \u00abSchweizer Musikzeitung\u00bb per la sua \u201csincerit\u00e0 espressiva sorprendente\u201d. \u00c8 stata protagonista al Festival MITO (Teatro alla Scala), Festival del Maggio Musicale Fiorentino, Unione Musicale di Torino, Festival Al Bustan di Beirut, Festival Menuhin di Gstaad, e si \u00e8 esibita come solista sotto la direzione di Vladimir Fedoseyev, Neeme J\u00e4rvi, Andris Poga, Gianluca Marcian\u00f2, Michele Mariotti, Douglas Bostock, tra gli altri. Ha studiato pianoforte e violoncello, e ha approfondito gli studi di violoncello con Natalia Gutman. Ha conseguito il diploma di Master Solista presso la Hochschule der K\u00fcnste Bern. Si \u00e8 esibita come violoncellista del delian::quartett, e ha registrato sia come violoncellista che come pianista l&#8217;<em>Arte della Fuga<\/em> di J.S. Bach per Oehms Classics. Suona un violoncello di Giovanni Grancino (Milano, 1712), della Fondazione Pro Canale Onlus.<\/p>\n\n\n\n<h2 class=\"wp-block-heading\">PARTNER E SPONSOR<\/h2>\n\n\n\n<p>Il Festival Verdi \u00e8 realizzato grazie al contributo di Ministero della Cultura, Regione Emilia-Romagna, Reggio Parma Festival, Comune di Parma. Main partner Chiesi. Major partner Fondazione Cariparma. Media partner Mediaset. Cultural Partner Cr\u00e9dit Agricole. Main sponsor Iren, Barilla. Sponsor Unione Parmense degli Industriali, Dallara, Opem. Sostenitori GloveICT, Cavalca, La Giovane, Amoretti, Sicim, Colser, Mutti, Cepim, Parmacotto, Grasselli, Parmalat, Delicius. Con il contributo di Comune di Fidenza, Ascom e Ascom Confcommercio Parma Fondazione, Camera di Commercio dell\u2019Emilia, Fondazione Monte Parma, Comune di Busseto. Wine partner Oinoe. Mobilty Partner Tep. Con il supporto di \u201cParma, io ci sto!\u201d. Legal counselling Villa&amp;Partners. Partner scientifico Istituto Nazionale di Studi Verdiani. Digital counselling Unsocials. Radio Ufficiale Radio Monte Carlo. Fairplay Partner Zebre Parma. Tour Operator Partner Parma Incoming. Sostenitori tecnici De Simoni, Milosped, Teamwork, Graphital. Il Teatro Regio aderisce a Fedora, Opera Europa, Opera Vision, Emilia taste, nature &amp; culture. Special thanks to International Friends of Festival Verdi. Partner artistici e istituzionali Teatro Comunale di Bologna, La Toscanini, Societ\u00e0 dei Concerti di Parma, Conservatorio \u201cArrigo Boito\u201d di Parma, Coro del Teatro Regio di Parma.<\/p>\n\n\n\n<p><strong>BIGLIETTI<\/strong><\/p>\n\n\n\n<p>Biglietti da \u20ac10 a \u20ac90. In vendita <strong>dal 22 febbraio 2024 <\/strong>in biglietteria e <strong>dal 23 febbraio 2024 <\/strong>su teatroregioparma.it. Per i giovani <strong>under30 riduzione del 50% sui prezzi di tutti gli appuntamenti in programma<\/strong>.<\/p>\n\n\n\n<h2 class=\"wp-block-heading\">BIGLIETTERIA DEL TEATRO REGIO DI PARMA<\/h2>\n\n\n\n<p>I biglietti per tutti gli spettacoli sono disponibili online su teatroregioparma.it. L\u2019acquisto online non comporta alcuna commissione di servizio.<\/p>\n\n\n\n<p>Per informazioni Strada Giuseppe Garibaldi, 16\/A &#8211; 43121 Parma<\/p>\n\n\n\n<p>Tel. +39 0521 203999 &#8211; biglietteria@teatroregioparma.it<\/p>\n\n\n\n<h2 class=\"wp-block-heading\">PROMOZIONI E AGEVOLAZIONI<\/h2>\n\n\n\n<p>Gli Under30 hanno diritto a una riduzione del 50% sul prezzo di abbonamenti e biglietti, fino ad esaurimento posti.<\/p>\n\n\n\n<p>Il Teatro Regio di Parma aderisce alle iniziative riservate ai neomaggiorenni, agli studenti e ai docenti. Per informazioni www.cartadeldocente.istruzione.it www.cartegiovani.cultura.gov.it<\/p>\n\n\n\n\n\n<p>Parma, 7 ottobre 2024<\/p>\n\n\n\n<p>Paolo Maier<\/p>\n\n\n\n<p>Responsabile Comunicazione istituzionale, Ufficio stampa, Archivio<\/p>\n\n\n\n<p>Teatro Regio di Parma<\/p>\n\n\n\n<p>strada Garibaldi 16\/A, 43121 Parma \u2013 Italia<\/p>\n\n\n\n<p>Tel. +39 0521 203969&nbsp;<\/p>\n\n\n\n<p>p.maier@teatroregioparma.it&nbsp;<\/p>\n\n\n\n<p>stampa@teatroregioparma.it<\/p>\n\n\n\n<p>www.teatroregioparma.it<\/p>\n\n\n\n\n\n\n\n\n\n\n\n<p><a href=\"http:\/\/www.facebook.com\/teatroregioparma\"><\/a>&nbsp;&nbsp;&nbsp;<br><\/p>\n\n\n\n<p>Teatro Regio di Parma<\/p>\n\n\n\n<p>sabato 12 ottobre 2024, ore 20.30<\/p>\n\n\n\n<p><strong>TEODOR CURRENTZIS<\/strong><\/p>\n\n\n\n<p><strong>MUSIC\u00c6TERNA<\/strong><\/p>\n\n\n\n<p><em>Direttore <\/em>TEODOR CURRENTZIS<\/p>\n\n\n\n<p>MUSIC\u00c6TERNA ORCHESTRA<\/p>\n\n\n\n<p><em>Violoncello <\/em>MIRIAM PRANDI<\/p>\n\n\n\n<p>GIUSEPPE VERDI (1813 \u2013 1901)<\/p>\n\n\n\n<p>\u201cSinfonia\u201d da <em>La forza del destino<\/em><\/p>\n\n\n\n<p><a>P\u00cbTR IL\u2019I\u010c \u010cAJKOVSKIJ <\/a>(1840 \u2013 1893)<\/p>\n\n\n\n<p><em>Variazioni su un tema rococ\u00f2 per violoncello e orchestra<\/em>, op. 33<\/p>\n\n\n\n<p>Thema. Moderato assai quasi Andante. Moderato semplice<\/p>\n\n\n\n<p>Variazione I. Tempo del Thema<\/p>\n\n\n\n<p>Variazione II. Tempo del Thema<\/p>\n\n\n\n<p>Variazione III. Andante<\/p>\n\n\n\n<p>Variazione IV. Allegro vivo<\/p>\n\n\n\n<p>Variazione V. Andante grazioso<\/p>\n\n\n\n<p>Variazione VI. Allegro moderato<\/p>\n\n\n\n<p>Variazione VII. Andante sostenuto<\/p>\n\n\n\n<p>Variazione VIII e Coda. Allegro moderato con anima<\/p>\n\n\n\n<p>DMITRIJ \u0160OSTAKOVI\u010c (1906 \u2013 1975)<\/p>\n\n\n\n<p><em>Sinfonia n. 5 in Re minore<\/em>, op. 47<\/p>\n\n\n\n<p>Moderato<\/p>\n\n\n\n<p>Allegretto<\/p>\n\n\n\n<p>Largo<\/p>\n\n\n\n<p>Allegro non troppo<\/p>\n\n\n\n<p><strong>FESTIVAL VERDI<\/strong><\/p>\n\n\n\n<p><strong>Parma e Busseto,<\/strong><\/p>\n\n\n\n<p><strong>21 settembre &#8211; 21 ottobre 2024<\/strong><strong><\/strong><\/p>\n\n\n\n<p><strong>XXIV Edizione<\/strong><strong><br><\/strong><\/p>\n\n\n\n<p><strong>Parma, Centro storico<\/strong><\/p>\n\n\n\n<p>21 settembre 2024<\/p>\n\n\n\n<p>VERDI STREET PARADE<\/p>\n\n\n\n<p><strong>Teatro Regio di Parma<\/strong><\/p>\n\n\n\n<p>26 settembre, 6, 13, 17 ottobre 2024<\/p>\n\n\n\n<p>MACBETH<\/p>\n\n\n\n<p><em>versione in francese, Parigi 1865<\/em><\/p>\n\n\n\n<p><strong>Teatro Giuseppe Verdi di Busseto<\/strong><\/p>\n\n\n\n<p>27, 28 settembre, 5, 12, 18 ottobre 2024<\/p>\n\n\n\n<p>UN BALLO<\/p>\n\n\n\n<p>IN MASCHERA<\/p>\n\n\n\n<p><strong>Teatro Regio di Parma<\/strong><\/p>\n\n\n\n<p>29 settembre, 4, 20 ottobre 2024<\/p>\n\n\n\n<p>LA BATTAGLIA<\/p>\n\n\n\n<p>DI LEGNANO<\/p>\n\n\n\n<p><strong>Teatro Girolamo Magnani di Fidenza<\/strong><\/p>\n\n\n\n<p>3, 11 ottobre 2024<\/p>\n\n\n\n<p>ATTILA<\/p>\n\n\n\n<p><em>in forma di concerto<\/em><\/p>\n\n\n\n<p><strong>Teatro Regio di Parma<\/strong><\/p>\n\n\n\n<p>2 ottobre 2024<\/p>\n\n\n\n<p>FUOCO DI GIOIA<\/p>\n\n\n\n<p><strong>Teatro Girolamo Magnani di Fidenza<\/strong><\/p>\n\n\n\n<p>6 ottobre 2024<\/p>\n\n\n\n<p>AMARTUVSHIN<\/p>\n\n\n\n<p>ENKHBAT<\/p>\n\n\n\n<p><strong>Teatro Regio di Parma<\/strong><\/p>\n\n\n\n<p>10 ottobre 2024<\/p>\n\n\n\n<p>GALA<\/p>\n\n\n\n<p>VERDIANO<\/p>\n\n\n\n<p><strong>Teatro Regio di Parma<\/strong><\/p>\n\n\n\n<p>14 ottobre 2024<\/p>\n\n\n\n<p>CONCERTO DI GALA<\/p>\n\n\n\n<p>DELL\u2019ACCADEMIA<\/p>\n\n\n\n<p>VERDIANA<\/p>\n\n\n\n<p><strong>Teatro Regio di Parma<\/strong><\/p>\n\n\n\n<p>19 ottobre 2024<\/p>\n\n\n\n<p>MESSA<\/p>\n\n\n\n<p>DA REQUIEM<strong><br><\/strong><\/p>\n\n\n\n<p>Il programma completo su teatroregioparma.it<strong><br><\/strong><strong><\/strong><\/p>\n\n\n\n<p><a><\/a><a><strong>FESTIVAL VERDI<\/strong><\/a><\/p>\n\n\n\n<p><strong>Parma e Busseto,<\/strong><\/p>\n\n\n\n<p><strong>21 settembre &#8211; 21 ottobre 2024<\/strong><strong><\/strong><\/p>\n\n\n\n<p><strong>XXIV Edizione<\/strong><\/p>\n\n\n\n<p><em>Ramificazioni<\/em><strong><br><\/strong><\/p>\n\n\n\n<p><strong>Parma, Auditorium Paganini<\/strong><\/p>\n\n\n\n<p>5 ottobre 2024<\/p>\n\n\n\n<p>MAXIME PASCAL<\/p>\n\n\n\n<p>SHIRIN NESHAT<\/p>\n\n\n\n<p>FILARMONICA<\/p>\n\n\n\n<p>ARTURO TOSCANINI<\/p>\n\n\n\n<p>CORO DEL TEATRO<\/p>\n\n\n\n<p>REGIO DI PARMA<\/p>\n\n\n\n<p>Sch\u00f6nberg | Nono | Verdi<\/p>\n\n\n\n<p><strong>Teatro Regio di Parma<\/strong><\/p>\n\n\n\n<p>8 ottobre 2024<\/p>\n\n\n\n<p>CHARLES DUTOIT<\/p>\n\n\n\n<p>ORCHESTRA GIOVANILE<\/p>\n\n\n\n<p>\u201cLUIGI CHERUBINI\u201d<\/p>\n\n\n\n<p>Rossini | Stravinskij | Dvo\u0159\u00e1k<\/p>\n\n\n\n<p><strong>Teatro Regio di Parma<\/strong><\/p>\n\n\n\n<p>12 ottobre 2024<\/p>\n\n\n\n<p>TEODOR CURRENTZIS<\/p>\n\n\n\n<p>MUSICAETERNA<\/p>\n\n\n\n<p>ORCHESTRA<\/p>\n\n\n\n<p>Verdi | \u0160ostakovi\u010d | \u010cajkovskij<\/p>\n\n\n\n<p><strong>Parma, Teatro Farnese<\/strong><\/p>\n\n\n\n<p>18, 19 ottobre 2024<\/p>\n\n\n\n<p>MADRIGALI<\/p>\n\n\n\n<p>Nono | Monteverdi<\/p>\n\n\n\n<p>violino<\/p>\n\n\n\n<p>MIHAELA COSTEA<\/p>\n\n\n\n<p>regia del suono<\/p>\n\n\n\n<p>ALVISE VIDOLIN<\/p>\n\n\n\n<p>GHISLIERI CONSORT<\/p>\n\n\n\n<p>controtenore<\/p>\n\n\n\n<p>CARLO VISTOLI<\/p>\n\n\n\n<p>coreografia&nbsp;<\/p>\n\n\n\n<p>PHILIPPE KRATZ<\/p>\n\n\n\n<p>regia e visual<\/p>\n\n\n\n<p>FABIO CHERSTICH<br><strong><br><\/strong><\/p>\n\n\n\n<p><strong>FESTIVAL VERDI <\/strong><strong>VERDI OFF<\/strong><strong><\/strong><\/p>\n\n\n\n<p><strong>CALENDARIO<\/strong><\/p>\n\n\n\n<p><strong>SETTEMBRE<\/strong><\/p>\n\n\n\n<p><strong>21 sab<\/strong><\/p>\n\n\n\n<p>10.00&gt;12.00 \/ 15.30&gt;18.00 Palazzo Bossi Bocchi IL PINOCCHIO D\u2019ARTISTA DI MIMMO PALADINO mostra d\u2019arte<\/p>\n\n\n\n<p>11.00 Ridotto del Regio TRADIRE \/ TR\u1fb9DERE MACBETH Incontro<\/p>\n\n\n\n<p>13.00 Fornici del Regio CUC\u00d9 VERDIANO<\/p>\n\n\n\n<p>15.00 Teatro Regio PROVA APERTA <em>Macbeth<\/em><\/p>\n\n\n\n<p>16.00&gt;22.00 Borgo del Gallo 6 VERDI GAMELAND<\/p>\n\n\n\n<p>18.00&gt;22.00 Parma VERDI STREET PARADE<\/p>\n\n\n\n<p>21.00 &nbsp;&nbsp; Cortile S. Pietro VERDINARIA 2.0 Videomapping e Approache 17. Opening<\/p>\n\n\n\n<p>Tutto il giorno &gt; Ass. Cul. Ponti x l\u2019Arte, Borgo del Correggio 9\/b VIVA VERDI! mostra d\u2019arte<\/p>\n\n\n\n<p>Tutto il giorno &gt; JES Art Hub, Borgo Guazzo 20\/A 6 a NOTE VERDIANE mostra d\u2019arte<\/p>\n\n\n\n<p>Tutto il giorno &gt; Busseto, GV_Bottega Culturale ITINERARI VERDIANI<\/p>\n\n\n\n<p><strong>22 dom<\/strong><\/p>\n\n\n\n<p>10.00&gt;16.00 Corale Verdi VERDI SOTTO CASA \u201cStorie appese a un filo\u201d (evento per famiglie e bambini)<\/p>\n\n\n\n<p>10.00 &gt; 13.00 \/ 16.00 &gt; 22.00 Galleria San Ludovico AIDA. L\u2019ESODO VERDIANO istallazione<\/p>\n\n\n\n<p>11.00 Gran Caff\u00e8 del Regio A TU PER TU COL MAESTRO <em>Macbeth<\/em><\/p>\n\n\n\n<p>11.00 Q. Cittadella, via Pozzuolo dal Friuli 13 VERDI SOTTO CASA \u201cConcerto lirico degli Allievi dell\u2019Accademia Verdiana<strong><\/strong><\/p>\n\n\n\n<p>12.00 Busseto, Balcone del Municipio CUC\u00d9 VERDIANO<\/p>\n\n\n\n<p>13.00 Fornici del Regio CUC\u00d9 VERDIANO<\/p>\n\n\n\n<p>13.00 Parco Ducale BIANCHI, ROSSI E VERDI picnic<\/p>\n\n\n\n<p>16.00 Q. San Lazzaro, Biblioteca Cesare Pavese VERDI SOTTO CASA \u201cRossini per bambini: una ricetta molto speciale\u201d<\/p>\n\n\n\n<p>16.00&gt;20.00 Borgo del Gallo 6 VERDI GAMELAND<\/p>\n\n\n\n<p>16.00 Teatro Regio PROVA APERTA <em>La battaglia di Legnano<\/em><\/p>\n\n\n\n<p>18.00 Q. Montanara, Orti Sociali del Cinghio VERDI SOTTO CASA Quartetto Boito<\/p>\n\n\n\n<p>18.00 Q Santa Margherita, Casa di accoglienza Enzo Sicuri VERDI SOTTO CASA Men in Brass (evento riservato)<\/p>\n\n\n\n<p>18.00 Q. San Leonardo, Piazza Codroipo VERDI SOTTO CASA Banda di felino<\/p>\n\n\n\n<p>18.00 Circ. Dipendenti Sanit\u00e0, via Casati VERDI SOTTO CASA La Toscanini Next &#8211; Sempreverdi<\/p>\n\n\n\n<p>19.00 Circ. Dipendenti Sanit\u00e0, via Casati VERDI SOTTO CASA Pizza verdiana (evento su prenotazione, tel 0521290026)<\/p>\n\n\n\n<p>19.00 &gt; 22.00 Galleria San Ludovico AIDA. L\u2019ESODO VERDIANO istallazione<\/p>\n\n\n\n<p>19.30 Scalinata Palazzo della Pilotta LA NOTTE DEI CORI<\/p>\n\n\n\n<p>20.30 Q. San Lazzaro, Ist. Del Buon Pastore VERDI SOTTO CASA Concerto verdiano<\/p>\n\n\n\n<p>Tutto il giorno &gt; Ass. Cul. Ponti x l\u2019Arte, Borgo del Correggio 9\/b VIVA VERDI! mostra d\u2019arte<\/p>\n\n\n\n<p>Tutto il giorno &gt; JES Art Hub, Borgo Guazzo 20\/A 6 a NOTE VERDIANE mostra d\u2019arte<\/p>\n\n\n\n<p>Tutto il giorno &gt; Busseto, GV_Bottega Culturale ITINERARI VERDIANI<\/p>\n\n\n\n<p><strong>23 lun<\/strong><\/p>\n\n\n\n<p>10.30 Corale Verdi, GIACOMO PUCCINI: DAL SUO LAGO A NOI BAMBINI (riservatolo alle scuole)<\/p>\n\n\n\n<p>13.00 Fornici del Regio CUC\u00d9 VERDIANO<\/p>\n\n\n\n<p>16.00&gt;22.00 Borgo del Gallo 6 VERDI GAMELAND<\/p>\n\n\n\n<p>18.00 Corale Verdi CASA VERDI<\/p>\n\n\n\n<p>19.00 &gt; 22.00 Galleria San Ludovico AIDA. L\u2019ESODO VERDIANO istallazione<\/p>\n\n\n\n<p>19.30 Teatro Regio PROVA UNDER30 <em>Macbeth<\/em><\/p>\n\n\n\n<p>23.00 Ridotto del Regio AFTERSHOW UNDER30<\/p>\n\n\n\n<p>Tutto il giorno &gt; Ass. Cul. Ponti x l\u2019Arte, Borgo del Correggio 9\/b VIVA VERDI! mostra d\u2019arte<\/p>\n\n\n\n<p>Tutto il giorno &gt; JES Art Hub, Borgo Guazzo 20\/A 6 a NOTE VERDIANE mostra d\u2019arte<\/p>\n\n\n\n<p>Tutto il giorno &gt; Busseto, GV_Bottega Culturale ITINERARI VERDIANI<\/p>\n\n\n\n<p><strong>24 mar<\/strong><\/p>\n\n\n\n<p>10.30 Corale Verdi VERDI GIUSEPPE, LA PICCOLA STORIA DI UN GRANDE BAMBINO (riservato alle scuole)<\/p>\n\n\n\n<p>11.00 Busseto, Ridotto del Teatro Verdi CONVERSAZIONI MUSICALI: ASPETTANDO UN BALLO IN MASCHERA<\/p>\n\n\n\n<p>13.00 Fornici del Regio CUC\u00d9 VERDIANO<\/p>\n\n\n\n<p>15.30&gt;18.00 Palazzo Bossi Bocchi IL PINOCCHIO D\u2019ARTISTA DI MIMMO PALADINO mostra d\u2019arte<\/p>\n\n\n\n<p>16.00&gt;22.00 Borgo del Gallo 6 VERDI GAMELAND<\/p>\n\n\n\n<p>16.00 Busseto, RSA \u201cAlfonso Pallavicino\u201d MEN IN BRASS (evento riservato)<\/p>\n\n\n\n<p>18.00 Corale Verdi CASA VERDI<\/p>\n\n\n\n<p>19.00 &gt; 22.00 Galleria San Ludovico AIDA. L\u2019ESODO VERDIANO istallazione<\/p>\n\n\n\n<p>19.30 Teatro Regio PROVA UNDER30 <em>La battaglia di Legnano<\/em><\/p>\n\n\n\n<p>23.00 Ridotto del Regio AFTERSHOW UNDER30<\/p>\n\n\n\n<p>Tutto il giorno &gt; Ass. Cul. Ponti x l\u2019Arte, Borgo del Correggio 9\/b VIVA VERDI! mostra d\u2019arte<\/p>\n\n\n\n<p>Tutto il giorno &gt; JES Art Hub, Borgo Guazzo 20\/A 6 a NOTE VERDIANE mostra d\u2019arte<\/p>\n\n\n\n<p>Tutto il giorno &gt; Busseto, GV_Bottega Culturale ITINERARI VERDIANI<\/p>\n\n\n\n<p><strong>25 mer<\/strong><\/p>\n\n\n\n<p>08.30 Liceo Attilio Bertolucci HIGH SCHOOL FALSTAFF (riservato alle scuole)<\/p>\n\n\n\n<p>10.30 Corale Verdi ROSSINI PER BAMBINI: UNA RICETTA MOLTO SPECIALE <strong>(<\/strong>riservato alle scuole)<\/p>\n\n\n\n<p>13.00 Fornici del Regio CUC\u00d9 VERDIANO<\/p>\n\n\n\n<p>16.00&gt;22.00 Borgo del Gallo 6 VERDI GAMELAND<\/p>\n\n\n\n<p>18.30 Palazzo Soragna JAZZ\u2019ON PARMA ORCHESTRA BIG BAND LAB<\/p>\n\n\n\n<p>19.00 &gt; 22.00 Galleria San Ludovico AIDA. L\u2019ESODO VERDIANO istallazione<\/p>\n\n\n\n<p>21.00 Palazzo Pallavicino PORTRAITS VERDI&amp;PUCCINI danza<\/p>\n\n\n\n<p>21.00 Liceo Attilio Bertolucci HIGH SCHOOL FALSTAFF (con prenotazione)<\/p>\n\n\n\n<p>22.00 Liceo Attilio Bertolucci HIGH SCHOOL FALSTAFF (con prenotazione)<\/p>\n\n\n\n<p>Tutto il giorno &gt; Ass. Cul. Ponti x l\u2019Arte, Borgo del Correggio 9\/b VIVA VERDI! mostra d\u2019arte<\/p>\n\n\n\n<p>Tutto il giorno &gt; JES Art Hub, Borgo Guazzo 20\/A 6 a NOTE VERDIANE mostra d\u2019arte<\/p>\n\n\n\n<p>Tutto il giorno &gt; Busseto, GV_Bottega Culturale ITINERARI VERDIANI<\/p>\n\n\n\n<p><strong>26 gio<\/strong><\/p>\n\n\n\n<p>10.00 Corale Verdi ORCHESTRALI, VIL RAZZA SUONATA! Legni: \u00e8 il so dell\u2019ancia (laboratorio)<\/p>\n\n\n\n<p>13.00 Fornici del Regio CUC\u00d9 VERDIANO<\/p>\n\n\n\n<p>15.30&gt;18.00 Palazzo Bossi Bocchi IL PINOCCHIO D\u2019ARTISTA DI MIMMO PALADINO mostra d\u2019arte<\/p>\n\n\n\n<p>16.00&gt;22.00 Borgo del Gallo 6 VERDI GAMELAND<\/p>\n\n\n\n<p>18.00 Chiesa di S. Triburzio THE WIND OF OPERA<\/p>\n\n\n\n<p>18.00 Corale Verdi VERDIORAMA <em>Macbeth<\/em><\/p>\n\n\n\n<p>18.00 Teatro Verdi, Busseto PROVA APERTA <em>Un ballo in maschera<\/em><em><\/em><\/p>\n\n\n\n<p>19.00 Fronte Teatro Regio VERDI A PASSO DI DANZA<\/p>\n\n\n\n<p>19.00 &gt; 22.00 Galleria San Ludovico AIDA. L\u2019ESODO VERDIANO istallazione<\/p>\n\n\n\n<p>20.00 Teatro Regio MACBETH<\/p>\n\n\n\n<p>21.30 Corale Verdi VERDIORAMA <em>Macbeth<\/em><\/p>\n\n\n\n<p>Tutto il giorno &gt; Ass. Cul. Ponti x l\u2019Arte, Borgo del Correggio 9\/b VIVA VERDI! mostra d\u2019arte<\/p>\n\n\n\n<p>Tutto il giorno &gt; JES Art Hub, Borgo Guazzo 20\/A 6 a NOTE VERDIANE mostra d\u2019arte<\/p>\n\n\n\n<p>Tutto il giorno &gt; Busseto, GV_Bottega Culturale ITINERARI VERDIANI<\/p>\n\n\n\n<p><strong>27 ven<\/strong><\/p>\n\n\n\n<p>13.00 Fornici del Regio CUC\u00d9 VERDIANO<\/p>\n\n\n\n<p>16.00&gt;22.00 Borgo del Gallo 6 VERDI GAMELAND<\/p>\n\n\n\n<p>18.00 Busseto, Museo Renata Tebaldi ASPETTANDO UN BALLO IN MASCHERA<\/p>\n\n\n\n<p>18.30 Oltrelab, P.le Bertozzi VERDIHOUR. CUARTETO T\u00cdPICO<\/p>\n\n\n\n<p>19.00 Busseto, Fronte Teatro Verdi VERDI A PASSO DI DANZA<\/p>\n\n\n\n<p>19.00 Fidenza, Centro storico VERDIHOUR dj set<\/p>\n\n\n\n<p>19.00 &gt; 22.00 Galleria San Ludovico AIDA. L\u2019ESODO VERDIANO istallazione<\/p>\n\n\n\n<p>20.00 Teatro Verdi, Busseto UN BALLO IN MASCHERA<\/p>\n\n\n\n<p>Tutto il giorno &gt; Ass. Cul. Ponti x l\u2019Arte, Borgo del Correggio 9\/b VIVA VERDI! mostra d\u2019arte<\/p>\n\n\n\n<p>Tutto il giorno &gt; JES Art Hub, Borgo Guazzo 20\/A 6 a NOTE VERDIANE mostra d\u2019arte<\/p>\n\n\n\n<p>Tutto il giorno &gt; Busseto, GV_Bottega Culturale ITINERARI VERDIANI<\/p>\n\n\n\n<p><strong>28 sab<\/strong><\/p>\n\n\n\n<p>10.00 \/ 12.00 \/ 16.00 \/ 18.00 Verdi al Cubo, p.le Picelli MANI PIEDI OCCHI (per famiglie bambini, su prenotazione)<\/p>\n\n\n\n<p>10.00&gt;12.00 \/ 15.30&gt;18.00 Palazzo Bossi Bocchi IL PINOCCHIO D\u2019ARTISTA DI MIMMO PALADINO mostra d\u2019arte<\/p>\n\n\n\n<p>10.00 &gt; 13.00 \/ 16.00 &gt; 22.00 Galleria San Ludovico AIDA. L\u2019ESODO VERDIANO istallazione<\/p>\n\n\n\n<p>11.00 Gran Caff\u00e8 del Regio A TU PER TU COL MAESTRO <em>La battaglia di Legnano<\/em><\/p>\n\n\n\n<p>12.00 Fidenza, Balcone del Municipio CUC\u00d9 VERDIANO<\/p>\n\n\n\n<p>13.00 Fornici del Regio CUC\u00d9 VERDIANO<\/p>\n\n\n\n<p>15.00 Abbazia di Valserena GALA IN NERO. IXVIII EDIZIONE DE IL RUMORE DEL LUTTO FESTIVAL \u201cRESPIRA\u201d (su prenotazione)<\/p>\n\n\n\n<p>15.00 Abbazia di Valserena VISITA GUIDATA<\/p>\n\n\n\n<p>15.30&gt;19.30 Quartiere Spip VERDI SPIP PARADE<\/p>\n\n\n\n<p>15.30 Teatro Verdi, Busseto UN BALLO IN MASCHERA<\/p>\n\n\n\n<p>16.00\/22.00 Borgo del Gallo 6 VERDI GAMELAND<\/p>\n\n\n\n<p>16.00 Abbazia di Valserena ANIMAZIONE NEL CORTILE<\/p>\n\n\n\n<p>16.00 Fidenza, Casa protetta DANZA CON VERDI (evento riservato)<\/p>\n\n\n\n<p>17.00 Ridotto del Regio CORI AL RIDOTTO<\/p>\n\n\n\n<p>18.00 Abbazia di Valserena MUICA, VOCI E DANZA AL CRESPUCOLO<\/p>\n\n\n\n<p>19.00 Abbazia di Valserena \u201cBRETHE\u201d CON MARCO PIPITONE<\/p>\n\n\n\n<p>Tutto il giorno &gt; Ass. Cul. Ponti x l\u2019Arte, Borgo del Correggio 9\/b VIVA VERDI! mostra d\u2019arte<\/p>\n\n\n\n<p>Tutto il giorno &gt; JES Art Hub, Borgo Guazzo 20\/A 6 a NOTE VERDIANE mostra d\u2019arte<\/p>\n\n\n\n<p>Tutto il giorno &gt; Busseto, GV_Bottega Culturale ITINERARI VERDIANI<\/p>\n\n\n\n<p><strong>29 dom<\/strong><\/p>\n\n\n\n<p>10.00\/10.15 dal Regio al Quartiere San Leonardo JUST WALKING<\/p>\n\n\n\n<p>10.00 \/ 12.00 \/ 16.00 \/ 18.00 Verdi al Cubo, p.le Picelli MANI PIEDI OCCHI (per famiglie bambini, su prenotazione)<\/p>\n\n\n\n<p>10.00 &gt; 13.00 \/ 16.00 &gt; 22.00 Galleria San Ludovico AIDA. L\u2019ESODO VERDIANO istallazione<\/p>\n\n\n\n<p>11.00 Gran Caff\u00e8 del Regio A TU PER TU COL MAESTRO <em>Attila<\/em><\/p>\n\n\n\n<p>12.00 Palazzo Ducale MEZZOGIORNO IN MUSICA<\/p>\n\n\n\n<p>12.00 Busseto, Balcone del Municipio CUC\u00d9 VERDIANO<\/p>\n\n\n\n<p>16.00 Q. San Leonardo, Chiesa del Cristo Risorto ROSSINI PER BAMBINI: UNA RICETTA MOLTO SPECIALE (consigliato bambini 3-6 anni)<\/p>\n\n\n\n<p>16.00&gt;20.00 Borgo del Gallo 6 VERDI GAMELAND<\/p>\n\n\n\n<p>16.00 \/ 16.15 Parco Cittadella ALBERI MAESTRI. LA FORESTA DI MACBETH (consigliato bambini 4-10 anni, con prenotazione)<\/p>\n\n\n\n<p>16.30 Basilica Cattedrale VERDI SACRO Ensemble Dufay<\/p>\n\n\n\n<p>17.00 Fronte Regio VERDI A PASSO DI DANZA<\/p>\n\n\n\n<p>18.00 Teatro Regio LA BATTAGLIA DI LEGNANO<\/p>\n\n\n\n<p>Tutto il giorno &gt; Ass. Cul. Ponti x l\u2019Arte, Borgo del Correggio 9\/b VIVA VERDI! mostra d\u2019arte<\/p>\n\n\n\n<p>Tutto il giorno &gt; JES Art Hub, Borgo Guazzo 20\/A 6 a NOTE VERDIANE mostra d\u2019arte<\/p>\n\n\n\n<p>Tutto il giorno &gt; Busseto, GV_Bottega Culturale ITINERARI VERDIANI<\/p>\n\n\n\n<p><strong>30 lun<\/strong><\/p>\n\n\n\n<p>10.30 Verdi al Cubo, p.le Picelli GIACOMO PUCCINI: DAL SUO LAGO A NOI BAMBINI (laboratorio per le scuole)<\/p>\n\n\n\n<p>13.00 Fornici del Regio CUC\u00d9 VERDIANO<\/p>\n\n\n\n<p>16.00&gt;22.00 Borgo del Gallo 6 VERDI GAMELAND<\/p>\n\n\n\n<p>19.00 &gt; 22.00 Galleria San Ludovico AIDA. L\u2019ESODO VERDIANO istallazione<\/p>\n\n\n\n<p>Tutto il giorno &gt; Ass. Cul. Ponti x l\u2019Arte, Borgo del Correggio 9\/b VIVA VERDI! mostra d\u2019arte<\/p>\n\n\n\n<p>Tutto il giorno &gt; JES Art Hub, Borgo Guazzo 20\/A 6 a NOTE VERDIANE mostra d\u2019arte<\/p>\n\n\n\n<p>Tutto il giorno &gt; Busseto, GV_Bottega Culturale ITINERARI VERDIANI<strong><br><\/strong><\/p>\n\n\n\n<p><strong>OTTOBRE<\/strong><\/p>\n\n\n\n<p><strong>01 mar<\/strong><\/p>\n\n\n\n<p>09.00 \/ 11.00 Felino, scuola Don Minzoni UNA PRINCIPESSA AL BALLO (riservato alle scuole)<\/p>\n\n\n\n<p>10.30 Verdi al Cubo, p.le Picelli VERDI GIUSEPPE, LA PICCOLA STORIA DI UN GRANDE BAMBINO (laboratorio dedicato alle scuole)<\/p>\n\n\n\n<p>13.00 Fornici del Regio CUC\u00d9 VERDIANO<\/p>\n\n\n\n<p>15.30&gt;18.00 Palazzo Bossi Bocchi IL PINOCCHIO D\u2019ARTISTA DI MIMMO PALADINO mostra d\u2019arte<\/p>\n\n\n\n<p>16.00&gt;22.00 Borgo del Gallo 6 VERDI GAMELAND<\/p>\n\n\n\n<p>19.00 Teatro Regio OMAGGIO A BERTOLUCCI incontro<\/p>\n\n\n\n<p>19.00 &gt; 22.00 Galleria San Ludovico AIDA. L\u2019ESODO VERDIANO istallazione<\/p>\n\n\n\n<p>20.00 Teatro Magnani, Fidenza PROVA APERTA <em>Attila<\/em><\/p>\n\n\n\n<p>21.00 Teatro Regio PRIMA DELLA RIVOLUZIONE proiezione<\/p>\n\n\n\n<p>Tutto il giorno &gt; Ass. Cul. Ponti x l\u2019Arte, Borgo del Correggio 9\/b VIVA VERDI! mostra d\u2019arte<\/p>\n\n\n\n<p>Tutto il giorno &gt; JES Art Hub, Borgo Guazzo 20\/A 6 a NOTE VERDIANE mostra d\u2019arte<\/p>\n\n\n\n<p>Tutto il giorno &gt; Busseto, GV_Bottega Culturale ITINERARI VERDIANI<\/p>\n\n\n\n<p><strong>02 mer<\/strong><\/p>\n\n\n\n<p>09.30 \/ 10.45 Colecchio, scuola Don Minzoni UNA PRINCIPESSA AL BALLO (riservato alle scuole)<\/p>\n\n\n\n<p>10.30 Verdi al Cubo, P.le Picelli ROSSINI PER BAMBINI: UNA RICETTA MOLTO SPECIALE (lavoratorio dedicato alle scuole)<\/p>\n\n\n\n<p>13.00 Fornici del Regio CUC\u00d9 VERDIANO<\/p>\n\n\n\n<p>16.00&gt;22.00 Borgo del Gallo 6 VERDI GAMELAND<\/p>\n\n\n\n<p>19.00 &gt; 22.00 Galleria San Ludovico AIDA. L\u2019ESODO VERDIANO istallazione<\/p>\n\n\n\n<p>19.30 Fronte Regio VERDI A PASSO DI DANZA<\/p>\n\n\n\n<p>20.30 Teatro Regio FUOCO DI GIOIA<\/p>\n\n\n\n<p>Tutto il giorno &gt; Ass. Cul. Ponti x l\u2019Arte, Borgo del Correggio 9\/b VIVA VERDI! mostra d\u2019arte<\/p>\n\n\n\n<p>Tutto il giorno &gt; JES Art Hub, Borgo Guazzo 20\/A 6 a NOTE VERDIANE mostra d\u2019arte<\/p>\n\n\n\n<p>Tutto il giorno &gt; Busseto, GV_Bottega Culturale ITINERARI VERDIANI<\/p>\n\n\n\n<p><strong>03 gio<\/strong><\/p>\n\n\n\n<p>09.00 \/ 11.00 Traversetolo, Corte Agresti UNA PRINCIPESSA AL BALLO (riservato alle scuole)<\/p>\n\n\n\n<p>10.00 Verdi al Cubo, P.le Picelli ORCHESTRALI, VIL RAZZA SUONATA! Ottoni: veglia o donna questo ottone<\/p>\n\n\n\n<p>13.00 Fornici del Regio CUC\u00d9 VERDIANO<\/p>\n\n\n\n<p>15.30&gt;18.00 Palazzo Bossi Bocchi IL PINOCCHIO D\u2019ARTISTA DI MIMMO PALADINO mostra d\u2019arte<\/p>\n\n\n\n<p>16.00&gt;22.00 Borgo del Gallo 6 VERDI GAMELAND<\/p>\n\n\n\n<p>19.30 Fronte Regio VERDI A PASSO DI DANZA<\/p>\n\n\n\n<p>18.00\/21.30 Verdi al Cubo, P.le Picelli VERDIORAMA <em>Attila<\/em><\/p>\n\n\n\n<p>19.00 Fidenza, Piazza Garibaldi VERDI A PASSO DI DANZA<\/p>\n\n\n\n<p>19.00 &gt; 22.00 Galleria San Ludovico AIDA. L\u2019ESODO VERDIANO istallazione<\/p>\n\n\n\n<p>20.00 Teatro Magnani, Fidenza ATTILA<\/p>\n\n\n\n<p>Tutto il giorno &gt; Ass. Cul. Ponti x l\u2019Arte, Borgo del Correggio 9\/b VIVA VERDI! mostra d\u2019arte<\/p>\n\n\n\n<p>Tutto il giorno &gt; JES Art Hub, Borgo Guazzo 20\/A 6 a NOTE VERDIANE mostra d\u2019arte<\/p>\n\n\n\n<p>Tutto il giorno &gt; Busseto, GV_Bottega Culturale ITINERARI VERDIANI<\/p>\n\n\n\n<p><strong>04 ven<\/strong><\/p>\n\n\n\n<p>9.15 \/ 10.45 Busseto, Biblioteca Fondazione Cassa di Risparmio VERDI GIUSEPPE, PICCOLA STORIA DI UN GRANDE BAMBINO (laboratorio per bambini)<\/p>\n\n\n\n<p>09.15 \/ 10.30 Montechiarugolo UNA PRINCIPESSA AL BALLO (riservato alle scuole)<\/p>\n\n\n\n<p>13.00 Fornici del Regio CUC\u00d9 VERDIANO<\/p>\n\n\n\n<p>16.00&gt;22.00 Borgo del Gallo 6 VERDI GAMELAND<\/p>\n\n\n\n<p>19.00 &gt; 22.00 Galleria San Ludovico AIDA. L\u2019ESODO VERDIANO istallazione<\/p>\n\n\n\n<p>21.00 Busseto, Biblioteca Fondazione Cassa di Risparmio VERDI A SAN PIETROBURGO NELLE LETTERE DI GIUSEPPINA STREPPONI AL CANONICO AVANZI mostra documentaria<\/p>\n\n\n\n<p>22.00 Bread, Piazza Garibaldi VERDIHOUR djset<\/p>\n\n\n\n<p>20.00 Teatro Regio LA BATTAGLIA DI LEGNANO<\/p>\n\n\n\n<p>Tutto il giorno &gt; Ass. Cul. Ponti x l\u2019Arte, Borgo del Correggio 9\/b VIVA VERDI! mostra d\u2019arte<\/p>\n\n\n\n<p>Tutto il giorno &gt; JES Art Hub, Borgo Guazzo 20\/A 6 a NOTE VERDIANE mostra d\u2019arte<\/p>\n\n\n\n<p>Tutto il giorno &gt; Busseto, GV_Bottega Culturale ITINERARI VERDIANI<\/p>\n\n\n\n<p><strong>05 sab<\/strong><\/p>\n\n\n\n<p>10.00 \/ 16.00 Verdi al Cubo, P.le Picelli UNO, DUE, TRE\u2026 TURANDOT! (consigliato a famiglie e bambi 3-6 anni)<\/p>\n\n\n\n<p>10.00&gt;12.00 \/ 15.30&gt;18.00 Palazzo Bossi Bocchi IL PINOCCHIO D\u2019ARTISTA DI MIMMO PALADINO mostra d\u2019arte<\/p>\n\n\n\n<p>10.00 &gt; 13.00 \/ 16.00 &gt; 22.00 Galleria San Ludovico AIDA. L\u2019ESODO VERDIANO istallazione<\/p>\n\n\n\n<p>10.30 Museo Glauco Lombardi, Salone delle feste ARMIAMOCI E SUONATE conferenza concerto<\/p>\n\n\n\n<p>12.00 Fidenza, Piazza Garibaldi CUC\u00d9 VERDIANO<\/p>\n\n\n\n<p>13.00 Fornici del Regio CUC\u00d9 VERDIANO<\/p>\n\n\n\n<p>15.30 Teatro Verdi, Busseto UN BALLO IN MASCHERA<\/p>\n\n\n\n<p>16.00&gt;22.00 Borgo del Gallo 6 VERDI GAMELAND<\/p>\n\n\n\n<p>16.00 Cinema Astra, P.le Volta LA FORZA DEL DESTINO documentario<\/p>\n\n\n\n<p>17.00 Ridotto del Regio CORI DI VOCI BIANCHE DELLA CORALE VERDI<\/p>\n\n\n\n<p>18.00 Collecchio, Casa I Prati RECITAL VERDIANO<\/p>\n\n\n\n<p>19.00 Borgo XX Marzo FAN FATH AL NEL BORGO<\/p>\n\n\n\n<p>20.30 Auditorium Paganini MAXIME PASCAL \/ SHIRN NESHAT<\/p>\n\n\n\n<p>21.30 Borgo S. Brigida FANFARA BALCANICA FAN FATH AL<\/p>\n\n\n\n<p>A BORGO SANTA BRIGIDA<\/p>\n\n\n\n<p>Tutto il giorno &gt; Ass. Cul. Ponti x l\u2019Arte, Borgo del Correggio 9\/b VIVA VERDI! mostra d\u2019arte<\/p>\n\n\n\n<p>Tutto il giorno &gt; JES Art Hub, Borgo Guazzo 20\/A 6 a NOTE VERDIANE mostra d\u2019arte<\/p>\n\n\n\n<p>Tutto il giorno &gt; Busseto, GV_Bottega Culturale ITINERARI VERDIANI<\/p>\n\n\n\n<p><strong>06 dom<\/strong><\/p>\n\n\n\n<p>10.00 &gt; 13.00 \/ 16.00 &gt; 22.00 Galleria San Ludovico AIDA. L\u2019ESODO VERDIANO istallazione<\/p>\n\n\n\n<p>10.00 \/ 16.00 Verdi al Cubo, P.le Picelli LE QUATTRO STAGIONI (consigliato a famiglie e bambini 3-6 anni)<\/p>\n\n\n\n<p>11.00 Collecchio, Fattoria di Vigheffio MONDO MATTO<\/p>\n\n\n\n<p>12.00 Busseto, Balcone del Municipio CUC\u00d9 VERDIANO<\/p>\n\n\n\n<p>12.00 Palazzo Ducale MEZZOGIORNO IN MUSICA<\/p>\n\n\n\n<p>13.00 Fornici del Regio CUC\u00d9 VERDIANO<\/p>\n\n\n\n<p>15.30 Palazzo Ducale VERDI BAND<\/p>\n\n\n\n<p>15.30 Teatro Magnani, Fidenza AMARTUVSHIN ENKHBAT<\/p>\n\n\n\n<p>16.00 Museo Glauco Lombardi MUSICA AL MUSEO<\/p>\n\n\n\n<p>16.00&gt;20.00 Borgo del Gallo 6 VERDI GAMELAND<\/p>\n\n\n\n<p>16.00 Palazzo Pallavicino MACBETH, SCACCO AL RE! Gioco (consigliato ai bambini dai 7 anni, con prenotazione)<\/p>\n\n\n\n<p>18.00 Sala Baganza, Oratorio Rocca Sanvitale RECITAL VERDIANO<\/p>\n\n\n\n<p>18.00 Teatro Regio MACBETH<\/p>\n\n\n\n<p>Tutto il giorno &gt; Ass. Cul. Ponti x l\u2019Arte, Borgo del Correggio 9\/b VIVA VERDI! mostra d\u2019arte<\/p>\n\n\n\n<p>Tutto il giorno &gt; JES Art Hub, Borgo Guazzo 20\/A 6 a NOTE VERDIANE mostra d\u2019arte<\/p>\n\n\n\n<p>Tutto il giorno &gt; Busseto, GV_Bottega Culturale ITINERARI VERDIANI<\/p>\n\n\n\n<p><strong>07 lun<\/strong><\/p>\n\n\n\n<p>10.30 Verdi al Cubo, P.le Picelli GIACOMO PUCCINI: DAL SUO LAGO A NOI BAMBINI (riservato alle scuole)<\/p>\n\n\n\n<p>13.00 Fornici del Regio CUC\u00d9 VERDIANO<\/p>\n\n\n\n<p>18.00 Corale Verdi CASA VERDI<\/p>\n\n\n\n<p>19.00 Fidenza, Piazza Duomo QUARTETTO BOITO<\/p>\n\n\n\n<p>19.00 &gt; 22.00 Galleria San Ludovico AIDA. L\u2019ESODO VERDIANO istallazione<\/p>\n\n\n\n<p>Tutto il giorno &gt; Ass. Cul. Ponti x l\u2019Arte, Borgo del Correggio 9\/b VIVA VERDI! mostra d\u2019arte<\/p>\n\n\n\n<p>Tutto il giorno &gt; JES Art Hub, Borgo Guazzo 20\/A 6 a NOTE VERDIANE mostra d\u2019arte<\/p>\n\n\n\n<p>Tutto il giorno &gt; Busseto, GV_Bottega Culturale ITINERARI VERDIANI<\/p>\n\n\n\n<p><strong>08 mar<\/strong><\/p>\n\n\n\n<p>10.30 Verdi al Cubo, P.le Picelli VERDI GIUSEPPE, LA PICCOLA STORIA DI UN GRANDE BAMBINO (riservato alle scuole)<\/p>\n\n\n\n<p>13.00 Fornici del Regio CUC\u00d9 VERDIANO<\/p>\n\n\n\n<p>15.30&gt;18.00 Palazzo Bossi Bocchi IL PINOCCHIO D\u2019ARTISTA DI MIMMO PALADINO mostra d\u2019arte<\/p>\n\n\n\n<p>19.00 &gt; 22.00 Galleria San Ludovico AIDA. L\u2019ESODO VERDIANO istallazione<\/p>\n\n\n\n<p>20.30 Teatro Regio ORCHESTRA GIOVANILE LUIGI CHERUBINI<\/p>\n\n\n\n<p>Tutto il giorno &gt; Ass. Cul. Ponti x l\u2019Arte, Borgo del Correggio 9\/b VIVA VERDI! mostra d\u2019arte<\/p>\n\n\n\n<p>Tutto il giorno &gt; JES Art Hub, Borgo Guazzo 20\/A 6 a NOTE VERDIANE mostra d\u2019arte<\/p>\n\n\n\n<p>Tutto il giorno &gt; Busseto, GV_Bottega Culturale ITINERARI VERDIANI<\/p>\n\n\n\n<p><strong>09 mer<\/strong><\/p>\n\n\n\n<p>10.30 Verdi al Cubo, p.le Picelli ROSSINI PER BAMBINI: UNA RICETTA MOLTO SPECIALE (riservato alle scuole)<\/p>\n\n\n\n<p>11.00\/15.00\/18.00 Teatro Farnese OMAGGIO A LUIGI NONO<\/p>\n\n\n\n<p>11.00\/15.00\/18.00 Ridotto del Regio VERDI: CORRISPONDENZA E RAPPORTI CON LA FRANCIA<\/p>\n\n\n\n<p>13.00 Fornici del Regio CUC\u00d9 VERDIANO<\/p>\n\n\n\n<p>17.00 Piccole Figlie Hospital VERDI FUNKY<\/p>\n\n\n\n<p>19.00 &gt; 22.00 Galleria San Ludovico AIDA. L\u2019ESODO VERDIANO istallazione<\/p>\n\n\n\n<p>Tutto il giorno &gt; Ass. Cul. Ponti x l\u2019Arte, Borgo del Correggio 9\/b VIVA VERDI! mostra d\u2019arte<\/p>\n\n\n\n<p>Tutto il giorno &gt; JES Art Hub, Borgo Guazzo 20\/A 6 a NOTE VERDIANE mostra d\u2019arte<\/p>\n\n\n\n<p>Tutto il giorno &gt; Busseto, GV_Bottega Culturale ITINERARI VERDIANI<\/p>\n\n\n\n<p><strong>10 gio<\/strong><\/p>\n\n\n\n<p>10.00 Verdi al Cubo, p.le Picelli ORCHESTRALI, VIL RAZZA SUONATA! Archi: questa o quella (riservato alle scuole)<\/p>\n\n\n\n<p>10.00 Roncole Verdi CASA NATALE DI GIUSEPPE VERDI visita guidata<\/p>\n\n\n\n<p>10.00 Roncole Verdi, Sala Civica Giuseppina Strepponi NICOLAS E GIUSEPPE VERDI: STORIE DAL PARADISO \/ PICCOLI MAESTRI CRESCONO CON TANTI SOGNI NEL CILINDRO \/ LEZIONE CONCERTO: MA COS\u2019\u00c8 \u201cUN BALLO IN MASCHERA\u201d (con prenotazione)<\/p>\n\n\n\n<p>11.30 Monumento a Verdi CERIMONIA IN MEMORIA DI VERDI<\/p>\n\n\n\n<p>11.00\/15.00\/18.00 Ridotto del Regio VERDI: CORRISPONDENZA E RAPPORTI CON LA FRANCIA<\/p>\n\n\n\n<p>12.15 Roncole Verdi, Casa Museo Giovannino Guareschi UNO SPECIALE VICINO DI CASA<\/p>\n\n\n\n<p>13.00 Fornici del Regio CUC\u00d9 VERDIANO<\/p>\n\n\n\n<p>14.30 Lungo le strade di Roncole Verdi CACCIA AL TESORO VERDIANA (con prenotazione)<\/p>\n\n\n\n<p>15.30 Roncole Verdi, Piazza Giovannino Guareschi LA MASCHERA DELLA GELOSIA<\/p>\n\n\n\n<p>15.30&gt;18.00 Palazzo Bossi Bocchi IL PINOCCHIO D\u2019ARTISTA DI MIMMO PALADINO mostra d\u2019arte<\/p>\n\n\n\n<p>16.30 \/ 18.00 Roncole Verdi, Piazza Giovannino Guareschi VERDI\u2019S MELODIES. ENSEMBLE ALESSANDRO BERTOZZI<\/p>\n\n\n\n<p>17.30 Roncole Verdi, Piazza Giovannino Guareschi PREMIAZIONE CONCORSO FOTOGRAFICO \u201cQUADRI LIRICI\u201d<\/p>\n\n\n\n<p>18.00 \/ 21.30 Verdi al Cubo, p.le Picelli VERDIORAMA <em>Un ballo in maschera<\/em><\/p>\n\n\n\n<p>18.00 Fondazione Cassa di Risparmio CONCERTO DELL\u2019ACCADEMIA VERDIANA<\/p>\n\n\n\n<p>19.00 &gt; 22.00 Galleria San Ludovico AIDA. L\u2019ESODO VERDIANO istallazione<\/p>\n\n\n\n<p>19.30 Fronte Regio VERDI A PASSO DI DANZA<\/p>\n\n\n\n<p>20.30 Teatro Regio GALA VERDIANO<\/p>\n\n\n\n<p>Tutto il giorno &gt; Ass. Cul. Ponti x l\u2019Arte, Borgo del Correggio 9\/b VIVA VERDI! mostra d\u2019arte<\/p>\n\n\n\n<p>Tutto il giorno &gt; JES Art Hub, Borgo Guazzo 20\/A 6 a NOTE VERDIANE mostra d\u2019arte<\/p>\n\n\n\n<p>Tutto il giorno &gt; Busseto, GV_Bottega Culturale ITINERARI VERDIANI<\/p>\n\n\n\n<p>Tutto il giorno &gt; Busseto, Biblioteca Fondazione Cassa di Risparmio LA VITA DEI CONIUGI VERDI NELLE LETTERE DI GIUSEPPINA STREPPONI A DON GIOVANNI AVANZI mostra documentaria<\/p>\n\n\n\n<p><strong>11 ven<\/strong><\/p>\n\n\n\n<p>09.30 \/ 10.45 Sala Baganza, scuola Baldi Carrega UNA PRINCIPESSA AL BALLO (riservato alle scuole)<\/p>\n\n\n\n<p>13.00 Fornici del Regio CUC\u00d9 VERDIANO<\/p>\n\n\n\n<p>17.00 Teatro Regio CORO DI VOCI BIANCHE PARMA MUSICALE<\/p>\n\n\n\n<p>18.00 Teatro Verdi, Busseto QUARTETTO MAGNANI<\/p>\n\n\n\n<p>19.00 Busseto, Biblioteca Fondazione Cassa di Risparmio PERSONAL VERDI<\/p>\n\n\n\n<p>19.00 Fidenza, Centro storico VERDIHOUR dj set<\/p>\n\n\n\n<p>19.00 &gt; 22.00 Galleria San Ludovico AIDA. L\u2019ESODO VERDIANO istallazione<\/p>\n\n\n\n<p>20.00 Teatro Magnani, Fidenza ATTILA<\/p>\n\n\n\n<p>21.00 Busseto, Biblioteca Fondazione Cassa di Risparmio PERSONAL VERDI. CRONACA DI UNA POPOLARIT\u00c0 SENZA PRECEDENTI<\/p>\n\n\n\n<p>Tutto il giorno &gt; Ass. Cul. Ponti x l\u2019Arte, Borgo del Correggio 9\/b VIVA VERDI! mostra d\u2019arte<\/p>\n\n\n\n<p>Tutto il giorno &gt; JES Art Hub, Borgo Guazzo 20\/A 6 a NOTE VERDIANE mostra d\u2019arte<\/p>\n\n\n\n<p>Tutto il giorno &gt; Busseto, GV_Bottega Culturale ITINERARI VERDIANI<\/p>\n\n\n\n<p>Tutto il giorno &gt; Busseto, Biblioteca Fondazione Cassa di Risparmio LA VITA DEI CONIUGI VERDI NELLE LETTERE DI GIUSEPPINA STREPPONI A DON GIOVANNI AVANZI mostra documentaria<\/p>\n\n\n\n<p><strong>12 sab<\/strong><\/p>\n\n\n\n<p>10.00&gt;12.00 \/ 15.30&gt;18.00 Palazzo Bossi Bocchi IL PINOCCHIO D\u2019ARTISTA DI MIMMO PALADINO mostra d\u2019arte<\/p>\n\n\n\n<p>10.00 &gt; 13.00 \/ 16.00 &gt; 22.00 Galleria San Ludovico AIDA. L\u2019ESODO VERDIANO istallazione<\/p>\n\n\n\n<p>10.00 \/ 16.00 Verdi al Cubo, p.le Picelli UN BELLO IN MASCHERA (per famiglie bambini, su prenotazione)<\/p>\n\n\n\n<p>12.00 Fidenza, Balcone del Municipio CUC\u00d9 VERDIANO<\/p>\n\n\n\n<p>13.00 Fornici del Regio CUC\u00d9 VERDIANO<\/p>\n\n\n\n<p>15.30 Palazzo Ducale VERDI INCONTRA WAGNER<\/p>\n\n\n\n<p>15.30 Teatro Verdi, Busseto UN BALLO IN MASCHERA<\/p>\n\n\n\n<p>17.00 Ridotto Regio CORALE VERDI DI PARMA<\/p>\n\n\n\n<p>18.00 Montechiarugolo, Sala Amoretti RECITAL VERDIANO<\/p>\n\n\n\n<p>20.30 Teatro Regio TEODOR CURRENTZIS<\/p>\n\n\n\n<p>21.00 Chiesa S. Giovanni Evangelista VERDI SACRO Concerto in memoria di Puccini<\/p>\n\n\n\n<p>21.30 Borgo S. Brigida FRANCESCO TRICARICO LIVE IN BORGO SANTA BRIGIDA<\/p>\n\n\n\n<p>22.30 Le Petit HISTOIRE DU TANGO<\/p>\n\n\n\n<p>Tutto il giorno &gt; Ass. Cul. Ponti x l\u2019Arte, Borgo del Correggio 9\/b VIVA VERDI! mostra d\u2019arte<\/p>\n\n\n\n<p>Tutto il giorno &gt; JES Art Hub, Borgo Guazzo 20\/A 6 a NOTE VERDIANE mostra d\u2019arte<\/p>\n\n\n\n<p>Tutto il giorno &gt; Busseto, GV_Bottega Culturale ITINERARI VERDIANI<\/p>\n\n\n\n<p>Tutto il giorno &gt; Busseto, Biblioteca Fondazione Cassa di Risparmio LA VITA DEI CONIUGI VERDI NELLE LETTERE DI GIUSEPPINA STREPPONI A DON GIOVANNI AVANZI mostra documentaria<\/p>\n\n\n\n<p><strong>13 dom<\/strong><\/p>\n\n\n\n<p>10.00 &gt; 13.00 \/ 16.00 &gt; 22.00 Galleria San Ludovico AIDA. L\u2019ESODO VERDIANO istallazione<\/p>\n\n\n\n<p>10.00 \/ 16.00 Verdi al Cubo, p.le Picelli STORIA DI UN BAMBINO E DI UN PINGUINO (per famiglie bambini, su prenotazione)<\/p>\n\n\n\n<p>12.00 Palazzo Ducale MEZZOGIORNO IN MUSICA<\/p>\n\n\n\n<p>13.00 Fornici del Regio CUC\u00d9 VERDIANO<\/p>\n\n\n\n<p>15.30 Teatro Regio, MACBETH<\/p>\n\n\n\n<p>16.00 Biblioteca Malerba, Via Mafalda di Savoia, 15\/A ROSSINI PER BAMBINI: UNA RICETTA MOLTO SPECIALE (per bambini 3-6 anni)<\/p>\n\n\n\n<p>16.00&gt;20.00 Borgo del Gallo 6 VERDI GAMELAND<\/p>\n\n\n\n<p>18.00 Felino, Cinema Teatro Comunale RECITAL VERDIANO<\/p>\n\n\n\n<p>20.30 Teatro Farnese THE BLANCKET OF THE DARK<\/p>\n\n\n\n<p>21.00 Corale Verdi HANNO UCCISO VERDI! Cena con delitto (con prenotazione)<\/p>\n\n\n\n<p>Tutto il giorno &gt; Ass. Cul. Ponti x l\u2019Arte, Borgo del Correggio 9\/b VIVA VERDI! mostra d\u2019arte<\/p>\n\n\n\n<p>Tutto il giorno &gt; JES Art Hub, Borgo Guazzo 20\/A 6 a NOTE VERDIANE mostra d\u2019arte<\/p>\n\n\n\n<p>Tutto il giorno &gt; Busseto, GV_Bottega Culturale ITINERARI VERDIANI<\/p>\n\n\n\n<p>Tutto il giorno &gt; Busseto, Biblioteca Fondazione Cassa di Risparmio LA VITA DEI CONIUGI VERDI NELLE LETTERE DI GIUSEPPINA STREPPONI A DON GIOVANNI AVANZI mostra documentaria<\/p>\n\n\n\n<p><strong>14 lun<\/strong><\/p>\n\n\n\n<p>10.00 Fidenza, Teatro Magnani UN BULLO IN MASCHERA<\/p>\n\n\n\n<p>10.30 Verdi al Cubo, p.le Picelli GIACOMO PUCCINI: DAL SUO LAGO A NOI BAMBINI (per famiglie bambini, su prenotazione)<\/p>\n\n\n\n<p>13.00 Fornici del Regio CUC\u00d9 VERDIANO<\/p>\n\n\n\n<p>17.00 Ridotto del Regio IL VALORE DELL\u2019OPERA<\/p>\n\n\n\n<p>19.00 &gt; 22.00 Galleria San Ludovico AIDA. L\u2019ESODO VERDIANO istallazione<\/p>\n\n\n\n<p>20.30 Teatro Regio CONCERTO DI GALA DELL\u2019ACCADEMIA VERDIANA<\/p>\n\n\n\n<p>21.00 Borgo Santa Brigida I SONNAMBULI. ELOGIO ALLA FOLLIA<\/p>\n\n\n\n<p>Tutto il giorno &gt; Ass. Cul. Ponti x l\u2019Arte, Borgo del Correggio 9\/b VIVA VERDI! mostra d\u2019arte<\/p>\n\n\n\n<p>Tutto il giorno &gt; JES Art Hub, Borgo Guazzo 20\/A 6 a NOTE VERDIANE mostra d\u2019arte<\/p>\n\n\n\n<p>Tutto il giorno &gt; Busseto, GV_Bottega Culturale ITINERARI VERDIANI<\/p>\n\n\n\n<p>Tutto il giorno &gt; Busseto, Biblioteca Fondazione Cassa di Risparmio LA VITA DEI CONIUGI VERDI NELLE LETTERE DI GIUSEPPINA STREPPONI A DON GIOVANNI AVANZI mostra documentaria<\/p>\n\n\n\n<p><strong>15 mar<\/strong><\/p>\n\n\n\n<p>10.00 Busseto, Teatro Verdi UN BULLO IN MASCHERA (riservato alle scuole)<\/p>\n\n\n\n<p>10.30 Verdi al Cubo, P.le Picello VERDI GIUSEPPE, LA PICCOLA STORIA DI UN GRANDE BAMBINO (riservato alle scuole)<\/p>\n\n\n\n<p>13.00 Fornici del Regio CUC\u00d9 VERDIANO<\/p>\n\n\n\n<p>15.30&gt;18.00 Palazzo Bossi Bocchi IL PINOCCHIO D\u2019ARTISTA DI MIMMO PALADINO mostra d\u2019arte<\/p>\n\n\n\n<p>19.00 &gt; 22.00 Galleria San Ludovico AIDA. L\u2019ESODO VERDIANO istallazione<\/p>\n\n\n\n<p>20.30 Teatro Verdi, Busseto CORO DEL TEATRO<\/p>\n\n\n\n<p>Tutto il giorno &gt; Ass. Cul. Ponti x l\u2019Arte, Borgo del Correggio 9\/b VIVA VERDI! mostra d\u2019arte<\/p>\n\n\n\n<p>Tutto il giorno &gt; JES Art Hub, Borgo Guazzo 20\/A 6 a NOTE VERDIANE mostra d\u2019arte<\/p>\n\n\n\n<p>Tutto il giorno &gt; Busseto, GV_Bottega Culturale ITINERARI VERDIANI<\/p>\n\n\n\n<p>Tutto il giorno &gt; Busseto, Biblioteca Fondazione Cassa di Risparmio LA VITA DEI CONIUGI VERDI NELLE LETTERE DI GIUSEPPINA STREPPONI A DON GIOVANNI AVANZI mostra documentaria<\/p>\n\n\n\n<p><strong>16 mer<\/strong><\/p>\n\n\n\n<p>10.00 Polesine Zibello, Teatro Pallavicino UN BULLO IN MASCHERA (riservato alle scuole)<\/p>\n\n\n\n<p>10.30 Verdi al Cubo, P.le Picelli ROSSINI PER BAMBINI: UNA RICETTA MOLTO SPECIALE (riservato alle scuole)<\/p>\n\n\n\n<p>13.00 Fornici del Regio CUC\u00d9 VERDIANO<\/p>\n\n\n\n<p>19.00 &gt; 22.00 Galleria San Ludovico AIDA. L\u2019ESODO VERDIANO istallazione<\/p>\n\n\n\n<p>21.00 Chiesa S. Giovanni Evangelista VERDI SACRO<\/p>\n\n\n\n<p>Tutto il giorno &gt; Ass. Cul. Ponti x l\u2019Arte, Borgo del Correggio 9\/b VIVA VERDI! mostra d\u2019arte<\/p>\n\n\n\n<p>Tutto il giorno &gt; JES Art Hub, Borgo Guazzo 20\/A 6 a NOTE VERDIANE mostra d\u2019arte<\/p>\n\n\n\n<p>Tutto il giorno &gt; Busseto, GV_Bottega Culturale ITINERARI VERDIANI<\/p>\n\n\n\n<p>Tutto il giorno &gt; Busseto, Biblioteca Fondazione Cassa di Risparmio LA VITA DEI CONIUGI VERDI NELLE LETTERE DI GIUSEPPINA STREPPONI A DON GIOVANNI AVANZI mostra documentaria<\/p>\n\n\n\n<p><strong>17 gio&nbsp;&nbsp;&nbsp;&nbsp;&nbsp;&nbsp;&nbsp;&nbsp;<\/strong><\/p>\n\n\n\n<p>10.00 Verdi al Cubo, P.le Picelli ORCHESTRALI, VIL RAZZA SUONATA! Zitti zitti, muoviamo bacchetta (riservato alle scuole)<\/p>\n\n\n\n<p>13.00 Fornici del Regio CUC\u00d9 VERDIANO<\/p>\n\n\n\n<p>15.30&gt;18.00 Palazzo Bossi Bocchi IL PINOCCHIO D\u2019ARTISTA DI MIMMO PALADINO mostra d\u2019arte<\/p>\n\n\n\n<p>18.00 Chiesa S. Triburzio I GIOVED\u00cc DI S. TIBURZIO Opera Chamber Strings<\/p>\n\n\n\n<p>18.00 \/ 21.30 Verdi al Cubo, P.le Picelli VERDIORAMA <em>La battaglia di Legnano<\/em><\/p>\n\n\n\n<p>19.00 &gt; 22.00 Galleria San Ludovico AIDA. L\u2019ESODO VERDIANO istallazione<\/p>\n\n\n\n<p>20.00 Teatro Regio MACBETH<\/p>\n\n\n\n<p>Tutto il giorno &gt; Ass. Cul. Ponti x l\u2019Arte, Borgo del Correggio 9\/b VIVA VERDI! mostra d\u2019arte<\/p>\n\n\n\n<p>Tutto il giorno &gt; JES Art Hub, Borgo Guazzo 20\/A 6 a NOTE VERDIANE mostra d\u2019arte<\/p>\n\n\n\n<p>Tutto il giorno &gt; Busseto, GV_Bottega Culturale ITINERARI VERDIANI<\/p>\n\n\n\n<p>Tutto il giorno &gt; Busseto, Biblioteca Fondazione Cassa di Risparmio LA VITA DEI CONIUGI VERDI NELLE LETTERE DI GIUSEPPINA STREPPONI A DON GIOVANNI AVANZI mostra documentaria<\/p>\n\n\n\n<p><strong>18 ven<\/strong><\/p>\n\n\n\n<p>10.00 Fidenza, Ospedale di Vaio VA PENSIERO 2.0 (evento riservato)<\/p>\n\n\n\n<p>13.00 Fornici del Regio CUC\u00d9 VERDIANO<\/p>\n\n\n\n<p>15.30 Teatro Verdi, Busseto UN BALLO IN MASCHERA<\/p>\n\n\n\n<p>17.00 Ridotto del Regio CORO DI VOCI BIANCHE DEL TEATRO REGIO<\/p>\n\n\n\n<p>18.00 Casa della Musica I GIOVANI PER VERDI (con prenotazione)<\/p>\n\n\n\n<p>19.00 Fidenza, Centro storico VERDIHOUR dj set<\/p>\n\n\n\n<p>19.00 &gt; 22.00 Galleria San Ludovico AIDA. L\u2019ESODO VERDIANO istallazione<\/p>\n\n\n\n<p>21.00 Teatro Farnese MADRIGALI<\/p>\n\n\n\n<p>Tutto il giorno &gt; Ass. Cul. Ponti x l\u2019Arte, Borgo del Correggio 9\/b VIVA VERDI! mostra d\u2019arte<\/p>\n\n\n\n<p>Tutto il giorno &gt; JES Art Hub, Borgo Guazzo 20\/A 6 a NOTE VERDIANE mostra d\u2019arte<\/p>\n\n\n\n<p>Tutto il giorno &gt; Busseto, GV_Bottega Culturale ITINERARI VERDIANI<\/p>\n\n\n\n<p>Tutto il giorno &gt; Busseto, Biblioteca Fondazione Cassa di Risparmio LA VITA DEI CONIUGI VERDI NELLE LETTERE DI GIUSEPPINA STREPPONI A DON GIOVANNI AVANZI mostra documentaria<\/p>\n\n\n\n<p><strong>19 sab<\/strong><\/p>\n\n\n\n<p>10.00&gt;12.00 \/ 15.30&gt;18.00 Palazzo Bossi Bocchi IL PINOCCHIO D\u2019ARTISTA DI MIMMO PALADINO mostra d\u2019arte<\/p>\n\n\n\n<p>10.00 &gt; 13.00 \/ 16.00 &gt; 22.00 Galleria San Ludovico AIDA. L\u2019ESODO VERDIANO istallazione<\/p>\n\n\n\n<p>10.00 \/ 16.00 Verdi al Cubo, p.le Picelli EQUILIBRISMI VERDIANI (per famiglie bambini 3-10 anni, su prenotazione)<\/p>\n\n\n\n<p>11.00 Istituti Penitenziari di Parma UN BALLO IN MASCHERA (evento riservato)<\/p>\n\n\n\n<p>11.00 Club del 27 VISITA AL CLUB<\/p>\n\n\n\n<p>12.00 Busseto, Balcone del Municipio CUC\u00d9 VERDIANO<\/p>\n\n\n\n<p>12.00 Fidenza, Balcone del Municipio CUC\u00d9 VERDIANO<\/p>\n\n\n\n<p>13.00 Fornici del Regio CUC\u00d9 VERDIANO<\/p>\n\n\n\n<p>15.30\/16.10\/16.50\/17.50\/18.30 Galleria S. Ludovico NON PER AMORE (con prenotazione)<\/p>\n\n\n\n<p>18.00 Traversetolo, Coro Agresti \u2013 Sala Consiglio Comunale RECITAL VERDIANO<\/p>\n\n\n\n<p>19.00 &gt; 22.00 Galleria San Ludovico AIDA. L\u2019ESODO VERDIANO istallazione<\/p>\n\n\n\n<p>19.30 fronte Teatro Regio VERDI A PASSO DI DANZA<\/p>\n\n\n\n<p>20.30 Teatro Regio MESSA DA REQUIEM<\/p>\n\n\n\n<p>21.00 Chiesa di San Giovanni Evangelista VERDI SACRO<\/p>\n\n\n\n<p>22.00 Colonne28 LES V\u00caPRES VERDIENNES<\/p>\n\n\n\n<p>22.30 Teatro Farnese MADRIGALI<\/p>\n\n\n\n<p>Tutto il giorno &gt; Ass. Cul. Ponti x l\u2019Arte, Borgo del Correggio 9\/b VIVA VERDI! mostra d\u2019arte<\/p>\n\n\n\n<p>Tutto il giorno &gt; JES Art Hub, Borgo Guazzo 20\/A 6 a NOTE VERDIANE mostra d\u2019arte<\/p>\n\n\n\n<p>Tutto il giorno &gt; Busseto, GV_Bottega Culturale ITINERARI VERDIANI<\/p>\n\n\n\n<p>Tutto il giorno &gt; Busseto, Biblioteca Fondazione Cassa di Risparmio LA VITA DEI CONIUGI VERDI NELLE LETTERE DI GIUSEPPINA STREPPONI A DON GIOVANNI AVANZI mostra documentaria<\/p>\n\n\n\n<p><strong>20 sab<\/strong><\/p>\n\n\n\n<p>10.00 &gt; 13.00 \/ 16.00 &gt; 22.00 Galleria San Ludovico AIDA. L\u2019ESODO VERDIANO istallazione<\/p>\n\n\n\n<p>12.00 Palazzo Ducale MEZZOGIORNO IN MUSICA<\/p>\n\n\n\n<p>13.00 Fornici del Regio CUC\u00d9 VERDIANO<\/p>\n\n\n\n<p>15.30 Teatro Regio LA BATTAGLIA DI LEGNANO<\/p>\n\n\n\n<p>15.30\/16.10\/16.50\/17.50\/18.30 Galleria S. Ludovico NON PER AMORE<\/p>\n\n\n\n<p>18.00 Verdi al Cubo, p.le Picelli IL LUPO E LA CAPRA (IN UNA NOTTE DI TEMPORALE) (per famiglie e bambini 3-10 anni)<\/p>\n\n\n\n<p>16.00&gt;20.00 Borgo del Gallo 6 VERDI GAMELAND<\/p>\n\n\n\n<p>18.00 Polesine Zibello RECITAL VERDIANO<\/p>\n\n\n\n<p>19.00 &gt; 22.00 Galleria San Ludovico AIDA. L\u2019ESODO VERDIANO istallazione<\/p>\n\n\n\n<p>21.00 Busseto, Chiesa della Collegiata VERDI SACRO<\/p>\n\n\n\n<p>Tutto il giorno &gt; Ass. Cul. Ponti x l\u2019Arte, Borgo del Correggio 9\/b VIVA VERDI! mostra d\u2019arte<\/p>\n\n\n\n<p>Tutto il giorno &gt; JES Art Hub, Borgo Guazzo 20\/A 6 a NOTE VERDIANE mostra d\u2019arte<\/p>\n\n\n\n<p>Tutto il giorno &gt; Busseto, GV_Bottega Culturale ITINERARI VERDIANI<\/p>\n\n\n\n<p>Tutto il giorno > Busseto, Biblioteca Fondazione Cassa di Risparmio LA VITA DEI CONIUGI VERDI NELLE LETTERE DI GIUSEPPINA STREPPONI A DON GIOVANNI AVANZI mostra documentaria<\/p>\n\n\n\n<p>foto<\/p>\n\n\n\n<figure class=\"wp-block-gallery has-nested-images columns-default is-cropped wp-block-gallery-1 is-layout-flex wp-block-gallery-is-layout-flex\">\n<figure class=\"wp-block-image size-large\"><a href=\"https:\/\/www.ecoitaliano.com.ar\/wp-content\/uploads\/2024\/10\/2018-04-04_by-Anton-Zavjyalov-scaled.jpg\"><img decoding=\"async\" width=\"683\" height=\"1024\" data-id=\"62579\" src=\"https:\/\/www.ecoitaliano.com.ar\/wp-content\/uploads\/2024\/10\/2018-04-04_by-Anton-Zavjyalov-683x1024.jpg\" alt=\"\" class=\"wp-image-62579\" srcset=\"https:\/\/www.ecoitaliano.com.ar\/wp-content\/uploads\/2024\/10\/2018-04-04_by-Anton-Zavjyalov-683x1024.jpg 683w, https:\/\/www.ecoitaliano.com.ar\/wp-content\/uploads\/2024\/10\/2018-04-04_by-Anton-Zavjyalov-200x300.jpg 200w, https:\/\/www.ecoitaliano.com.ar\/wp-content\/uploads\/2024\/10\/2018-04-04_by-Anton-Zavjyalov-768x1152.jpg 768w, https:\/\/www.ecoitaliano.com.ar\/wp-content\/uploads\/2024\/10\/2018-04-04_by-Anton-Zavjyalov-1024x1536.jpg 1024w, https:\/\/www.ecoitaliano.com.ar\/wp-content\/uploads\/2024\/10\/2018-04-04_by-Anton-Zavjyalov-1365x2048.jpg 1365w, https:\/\/www.ecoitaliano.com.ar\/wp-content\/uploads\/2024\/10\/2018-04-04_by-Anton-Zavjyalov-100x150.jpg 100w, https:\/\/www.ecoitaliano.com.ar\/wp-content\/uploads\/2024\/10\/2018-04-04_by-Anton-Zavjyalov-scaled.jpg 1707w\" sizes=\"(max-width: 683px) 100vw, 683px\" \/><\/a><\/figure>\n\n\n\n<figure class=\"wp-block-image size-large\"><a href=\"https:\/\/www.ecoitaliano.com.ar\/wp-content\/uploads\/2024\/10\/by-Alexandra-Muravyeva_IMG_7012-scaled.jpg\"><img decoding=\"async\" width=\"1024\" height=\"683\" data-id=\"62580\" src=\"https:\/\/www.ecoitaliano.com.ar\/wp-content\/uploads\/2024\/10\/by-Alexandra-Muravyeva_IMG_7012-1024x683.jpg\" alt=\"\" class=\"wp-image-62580\" srcset=\"https:\/\/www.ecoitaliano.com.ar\/wp-content\/uploads\/2024\/10\/by-Alexandra-Muravyeva_IMG_7012-1024x683.jpg 1024w, https:\/\/www.ecoitaliano.com.ar\/wp-content\/uploads\/2024\/10\/by-Alexandra-Muravyeva_IMG_7012-300x200.jpg 300w, https:\/\/www.ecoitaliano.com.ar\/wp-content\/uploads\/2024\/10\/by-Alexandra-Muravyeva_IMG_7012-768x512.jpg 768w, https:\/\/www.ecoitaliano.com.ar\/wp-content\/uploads\/2024\/10\/by-Alexandra-Muravyeva_IMG_7012-1536x1024.jpg 1536w, https:\/\/www.ecoitaliano.com.ar\/wp-content\/uploads\/2024\/10\/by-Alexandra-Muravyeva_IMG_7012-2048x1365.jpg 2048w, https:\/\/www.ecoitaliano.com.ar\/wp-content\/uploads\/2024\/10\/by-Alexandra-Muravyeva_IMG_7012-150x100.jpg 150w\" sizes=\"(max-width: 1024px) 100vw, 1024px\" \/><\/a><\/figure>\n\n\n\n<figure class=\"wp-block-image size-large\"><a href=\"https:\/\/www.ecoitaliano.com.ar\/wp-content\/uploads\/2024\/10\/by-Bjoern-Woll_F9A5583-scaled.jpg\"><img decoding=\"async\" width=\"1024\" height=\"683\" data-id=\"62581\" src=\"https:\/\/www.ecoitaliano.com.ar\/wp-content\/uploads\/2024\/10\/by-Bjoern-Woll_F9A5583-1024x683.jpg\" alt=\"\" class=\"wp-image-62581\" srcset=\"https:\/\/www.ecoitaliano.com.ar\/wp-content\/uploads\/2024\/10\/by-Bjoern-Woll_F9A5583-1024x683.jpg 1024w, https:\/\/www.ecoitaliano.com.ar\/wp-content\/uploads\/2024\/10\/by-Bjoern-Woll_F9A5583-300x200.jpg 300w, https:\/\/www.ecoitaliano.com.ar\/wp-content\/uploads\/2024\/10\/by-Bjoern-Woll_F9A5583-768x512.jpg 768w, https:\/\/www.ecoitaliano.com.ar\/wp-content\/uploads\/2024\/10\/by-Bjoern-Woll_F9A5583-1536x1024.jpg 1536w, https:\/\/www.ecoitaliano.com.ar\/wp-content\/uploads\/2024\/10\/by-Bjoern-Woll_F9A5583-2048x1365.jpg 2048w, https:\/\/www.ecoitaliano.com.ar\/wp-content\/uploads\/2024\/10\/by-Bjoern-Woll_F9A5583-150x100.jpg 150w\" sizes=\"(max-width: 1024px) 100vw, 1024px\" \/><\/a><\/figure>\n\n\n\n<figure class=\"wp-block-image size-large\"><a href=\"https:\/\/www.ecoitaliano.com.ar\/wp-content\/uploads\/2024\/10\/by-Liliya-Olkhovaya_9456-scaled.jpg\"><img decoding=\"async\" width=\"1024\" height=\"704\" data-id=\"62582\" src=\"https:\/\/www.ecoitaliano.com.ar\/wp-content\/uploads\/2024\/10\/by-Liliya-Olkhovaya_9456-1024x704.jpg\" alt=\"\" class=\"wp-image-62582\" srcset=\"https:\/\/www.ecoitaliano.com.ar\/wp-content\/uploads\/2024\/10\/by-Liliya-Olkhovaya_9456-1024x704.jpg 1024w, https:\/\/www.ecoitaliano.com.ar\/wp-content\/uploads\/2024\/10\/by-Liliya-Olkhovaya_9456-300x206.jpg 300w, https:\/\/www.ecoitaliano.com.ar\/wp-content\/uploads\/2024\/10\/by-Liliya-Olkhovaya_9456-768x528.jpg 768w, https:\/\/www.ecoitaliano.com.ar\/wp-content\/uploads\/2024\/10\/by-Liliya-Olkhovaya_9456-1536x1056.jpg 1536w, https:\/\/www.ecoitaliano.com.ar\/wp-content\/uploads\/2024\/10\/by-Liliya-Olkhovaya_9456-2048x1408.jpg 2048w, https:\/\/www.ecoitaliano.com.ar\/wp-content\/uploads\/2024\/10\/by-Liliya-Olkhovaya_9456-150x103.jpg 150w\" sizes=\"(max-width: 1024px) 100vw, 1024px\" \/><\/a><\/figure>\n\n\n\n<figure class=\"wp-block-image size-large\"><a href=\"https:\/\/www.ecoitaliano.com.ar\/wp-content\/uploads\/2024\/10\/by-Stas-Levshin_628A4994-scaled.jpg\"><img decoding=\"async\" width=\"1024\" height=\"963\" data-id=\"62583\" src=\"https:\/\/www.ecoitaliano.com.ar\/wp-content\/uploads\/2024\/10\/by-Stas-Levshin_628A4994-1024x963.jpg\" alt=\"\" class=\"wp-image-62583\" srcset=\"https:\/\/www.ecoitaliano.com.ar\/wp-content\/uploads\/2024\/10\/by-Stas-Levshin_628A4994-1024x963.jpg 1024w, https:\/\/www.ecoitaliano.com.ar\/wp-content\/uploads\/2024\/10\/by-Stas-Levshin_628A4994-300x282.jpg 300w, https:\/\/www.ecoitaliano.com.ar\/wp-content\/uploads\/2024\/10\/by-Stas-Levshin_628A4994-768x722.jpg 768w, https:\/\/www.ecoitaliano.com.ar\/wp-content\/uploads\/2024\/10\/by-Stas-Levshin_628A4994-1536x1445.jpg 1536w, https:\/\/www.ecoitaliano.com.ar\/wp-content\/uploads\/2024\/10\/by-Stas-Levshin_628A4994-2048x1926.jpg 2048w, https:\/\/www.ecoitaliano.com.ar\/wp-content\/uploads\/2024\/10\/by-Stas-Levshin_628A4994-150x141.jpg 150w\" sizes=\"(max-width: 1024px) 100vw, 1024px\" \/><\/a><\/figure>\n<\/figure>\n","protected":false},"excerpt":{"rendered":"<p>TEODOR CURRENTZIS PER LA PRIMA VOLTA A PARMA AL FESTIVAL VERDI INSIEME ALLA SUA ORCHESTRA MUSIC\u00c6TERNA PER RAMIFICAZIONI L\u2019eccezionale carisma [&hellip;]<\/p>\n","protected":false},"author":1,"featured_media":0,"comment_status":"open","ping_status":"open","sticky":false,"template":"","format":"standard","meta":{"footnotes":""},"categories":[1],"tags":[],"class_list":["post-62578","post","type-post","status-publish","format-standard","hentry","category-sin-categoria"],"_links":{"self":[{"href":"https:\/\/www.ecoitaliano.com.ar\/index.php?rest_route=\/wp\/v2\/posts\/62578","targetHints":{"allow":["GET"]}}],"collection":[{"href":"https:\/\/www.ecoitaliano.com.ar\/index.php?rest_route=\/wp\/v2\/posts"}],"about":[{"href":"https:\/\/www.ecoitaliano.com.ar\/index.php?rest_route=\/wp\/v2\/types\/post"}],"author":[{"embeddable":true,"href":"https:\/\/www.ecoitaliano.com.ar\/index.php?rest_route=\/wp\/v2\/users\/1"}],"replies":[{"embeddable":true,"href":"https:\/\/www.ecoitaliano.com.ar\/index.php?rest_route=%2Fwp%2Fv2%2Fcomments&post=62578"}],"version-history":[{"count":0,"href":"https:\/\/www.ecoitaliano.com.ar\/index.php?rest_route=\/wp\/v2\/posts\/62578\/revisions"}],"wp:attachment":[{"href":"https:\/\/www.ecoitaliano.com.ar\/index.php?rest_route=%2Fwp%2Fv2%2Fmedia&parent=62578"}],"wp:term":[{"taxonomy":"category","embeddable":true,"href":"https:\/\/www.ecoitaliano.com.ar\/index.php?rest_route=%2Fwp%2Fv2%2Fcategories&post=62578"},{"taxonomy":"post_tag","embeddable":true,"href":"https:\/\/www.ecoitaliano.com.ar\/index.php?rest_route=%2Fwp%2Fv2%2Ftags&post=62578"}],"curies":[{"name":"wp","href":"https:\/\/api.w.org\/{rel}","templated":true}]}}