{"id":62745,"date":"2024-10-09T17:49:22","date_gmt":"2024-10-09T17:49:22","guid":{"rendered":"https:\/\/www.ecoitaliano.com.ar\/?p=62745"},"modified":"2024-10-09T17:49:22","modified_gmt":"2024-10-09T17:49:22","slug":"serena-conduce-operaclassica-eco-italiano-3698","status":"publish","type":"post","link":"https:\/\/www.ecoitaliano.com.ar\/?p=62745","title":{"rendered":"Serena conduce operaclassica eco italiano"},"content":{"rendered":"<div class=\"wp-block-image\">\n<figure class=\"aligncenter size-large is-resized\"><a href=\"http:\/\/www.ecoitaliano.com.ar\/wp-content\/uploads\/2024\/10\/TRP-24-Marchio-Teatro-Regio-Parma_Giallo-1.png\"><img decoding=\"async\" width=\"1024\" height=\"724\" src=\"http:\/\/www.ecoitaliano.com.ar\/wp-content\/uploads\/2024\/10\/TRP-24-Marchio-Teatro-Regio-Parma_Giallo-1-1024x724.png\" alt=\"\" class=\"wp-image-62491\" style=\"width:163px;height:auto\" srcset=\"https:\/\/www.ecoitaliano.com.ar\/wp-content\/uploads\/2024\/10\/TRP-24-Marchio-Teatro-Regio-Parma_Giallo-1-1024x724.png 1024w, https:\/\/www.ecoitaliano.com.ar\/wp-content\/uploads\/2024\/10\/TRP-24-Marchio-Teatro-Regio-Parma_Giallo-1-300x212.png 300w, https:\/\/www.ecoitaliano.com.ar\/wp-content\/uploads\/2024\/10\/TRP-24-Marchio-Teatro-Regio-Parma_Giallo-1-768x543.png 768w, https:\/\/www.ecoitaliano.com.ar\/wp-content\/uploads\/2024\/10\/TRP-24-Marchio-Teatro-Regio-Parma_Giallo-1-1536x1086.png 1536w, https:\/\/www.ecoitaliano.com.ar\/wp-content\/uploads\/2024\/10\/TRP-24-Marchio-Teatro-Regio-Parma_Giallo-1-2048x1448.png 2048w, https:\/\/www.ecoitaliano.com.ar\/wp-content\/uploads\/2024\/10\/TRP-24-Marchio-Teatro-Regio-Parma_Giallo-1-150x106.png 150w\" sizes=\"(max-width: 1024px) 100vw, 1024px\" \/><\/a><\/figure><\/div>\n\n\n<p><strong>IL FESTIVAL VERDI A BUSSETO<\/strong><\/p>\n\n\n\n<p><strong>CON LA MUSICA DA CAMERA DEL QUARTETTO LUIGI MAGNANI<\/strong><\/p>\n\n\n\n<p><strong>E LA LEZIONE-CONCERTO<\/strong><\/p>\n\n\n\n<p><strong>DEL CORO DEL TEATRO REGIO DI PARMA<\/strong><\/p>\n\n\n\n<p><strong>DIRETTO DA MARTINO FAGGIANI<\/strong><\/p>\n\n\n\n<p>Il Quartetto Magnani eseguir\u00e0 per la prima volta il <em>Quartetto in Mi minore<\/em> di Verdinella prima versione originale edita nel 2023 da Henle Verlag Edition.<\/p>\n\n\n\n<p>Il Coro del Regio sar\u00e0 protagonista delle lezione-concerto incentrata sul tema del festival \u201cPotere e Politica\u201d<\/p>\n\n\n\n<p>con l\u2019esecuzione della \u201cScena del Consiglio\u201d da <em>Simon Boccanegra <\/em>con i ruoli solistici interpretati da Fernando Cisneros, Sara Manieri, Anzor Pilia, Agostino Subacchi, allievi e gi\u00e0 allievi dell\u2019Accademia Verdiana.<\/p>\n\n\n\n<p>Servizio navetta a\/r per Busseto nei giorni di spettacolo,<\/p>\n\n\n\n<p>in collaborazione con il Mobility Partner Tep<\/p>\n\n\n\n<p><strong>Teatro Giuseppe Verdi di Busseto<\/strong><\/p>\n\n\n\n<p><strong><em>Quartetto Magnani<\/em><\/strong><\/p>\n\n\n\n<p><strong>venerd\u00ec 11 ottobre 2024, ore 18.00<\/strong><\/p>\n\n\n\n<p><strong><em>Coro del Teatro Regio<\/em><\/strong><\/p>\n\n\n\n<p><strong>marted\u00ec 15 ottobre 2024, ore 20.30<\/strong><\/p>\n\n\n\n<p>Al Festival Verdi spazio anche alla musica da camera e corale con momenti di ascolto guidato che fanno scoprire al pubblico aspetti e dettagli meno noti della musica del Maestro: \u00e8 il caso del concerto al <strong>Teatro Giuseppe Verdi di Busseto di venerd\u00ec 11 ottobre 2024, ore 18.00<\/strong> del <strong>Quartetto Luigi Magnani<\/strong>, composto dai violinisti Maurizio Cadossi e Michele Rossi, dalla viola di Angelica Cristofari e dal violoncello Giacomo Fossa, che accosta, nel centenario della scomparsa di Giacomo Puccini, le pagine di <em>Crisantemi<\/em>, elegia per quartetto d\u2019archi e il <em>Quartetto in Re maggiore<\/em>, al <em>Quartetto in Mi minore<\/em> di Giuseppe Verdi.<\/p>\n\n\n\n<p>Sar\u00e0 una rara esperienza d\u2019ascolto per l\u2019unica composizione del Maestro per la formazione del quartetto d\u2019archi che sar\u00e0 eseguita nella prima versione originale edita nel 2023 da Henle Verlag Edition, a cura di Anselm Gerhard. Arricchisce il programma la versione per quartetto d\u2019archi del <em>Notturno<\/em> di Arnold Sch\u00f6nberg nel 150\u00b0 anno dalla nascita del compositore, anniversario che il Festival Verdi celebra anche nella sezione <em>Ramificazioni<\/em>. La composizione di fine Ottocento, ispirata ad una poesia di Richard Dehmel, \u00e8 considerata una delle pi\u00f9 significative del periodo giovanile del musicista viennese.<\/p>\n\n\n\n<p>Seguendo il filo rosso tematico del Festival Verdi, \u201cPotere e Politica\u201d, sempre al <strong>Teatro Giuseppe Verdi di Busseto, marted\u00ec 15 ottobre 2024, ore 20.30 <\/strong>si terr\u00e0 la lezione concerto di <strong>Martino Faggiani<\/strong> con il <strong>Coro del Teatro Regio di Parma<\/strong> e sar\u00e0 incentrata sulla celebre \u201cScena del Consiglio\u201d tratta dal <em>Simon Boccanegra<\/em>. Nella scena, che chiude il primo atto dell\u2019opera composta nel 1857, interesse pubblico e drammi privati si intrecciano creando una resa drammaturgia di enorme impatto. Protagonisti nei ruoli solistici saranno <strong>Fernando Cisneros<\/strong>, <strong>Sara Manieri<\/strong>, <strong>Anzor Pilia<\/strong>, <strong>Agostino Subacchi<\/strong>, allievi e gi\u00e0 allievi dell\u2019Accademia Verdiana.<\/p>\n\n\n\n<p><strong>QUARTETTO LUIGI MAGNANI<\/strong><\/p>\n\n\n\n<p>Il Quartetto Luigi Magnani nasce rendendo omaggio alla figura del grande critico d\u2019arte, musicologo e padre della Fondazione Magnani Rocca di Mamiano di Traversetolo (Parma), una delle pi\u00f9 importanti istituzioni artistiche d\u2019Italia, nelle cui sale il Quartetto esegue i concerti di musica da camera dei \u00abPomeriggi Musicali\u00bb. Fra gli impegni recenti vi sono stati gli inviti al Festival Illica, con l\u2019integrale delle opere per Quartetto di Giacomo Puccini, e al Festival Sibelius e la scorsa edizione dei concerti presso la Fondazione Magnani Rocca che ha incluso un programma monografico su Luigi Boccherini, legato alla pittura di Goya.<\/p>\n\n\n\n<p><strong>MARTINO FAGGIANI<\/strong><\/p>\n\n\n\n<p>Martino Faggiani, nato a Roma nel 1962, si \u00e8 diplomato con lode in pianoforte e clavicembalo. Ha conseguito inoltre il diploma di Maturit\u00e0 classica e ha studiato composizione. Divenuto assistente di Norbert Balatsch, lo ha coadiuvato a Roma in tutte le produzioni collaborando con direttori quali Bernstein, Sinopoli, Abbado, Gatti, Thielemann, Sawallisch, Giulini, ecc. Dal 1996, ha diretto il coro giovanile di Santa Cecilia, firmando produzioni con Chung, Sinopoli, Gelmetti, Alessandrini, De Marchi. Ospite dal 2005 e per i tre anni successivi del Coro Radio France, dal 2000 a tutt\u2019oggi \u00e8 Maestro del Coro del Teatro Regio di Parma, compagine che, nel 2010, ha ricevuto l\u2019Oscar per la lirica. Contestualmente, dal 2008 al giugno 2019, \u00e8 stato <em>Chef des Choeurs<\/em> presso il Teatro La Monnaie di Bruxelles dove, nel 2018, ha preparato il coro per il wagneriano <em>Lohengrin<\/em>. Dal 2009 \u00e8 stato contestualmente titolare del Coro Belcanto, formazione residente del Reate Festival. Dal 2018 \u00e8 titolare del Coro lirico Bellini, formazione residente del Macerata Opera Festival.<\/p>\n\n\n\n<p>Ha inciso per la Deutsche Grammophon <em>Assassinio nella Cattedrale<\/em> di Pizzetti, per la Dynamic <em>Ernani<\/em> di Verdi, per la Fon\u00e9 <em>Marin Faliero<\/em> di Donizetti, per TDK <em>Macbeth<\/em> di Verdi e tutte le 27 opere di Verdi per la Unitel.<\/p>\n\n\n\n<p><strong>CORO DEL TEATRO REGIO DI PARMA<\/strong><\/p>\n\n\n\n<p>Il Coro del Teatro Regio di Parma, nella sua attuale formazione, debutta come \u201cCoro del Verdi Festival\u201d in occasione della serata finale del Concorso Internazionale \u201cMaria Callas &#8211; Nuove Voci per Verdi\u201d, organizzato dalla RAI con la Fondazione Verdi Festival. Dal 2001 partecipa alle stagioni liriche del Teatro Regio di Parma e al Festival Verdi, assumendo cos\u00ec il nome attuale. Offre una duttilit\u00e0 di organico che va dai 25 fino a pi\u00f9 di 100 elementi, in costante formazione e perfezionamento. Ha collaborato, fra gli altri, con Claudio Abbado, Rudolf Barshai, Bruno Bartoletti, James Conlon, Vladimir Fedoseev, Rafael Fr\u00fchbeck de Burgos, Gianluigi Gelmetti, Lorin Maazel, Riccardo Muti, Daniel Oren, George Pehlivanian, Zolt\u00e1n Pesk\u00f3, Michel Plasson,Yuri Temirkanov, Juraj Valcuha, Ryan McAdams, Michele Mariotti e Daniele Gatti. Insieme alle maggiori partiture operistiche del Settecento e Ottocento Europeo, affronta un ampio repertorio sacro e sinfonico che comprende il <em>Requiem<\/em> KV626 di Mozart, la <em>Messa da Requiem<\/em> di Verdi, <em>Ein Deutches Requiem<\/em> di Brahms, <em>Requiem<\/em> di Faur\u00e8, <em>Requiem<\/em> di Cherubini, <em>Quattro pezzi sacri<\/em> di Verdi, <em>Carmina Burana<\/em> di Orf, <em>Sinfonia n. 9 <\/em>e <em>Missa Solemnis<\/em> di Beethoven, <em>Gloria in Re Maggiore<\/em> di Vivaldi, <em>Die Sch\u00f6pfung<\/em> di Haydn, <em>Magnifcat<\/em> di Bach<em>, Messa in do minore<\/em> e <em>Messa in do maggiore<\/em> di Mozart, <em>Petite Messe Solennelle<\/em> di Rossini, <em>Messiah<\/em> di H\u00e4ndel, <em>War Requiem<\/em> di Britten, <em>Stabat Mater<\/em> di Dvor\u00e1k, <em>Oedipus Rex<\/em> di Stravinskij. Tra le opere del repertorio contemporaneo: <em>Prometeo<\/em> di Luigi Nono, <em>Il processo<\/em> di Alberto Colla e <em>The death of Klinghofer<\/em> di John Adams. Di particolare interesse la realizzazione in forma scenica delle <em>Szenen aus Goethes Faust<\/em> di Robert Schumann ed <em>Assassinio nella Cattedrale<\/em> di Ildebrando Pizzetti, del quale \u00e8 stato realizzato un DVD. Con la partecipazione alla rassegna \u201cVox Musica per Coro\u201d si apre al repertorio sacro a cappella, dal Rinascimento fino alle composizioni contemporanee. Tra le numerose tourn\u00e9es del coro: Parigi, Wiesbaden, San Pietroburgo, Seul, Citt\u00e0 del Messico, Pechino, Muscat (Oman), Kualan Lumpur (Malesia) e Principato di Monaco.<\/p>\n\n\n\n<p>Nel 2010 riceve l\u2019Oscar della Lirica e nel 2011 il Premio Lirico Internazionale \u201cMario Tiberini\u201d. Dal 1\u00b0 gennaio 2018 la Cooperativa Artisti del Coro di Parma ne \u00e8 il fornitore ed amministratore unico. Ha partecipato con grande successo al Festival Verdi 2017, per il quale il Teatro Regio di Parma ha ricevuto il premio \u201cInternational Opera Awards\u201d, come riconoscimento per il miglior festival operistico nell\u2019anno 2017. Di pregevole interesse la recente collaborazione con l\u2019Orchestra Sinfonica Nazionale della RAI.<\/p>\n\n\n\n<p><strong>SERVIZIO NAVETTA<\/strong><\/p>\n\n\n\n<p>Il Teatro Regio di Parma, insieme al Mobility Partner Tep, offre un <strong>servizio navetta a\/r per Busseto nei giorni di spettacolo<\/strong>, al costo di 10 \u20ac a persona + costi di servizio pari a 1,88\u20ac.<\/p>\n\n\n\n<p>La navetta partir\u00e0 di fronte al Teatro Regio due ore prima l\u2019inizio dello spettacolo; gli spettatori sono invitati a presentarsi con congruo anticipo. La navetta per il ritorno partir\u00e0 20 minuti dopo la fine della recita dalla medesima fermata utilizzata all\u2019andata. Per informazioni e prenotazioni biglietteria@teatroregioparma.it<\/p>\n\n\n\n<h2 class=\"wp-block-heading\">PARTNER E SPONSOR<\/h2>\n\n\n\n<p>Il Festival Verdi \u00e8 realizzato grazie al contributo di Ministero della Cultura, Regione Emilia-Romagna, Reggio Parma Festival, Comune di Parma. Main partner Chiesi. Major partner Fondazione Cariparma. Media partner Mediaset. Cultural Partner Cr\u00e9dit Agricole. Main sponsor Iren, Barilla. Sponsor Unione Parmense degli Industriali, Dallara, Opem. Sostenitori GloveICT, Cavalca, La Giovane, Amoretti, Sicim, Colser, Mutti, Cepim, Parmacotto, Grasselli, Parmalat, Delicius. Con il contributo di Comune di Fidenza, Ascom e Ascom Confcommercio Parma Fondazione, Camera di Commercio dell\u2019Emilia, Fondazione Monte Parma, Comune di Busseto. Wine partner Oinoe. Mobilty Partner Tep. Con il supporto di \u201cParma, io ci sto!\u201d. Legal counselling Villa&amp;Partners. Partner scientifico Istituto Nazionale di Studi Verdiani. Digital counselling Unsocials. Radio Ufficiale Radio Monte Carlo. Fairplay Partner Zebre Parma. Tour Operator Partner Parma Incoming. Sostenitori tecnici De Simoni, Milosped, Teamwork, Graphital. Il Teatro Regio aderisce a Fedora, Opera Europa, Opera Vision, Emilia taste, nature &amp; culture. Special thanks to International Friends of Festival Verdi. Partner artistici e istituzionali Teatro Comunale di Bologna, La Toscanini, Societ\u00e0 dei Concerti di Parma, Conservatorio \u201cArrigo Boito\u201d di Parma, Coro del Teatro Regio di Parma.<\/p>\n\n\n\n<p><strong>BIGLIETTI<\/strong><\/p>\n\n\n\n<p>Biglietti da \u20ac10 a \u20ac35 per il concerto del Quartetto Magnani. Biglietti da \u20ac10 a \u20ac50 per la lezione- concerto di Martino Faggiani col Coro del Teatro Regio. In vendita <strong>dal 22 febbraio 2024 <\/strong>in biglietteria e <strong>dal 23 febbraio 2024 <\/strong>su teatroregioparma.it. Per i giovani <strong>under30 riduzione del 50% sui prezzi di tutti gli appuntamenti in programma<\/strong>.<\/p>\n\n\n\n\n\n<p>Parma, 9 ottobre 2024<\/p>\n\n\n\n<p>Paolo Maier<\/p>\n\n\n\n<p>Responsabile Comunicazione istituzionale, Ufficio stampa, Archivio<\/p>\n\n\n\n<p>Teatro Regio di Parma strada Garibaldi 16\/A, 43121 Parma \u2013 Italia<\/p>\n\n\n\n<p>Tel. +39 0521 203969&nbsp; |&nbsp; p.maier@teatroregioparma.it&nbsp; |&nbsp; stampa@teatroregioparma.it<\/p>\n\n\n\n<p><a href=\"http:\/\/www.teatroregioparma.it\">www.teatroregioparma.it<\/a><\/p>\n\n\n\n<p><a href=\"http:\/\/www.facebook.com\/teatroregioparma\"><\/a>&nbsp;<img decoding=\"async\" width=\"20\" height=\"20\" src=\"\" alt=\"Immagine\">&nbsp;<img decoding=\"async\" width=\"20\" height=\"20\" src=\"\">&nbsp;<img decoding=\"async\" width=\"35\" height=\"23\" src=\"\" alt=\"youtube\"><br><strong>Teatro Giuseppe Verdi di Busseto<\/strong><\/p>\n\n\n\n<p>venerd\u00ec 11 ottobre 2024, ore 18.00<\/p>\n\n\n\n<p>Durata: 1 ora e 20 minuti, senza intervallo<\/p>\n\n\n\n<p><strong>QUARTETTO MAGNANI<\/strong><\/p>\n\n\n\n<p>MAURIZIO CADOSSI <em>violino<\/em><\/p>\n\n\n\n<p>MICHELE ROSSI <em>violino<\/em><\/p>\n\n\n\n<p>ANGELICA CRISTOFARI <em>viola<\/em><\/p>\n\n\n\n<p>GIACOMO FOSSA <em>violoncello<\/em><\/p>\n\n\n\n<p>GIACOMO PUCCINI (1858 \u2013 1924)<em><\/em><\/p>\n\n\n\n<p><em>Crisantemi<\/em>, elegia per quartetto d\u2019archi, SC65<\/p>\n\n\n\n<p><em>Quartetto in re maggiore<\/em>, SC50<\/p>\n\n\n\n<p>ARNOLD SCH\u00d6NBERG<em> <\/em>(1874 \u2013 1951)<\/p>\n\n\n\n<p><em>Notturno, <\/em>versione per quartetto d\u2019archi<\/p>\n\n\n\n<p>GIUSEPPE VERDI (1813 \u2013 1901)<\/p>\n\n\n\n<p><em>Quartetto in Mi minore<\/em><em><br><\/em><\/p>\n\n\n\n<p><strong>Teatro Giuseppe Verdi di Busseto<\/strong><\/p>\n\n\n\n<p>marted\u00ec 15 ottobre 2024, ore 20.30<\/p>\n\n\n\n<p><strong>CORO DEL TEATRO REGIO DI PARMA<\/strong><\/p>\n\n\n\n<p><strong>Lezione concerto<\/strong><\/p>\n\n\n\n<p>\u201cScena del Consiglio\u201d dall\u2019Atto I dell\u2019opera <em>Simon Boccanegra<\/em><\/p>\n\n\n\n<p><em>Simon Boccanegra <\/em>FERNANDO CISNEROS*<\/p>\n\n\n\n<p><em>Amelia <\/em>SARA MINIERI*<\/p>\n\n\n\n<p><em>Jacopo Fiesco <\/em>AGOSTINO SUBACCHI*<\/p>\n\n\n\n<p><em>Gabriele Adorno <\/em>ANZOR PILIA*<\/p>\n\n\n\n<p>*Allievi e gi\u00e0 allievi dell\u2019Accademia Verdiana<\/p>\n\n\n\n<p>CORO DEL TEATRO REGIO DI PARMA<\/p>\n\n\n\n<p><em>Maestro del coro e al pianoforte<\/em> MARTINO FAGGIANI<br><\/p>\n\n\n\n<p><strong>FESTIVAL VERDI<\/strong><\/p>\n\n\n\n<p><strong>Parma e Busseto,<\/strong><\/p>\n\n\n\n<p><strong>21 settembre &#8211; 21 ottobre 2024<\/strong><strong><\/strong><\/p>\n\n\n\n<p><strong>XXIV Edizione<\/strong><strong><br><\/strong><\/p>\n\n\n\n<p><strong>Parma, Centro storico<\/strong><\/p>\n\n\n\n<p>21 settembre 2024<\/p>\n\n\n\n<p>VERDI STREET PARADE<\/p>\n\n\n\n<p><strong>Teatro Regio di Parma<\/strong><\/p>\n\n\n\n<p>26 settembre, 6, 13, 17 ottobre 2024<\/p>\n\n\n\n<p>MACBETH<\/p>\n\n\n\n<p><em>versione in francese, Parigi 1865<\/em><\/p>\n\n\n\n<p><strong>Teatro Giuseppe Verdi di Busseto<\/strong><\/p>\n\n\n\n<p>27, 28 settembre, 5, 12, 18 ottobre 2024<\/p>\n\n\n\n<p>UN BALLO<\/p>\n\n\n\n<p>IN MASCHERA<\/p>\n\n\n\n<p><strong>Teatro Regio di Parma<\/strong><\/p>\n\n\n\n<p>29 settembre, 4, 20 ottobre 2024<\/p>\n\n\n\n<p>LA BATTAGLIA<\/p>\n\n\n\n<p>DI LEGNANO<\/p>\n\n\n\n<p><strong>Teatro Girolamo Magnani di Fidenza<\/strong><\/p>\n\n\n\n<p>3, 11 ottobre 2024<\/p>\n\n\n\n<p>ATTILA<\/p>\n\n\n\n<p><em>in forma di concerto<\/em><\/p>\n\n\n\n<p><strong>Teatro Regio di Parma<\/strong><\/p>\n\n\n\n<p>2 ottobre 2024<\/p>\n\n\n\n<p>FUOCO DI GIOIA<\/p>\n\n\n\n<p><strong>Teatro Girolamo Magnani di Fidenza<\/strong><\/p>\n\n\n\n<p>6 ottobre 2024<\/p>\n\n\n\n<p>AMARTUVSHIN<\/p>\n\n\n\n<p>ENKHBAT<\/p>\n\n\n\n<p><strong>Teatro Regio di Parma<\/strong><\/p>\n\n\n\n<p>10 ottobre 2024<\/p>\n\n\n\n<p>GALA<\/p>\n\n\n\n<p>VERDIANO<\/p>\n\n\n\n<p><strong>Teatro Regio di Parma<\/strong><\/p>\n\n\n\n<p>14 ottobre 2024<\/p>\n\n\n\n<p>CONCERTO DI GALA<\/p>\n\n\n\n<p>DELL\u2019ACCADEMIA<\/p>\n\n\n\n<p>VERDIANA<\/p>\n\n\n\n<p><strong>Teatro Regio di Parma<\/strong><\/p>\n\n\n\n<p>19 ottobre 2024<\/p>\n\n\n\n<p>MESSA<\/p>\n\n\n\n<p>DA REQUIEM<strong><br><\/strong><\/p>\n\n\n\n<p>Il programma completo su teatroregioparma.it<strong><br><\/strong><\/p>\n\n\n\n<p><strong>FESTIVAL VERDI<\/strong><\/p>\n\n\n\n<p><strong>Parma e Busseto,<\/strong><\/p>\n\n\n\n<p><strong>21 settembre &#8211; 21 ottobre 2024<\/strong><strong><\/strong><\/p>\n\n\n\n<p><strong>XXIV Edizione<\/strong><\/p>\n\n\n\n<p>Ramificazioni<strong><br><\/strong><\/p>\n\n\n\n<p><strong>Parma, Auditorium Paganini<\/strong><\/p>\n\n\n\n<p>5 ottobre 2024<\/p>\n\n\n\n<p>MAXIME PASCAL<\/p>\n\n\n\n<p>SHIRIN NESHAT<\/p>\n\n\n\n<p>FILARMONICA<\/p>\n\n\n\n<p>ARTURO TOSCANINI<\/p>\n\n\n\n<p>CORO DEL TEATRO<\/p>\n\n\n\n<p>REGIO DI PARMA<\/p>\n\n\n\n<p>Sch\u00f6nberg | Nono | Verdi<\/p>\n\n\n\n<p><strong>Teatro Regio di Parma<\/strong><\/p>\n\n\n\n<p>8 ottobre 2024<\/p>\n\n\n\n<p>CHARLES DUTOIT<\/p>\n\n\n\n<p>ORCHESTRA GIOVANILE<\/p>\n\n\n\n<p>\u201cLUIGI CHERUBINI\u201d<\/p>\n\n\n\n<p>Rossini | Stravinskij | Dvo\u0159\u00e1k<\/p>\n\n\n\n<p><strong>Teatro Regio di Parma<\/strong><\/p>\n\n\n\n<p>12 ottobre 2024<\/p>\n\n\n\n<p>TEODOR CURRENTZIS<\/p>\n\n\n\n<p>MUSICAETERNA<\/p>\n\n\n\n<p>ORCHESTRA<\/p>\n\n\n\n<p>Verdi | \u0160ostakovi\u010d | \u010cajkovskij<\/p>\n\n\n\n<p><strong>Parma, Teatro Farnese<\/strong><\/p>\n\n\n\n<p>18, 19 ottobre 2024<\/p>\n\n\n\n<p>MADRIGALI<\/p>\n\n\n\n<p>Nono | Monteverdi<\/p>\n\n\n\n<p>violino<\/p>\n\n\n\n<p>MIHAELA COSTEA<\/p>\n\n\n\n<p>regia del suono<\/p>\n\n\n\n<p>ALVISE VIDOLIN<\/p>\n\n\n\n<p>GHISLIERI CONSORT<\/p>\n\n\n\n<p>controtenore<\/p>\n\n\n\n<p>CARLO VISTOLI<\/p>\n\n\n\n<p>coreografia&nbsp;<\/p>\n\n\n\n<p>PHILIPPE KRATZ<\/p>\n\n\n\n<p>regia e visual<\/p>\n\n\n\n<p>FABIO CHERSTICH<br><strong><br><\/strong><\/p>\n\n\n\n<p><a><strong>FESTIVAL VERDI <\/strong><\/a><strong>VERDI OFF<\/strong><strong><\/strong><\/p>\n\n\n\n<p><strong>CALENDARIO<\/strong><\/p>\n\n\n\n<p><strong>SETTEMBRE<\/strong><\/p>\n\n\n\n<p><strong>21 sab<\/strong><\/p>\n\n\n\n<p>11.00 Ridotto del Regio TRADIRE \/ TR\u1fb9DERE MACBETH Incontro<\/p>\n\n\n\n<p>13.00 Fornici del Regio CUC\u00d9 VERDIANO<\/p>\n\n\n\n<p>15.00 Teatro Regio PROVA APERTA <em>Macbeth<\/em><\/p>\n\n\n\n<p>16.00&gt;22.00 Borgo del Gallo 6 VERDI GAMELAND<\/p>\n\n\n\n<p>18.00&gt;22.00 Parma VERDI STREET PARADE<\/p>\n\n\n\n<p>21.00 &nbsp;&nbsp; Cortile S. Pietro VERDINARIA 2.0 Videomapping<\/p>\n\n\n\n<p><strong>22 dom<\/strong><\/p>\n\n\n\n<p>11.00 Gran Caff\u00e8 del Regio A TU PER TU COL MAESTRO <em>Macbeth<\/em><\/p>\n\n\n\n<p>13.00 Fornici del Regio CUC\u00d9 VERDIANO<\/p>\n\n\n\n<p>13.00 Parco Ducale BIANCHI, ROSSI E VERDI picnic<\/p>\n\n\n\n<p>16.00&gt;22.00 Borgo del Gallo 6 VERDI GAMELAND<\/p>\n\n\n\n<p>16.00 Teatro Regio PROVA APERTA <em>La battaglia di Legnano<\/em><\/p>\n\n\n\n<p>19.30 Scalinata Palazzo della Pilotta LA NOTTE DEI CORI<\/p>\n\n\n\n<p><strong>23 lun&nbsp;&nbsp;&nbsp;&nbsp;&nbsp;&nbsp;&nbsp;&nbsp;<\/strong><\/p>\n\n\n\n<p>13.00 Fornici del Regio CUC\u00d9 VERDIANO<\/p>\n\n\n\n<p>16.00&gt;22.00 Borgo del Gallo 6 VERDI GAMELAND<\/p>\n\n\n\n<p>18.00 Corale Verdi CASA VERDI<\/p>\n\n\n\n<p>19.30 Teatro Regio PROVA UNDER30 <em>Macbeth<\/em><\/p>\n\n\n\n<p>23.00 Ridotto del Regio AFTERSHOW UNDER30<\/p>\n\n\n\n<p><strong>24 mar<\/strong><\/p>\n\n\n\n<p>13.00 Fornici del Regio CUC\u00d9 VERDIANO<\/p>\n\n\n\n<p>16.00&gt;22.00 Borgo del Gallo 6 VERDI GAMELAND<\/p>\n\n\n\n<p>18.00 Corale Verdi CASA VERDI<\/p>\n\n\n\n<p>19.30 Teatro Regio PROVA UNDER30 <em>La battaglia di Legnano<\/em><\/p>\n\n\n\n<p>23.00 Ridotto del Regio AFTERSHOW UNDER30<\/p>\n\n\n\n<p><strong>25 mer<\/strong><\/p>\n\n\n\n<p>13.00 Fornici del Regio CUC\u00d9 VERDIANO<\/p>\n\n\n\n<p>16.00&gt;22.00 Borgo del Gallo 6 VERDI GAMELAND<\/p>\n\n\n\n<p>18.30 Palazzo Soragna JAZZ\u2019ON PARMA ORCHESTRA BIG BAND LAB<\/p>\n\n\n\n<p>21.00 Palazzo Pallavicino PORTRAITS VERDI&amp;PUCCINI danza<\/p>\n\n\n\n<p>21.00 Liceo Attilio Bertolucci HIGH SCHOOL FALSTAFF<\/p>\n\n\n\n<p>22.00 Liceo Attilio Bertolucci HIGH SCHOOL FALSTAFF<\/p>\n\n\n\n<p><strong>26 gio&nbsp;&nbsp;&nbsp;&nbsp;&nbsp;&nbsp;&nbsp;&nbsp;<\/strong><\/p>\n\n\n\n<p>13.00 Fornici del Regio CUC\u00d9 VERDIANO<\/p>\n\n\n\n<p>16.00&gt;22.00 Borgo del Gallo 6 VERDI GAMELAND<\/p>\n\n\n\n<p>18.00 Chiesa di S. Triburzio THE WIND OF OPERA<\/p>\n\n\n\n<p>18.00 Verdi al Cubo, P.le Picelli VERDIORAMA <em>Macbeth<\/em><\/p>\n\n\n\n<p>18.00 Teatro Verdi, Busseto PROVA APERTA <em>Un ballo in maschera<\/em><em><\/em><\/p>\n\n\n\n<p>19.00 Fronte Teatro Regio VERDI A PASSO DI DANZA<\/p>\n\n\n\n<p>20.00 Teatro Regio MACBETH<\/p>\n\n\n\n<p>21.30 Verdi al Cubo, P.le Picelli VERDIORAMA <em>Macbeth<\/em><\/p>\n\n\n\n<p><strong>27 ven<\/strong><\/p>\n\n\n\n<p>13.00 Fornici del Regio CUC\u00d9 VERDIANO<\/p>\n\n\n\n<p>16.00&gt;20.00 Borgo del Gallo 6 VERDI GAMELAND<\/p>\n\n\n\n<p>18.00 Museo Renata Tebaldi, Busseto ASPETTANDO UN BALLO IN MASCHERA<\/p>\n\n\n\n<p>18.30 Oltrelab, P.le Bertozzi VERDIHOUR<\/p>\n\n\n\n<p>19.00 Fronte Teatro Verdi, Busseto VERDI A PASSO DI DANZA<\/p>\n\n\n\n<p>20.00 Teatro Verdi, Busseto UN BALLO IN MASCHERA<\/p>\n\n\n\n<p><strong>28 sab<\/strong><\/p>\n\n\n\n<p>11.00 Gran Caff\u00e8 del Regio A TU PER TU COL MAESTRO <em>La battaglia di Legnano<\/em><\/p>\n\n\n\n<p>13.00 Fornici del Regio CUC\u00d9 VERDIANO<\/p>\n\n\n\n<p>15.30&gt;19.30 Quartiere Spip VERDI SPIP PARADE<\/p>\n\n\n\n<p>15.30 Teatro Verdi, Busseto UN BALLO IN MASCHERA<\/p>\n\n\n\n<p>16.00\/22.00 Borgo del Gallo 6 VERDI GAMELAND<\/p>\n\n\n\n<p>17.00 Ridotto del Regio CORI AL RIDOTTO<\/p>\n\n\n\n<p><strong>29 dom<\/strong><\/p>\n\n\n\n<p>10.00\/10.15 dal Regio al Quartiere San Leonardo JUST WALKING<strong><\/strong><\/p>\n\n\n\n<p>11.00 Gran Caff\u00e8 del Regio A TU PER TU COL MAESTRO <em>Attila<\/em><\/p>\n\n\n\n<p>12.00 Palazzo Ducale MEZZOGIORNO IN MUSICA<\/p>\n\n\n\n<p>13.00 Fornici del Regio CUC\u00d9 VERDIANO<\/p>\n\n\n\n<p>16.30 Basilica Cattedrale VERDI SACRO<\/p>\n\n\n\n<p>17.00 Fronte Regio VERDI A PASSO DI DANZA<\/p>\n\n\n\n<p>18.00 Teatro Regio LA BATTAGLIA DI LEGNANO<\/p>\n\n\n\n<p><strong>30 lun<\/strong><\/p>\n\n\n\n<p>13.00 Fornici del Regio CUC\u00d9 VERDIANO<\/p>\n\n\n\n<p>16.00&gt;22.00 Borgo del Gallo 6 VERDI GAMELAND<strong><br><\/strong><\/p>\n\n\n\n<p><strong>OTTOBRE<\/strong><\/p>\n\n\n\n<p><strong>01 mar<\/strong><\/p>\n\n\n\n<p>13.00 Fornici del Regio CUC\u00d9 VERDIANO<\/p>\n\n\n\n<p>16.00&gt;22.00 Borgo del Gallo 6 VERDI GAMELAND<\/p>\n\n\n\n<p>19.00 Teatro Regio OMAGGIO A BERTOLUCCI incontro<\/p>\n\n\n\n<p>20.00 Teatro Magnani, Fidenza PROVA APERTA <em>Attila<\/em><\/p>\n\n\n\n<p>21.00 Teatro Regio PRIMA DELLA RIVOLUZIONE proiezione<\/p>\n\n\n\n<p><strong>02 mer<\/strong><\/p>\n\n\n\n<p>13.00 Fornici del Regio CUC\u00d9 VERDIANO<\/p>\n\n\n\n<p>16.00&gt;22.00 Borgo del Gallo 6 VERDI GAMELAND<\/p>\n\n\n\n<p>19.30 Fronte Regio VERDI A PASSO DI DANZA<\/p>\n\n\n\n<p>20.30 Teatro Regio FUOCO DI GIOIA<\/p>\n\n\n\n<p><strong>03 gio<\/strong><\/p>\n\n\n\n<p>13.00 Fornici del Regio CUC\u00d9 VERDIANO<\/p>\n\n\n\n<p>16.00&gt;22.00 Borgo del Gallo 6 VERDI GAMELAND<\/p>\n\n\n\n<p>19.30 Fronte Regio VERDI A PASSO DI DANZA<\/p>\n\n\n\n<p>18.00\/21.30 Verdi al Cubo, P.le Picelli VERDIORAMA <em>Attila<\/em><\/p>\n\n\n\n<p>19.00 Piazza Garibaldi, Fidenza VERDI A PASSO DI DANZA<\/p>\n\n\n\n<p>20.00 Teatro Magnani, Fidenza ATTILA<\/p>\n\n\n\n<p>20.30 Teatro Regio FUOCO DI GIOIA<\/p>\n\n\n\n<p><strong>04 ven<\/strong><\/p>\n\n\n\n<p>13.00 Fornici del Regio CUC\u00d9 VERDIANO<\/p>\n\n\n\n<p>16.00&gt;22.00 Borgo del Gallo 6 VERDI GAMELAND<\/p>\n\n\n\n<p>22.00 Bread, Piazza Garibaldi VERDIHOUR djset<\/p>\n\n\n\n<p>20.00 Teatro Regio LA BATTAGLIA DI LEGNANO<\/p>\n\n\n\n<p><strong>05 sab<\/strong><\/p>\n\n\n\n<p>10.30 Museo Glauco Lombardi, Salone delle feste<\/p>\n\n\n\n<p>ARMIAMOCI E SUONATE conferenza concerto<\/p>\n\n\n\n<p>13.00 Fornici del Regio CUC\u00d9 VERDIANO<\/p>\n\n\n\n<p>15.30 Teatro Verdi, Busseto UN BALLO IN MASCHERA<\/p>\n\n\n\n<p>16.00&gt;22.00 Borgo del Gallo 6 VERDI GAMELAND<\/p>\n\n\n\n<p>16.00 Cinema Astra, P.le Volta LA FORZA DEL DESTINO documentario<\/p>\n\n\n\n<p>17.00 Ridotto del Regio CORI DI VOCI BIANCHE DELLA CORALE VERDI<\/p>\n\n\n\n<p>19.00 Borgo XX Marzo FAN FATH AL NEL BORGO&nbsp;&nbsp;&nbsp;&nbsp;&nbsp;<\/p>\n\n\n\n<p>20.30 Auditorium Paganini MAXIME PASCAL \/ SHIRN NESHAT<\/p>\n\n\n\n<p>21.30 Borgo S. Brigida FANFARA BALCANICA FAN FATH AL<\/p>\n\n\n\n<p>A BORGO SANTA BRIGIDA<\/p>\n\n\n\n<p><strong>06 dom<\/strong><\/p>\n\n\n\n<p>12.00 Palazzo Ducale MEZZOGIORNO IN MUSICA<\/p>\n\n\n\n<p>13.00 Fornici del Regio CUC\u00d9 VERDIANO<\/p>\n\n\n\n<p>15.30 Palazzo Ducale VERDI BAND<\/p>\n\n\n\n<p>15.30 Teatro Magnani, Fidenza AMARTUVSHIN ENKHBAT<\/p>\n\n\n\n<p>16.00 Museo Glauco Lombardi MUSICA AL MUSEO&nbsp;&nbsp;&nbsp;&nbsp;<\/p>\n\n\n\n<p>18.00 Teatro Regio MACBETH<\/p>\n\n\n\n<p><strong>07 lun&nbsp;&nbsp;&nbsp;&nbsp;&nbsp;&nbsp;&nbsp;&nbsp;<\/strong><\/p>\n\n\n\n<p>13.00 Fornici del Regio CUC\u00d9 VERDIANO<\/p>\n\n\n\n<p>18.00 Corale Verdi CASA VERDI<\/p>\n\n\n\n<p><strong>08 mar<\/strong><\/p>\n\n\n\n<p>13.00 Fornici del Regio CUC\u00d9 VERDIANO<\/p>\n\n\n\n<p>20.30 Teatro Regio ORCHESTRA GIOVANILE LUIGI CHERUBINI<\/p>\n\n\n\n<p><strong>09 mer<\/strong><\/p>\n\n\n\n<p>11.00\/15.00\/18.00 Teatro Farnese OMAGGIO A LUIGI NONO<\/p>\n\n\n\n<p>11.00\/15.00\/18.00 Ridotto del Regio VERDI: CORRISPONDENZA E RAPPORTI CON LA FRANCIA<\/p>\n\n\n\n<p>13.00 Fornici del Regio CUC\u00d9 VERDIANO<\/p>\n\n\n\n<p>17.00 Piccole Figlie Hospital VERDI FUNKY<\/p>\n\n\n\n<p><strong>10 gio&nbsp;&nbsp;&nbsp;&nbsp;&nbsp;&nbsp;&nbsp;&nbsp;<\/strong><\/p>\n\n\n\n<p>11.30 Monumento a Verdi CERIMONIA IN MEMORIA DI VERDI<\/p>\n\n\n\n<p>11.00\/15.00\/18.00 Ridotto del Regio VERDI: CORRISPONDENZA E RAPPORTI CON LA FRANCIA<\/p>\n\n\n\n<p>13.00 Fornici del Regio CUC\u00d9 VERDIANO<\/p>\n\n\n\n<p>18.00 Verdi al Cubo, p.le Picelli VERDIORAMA <em>Un ballo in maschera<\/em><\/p>\n\n\n\n<p>18.00 Fondazione Cassa di Risparmio CONCERTO DELL\u2019ACCADEMIA VERDIANA<\/p>\n\n\n\n<p>19.30 Fronte Regio VERDI A PASSO DI DANZA<\/p>\n\n\n\n<p>20.30 Teatro Regio GALA VERDIANO<\/p>\n\n\n\n<p><strong>11 ven<\/strong><\/p>\n\n\n\n<p>13.00 Fornici del Regio CUC\u00d9 VERDIANO<\/p>\n\n\n\n<p>17.00 Teatro Regio CORO DI VOCI BIANCHE PARMA MUSICALE<\/p>\n\n\n\n<p>18.00 Teatro Verdi, Busseto QUARTETTO MAGNANI<\/p>\n\n\n\n<p>19.00 Biblioteca Fondazione Cassa di Risparmio, Busseto PERSONAL VERDI<\/p>\n\n\n\n<p>20.00 Teatro Magnani, Fidenza ATTILA<\/p>\n\n\n\n<p><strong>12 sab<\/strong><\/p>\n\n\n\n<p>13.00 Fornici del Regio CUC\u00d9 VERDIANO<\/p>\n\n\n\n<p>15.30 Palazzo Ducale VERDI INCONTRA WAGNER<\/p>\n\n\n\n<p>15.30 Teatro Verdi, Busseto UN BALLO IN MASCHERA<\/p>\n\n\n\n<p>17.00 Ridotto Regio CORALE VERDI DI PARMA<\/p>\n\n\n\n<p>20.30 Teatro Regio TEODOR CURRENTZIS<\/p>\n\n\n\n<p>21.00 Chiesa S. Giovanni Evangelista VERDI SACRO<\/p>\n\n\n\n<p>21.30 Borgo S. Brigida FRANCESCO TRICARICO LIVE IN BORGO SANTA BRIGIDA<\/p>\n\n\n\n<p>22.30 Le Petit HISTOIRE DU TANGO<\/p>\n\n\n\n<p><strong>13 dom<\/strong><\/p>\n\n\n\n<p>12.00 Palazzo Ducale MEZZOGIORNO IN MUSICA<\/p>\n\n\n\n<p>13.00 Fornici del Regio CUC\u00d9 VERDIANO<\/p>\n\n\n\n<p>15.30 Teatro Regio, MACBETH<\/p>\n\n\n\n<p>20.30 Teatro Farnese THE BLANCKET OF THE DARK<\/p>\n\n\n\n<p>21.00 Corale Verdi HANNO UCCISO VERDI! Cena con delitto<\/p>\n\n\n\n<p><strong>14 lun&nbsp;&nbsp;&nbsp;&nbsp;&nbsp;&nbsp;&nbsp;&nbsp;<\/strong><\/p>\n\n\n\n<p>13.00 Fornici del Regio CUC\u00d9 VERDIANO<\/p>\n\n\n\n<p>17.00 Ridotto del Regio IL VALORE DELL\u2019OPERA<\/p>\n\n\n\n<p>20.30 Teatro Regio CONCERTO DI GALA DELL\u2019ACCADEMIA VERDIANA<\/p>\n\n\n\n<p>21.00 Borgo Santa Brigida I SONNAMBULI<\/p>\n\n\n\n<p><strong>15 mar<\/strong><\/p>\n\n\n\n<p>13.00 Fornici del Regio CUC\u00d9 VERDIANO<\/p>\n\n\n\n<p>20.30 Teatro Verdi, Busseto CORO DEL TEATRO<\/p>\n\n\n\n<p><strong>16 mer<\/strong><\/p>\n\n\n\n<p>13.00 Fornici del Regio CUC\u00d9 VERDIANO<\/p>\n\n\n\n<p>21.00 Chiesa S. Giovanni Evangelista VERDI SACRO<\/p>\n\n\n\n<p><strong>17 gio&nbsp;&nbsp;&nbsp;&nbsp;&nbsp;&nbsp;&nbsp;&nbsp;<\/strong><\/p>\n\n\n\n<p>13.00 Fornici del Regio CUC\u00d9 VERDIANO<\/p>\n\n\n\n<p>18.00 Chiesa S. Triburzio I GIOVED\u00cc DI S. TIBURZIO<\/p>\n\n\n\n<p>18.00 Verdi al Cubo, P.le Picelli VERDIORAMA <em>La battaglia di Legnano<\/em><\/p>\n\n\n\n<p>20.00 Teatro Regio MACBETH<\/p>\n\n\n\n<p><strong>18 ven<\/strong><\/p>\n\n\n\n<p>13.00 Fornici del Regio CUC\u00d9 VERDIANO<\/p>\n\n\n\n<p>15.30 Teatro Verdi, Busseto UN BALLO IN MASCHERA<\/p>\n\n\n\n<p>17.00 Ridotto del Regio CORO DI VOCI BIANCHE DEL TEATRO REGIO<\/p>\n\n\n\n<p>18.00 Casa della Musica I GIOVANI PER VERDI<\/p>\n\n\n\n<p>21.00 Teatro Farnese MADRIGALI<\/p>\n\n\n\n<p><strong>19 sab<\/strong><\/p>\n\n\n\n<p>11.00 Club del 27 VISITA AL CLUB<strong><\/strong><\/p>\n\n\n\n<p>13.00 Fornici del Regio CUC\u00d9 VERDIANO<\/p>\n\n\n\n<p>15.30\/16.10\/16.50\/17.50\/18.30 Galleria S. Ludovico NON PER AMORE<\/p>\n\n\n\n<p>19.30 fronte Teatro Regio VERDI A PASSO DI DANZA<\/p>\n\n\n\n<p>20.30 Teatro Regio MESSA DA REQUIEM<\/p>\n\n\n\n<p>21.00 Casa della Musica I GIOVANI PER VERDI<\/p>\n\n\n\n<p>22.00 Colonne28 LES V\u00caPRES VERDIENNES<\/p>\n\n\n\n<p>22.30 Teatro Farnese MADRIGALI<\/p>\n\n\n\n<p><strong>20 sab<\/strong><\/p>\n\n\n\n<p>12.00 Palazzo Ducale MEZZOGIORNO IN MUSICA<\/p>\n\n\n\n<p>13.00 Fornici del Regio CUC\u00d9 VERDIANO<\/p>\n\n\n\n<p>15.30 Teatro Regio LA BATTAGLIA DI LEGNANO<\/p>\n\n\n\n<p>15.30\/16.10\/16.50\/17.50\/18.30 Galleria S. Ludovico NON PER AMORE<\/p>\n\n\n\n<p>18.00 Polesine Zibello RECITAL VERDIANO<\/p>\n\n\n\n<p>foto<\/p>\n\n\n\n<figure class=\"wp-block-gallery has-nested-images columns-default is-cropped wp-block-gallery-1 is-layout-flex wp-block-gallery-is-layout-flex\">\n<figure class=\"wp-block-image size-large\"><a href=\"https:\/\/www.ecoitaliano.com.ar\/wp-content\/uploads\/2024\/10\/CoroTRP-scaled.jpg\"><img decoding=\"async\" width=\"1024\" height=\"684\" data-id=\"62746\" src=\"https:\/\/www.ecoitaliano.com.ar\/wp-content\/uploads\/2024\/10\/CoroTRP-1024x684.jpg\" alt=\"\" class=\"wp-image-62746\" srcset=\"https:\/\/www.ecoitaliano.com.ar\/wp-content\/uploads\/2024\/10\/CoroTRP-1024x684.jpg 1024w, https:\/\/www.ecoitaliano.com.ar\/wp-content\/uploads\/2024\/10\/CoroTRP-300x200.jpg 300w, https:\/\/www.ecoitaliano.com.ar\/wp-content\/uploads\/2024\/10\/CoroTRP-768x513.jpg 768w, https:\/\/www.ecoitaliano.com.ar\/wp-content\/uploads\/2024\/10\/CoroTRP-1536x1025.jpg 1536w, https:\/\/www.ecoitaliano.com.ar\/wp-content\/uploads\/2024\/10\/CoroTRP-2048x1367.jpg 2048w, https:\/\/www.ecoitaliano.com.ar\/wp-content\/uploads\/2024\/10\/CoroTRP-150x100.jpg 150w\" sizes=\"(max-width: 1024px) 100vw, 1024px\" \/><\/a><\/figure>\n\n\n\n<figure class=\"wp-block-image size-large\"><a href=\"https:\/\/www.ecoitaliano.com.ar\/wp-content\/uploads\/2024\/10\/Martino-Faggiani-ph-Roberto-Ricci-2.jpg\"><img decoding=\"async\" width=\"683\" height=\"1024\" data-id=\"62747\" src=\"https:\/\/www.ecoitaliano.com.ar\/wp-content\/uploads\/2024\/10\/Martino-Faggiani-ph-Roberto-Ricci-2-683x1024.jpg\" alt=\"\" class=\"wp-image-62747\" srcset=\"https:\/\/www.ecoitaliano.com.ar\/wp-content\/uploads\/2024\/10\/Martino-Faggiani-ph-Roberto-Ricci-2-683x1024.jpg 683w, https:\/\/www.ecoitaliano.com.ar\/wp-content\/uploads\/2024\/10\/Martino-Faggiani-ph-Roberto-Ricci-2-200x300.jpg 200w, https:\/\/www.ecoitaliano.com.ar\/wp-content\/uploads\/2024\/10\/Martino-Faggiani-ph-Roberto-Ricci-2-768x1152.jpg 768w, https:\/\/www.ecoitaliano.com.ar\/wp-content\/uploads\/2024\/10\/Martino-Faggiani-ph-Roberto-Ricci-2-1024x1536.jpg 1024w, https:\/\/www.ecoitaliano.com.ar\/wp-content\/uploads\/2024\/10\/Martino-Faggiani-ph-Roberto-Ricci-2-1365x2048.jpg 1365w, https:\/\/www.ecoitaliano.com.ar\/wp-content\/uploads\/2024\/10\/Martino-Faggiani-ph-Roberto-Ricci-2-100x150.jpg 100w, https:\/\/www.ecoitaliano.com.ar\/wp-content\/uploads\/2024\/10\/Martino-Faggiani-ph-Roberto-Ricci-2.jpg 1417w\" sizes=\"(max-width: 683px) 100vw, 683px\" \/><\/a><\/figure>\n\n\n\n<figure class=\"wp-block-image size-large\"><a href=\"https:\/\/www.ecoitaliano.com.ar\/wp-content\/uploads\/2024\/10\/Quartetto-Luigi-Magnani-5.jpg\"><img decoding=\"async\" width=\"1024\" height=\"768\" data-id=\"62748\" src=\"https:\/\/www.ecoitaliano.com.ar\/wp-content\/uploads\/2024\/10\/Quartetto-Luigi-Magnani-5-1024x768.jpg\" alt=\"\" class=\"wp-image-62748\" srcset=\"https:\/\/www.ecoitaliano.com.ar\/wp-content\/uploads\/2024\/10\/Quartetto-Luigi-Magnani-5-1024x768.jpg 1024w, https:\/\/www.ecoitaliano.com.ar\/wp-content\/uploads\/2024\/10\/Quartetto-Luigi-Magnani-5-300x225.jpg 300w, https:\/\/www.ecoitaliano.com.ar\/wp-content\/uploads\/2024\/10\/Quartetto-Luigi-Magnani-5-768x576.jpg 768w, https:\/\/www.ecoitaliano.com.ar\/wp-content\/uploads\/2024\/10\/Quartetto-Luigi-Magnani-5-1536x1152.jpg 1536w, https:\/\/www.ecoitaliano.com.ar\/wp-content\/uploads\/2024\/10\/Quartetto-Luigi-Magnani-5-150x113.jpg 150w, https:\/\/www.ecoitaliano.com.ar\/wp-content\/uploads\/2024\/10\/Quartetto-Luigi-Magnani-5.jpg 1600w\" sizes=\"(max-width: 1024px) 100vw, 1024px\" \/><\/a><\/figure>\n\n\n\n<figure class=\"wp-block-image size-large\"><a href=\"https:\/\/www.ecoitaliano.com.ar\/wp-content\/uploads\/2024\/10\/Quartetto-Magnani-2-scaled.jpg\"><img decoding=\"async\" width=\"768\" height=\"1024\" data-id=\"62749\" src=\"https:\/\/www.ecoitaliano.com.ar\/wp-content\/uploads\/2024\/10\/Quartetto-Magnani-2-768x1024.jpg\" alt=\"\" class=\"wp-image-62749\" srcset=\"https:\/\/www.ecoitaliano.com.ar\/wp-content\/uploads\/2024\/10\/Quartetto-Magnani-2-768x1024.jpg 768w, https:\/\/www.ecoitaliano.com.ar\/wp-content\/uploads\/2024\/10\/Quartetto-Magnani-2-225x300.jpg 225w, https:\/\/www.ecoitaliano.com.ar\/wp-content\/uploads\/2024\/10\/Quartetto-Magnani-2-1152x1536.jpg 1152w, https:\/\/www.ecoitaliano.com.ar\/wp-content\/uploads\/2024\/10\/Quartetto-Magnani-2-1536x2048.jpg 1536w, https:\/\/www.ecoitaliano.com.ar\/wp-content\/uploads\/2024\/10\/Quartetto-Magnani-2-113x150.jpg 113w, https:\/\/www.ecoitaliano.com.ar\/wp-content\/uploads\/2024\/10\/Quartetto-Magnani-2-scaled.jpg 1920w\" sizes=\"(max-width: 768px) 100vw, 768px\" \/><\/a><\/figure>\n<\/figure>\n","protected":false},"excerpt":{"rendered":"<p>IL FESTIVAL VERDI A BUSSETO CON LA MUSICA DA CAMERA DEL QUARTETTO LUIGI MAGNANI E LA LEZIONE-CONCERTO DEL CORO DEL [&hellip;]<\/p>\n","protected":false},"author":1,"featured_media":0,"comment_status":"open","ping_status":"open","sticky":false,"template":"","format":"standard","meta":{"footnotes":""},"categories":[1],"tags":[],"class_list":["post-62745","post","type-post","status-publish","format-standard","hentry","category-sin-categoria"],"_links":{"self":[{"href":"https:\/\/www.ecoitaliano.com.ar\/index.php?rest_route=\/wp\/v2\/posts\/62745","targetHints":{"allow":["GET"]}}],"collection":[{"href":"https:\/\/www.ecoitaliano.com.ar\/index.php?rest_route=\/wp\/v2\/posts"}],"about":[{"href":"https:\/\/www.ecoitaliano.com.ar\/index.php?rest_route=\/wp\/v2\/types\/post"}],"author":[{"embeddable":true,"href":"https:\/\/www.ecoitaliano.com.ar\/index.php?rest_route=\/wp\/v2\/users\/1"}],"replies":[{"embeddable":true,"href":"https:\/\/www.ecoitaliano.com.ar\/index.php?rest_route=%2Fwp%2Fv2%2Fcomments&post=62745"}],"version-history":[{"count":0,"href":"https:\/\/www.ecoitaliano.com.ar\/index.php?rest_route=\/wp\/v2\/posts\/62745\/revisions"}],"wp:attachment":[{"href":"https:\/\/www.ecoitaliano.com.ar\/index.php?rest_route=%2Fwp%2Fv2%2Fmedia&parent=62745"}],"wp:term":[{"taxonomy":"category","embeddable":true,"href":"https:\/\/www.ecoitaliano.com.ar\/index.php?rest_route=%2Fwp%2Fv2%2Fcategories&post=62745"},{"taxonomy":"post_tag","embeddable":true,"href":"https:\/\/www.ecoitaliano.com.ar\/index.php?rest_route=%2Fwp%2Fv2%2Ftags&post=62745"}],"curies":[{"name":"wp","href":"https:\/\/api.w.org\/{rel}","templated":true}]}}