{"id":63059,"date":"2024-10-15T15:42:34","date_gmt":"2024-10-15T15:42:34","guid":{"rendered":"https:\/\/www.ecoitaliano.com.ar\/?p=63059"},"modified":"2024-10-15T15:42:34","modified_gmt":"2024-10-15T15:42:34","slug":"comunicato-stampa-evento-tommaso-da-celano-opera-teatrale","status":"publish","type":"post","link":"https:\/\/www.ecoitaliano.com.ar\/?p=63059","title":{"rendered":"\u00a0Comunicato Stampa &#8211; Evento &#8211; Tommaso da Celano &#8211; Opera teatrale"},"content":{"rendered":"\n<figure class=\"wp-block-image size-large\"><a href=\"http:\/\/www.ecoitaliano.com.ar\/wp-content\/uploads\/2024\/10\/IMG-20241015-WA0031.jpg\"><img decoding=\"async\" width=\"728\" height=\"1024\" src=\"http:\/\/www.ecoitaliano.com.ar\/wp-content\/uploads\/2024\/10\/IMG-20241015-WA0031-728x1024.jpg\" alt=\"\" class=\"wp-image-63060\" srcset=\"https:\/\/www.ecoitaliano.com.ar\/wp-content\/uploads\/2024\/10\/IMG-20241015-WA0031-728x1024.jpg 728w, https:\/\/www.ecoitaliano.com.ar\/wp-content\/uploads\/2024\/10\/IMG-20241015-WA0031-213x300.jpg 213w, https:\/\/www.ecoitaliano.com.ar\/wp-content\/uploads\/2024\/10\/IMG-20241015-WA0031-768x1080.jpg 768w, https:\/\/www.ecoitaliano.com.ar\/wp-content\/uploads\/2024\/10\/IMG-20241015-WA0031-1092x1536.jpg 1092w, https:\/\/www.ecoitaliano.com.ar\/wp-content\/uploads\/2024\/10\/IMG-20241015-WA0031-107x150.jpg 107w, https:\/\/www.ecoitaliano.com.ar\/wp-content\/uploads\/2024\/10\/IMG-20241015-WA0031.jpg 1181w\" sizes=\"(max-width: 728px) 100vw, 728px\" \/><\/a><\/figure>\n\n\n\n<p>Comunicato Stampa\u00bbTommaso racconta Tommaso\u00bb&nbsp;<strong>Recital sulla figura del primo biografo di San Francesco di Assisi<\/strong><strong>Marted\u00ec 22 Ottobre 2024&nbsp;ore 18:30 sar\u00e0 rappresentato&nbsp;a L&#8217;Aquila,&nbsp;Teatro Comunale Ridotto,&nbsp;in nome della fratellanza, della solidariet\u00e0 e della pace<\/strong><\/p>\n\n\n\n<p>L&#8217;AQUILA &#8211;&nbsp;Con il Patrocinio del Comune di L\u2019Aquila e del Comune di Celano il Recital \u201c<em><strong>Tommaso racconta Tommaso\u201d<\/strong><\/em>, che gi\u00e0 ha raccolto unanime consenso di pubblico e di critica, \u00e8 presentato all\u2019Aquila dall\u2019Associazione Corale Polifonica \u201c Giuseppe Corsi \u201c di Celano e la Compagnia \u201cTeatro Lanciavicchio \u201c di Avezzano, su testo di&nbsp;<strong>Don Antonio Salone<\/strong>.&nbsp;Dopo le quattro repliche nel 2023 a&nbsp;<strong>Tagliacozzo<\/strong>&nbsp;( Teatro Talia), ad&nbsp;<strong>Avezzano<\/strong>&nbsp;( Castello Orsini),&nbsp;a&nbsp;<strong>Celano<\/strong>&nbsp;(Chiesa Madonna delle Grazie ) e nella Diocesi di Rieti ( Teatro Santa Filippa Mareri ), questa quinta replica&nbsp;&nbsp;del Recital \u00e8 stata fortemente voluta dal&nbsp;<strong>Nunzio Apostolico S.E.<\/strong><strong>Orlando Antonini<\/strong>&nbsp;presente alla rappresentazione del 5 ottobre 2023 ad Avezzano, positivamente interessato dal lavoro messo in scena.<\/p>\n\n\n\n<p>Il testo del recital \u00e8 stato scritto da&nbsp;<strong>Don Antonio Salone<\/strong>&nbsp;che ha condotto uno studio approfondito sulla figura di Fra Tommaso, come testimonia l\u2019ampia bibliografia a corredo del testo e realizza una nuova prospettiva di indagine e di lettura della figura di&nbsp;<strong>Tommaso da Celano<\/strong>.Con la regia di&nbsp;<strong>Antonio Silvagni<\/strong>, la&nbsp;<strong>Compagnia \u201cTeatro Lanciavicchio\u00bb&nbsp;<\/strong>propone gli allestimenti scenici, costumi ,luci e uno straordinario e coinvolgente lavoro di interpretazione del testo, con gli attori&nbsp;<strong>Matteo Di Genova<\/strong>,&nbsp;<strong>Stefania Evandro<\/strong>,&nbsp;<strong>Alberto Santucci<\/strong>,&nbsp;<strong>Giacomo Vallotta<\/strong>&nbsp;che sanno proporre la storia di Tommaso in tutta la sua spiritualit\u00e0. La Maestra&nbsp;<strong>Maria Rosaria Legnini<\/strong>,con il&nbsp;<strong>Gruppo corale \u201cGiuseppe Corsi\u00bb&nbsp;<\/strong>di Celano, ha scelto i brani musicali: musiche medievali a commento delle scene, ponendo attenzione al genere delle Laudi dal&nbsp;<em>Laudario di Cortona<\/em>, rielaborate e affidate alla voce del&nbsp;<strong>Soprano Ilenia Lucci,<\/strong>&nbsp;accompagnata dai componenti della formazione strumentale&nbsp;<strong>\u201cMusiCanto Quartet\u201c<\/strong>&nbsp;composto dai Maestri:&nbsp;<strong>Corrado Morisi&nbsp;<\/strong>Fisarmonica,&nbsp;&nbsp;<strong>Beatrice Ciofani&nbsp;<\/strong>Violino e&nbsp;<strong>Paolo D\u2019Angelo<\/strong>&nbsp;Chitarra. Presenta&nbsp;<strong>Domenica Carusi.<\/strong><\/p>\n\n\n\n<p>Si ringraziano: il Comune dell\u2019Aquila, Sindaco&nbsp;<strong>Pierluigi Biondi<\/strong>, il Comune di Celano, Sindaco&nbsp;<strong>Settimio Santilli<\/strong>, tutti i sostenitori che hanno consentito la realizzazione dello spettacolo, il Nunzio Apostolico&nbsp;<strong>S.E.&nbsp;<\/strong><strong>Orlando Antonini&nbsp;<\/strong>e collaboratori tutti. Il Recital&nbsp;<strong><em>\u201c Tommaso racconta Tommaso \u201c&nbsp;<\/em><\/strong>rientra nelle attivit\u00e0 condotte fin dal 2014 dall\u2019Associazione&nbsp; \u201c Giuseppe Corsi \u201c di Celano iniziate con lo studio e la rielaborazione del&nbsp;<em>\u201cDies Irae\u201d<\/em>&nbsp;e proseguite nel corso di 10 anni con studi, concerti, animazione liturgiche di cerimonie religiose nell\u2019ambito del&nbsp;<strong>\u201cCammino Misericordioso : Tommaso e Francesco nella terra dei Marsi\u201d<\/strong>. Il recital dunque nasce dalla volont\u00e0 di far conoscere la figura di&nbsp;<strong>Tommaso da Celano&nbsp;<\/strong>e di porre attenzione anche alla ricostruzione storica musicale e teatrale. La rappresentazione del Recital&nbsp;<em>\u201c Tommaso racconta Tommaso\u201d&nbsp;<\/em>al Teatro Comunale Ridotto dell\u2019Aquila prosegue il lavoro incessante, svolto da dieci anni, teso alla conoscenza, all\u2019approfondimento e alla comprensione della figura di Tommaso da Celano.<\/p>\n\n\n\n<p>Con la scelta del genere teatrale Recital si \u00e8 voluto offrire a un vasto pubblico l\u2019opportunit\u00e0 di conoscere la figura di Fra Tommaso, normalmente studiata dal ristretto numero degli specialisti nel settore.&nbsp;Un&#8217;occasione importante per conoscere ed apprezzare i valori della fratellanza, della solidariet\u00e0 , del rispetto dell&#8217;ambiente e della riscoperta di relazioni interpersonali improntate all&#8217;accoglienza, all&#8217;amore&nbsp;reciproco, alla non violenza, alla pace.<\/p>\n","protected":false},"excerpt":{"rendered":"<p>Comunicato Stampa\u00bbTommaso racconta Tommaso\u00bb&nbsp;Recital sulla figura del primo biografo di San Francesco di AssisiMarted\u00ec 22 Ottobre 2024&nbsp;ore 18:30 sar\u00e0 rappresentato&nbsp;a [&hellip;]<\/p>\n","protected":false},"author":1,"featured_media":0,"comment_status":"open","ping_status":"open","sticky":false,"template":"","format":"standard","meta":{"footnotes":""},"categories":[33,10],"tags":[],"class_list":["post-63059","post","type-post","status-publish","format-standard","hentry","category-espectaculo","category-italiano"],"_links":{"self":[{"href":"https:\/\/www.ecoitaliano.com.ar\/index.php?rest_route=\/wp\/v2\/posts\/63059","targetHints":{"allow":["GET"]}}],"collection":[{"href":"https:\/\/www.ecoitaliano.com.ar\/index.php?rest_route=\/wp\/v2\/posts"}],"about":[{"href":"https:\/\/www.ecoitaliano.com.ar\/index.php?rest_route=\/wp\/v2\/types\/post"}],"author":[{"embeddable":true,"href":"https:\/\/www.ecoitaliano.com.ar\/index.php?rest_route=\/wp\/v2\/users\/1"}],"replies":[{"embeddable":true,"href":"https:\/\/www.ecoitaliano.com.ar\/index.php?rest_route=%2Fwp%2Fv2%2Fcomments&post=63059"}],"version-history":[{"count":0,"href":"https:\/\/www.ecoitaliano.com.ar\/index.php?rest_route=\/wp\/v2\/posts\/63059\/revisions"}],"wp:attachment":[{"href":"https:\/\/www.ecoitaliano.com.ar\/index.php?rest_route=%2Fwp%2Fv2%2Fmedia&parent=63059"}],"wp:term":[{"taxonomy":"category","embeddable":true,"href":"https:\/\/www.ecoitaliano.com.ar\/index.php?rest_route=%2Fwp%2Fv2%2Fcategories&post=63059"},{"taxonomy":"post_tag","embeddable":true,"href":"https:\/\/www.ecoitaliano.com.ar\/index.php?rest_route=%2Fwp%2Fv2%2Ftags&post=63059"}],"curies":[{"name":"wp","href":"https:\/\/api.w.org\/{rel}","templated":true}]}}