{"id":63311,"date":"2024-10-20T10:21:08","date_gmt":"2024-10-20T10:21:08","guid":{"rendered":"https:\/\/www.ecoitaliano.com.ar\/?p=63311"},"modified":"2024-10-20T10:21:08","modified_gmt":"2024-10-20T10:21:08","slug":"intensa-settimana-dimpegni-per-goffredo-palmerini-desenzano-milano-e-poi-podgorica-in-montenegro-con-una-delegazione-di-verbumlandiart","status":"publish","type":"post","link":"https:\/\/www.ecoitaliano.com.ar\/?p=63311","title":{"rendered":"INTENSA SETTIMANA D&#8217;IMPEGNI PER GOFFREDO PALMERINI &#8211; Desenzano, Milano e poi Podgorica, in Montenegro, con una delegazione di VerbumlandiArt"},"content":{"rendered":"\n<figure class=\"wp-block-gallery has-nested-images columns-default is-cropped wp-block-gallery-1 is-layout-flex wp-block-gallery-is-layout-flex\">\n<figure class=\"wp-block-image size-large\"><a href=\"https:\/\/www.ecoitaliano.com.ar\/wp-content\/uploads\/2024\/10\/libro-a-Desenzano.jpg\"><img decoding=\"async\" width=\"671\" height=\"1024\" data-id=\"63312\" src=\"https:\/\/www.ecoitaliano.com.ar\/wp-content\/uploads\/2024\/10\/libro-a-Desenzano-671x1024.jpg\" alt=\"\" class=\"wp-image-63312\" srcset=\"https:\/\/www.ecoitaliano.com.ar\/wp-content\/uploads\/2024\/10\/libro-a-Desenzano-671x1024.jpg 671w, https:\/\/www.ecoitaliano.com.ar\/wp-content\/uploads\/2024\/10\/libro-a-Desenzano-197x300.jpg 197w, https:\/\/www.ecoitaliano.com.ar\/wp-content\/uploads\/2024\/10\/libro-a-Desenzano-768x1171.jpg 768w, https:\/\/www.ecoitaliano.com.ar\/wp-content\/uploads\/2024\/10\/libro-a-Desenzano-1007x1536.jpg 1007w, https:\/\/www.ecoitaliano.com.ar\/wp-content\/uploads\/2024\/10\/libro-a-Desenzano-98x150.jpg 98w, https:\/\/www.ecoitaliano.com.ar\/wp-content\/uploads\/2024\/10\/libro-a-Desenzano.jpg 1049w\" sizes=\"(max-width: 671px) 100vw, 671px\" \/><\/a><\/figure>\n\n\n\n<figure class=\"wp-block-image size-large\"><a href=\"https:\/\/www.ecoitaliano.com.ar\/wp-content\/uploads\/2024\/10\/Milano-25-ottobre-1.jpg\"><img decoding=\"async\" width=\"717\" height=\"1024\" data-id=\"63313\" src=\"https:\/\/www.ecoitaliano.com.ar\/wp-content\/uploads\/2024\/10\/Milano-25-ottobre-1-717x1024.jpg\" alt=\"\" class=\"wp-image-63313\" srcset=\"https:\/\/www.ecoitaliano.com.ar\/wp-content\/uploads\/2024\/10\/Milano-25-ottobre-1-717x1024.jpg 717w, https:\/\/www.ecoitaliano.com.ar\/wp-content\/uploads\/2024\/10\/Milano-25-ottobre-1-210x300.jpg 210w, https:\/\/www.ecoitaliano.com.ar\/wp-content\/uploads\/2024\/10\/Milano-25-ottobre-1-768x1097.jpg 768w, https:\/\/www.ecoitaliano.com.ar\/wp-content\/uploads\/2024\/10\/Milano-25-ottobre-1-105x150.jpg 105w, https:\/\/www.ecoitaliano.com.ar\/wp-content\/uploads\/2024\/10\/Milano-25-ottobre-1.jpg 896w\" sizes=\"(max-width: 717px) 100vw, 717px\" \/><\/a><\/figure>\n<\/figure>\n\n\n\n<figure class=\"wp-block-gallery has-nested-images columns-default is-cropped wp-block-gallery-2 is-layout-flex wp-block-gallery-is-layout-flex\">\n<figure class=\"wp-block-image size-large\"><a href=\"https:\/\/www.ecoitaliano.com.ar\/wp-content\/uploads\/2024\/10\/Desenzano-del-Garda.jpg\"><img decoding=\"async\" width=\"960\" height=\"498\" data-id=\"63314\" src=\"https:\/\/www.ecoitaliano.com.ar\/wp-content\/uploads\/2024\/10\/Desenzano-del-Garda.jpg\" alt=\"\" class=\"wp-image-63314\" srcset=\"https:\/\/www.ecoitaliano.com.ar\/wp-content\/uploads\/2024\/10\/Desenzano-del-Garda.jpg 960w, https:\/\/www.ecoitaliano.com.ar\/wp-content\/uploads\/2024\/10\/Desenzano-del-Garda-300x156.jpg 300w, https:\/\/www.ecoitaliano.com.ar\/wp-content\/uploads\/2024\/10\/Desenzano-del-Garda-768x398.jpg 768w, https:\/\/www.ecoitaliano.com.ar\/wp-content\/uploads\/2024\/10\/Desenzano-del-Garda-150x78.jpg 150w\" sizes=\"(max-width: 960px) 100vw, 960px\" \/><\/a><\/figure>\n\n\n\n<figure class=\"wp-block-image size-large\"><a href=\"https:\/\/www.ecoitaliano.com.ar\/wp-content\/uploads\/2024\/10\/Podgorica.jpg\"><img decoding=\"async\" width=\"900\" height=\"451\" data-id=\"63315\" src=\"https:\/\/www.ecoitaliano.com.ar\/wp-content\/uploads\/2024\/10\/Podgorica.jpg\" alt=\"\" class=\"wp-image-63315\" srcset=\"https:\/\/www.ecoitaliano.com.ar\/wp-content\/uploads\/2024\/10\/Podgorica.jpg 900w, https:\/\/www.ecoitaliano.com.ar\/wp-content\/uploads\/2024\/10\/Podgorica-300x150.jpg 300w, https:\/\/www.ecoitaliano.com.ar\/wp-content\/uploads\/2024\/10\/Podgorica-768x385.jpg 768w, https:\/\/www.ecoitaliano.com.ar\/wp-content\/uploads\/2024\/10\/Podgorica-150x75.jpg 150w\" sizes=\"(max-width: 900px) 100vw, 900px\" \/><\/a><\/figure>\n\n\n\n<figure class=\"wp-block-image size-large\"><a href=\"https:\/\/www.ecoitaliano.com.ar\/wp-content\/uploads\/2024\/10\/Podgorica-Montenegro.jpg\"><img decoding=\"async\" width=\"1024\" height=\"585\" data-id=\"63316\" src=\"https:\/\/www.ecoitaliano.com.ar\/wp-content\/uploads\/2024\/10\/Podgorica-Montenegro.jpg\" alt=\"\" class=\"wp-image-63316\" srcset=\"https:\/\/www.ecoitaliano.com.ar\/wp-content\/uploads\/2024\/10\/Podgorica-Montenegro.jpg 1024w, https:\/\/www.ecoitaliano.com.ar\/wp-content\/uploads\/2024\/10\/Podgorica-Montenegro-300x171.jpg 300w, https:\/\/www.ecoitaliano.com.ar\/wp-content\/uploads\/2024\/10\/Podgorica-Montenegro-768x439.jpg 768w, https:\/\/www.ecoitaliano.com.ar\/wp-content\/uploads\/2024\/10\/Podgorica-Montenegro-150x86.jpg 150w\" sizes=\"(max-width: 1024px) 100vw, 1024px\" \/><\/a><\/figure>\n<\/figure>\n\n\n\n<p>20 ottobre 2024<\/p>\n\n\n\n<p><a><\/a> <strong>UNA SETTIMANA DENSA D\u2019IMPEGNI CULTURALI PER GOFFREDO PALMERINI<\/strong><\/p>\n\n\n\n<p><strong>Desenzano, Milano e poi Podgorica, in Montenegro, con una delegazione di VerbumlandiArt<\/strong><\/p>\n\n\n\n<p>L\u2019AQUILA \u2013 Inizia il 22 ottobre 2024 per il giornalista e scrittore <strong>Goffredo Palmerini<\/strong> un\u2019intensa settimana, con impegni culturali in Italia, a <strong>Desenzano del Garda<\/strong> e <strong>Milano<\/strong>, e all\u2019estero, a <strong>Podgorica<\/strong> capitale del Montenegro. Il <strong>23 ottobre alle ore 18<\/strong> il primo impegno a Desenzano, presso la <strong>Biblioteca civica \u201cAngelo Anelli\u201d<\/strong> in Villa Brunati, per la presentazione del suo ultimo libro <em>\u201cTi racconto cos\u00ec\u201d<\/em> (One Group Edizioni\u201d, su invito del sindaco <strong>Guido Malinverno<\/strong>, nell\u2019ambito del progetto \u201cParole tra Noi\u201d della Rete Bibliotecaria Bresciana e Cremonese. Per l\u2019autore aquilano si tratta d\u2019un gradito ritorno nella bella citt\u00e0 gardesana, dove altre tre volte negli anni precedenti ha presentato a Desenzano altrettanti suoi libri. Del Garda e delle sue perle di bellezza, cui lo legano anche vincoli affettivi, <strong>Palmerini <\/strong>ha parlato in pi\u00f9 occasioni nei suoi libri e sui numerosi giornali con i quali collabora, sia in Italia che all\u2019estero. Un ampio servizio giornalistico, per l\u2019appunto, egli dedic\u00f2 alla costa bresciana del Garda e ai suoi centri \u2013 <strong>Gardone, Sal\u00f2, Manerba, Desenzano, Sirmione<\/strong> &#8211; sulla rivista americana <em>i-Italy,<\/em> diretta da <strong>Letizia Airos<\/strong>, che usciva a <strong>New York<\/strong> in centomila copie di tiratura, diffusa anche a <strong>Boston, Washington, Los Angeles, San Francisco<\/strong>.<\/p>\n\n\n\n<p><strong>Palmerini <\/strong>sar\u00e0 poi a <strong>Milano<\/strong> il <strong>25 ottobre<\/strong> per l\u2019<strong>XI Premio Internazionale d\u2019Eccellenza \u201cCitt\u00e0 del Galateo\u201d<\/strong>, intitolato al grande umanista salentino <strong>Antonio de Ferrariis<\/strong>, per la cerimonia di premiazione che si terr\u00e0 presso la Sala Girardi del <strong>Centro Pime<\/strong>. Il Premio, uno dei concorsi letterari pi\u00f9 significativi e prestigiosi, promosso e organizzato dall\u2019Associazione culturale <strong>VerbumlandiArt Aps<\/strong> di Galatone (Lecce), lo vede infatti impegnato nel <strong>team di<\/strong> <strong>Presidenza <\/strong>&#8211; quale Presidente della Giuria &#8211; accanto al Presidente onorario <strong>Francesco Lenoci<\/strong>, al Presidente d\u2019eccellenza per la Cultura <strong>Pierfranco Bruni<\/strong>, al Presidente internazionale <strong>Hafez Haidar<\/strong>, alla Presidente del Premio <strong>Regina Resta<\/strong>, fondatrice e Presidente di VerbumlandiArt, e alle due qualificatissime Giurie, l\u2019una per gli autori italiani e l\u2019altra per gli autori stranieri.<\/p>\n\n\n\n<p>L\u2019indomani, <strong>26 ottobre<\/strong>, una delegazione di VerbumlandiArt Aps composta da <strong>Regina Resta<\/strong>, (presidente dell\u2019associazione, poetessa ed operatrice culturale), <strong>Goffredo Palmerini<\/strong> (vicepresidente), <strong>Mirella Cristina<\/strong> (avvocata cassazionista, gi\u00e0 parlamentare nella XVIII Legislatura), <strong>Graziano Perria<\/strong> (ex vice questore), <strong>Maria Pia Turiello <\/strong>(criminologa forense, presidente del Comitato scientifico dell\u2019associazione), <strong>Mirjana Dobrilla<\/strong> (membro del Consiglio direttivo, scrittrice e traduttrice), <strong>Stefania Romito<\/strong> (giornalista e scrittrice), <strong>Arjan Kallco<\/strong>, membro dell\u2019Associazione internazionale dei Critici Letterari dell\u2019Unesco, responsabile della Dante Alighieri di Kor\u00e7a) partir\u00e0 da <strong>Milano Malpensa<\/strong> per <strong>Podgorica<\/strong>, per una missione di <strong>Cooperazione culturale Italia-Montenegro<\/strong>, coordinata nella capitale del Montenegro dalla insigne poetessa <strong>Gordana Saric<\/strong>.<\/p>\n\n\n\n<p>La delegazione sar\u00e0 ricevuta il <strong>28 ottobre<\/strong> alle ore 10 dall\u2019<strong>Ambasciatrice d\u2019Italia <\/strong>a <strong>Podgorica<\/strong>, <strong>Andreina Marsella<\/strong>, che lo stesso giorno sar\u00e0 presente alla <strong>Serata d\u2019Onore<\/strong> per gli ospiti italiani presso il <strong>Teatro Dodest<\/strong> della capitale montenegrina, nell\u2019ambito della <strong>Cooperazione culturale Italia-Montenegro<\/strong>. La manifestazione, che prevede una significativa partecipazione di artisti, scrittori e poeti del Montenegro e vedr\u00e0 inoltre la presenza di <strong>Diaz Kova<\/strong>, stilista e fondatore del GOLUB MIRA, festival internazionale d\u2019Arte e Moda, e del produttore per la televisione nazionale RTCG <strong>Aleksandar Vojvodic<\/strong>. La delegazione italiana ha in agenda, oltre alle visite programmate alle autorit\u00e0 nella capitale, anche un\u2019escursione al Palazzo di Re Nikola a <strong>Cetinje<\/strong>.<\/p>\n\n\n\n<p>La presidente <strong>Regina Resta<\/strong>, annunciando con una lettera all\u2019<strong>Ambasciatrice d\u2019Italia<\/strong> la visita in Montenegro della delegazione <strong>VerbumlandiArt<\/strong>, nel descrivere dell\u2019associazione i fini statutari e le attivit\u00e0 culturali e sociali curate, ha voluto anche sottolineare il significato e l\u2019onore dell\u2019attenzione dell\u2019Ambasciatrice verso la missione, anche quale importante sostegno a quanti operano nella Cultura per la costruzione di una societ\u00e0 migliore, rispettosa della libert\u00e0 e della dignit\u00e0 dell\u2019Uomo. In questo caso celebrando i legami culturali tra Montenegro e Italia, attraverso un evento di poesia, musica e arte, per rafforzare l\u2019amicizia nel segno della cooperazione culturale. La delegazione far\u00e0 rientro a Milano il <strong>29 ottobre<\/strong>.<\/p>\n","protected":false},"excerpt":{"rendered":"<p>20 ottobre 2024 UNA SETTIMANA DENSA D\u2019IMPEGNI CULTURALI PER GOFFREDO PALMERINI Desenzano, Milano e poi Podgorica, in Montenegro, con una [&hellip;]<\/p>\n","protected":false},"author":1,"featured_media":0,"comment_status":"open","ping_status":"open","sticky":false,"template":"","format":"standard","meta":{"footnotes":""},"categories":[10,22],"tags":[],"class_list":["post-63311","post","type-post","status-publish","format-standard","hentry","category-italiano","category-libros-y-revistas-literatura"],"_links":{"self":[{"href":"https:\/\/www.ecoitaliano.com.ar\/index.php?rest_route=\/wp\/v2\/posts\/63311","targetHints":{"allow":["GET"]}}],"collection":[{"href":"https:\/\/www.ecoitaliano.com.ar\/index.php?rest_route=\/wp\/v2\/posts"}],"about":[{"href":"https:\/\/www.ecoitaliano.com.ar\/index.php?rest_route=\/wp\/v2\/types\/post"}],"author":[{"embeddable":true,"href":"https:\/\/www.ecoitaliano.com.ar\/index.php?rest_route=\/wp\/v2\/users\/1"}],"replies":[{"embeddable":true,"href":"https:\/\/www.ecoitaliano.com.ar\/index.php?rest_route=%2Fwp%2Fv2%2Fcomments&post=63311"}],"version-history":[{"count":0,"href":"https:\/\/www.ecoitaliano.com.ar\/index.php?rest_route=\/wp\/v2\/posts\/63311\/revisions"}],"wp:attachment":[{"href":"https:\/\/www.ecoitaliano.com.ar\/index.php?rest_route=%2Fwp%2Fv2%2Fmedia&parent=63311"}],"wp:term":[{"taxonomy":"category","embeddable":true,"href":"https:\/\/www.ecoitaliano.com.ar\/index.php?rest_route=%2Fwp%2Fv2%2Fcategories&post=63311"},{"taxonomy":"post_tag","embeddable":true,"href":"https:\/\/www.ecoitaliano.com.ar\/index.php?rest_route=%2Fwp%2Fv2%2Ftags&post=63311"}],"curies":[{"name":"wp","href":"https:\/\/api.w.org\/{rel}","templated":true}]}}