{"id":63627,"date":"2024-10-22T20:06:42","date_gmt":"2024-10-22T20:06:42","guid":{"rendered":"https:\/\/www.ecoitaliano.com.ar\/?p=63627"},"modified":"2024-10-22T20:06:42","modified_gmt":"2024-10-22T20:06:42","slug":"cs-la-faglia-empirea-presentazione-a-taranto","status":"publish","type":"post","link":"https:\/\/www.ecoitaliano.com.ar\/?p=63627","title":{"rendered":"CS. La faglia empirea presentazione a Taranto"},"content":{"rendered":"\n<figure class=\"wp-block-image size-full\"><a href=\"http:\/\/www.ecoitaliano.com.ar\/wp-content\/uploads\/2024\/10\/la-faglia-empirea_rosaria-scialpi_copertina_JPG.jpg\"><img decoding=\"async\" width=\"600\" height=\"800\" src=\"http:\/\/www.ecoitaliano.com.ar\/wp-content\/uploads\/2024\/10\/la-faglia-empirea_rosaria-scialpi_copertina_JPG.jpg\" alt=\"\" class=\"wp-image-63628\" srcset=\"https:\/\/www.ecoitaliano.com.ar\/wp-content\/uploads\/2024\/10\/la-faglia-empirea_rosaria-scialpi_copertina_JPG.jpg 600w, https:\/\/www.ecoitaliano.com.ar\/wp-content\/uploads\/2024\/10\/la-faglia-empirea_rosaria-scialpi_copertina_JPG-225x300.jpg 225w, https:\/\/www.ecoitaliano.com.ar\/wp-content\/uploads\/2024\/10\/la-faglia-empirea_rosaria-scialpi_copertina_JPG-113x150.jpg 113w\" sizes=\"(max-width: 600px) 100vw, 600px\" \/><\/a><figcaption class=\"wp-element-caption\">Kinbaku. Beautiful young model posing tied with rope<\/figcaption><\/figure>\n\n\n\n<figure class=\"wp-block-gallery has-nested-images columns-default is-cropped wp-block-gallery-1 is-layout-flex wp-block-gallery-is-layout-flex\">\n<figure class=\"wp-block-image size-large\"><a href=\"https:\/\/www.ecoitaliano.com.ar\/wp-content\/uploads\/2024\/10\/LA-FAGLIA-EMPIREA-IMMAGINE-POST.png\"><img decoding=\"async\" width=\"819\" height=\"1024\" data-id=\"63629\" src=\"https:\/\/www.ecoitaliano.com.ar\/wp-content\/uploads\/2024\/10\/LA-FAGLIA-EMPIREA-IMMAGINE-POST-819x1024.png\" alt=\"\" class=\"wp-image-63629\" srcset=\"https:\/\/www.ecoitaliano.com.ar\/wp-content\/uploads\/2024\/10\/LA-FAGLIA-EMPIREA-IMMAGINE-POST-819x1024.png 819w, https:\/\/www.ecoitaliano.com.ar\/wp-content\/uploads\/2024\/10\/LA-FAGLIA-EMPIREA-IMMAGINE-POST-240x300.png 240w, https:\/\/www.ecoitaliano.com.ar\/wp-content\/uploads\/2024\/10\/LA-FAGLIA-EMPIREA-IMMAGINE-POST-768x960.png 768w, https:\/\/www.ecoitaliano.com.ar\/wp-content\/uploads\/2024\/10\/LA-FAGLIA-EMPIREA-IMMAGINE-POST-120x150.png 120w, https:\/\/www.ecoitaliano.com.ar\/wp-content\/uploads\/2024\/10\/LA-FAGLIA-EMPIREA-IMMAGINE-POST.png 1080w\" sizes=\"(max-width: 819px) 100vw, 819px\" \/><\/a><\/figure>\n\n\n\n<figure class=\"wp-block-image size-large\"><a href=\"https:\/\/www.ecoitaliano.com.ar\/wp-content\/uploads\/2024\/10\/locandina-presentazione-La-faglia-empirea-1.png\"><img decoding=\"async\" width=\"724\" height=\"1024\" data-id=\"63630\" src=\"https:\/\/www.ecoitaliano.com.ar\/wp-content\/uploads\/2024\/10\/locandina-presentazione-La-faglia-empirea-1-724x1024.png\" alt=\"\" class=\"wp-image-63630\" srcset=\"https:\/\/www.ecoitaliano.com.ar\/wp-content\/uploads\/2024\/10\/locandina-presentazione-La-faglia-empirea-1-724x1024.png 724w, https:\/\/www.ecoitaliano.com.ar\/wp-content\/uploads\/2024\/10\/locandina-presentazione-La-faglia-empirea-1-212x300.png 212w, https:\/\/www.ecoitaliano.com.ar\/wp-content\/uploads\/2024\/10\/locandina-presentazione-La-faglia-empirea-1-768x1086.png 768w, https:\/\/www.ecoitaliano.com.ar\/wp-content\/uploads\/2024\/10\/locandina-presentazione-La-faglia-empirea-1-1086x1536.png 1086w, https:\/\/www.ecoitaliano.com.ar\/wp-content\/uploads\/2024\/10\/locandina-presentazione-La-faglia-empirea-1-1448x2048.png 1448w, https:\/\/www.ecoitaliano.com.ar\/wp-content\/uploads\/2024\/10\/locandina-presentazione-La-faglia-empirea-1-106x150.png 106w, https:\/\/www.ecoitaliano.com.ar\/wp-content\/uploads\/2024\/10\/locandina-presentazione-La-faglia-empirea-1.png 1587w\" sizes=\"(max-width: 724px) 100vw, 724px\" \/><\/a><\/figure>\n\n\n\n<figure class=\"wp-block-image size-large\"><a href=\"https:\/\/www.ecoitaliano.com.ar\/wp-content\/uploads\/2024\/10\/scialpi-ro.jpg\"><img decoding=\"async\" width=\"960\" height=\"946\" data-id=\"63631\" src=\"https:\/\/www.ecoitaliano.com.ar\/wp-content\/uploads\/2024\/10\/scialpi-ro.jpg\" alt=\"\" class=\"wp-image-63631\" srcset=\"https:\/\/www.ecoitaliano.com.ar\/wp-content\/uploads\/2024\/10\/scialpi-ro.jpg 960w, https:\/\/www.ecoitaliano.com.ar\/wp-content\/uploads\/2024\/10\/scialpi-ro-300x296.jpg 300w, https:\/\/www.ecoitaliano.com.ar\/wp-content\/uploads\/2024\/10\/scialpi-ro-768x757.jpg 768w, https:\/\/www.ecoitaliano.com.ar\/wp-content\/uploads\/2024\/10\/scialpi-ro-150x148.jpg 150w\" sizes=\"(max-width: 960px) 100vw, 960px\" \/><\/a><\/figure>\n<\/figure>\n\n\n\n<p><strong>COMUNICATO STAMPA<\/strong><\/p>\n\n\n\n<p><strong>Presentazione La faglia empirea a Taranto<\/strong><\/p>\n\n\n\n<p>Il poeta \u00e8 morto e non scriver\u00e0 pi\u00f9.<\/p>\n\n\n\n<p>C\u2019\u00e8, quindi, ancora spazio per la parola poetica o \u00e8 ormai un cadavere in putrefazione<\/p>\n\n\n\n<p>che agisce per inerzia?<br><\/p>\n\n\n\n<p>22 OTTOBRE 2024, TARANTO<\/p>\n\n\n\n<p>Mercoled\u00ec 30 ottobre, alle ore 17:50, presso la Sala conferenze della <strong>BBC Banca di Taranto<\/strong> <strong>e Bari<\/strong>, sita in Via Berardi, si terr\u00e0 la presentazione della raccolta poetica \u201c<strong>La faglia empirea<\/strong>\u201d di <strong>Rosaria Scialpi<\/strong>.<br>Il libro, pubblicato da Br\u00e8 Edizioni, sar\u00e0 introdotto da <strong>Federica Anelli<\/strong>, libraia.<\/p>\n\n\n\n<p>Evento a ingresso libero e gratuito e con accesso garantito per le persone con disabilit\u00e0 motorie.<\/p>\n\n\n\n<p>Durante l\u2019evento, sar\u00e0 possibile acquistare la copia cartacea del libro grazie al punto libri realizzato da <strong>Books and Bags \u2013 Scorpione <\/strong>che si ringrazia per la disponibilit\u00e0.<\/p>\n\n\n\n<p><strong>IL LIBRO IN POCHE PAROLE<\/strong><\/p>\n\n\n\n<p>L\u2019irreparabile non prevede alternativa o possibilit\u00e0 di scelta. Si pu\u00f2 solo sopravvivere e provare a crescere.<\/p>\n\n\n\n<p>In questa raccolta nulla corrisponde necessariamente all\u2019accezione primaria delle parole. Tutto, infatti, \u00e8 filtrato mediante il ricorso al simbolo, alla metafora e al mito, inteso dall\u2019autrice come un vascello in grado di traghettare fra le epoche, di riconnettere l\u2019umano con ci\u00f2 che gli pertiene davvero: l\u2019uomo.<\/p>\n\n\n\n<p>\u201c<strong>La faglia empirea\u201d \u00e8 un libro che riesuma archetipi e&nbsp;<\/strong><em><strong>topoi<\/strong><\/em><strong>&nbsp;mitici e li inserisce in una cornice contemporanea perch\u00e9, contrariamente a quanto da molti affermato, essi non hanno smesso di parlarci, dobbiamo solo cambiare prospettiva e porci in ascolto<\/strong>.<\/p>\n\n\n\n<p>Le arti, ben lontane dall\u2019essere relegate in compartimenti stagni, si compenetrano, regalando alla poesia sfumature&nbsp; che le permettono di farsi cantrice del quotidiano. Non mancano quindi riferimenti anche al repertorio del cantautorato italiano (<strong>De Andr\u00e9<\/strong>), agli scrittori di ogni epoca e alle arti figurative e plastiche nel contesto urbano.<\/p>\n\n\n\n<p><strong>E poi il Mediterraneo, la Puglia, Taranto, fra storia personale e Storia collettiva<\/strong>.<\/p>\n\n\n\n<p>L\u2019opera si articola in nove sezioni di diversa lunghezza, fra loro ricche di corrispondenze e consta di 100&nbsp; pagine (in cartaceo).<\/p>\n\n\n\n<p><strong>SINOSSI<\/strong><\/p>\n\n\n\n<p>Le parole sono veicoli di senso, ma si pu\u00f2 sempre credere ai seguaci della poesia?<\/p>\n\n\n\n<p>In questa personale Odissea, la realt\u00e0 quotidiana dell\u2019autrice si fonde con la materia mitologica, creando un paesaggio letterario dove i confini dell\u2019io si sfumano e l\u2019interpretazione fra ci\u00f2 che \u00e8 reale e ci\u00f2 che \u00e8 sogno \u00e8 quasi impossibile, fra simboli e metafore, fra spazi vuoti e parola. La poesia diventa cos\u00ec metaletteratura, si interroga e inietta dubbi sullo stato dell\u2019arte nel mondo contemporaneo.<\/p>\n\n\n\n<p>Il poeta \u00e8 morto e non scriver\u00e0 pi\u00f9.<\/p>\n\n\n\n<p>C\u2019\u00e8, quindi, ancora spazio per la parola poetica o \u00e8 ormai un cadavere in putrefazione che agisce per inerzia?<\/p>\n\n\n\n<p>La faglia empirea \u00e8 allora un\u2019espressione di resistenza, una voce che si leva contro l\u2019oblio e che rivendica la necessit\u00e0 di una testimonianza poetica vissuta con autenticit\u00e0 e mistero, nell\u2019eterna<\/p>\n\n\n\n<p>danza fra luci e ombre, fra vita e morte.<\/p>\n\n\n\n<p><strong>DALLA PREFAZIONE<\/strong><\/p>\n\n\n\n<p>La poesia di Rosaria Scialpi \u00e8 una frontiera, una lacerazione, un confine-orizzonte.<\/p>\n\n\n\n<p>Questa sua poesia forte, impeccabile sul piano sistematico-linguistico, riavvolge il nastro di un vissuto e di un vivere attraverso una griglia che chiama in causa il mito. Il greco incavo della caverna \u00e8 oltre la metafisica della consapevolezza perch\u00e9 incide nella roccia il silenzio dell\u2019ascolto.<\/p>\n\n\n\n<p>Un reale meta-fisico che permette a un\u2019onda lontana, come lei stessa scrive, di rompere il silenzio.<\/p>\n\n\n\n<p>Perch\u00e9 ci\u00f2? Per destare dal torpore ci\u00f2 che non ha nome. Forse. Una provocazione dentro un autoritratto di un dialogo perspicace tra la poesia e la lettrice che, comunque, crede nel linguaggio poetico che si definisce, appunto, nella confessione. [\u2026]<\/p>\n\n\n\n<p>Una grande poesia.<\/p>\n\n\n\n<p><strong>L\u2019AUTRICE<\/strong><\/p>\n\n\n\n<p>Rosaria Scialpi \u00e8 nata a Taranto nel 1996.<\/p>\n\n\n\n<p>Filologa e autrice, ha scritto articoli per riviste scientifiche, collaborato con testate giornalistiche del territorio pugliese. Fra i suoi scritti \u201cLembi di verit\u00e0\u201d (L\u2019Erudita, 2022), la silloge d\u2019esordio vincitrice del Premio Saffo poesia giovane e del Premio Troccoli Magna Graecia, e \u201cLa faglia empirea\u201d (Br\u00e8 Editore, 2024). Alcuni suoi racconti e saggi appaiono in antologie. Recentemente \u00e8 anche stata curatrice del saggio \u201cSulle Sponde della Magna Grecia\u201d (Passerino Editore, 2023), giunto alla sua seconda edizione.<\/p>\n\n\n\n<p>\u00c8 inoltre autrice di un podcast in due stagioni incentrato sulle versioni meno note dei miti classici dal titolo \u201cMitopedia: il mito come non te l\u2019hanno raccontato\u201d.<\/p>\n\n\n\n<p><strong>CURIOSIT\u00c0<\/strong><\/p>\n\n\n\n<p>Ai seguenti link sono disponibili il corto di presentazione e il book trailer:<\/p>\n\n\n\n<figure class=\"wp-block-embed is-type-video is-provider-youtube wp-block-embed-youtube wp-embed-aspect-16-9 wp-has-aspect-ratio\"><div class=\"wp-block-embed__wrapper\">\n<iframe loading=\"lazy\" title=\"La faglia empirea, Rosaria Scialpi - corto di presentazione, Br\u00e8 Edizioni #poesiaitaliana #poesia\" width=\"500\" height=\"281\" src=\"https:\/\/www.youtube.com\/embed\/3AMSqVj48gE?feature=oembed\" frameborder=\"0\" allow=\"accelerometer; autoplay; clipboard-write; encrypted-media; gyroscope; picture-in-picture; web-share\" referrerpolicy=\"strict-origin-when-cross-origin\" allowfullscreen><\/iframe>\n<\/div><\/figure>\n\n\n\n<figure class=\"wp-block-embed is-type-video is-provider-youtube wp-block-embed-youtube wp-embed-aspect-16-9 wp-has-aspect-ratio\"><div class=\"wp-block-embed__wrapper\">\n<iframe loading=\"lazy\" title=\"La faglia empirea - video trailer, Rosaria Scialpi, Br\u00e8 Edizioni #poesia #novit\u00e0editoriali\" width=\"500\" height=\"281\" src=\"https:\/\/www.youtube.com\/embed\/5_XUjTs6IFU?feature=oembed\" frameborder=\"0\" allow=\"accelerometer; autoplay; clipboard-write; encrypted-media; gyroscope; picture-in-picture; web-share\" referrerpolicy=\"strict-origin-when-cross-origin\" allowfullscreen><\/iframe>\n<\/div><\/figure>\n\n\n\n<p>Per coloro che vorranno approfondire e affiancare alla lettura la musica, \u00e8 stata creata un\u2019apposita playlist Spotify con le canzoni che ricreano le atmosfere della raccolta o che, in qualche modo, l\u2019hanno influenzata.<\/p>\n\n\n\n<p>Il link: <a href=\"https:\/\/open.spotify.com\/playlist\/4Qaofn6JYbdTblrJrJGV4H?si=eed4ef57dd1b414a\">https:\/\/open.spotify.com\/playlist\/4Qaofn6JYbdTblrJrJGV4H?si=eed4ef57dd1b414a<\/a><\/p>\n\n\n\n<p><strong>CONTATTI<\/strong><\/p>\n\n\n\n<p>Per info e comunicazioni scrivere a: umanisticamentecomunicazione@gmail.com<\/p>\n","protected":false},"excerpt":{"rendered":"<p>COMUNICATO STAMPA Presentazione La faglia empirea a Taranto Il poeta \u00e8 morto e non scriver\u00e0 pi\u00f9. C\u2019\u00e8, quindi, ancora spazio [&hellip;]<\/p>\n","protected":false},"author":1,"featured_media":0,"comment_status":"open","ping_status":"open","sticky":false,"template":"","format":"standard","meta":{"footnotes":""},"categories":[10,22],"tags":[],"class_list":["post-63627","post","type-post","status-publish","format-standard","hentry","category-italiano","category-libros-y-revistas-literatura"],"_links":{"self":[{"href":"https:\/\/www.ecoitaliano.com.ar\/index.php?rest_route=\/wp\/v2\/posts\/63627","targetHints":{"allow":["GET"]}}],"collection":[{"href":"https:\/\/www.ecoitaliano.com.ar\/index.php?rest_route=\/wp\/v2\/posts"}],"about":[{"href":"https:\/\/www.ecoitaliano.com.ar\/index.php?rest_route=\/wp\/v2\/types\/post"}],"author":[{"embeddable":true,"href":"https:\/\/www.ecoitaliano.com.ar\/index.php?rest_route=\/wp\/v2\/users\/1"}],"replies":[{"embeddable":true,"href":"https:\/\/www.ecoitaliano.com.ar\/index.php?rest_route=%2Fwp%2Fv2%2Fcomments&post=63627"}],"version-history":[{"count":0,"href":"https:\/\/www.ecoitaliano.com.ar\/index.php?rest_route=\/wp\/v2\/posts\/63627\/revisions"}],"wp:attachment":[{"href":"https:\/\/www.ecoitaliano.com.ar\/index.php?rest_route=%2Fwp%2Fv2%2Fmedia&parent=63627"}],"wp:term":[{"taxonomy":"category","embeddable":true,"href":"https:\/\/www.ecoitaliano.com.ar\/index.php?rest_route=%2Fwp%2Fv2%2Fcategories&post=63627"},{"taxonomy":"post_tag","embeddable":true,"href":"https:\/\/www.ecoitaliano.com.ar\/index.php?rest_route=%2Fwp%2Fv2%2Ftags&post=63627"}],"curies":[{"name":"wp","href":"https:\/\/api.w.org\/{rel}","templated":true}]}}