{"id":63897,"date":"2024-10-24T13:26:56","date_gmt":"2024-10-24T13:26:56","guid":{"rendered":"https:\/\/www.ecoitaliano.com.ar\/?p=63897"},"modified":"2024-10-24T13:26:56","modified_gmt":"2024-10-24T13:26:56","slug":"camerata-musicale-sulmona-1-appuntamento-di-stagione-severoceska-filharmonie-teplice-repubblica-ceca-violino-solista-giulia-rimonda-teatro-m-caniglia-sulmona-domenica-27-ottobre-o","status":"publish","type":"post","link":"https:\/\/www.ecoitaliano.com.ar\/?p=63897","title":{"rendered":"CAMERATA MUSICALE SULMONA 1\u00b0 appuntamento di stagione -Severo\u010desk\u00e1 Filharmonie Teplice \u2013 Repubblica Ceca &#8211; Violino solista Giulia Rimonda- Teatro M.Caniglia Sulmona- domenica 27 ottobre ore 17.30"},"content":{"rendered":"\n<figure class=\"wp-block-image\"><img decoding=\"async\" src=\"https:\/\/mail.google.com\/mail\/u\/2?ui=2&amp;ik=a91c2962d6&amp;attid=0.0.2&amp;permmsgid=msg-f:1813798882266471583&amp;th=192be879377e5c9f&amp;view=fimg&amp;fur=ip&amp;sz=s0-l75-ft&amp;attbid=ANGjdJ-jXmX4Wwt_R_1CZ8IpMOJE753aEzjFbmdjG1UIKee12HNqN-P_MPex1vHPNEETFXRkRfDLwhtXoy7U6dC-Xodl1fzWro4SkJmcwh768W-VLfx1ndtNdiCDUnU&amp;disp=emb&amp;realattid=ii_m2i2yi6s7\" alt=\"Orchestra Ceca-full-size-8.jpg\"\/><\/figure>\n\n\n\n<p>Severo\u010desk\u00e1 Filharmonie Teplice<\/p>\n\n\n\n<figure class=\"wp-block-image\"><img decoding=\"async\" src=\"https:\/\/mail.google.com\/mail\/u\/2?ui=2&amp;ik=a91c2962d6&amp;attid=0.0.1&amp;permmsgid=msg-f:1813798882266471583&amp;th=192be879377e5c9f&amp;view=fimg&amp;fur=ip&amp;sz=s0-l75-ft&amp;attbid=ANGjdJ_jp4AG-bu_r9q_fdZrCh78igO6RKNtzN34NjBajji2WANEV5BJyUe-Y_gF8GwL9nFDQrpbzXsapXTBMNsPgSQsTwiJ5Uz58tdOKG3o27YWn2tgQnbJTyHJXms&amp;disp=emb&amp;realattid=ii_m2i2n1o93\" alt=\"5a8b2471-a045-43e7-a264-9b90a7753cb9.png\"\/><\/figure>\n\n\n\n<p><strong>Stagione 2024 \u2013 2025<\/strong><\/p>\n\n\n\n<p><strong>Direttore Artistico M\u00b0Gaetano Di Bacco<\/strong><\/p>\n\n\n\n<p><strong>Severo\u010desk\u00e1 Filharmonie Teplice \u2013 Repubblica Ceca<\/strong><\/p>\n\n\n\n<p><strong>Direttore<\/strong><strong>&nbsp; Alfonso Scarano<\/strong><\/p>\n\n\n\n<p><strong>Violino solista Giulia Rimonda<\/strong><\/p>\n\n\n\n<p><strong>Teatro Comunale \u201cM.Caniglia\u201d<\/strong><\/p>\n\n\n\n<p><strong>Domenica 27 ottobre ore 17.30<\/strong><\/p>\n\n\n\n<p>Dopo la pausa estiva la Camerata Musicale di Sulmona si riprende la scena nel magnifico &nbsp;Teatro Caniglia per dare il via, domenica 27 ottobre &nbsp;ore 17.30, alla 72\u00b0 stagione musicale con il primo di 22 appuntamenti settimanali che ci accompagneranno fino ad aprile.<\/p>\n\n\n\n<p>Nel rispetto della tradizione, per il concerto d\u2019apertura con l&#8217;Orchestra, si alza il sipario sulle note della&nbsp;Severo\u010desk\u00e1 Filharmonie Teplice,<strong>&nbsp;<\/strong>Orchestra Filarmonica del Nord della Repubblica Ceca, per l\u2019occasione diretta dal M\u00b0 Alfonso Scarano, mentre il violino solista \u00e8 Giulia Rimonda.<\/p>\n\n\n\n<p>Un programma classico &nbsp;dedicato a compositori tedeschi tra il \u2018700 e l\u2019800: Beethoven, Bruch, Mendelssohn.&nbsp; Si apre la serata con&nbsp;&nbsp;Egmont, ouverture in fa minore, op. 84 di&nbsp;Ludwig van Beethoven, composta tra il 1809 e 1810 per l\u2019 omonima opera teatrale di Johann Wolfgang von Goethe. Storia eroica del conte di Egmont sacrificatosi per amore di patria e libert\u00e0, vittima del duca d\u2019Alba e della repressione spagnola del 1568.<\/p>\n\n\n\n<p>Il brano che segue \u00e8 il Concerto in sol minore per violino e orchestra n. 1, op. 26 di&nbsp;Max Bruch<\/p>\n\n\n\n<p>Chiude Felix Mendelssohn Bartholdy&nbsp;&nbsp;con Sinfonia n.3 in la minore per orchestra \u00abScozzese\u00bb op.56.&nbsp;<\/p>\n\n\n\n<p>La Severo\u010desk\u00e1 Filharmonie Teplice, principale<strong>&nbsp;<\/strong>orchestra stabile del nord della Repubblica Ceca, fondata nel 1838,<strong>&nbsp;<\/strong>nella sua lunga storia ha ospitato personalit\u00e0 della scena musicale come Eugen d\u2019Albert, Richard Strauss, Ferruccio Busoni, Emil Sauer, Pablo de Sarasate, Eugene Ysaye e Fritz Kreisler,&nbsp; Siegfried Wagner e Alexander Zemlinsky.<strong><\/strong><\/p>\n\n\n\n<p>Centinaia i concerti eseguiti in tutta Europa, da Monaco, Berlino, Basilea, Parigi, Valencia, Lisbona,<\/p>\n\n\n\n<p>Belgrado, Budapest, Zagabria, Lubiana, Bordeaux, Tolosa, Grenoble, Madrid.<\/p>\n\n\n\n<p>Del 2013 \u00e8 la lunga tourn\u00e9e in Asia con concerti in Vietnam, Cambogia,Hong Kong, Singapore, Malesia e Brunei.Del 2017 invece \u00e8 il lungo tour in Sud America (Santiago de Cile, San Juan, C\u00f2rdoba, Rosario e Buenos Aires). Dal 1964 l\u2019Orchestra di Teplice \u00e8 responsabile del Festival Ludwig van Beethoven in ricordo delle frequenti visite del compositore alle famose terme della citt\u00e0, dove scrisse tra l\u2019altro alcune delle sue pi\u00f9 famose sinfonie. Dal 2013 fino al 2018&nbsp; il M\u00b0 Alfonso Scarano ha ricoperto il ruolo di&nbsp; Chief Conductor dell\u2019Orchestra.<\/p>\n\n\n\n<p>Bambina prodigio&nbsp;<strong>Giulia Rimonda<\/strong>&nbsp;tra i tre e quattro anni inizia a studiare musica e violino. Si diploma ancora diciassettenne. Si perfeziona tra l\u2019altro con Salvatore Accardo, poi con Sonig Tchakerian all\u2019Accademia di Santa Cecilia di Roma, attualmente con Boris Garlitsky a Parigi. Direttore artistico della sezione giovani del Viotti Festival di Vercelli<\/p>\n\n\n\n<p>ha collaborato, tra gli altri, con Mario Brunello, Emmanuel Tjeknavorian, Benedetto<\/p>\n\n\n\n<p>Lupo e Bruno Canino. Vincitrice di vari riconoscimenti tra cui i premio \u201cGiovanna Maniezzo\u201d dell\u2019Accademia Chigiana nel 2022. E\u2019 stata selezionata da Leonidas Kavakos per la sua masterclass ad Atene. Ha inciso per Decca Universal la sonata di Leclair per due violini n.2 op.3&nbsp; (cd \u201cLe Violon Noir n.2\u201d) e si \u00e8 esibita in diretta Rai-Radio 3 per la giornata dedicata a Marcel Proust.<\/p>\n\n\n\n<p>E\u2019 entrata nel team di Archi Magazine<\/p>\n\n\n\n<p>Suona un violino Domenico Montagnana del 1720 che alterna ad un Dario Vern\u00e8 del 1983 denominato: \u201cAl tuo cammino\u201d, donato dalla famiglia Vern\u00e8.<\/p>\n\n\n\n<p><strong>Alfonso Scarano&nbsp;&nbsp;<\/strong>\u00e8&nbsp; Direttore Principale della Thailand Philharmonic Orchestra a&nbsp;Bangkok dal 2017 dopo esserne stato direttore ospite per sei anni consecutivi. Sotto la sua&nbsp;guida la Thailand Philharmonic Orchestra ha raggiunto lo status di orchestra leader del Sud Est Asiatico e realizzato anche il primo tour Europeo acclamata da pubblico e critica.&nbsp;Scarano \u00e8 stato Direttore Principale della&nbsp;Severo\u010desk\u00e1 Filharmonie Teplice&nbsp;&nbsp; dal 2013 al 2018, Direttore Ospite Principale dei Virtuosi di&nbsp;Praga&nbsp; e Direttore Musicale del Toscana Opera Festival. Vincitore a vari concorsi tra cui&nbsp; primo premio al V Concorso Internazionale per Direttori d\u2019Orchestra Bottega 1993 del Teatro Comunale di Treviso e primo premio al IV Concorso per Direttori d\u2019Orchestra della Comunit\u00e0 Europea Franco Capuana 1997 a Roma.<\/p>\n\n\n\n<p>Dirige regolarmente in tutto il mondo (Europa, Brasile, Asia)&nbsp; orchestre tra cui la Jerusalem Symphony Orchestra,&nbsp;&nbsp; New Russia State Symphony Orchestra (sala Tchaikovsky di Mosca), IDSO Istanbual State Symphony Orchestra, Orchestra Sinfonica Nazionale della Radiotelevisione Ucraina di Kiev, Orchestra delTeatro Regio di Parma, Helsingborg Symphony Orchestra (Svezia) e la Prague Philharmonia in tour in Germania e Bulgaria. Ha collaborato con prestigiosi strumentisti e cantanti del panorama mondiale (Mischa Maisky, Kristof Barati,Yu-Chien Tseng, Nikita Boriso-Glebsky,&nbsp; Joel Thiollier, Alexander Toradze, Boston Brass, Daniela Dessi,&nbsp; Rolando Villazon.&nbsp; Ha diretto opere in molti teatri lirici italiani e all\u2019estero. Intensa la sua attivit\u00e0 nell\u2019ambito della musica contemporanea, ha diretto lavori (alcuni in prima esecuzione assoluta) di Aharon Harlap, Gerhard Kaufmann, Narong Prangcharoen, Piyawat Louilarpprasert, Simon Laks, Ede Ter\u00e9nyi, Fredrik Osterling, Colin Riley e molti altri. Per i balletti, oltre ai classici si concentra sul repertorio del novecento storico nei&nbsp; gala internazionali di danza nelle edizioni del Mittelfest con etoiles di caratura internazionale.<\/p>\n\n\n\n<p>Ha inciso per Tactus (prima mondiale della Suite in sol maggiore per organo e orchestra di Respighi), Lupulus, Triart &nbsp;e una lunga serie di CD&nbsp; con la Thailand Philharmonic Orchestra.<\/p>\n\n\n\n<p>Il concerto \u00e8 realizzato nell\u2019ambito del progetto\u201dCircuitazione Musicale in Italia\u201d promosso dal CIDIM.<\/p>\n\n\n\n<p>&nbsp;<em>programma<\/em><\/p>\n\n\n\n<p><strong>Ludwig van Beethoven<\/strong><\/p>\n\n\n\n<p>&nbsp;<em>Egmont, ouverture in fa minore, op. 84<\/em><strong>&nbsp;(<\/strong><em>per la tragedia di Johann Wolfgang von Goethe)<\/em><strong><\/strong><\/p>\n\n\n\n<p><strong>Max Bruch<\/strong><\/p>\n\n\n\n<p><em>Concerto in sol minore per violino e orchestra n.1, op. 26 &#8211;&nbsp;<\/em><em>Vorspiel: Allegro moderato , Adagio, Finale: Allegro energico<\/em><em><\/em><\/p>\n\n\n\n<p><strong>Felix Mendelssohn Bartholdy&nbsp;<\/strong>&nbsp;<\/p>\n\n\n\n<p><em>Sinfonia n. 3 in la minore per orchestra \u00abScozzese\u00bb, op. 56 (MWV N 18)<\/em><\/p>\n\n\n\n<p><em>Andante con moto. Allegro un poco agitato. Assai animato, Vivace non troppo, Adagio, Allegro vivacissimo.<\/em><\/p>\n\n\n\n<p><em>Allegro maestoso assai<\/em><\/p>\n\n\n\n<p><strong>&nbsp;&nbsp;&nbsp;&nbsp;&nbsp;&nbsp;&nbsp;&nbsp;&nbsp;&nbsp;&nbsp;&nbsp;&nbsp;&nbsp;&nbsp;&nbsp;&nbsp;&nbsp;&nbsp;&nbsp;&nbsp;&nbsp;&nbsp;&nbsp;&nbsp;&nbsp;&nbsp;&nbsp;&nbsp;&nbsp;&nbsp;&nbsp;&nbsp;&nbsp;&nbsp;&nbsp;&nbsp;&nbsp;&nbsp;&nbsp;&nbsp;&nbsp;&nbsp;&nbsp;&nbsp;&nbsp;&nbsp;&nbsp;&nbsp;&nbsp;&nbsp;&nbsp;&nbsp;&nbsp;&nbsp;&nbsp;&nbsp;&nbsp;&nbsp;&nbsp;&nbsp;&nbsp;&nbsp;&nbsp;&nbsp;&nbsp;&nbsp;&nbsp;&nbsp;&nbsp;&nbsp;&nbsp;&nbsp;&nbsp;&nbsp;&nbsp;&nbsp;&nbsp;&nbsp;&nbsp;&nbsp;&nbsp;&nbsp;&nbsp;&nbsp;&nbsp;&nbsp;&nbsp;&nbsp;&nbsp;&nbsp;&nbsp;&nbsp;&nbsp;&nbsp;&nbsp;&nbsp;&nbsp;&nbsp;&nbsp;&nbsp;&nbsp;&nbsp;&nbsp;&nbsp;&nbsp;&nbsp;&nbsp;&nbsp;&nbsp;&nbsp;&nbsp;&nbsp;&nbsp;&nbsp;&nbsp;&nbsp;&nbsp;&nbsp; &nbsp;&nbsp;&nbsp;&nbsp;&nbsp;&nbsp;&nbsp;&nbsp;&nbsp;&nbsp;&nbsp;&nbsp;&nbsp;&nbsp;&nbsp;&nbsp;&nbsp;&nbsp;&nbsp;&nbsp;&nbsp;&nbsp;&nbsp;&nbsp;&nbsp;&nbsp;&nbsp;&nbsp;&nbsp;&nbsp; &nbsp;Biglietti: &nbsp;\u20ac 10 \u2013 40<\/strong><\/p>\n\n\n\n<p><strong>Abbonamenti: \u20ac 200 \u2013 160 \u2013 60<\/strong><\/p>\n\n\n\n<p><strong>XCard \u20ac 70<\/strong><\/p>\n\n\n\n<p><strong>per la sottoscrizione 5Xmille Info:0864 212207<\/strong><\/p>\n\n\n\n<p><strong>camusic<\/strong><strong>@<\/strong><strong><a href=\"http:\/\/libero.it\/\" rel=\"noreferrer noopener\" target=\"_blank\">libero.it<\/a><\/strong><\/p>\n\n\n\n<p>&nbsp;&nbsp;&nbsp;&nbsp;&nbsp;&nbsp;&nbsp;&nbsp;&nbsp;&nbsp;&nbsp;&nbsp;&nbsp;&nbsp;&nbsp;<a href=\"http:\/\/www.cameratamusicalesulmonese.it\/\" rel=\"noreferrer noopener\" target=\"_blank\"><strong>www.cameratamusicalesulmonese.it<\/strong><\/a>&nbsp; &nbsp;&nbsp;&nbsp;&nbsp;&nbsp;&nbsp;&nbsp;&nbsp;&nbsp;&nbsp;&nbsp;&nbsp;&nbsp;&nbsp;&nbsp;&nbsp;&nbsp;&nbsp;&nbsp;&nbsp;&nbsp;&nbsp;&nbsp;&nbsp;&nbsp;&nbsp;&nbsp;&nbsp;&nbsp;&nbsp;&nbsp;&nbsp;&nbsp;&nbsp;&nbsp;&nbsp;&nbsp;&nbsp;&nbsp;&nbsp;&nbsp;&nbsp;&nbsp;&nbsp;&nbsp;&nbsp;&nbsp;&nbsp;&nbsp;&nbsp;&nbsp;&nbsp;&nbsp;&nbsp;&nbsp;&nbsp;&nbsp;&nbsp;&nbsp;&nbsp;&nbsp;&nbsp;&nbsp;&nbsp;&nbsp;&nbsp;&nbsp;&nbsp;&nbsp;&nbsp;&nbsp;&nbsp;&nbsp;&nbsp;&nbsp;&nbsp;&nbsp;&nbsp;&nbsp;&nbsp;&nbsp;&nbsp;&nbsp;&nbsp;&nbsp;&nbsp;&nbsp;&nbsp;&nbsp;&nbsp;&nbsp;&nbsp;&nbsp;&nbsp;&nbsp;&nbsp;&nbsp;&nbsp;&nbsp;&nbsp;&nbsp;&nbsp;&nbsp;&nbsp;&nbsp;&nbsp;&nbsp;&nbsp;&nbsp;&nbsp;&nbsp;&nbsp;&nbsp;&nbsp;&nbsp;&nbsp;&nbsp;&nbsp;&nbsp;&nbsp;&nbsp;&nbsp;&nbsp;&nbsp;&nbsp;&nbsp;&nbsp;&nbsp;&nbsp;&nbsp;&nbsp;&nbsp;&nbsp;&nbsp;&nbsp;&nbsp;&nbsp;&nbsp;&nbsp;&nbsp;&nbsp;&nbsp;&nbsp;&nbsp;&nbsp;&nbsp;&nbsp;&nbsp;&nbsp;&nbsp;<\/p>\n","protected":false},"excerpt":{"rendered":"<p>Severo\u010desk\u00e1 Filharmonie Teplice Stagione 2024 \u2013 2025 Direttore Artistico M\u00b0Gaetano Di Bacco Severo\u010desk\u00e1 Filharmonie Teplice \u2013 Repubblica Ceca Direttore&nbsp; Alfonso [&hellip;]<\/p>\n","protected":false},"author":1,"featured_media":0,"comment_status":"open","ping_status":"open","sticky":false,"template":"","format":"standard","meta":{"footnotes":""},"categories":[10,46],"tags":[],"class_list":["post-63897","post","type-post","status-publish","format-standard","hentry","category-italiano","category-musica"],"_links":{"self":[{"href":"https:\/\/www.ecoitaliano.com.ar\/index.php?rest_route=\/wp\/v2\/posts\/63897","targetHints":{"allow":["GET"]}}],"collection":[{"href":"https:\/\/www.ecoitaliano.com.ar\/index.php?rest_route=\/wp\/v2\/posts"}],"about":[{"href":"https:\/\/www.ecoitaliano.com.ar\/index.php?rest_route=\/wp\/v2\/types\/post"}],"author":[{"embeddable":true,"href":"https:\/\/www.ecoitaliano.com.ar\/index.php?rest_route=\/wp\/v2\/users\/1"}],"replies":[{"embeddable":true,"href":"https:\/\/www.ecoitaliano.com.ar\/index.php?rest_route=%2Fwp%2Fv2%2Fcomments&post=63897"}],"version-history":[{"count":0,"href":"https:\/\/www.ecoitaliano.com.ar\/index.php?rest_route=\/wp\/v2\/posts\/63897\/revisions"}],"wp:attachment":[{"href":"https:\/\/www.ecoitaliano.com.ar\/index.php?rest_route=%2Fwp%2Fv2%2Fmedia&parent=63897"}],"wp:term":[{"taxonomy":"category","embeddable":true,"href":"https:\/\/www.ecoitaliano.com.ar\/index.php?rest_route=%2Fwp%2Fv2%2Fcategories&post=63897"},{"taxonomy":"post_tag","embeddable":true,"href":"https:\/\/www.ecoitaliano.com.ar\/index.php?rest_route=%2Fwp%2Fv2%2Ftags&post=63897"}],"curies":[{"name":"wp","href":"https:\/\/api.w.org\/{rel}","templated":true}]}}