{"id":64580,"date":"2024-11-07T11:29:22","date_gmt":"2024-11-07T11:29:22","guid":{"rendered":"https:\/\/www.ecoitaliano.com.ar\/?p=64580"},"modified":"2024-11-07T11:29:42","modified_gmt":"2024-11-07T11:29:42","slug":"mostra-seminare-speranza-verso-la-chiusura","status":"publish","type":"post","link":"https:\/\/www.ecoitaliano.com.ar\/?p=64580","title":{"rendered":"Mostra &#8216;Seminare Speranza&#8217; verso la chiusura"},"content":{"rendered":"\n<figure class=\"wp-block-image size-full\"><a href=\"http:\/\/www.ecoitaliano.com.ar\/wp-content\/uploads\/2024\/11\/unnamed.jpg\"><img decoding=\"async\" width=\"700\" height=\"487\" src=\"http:\/\/www.ecoitaliano.com.ar\/wp-content\/uploads\/2024\/11\/unnamed.jpg\" alt=\"\" class=\"wp-image-64581\" srcset=\"https:\/\/www.ecoitaliano.com.ar\/wp-content\/uploads\/2024\/11\/unnamed.jpg 700w, https:\/\/www.ecoitaliano.com.ar\/wp-content\/uploads\/2024\/11\/unnamed-300x209.jpg 300w, https:\/\/www.ecoitaliano.com.ar\/wp-content\/uploads\/2024\/11\/unnamed-150x104.jpg 150w\" sizes=\"(max-width: 700px) 100vw, 700px\" \/><\/a><\/figure>\n\n\n\n<figure class=\"wp-block-table\"><table><tbody><tr><td><\/td><\/tr><tr><td><em>Ultime settimane per visitare<\/em><strong>La mostra \u201cSeminare Speranza\u201d<\/strong><br><strong>apre i cuori e crea ponti tra Istituzioni, cittadini e progetti di solidariet\u00e0<\/strong>Gentile Redazione,ci avviciniamo alla chiusura della&nbsp;<strong>mostra \u201cSeminare Speranza\u201d a Palazzo Querini,<\/strong>&nbsp;un progetto che ha saputo legare l\u2019arte di Cen Long al territorio veneziano trasmettendo un importante messaggio di solidariet\u00e0.<br><br><strong>L&#8217;esposizione, aperta fino al 24 novembre<\/strong>, ha coinvolto studenti, istituzioni e il pubblico con una vivace programmazione di eventi e progetti, tra cui il concorso \u201cSowing Hope Award\u201d (con l&#8217;Accademia delle arti di Venezia e Lecce) e la proiezione di \u201cSperanze dal Sottosuolo\u201d durante la Biennale Cinema.<br><br>Le opere di<strong>&nbsp;Cen Long, maestro dell\u2019arte contemporanea cinese<\/strong>, esplorano i valori pi\u00f9 nobili dell&#8217;umanit\u00e0:&nbsp;<strong>bont\u00e0, resilienza e speranza<\/strong>.&nbsp;<br><br><strong>Ogni sabato alle 15, fino alla chiusura, sono previste delle visite guidate gratuite<\/strong>&nbsp;per esplorare l\u2019arte profonda e vitale del Maestro.&nbsp;<br><strong>Vi invitiamo a condividere con i lettori quest\u2019ultima occasione per visitare questa mostra unica e coinvolgente<\/strong>.&nbsp;Per info o interviste, siamo a disposizione.<br><br>Un caro saluto,<br><em>Davide Federici<\/em><a href=\"https:\/\/fg-comunicazione.us18.list-manage.com\/track\/click?u=05f0f141aeb22af9318c1575f&amp;id=f0008f0134&amp;e=9e438a6039\" target=\"_blank\" rel=\"noreferrer noopener\">Comunicato Stampa n\u00b07<\/a><a href=\"https:\/\/fg-comunicazione.us18.list-manage.com\/track\/click?u=05f0f141aeb22af9318c1575f&amp;id=fd6b38a6f5&amp;e=9e438a6039\" target=\"_blank\" rel=\"noreferrer noopener\">CARTELLA STAMPA<\/a><\/td><\/tr><tr><td><strong>LA MOSTRA NEL DETTAGLIO<\/strong>20 aprile &#8211; 24 novembre&nbsp; |&nbsp;11 &#8211; 19, chiuso il marted\u00ec&nbsp; |&nbsp; entrata liberaVisite guidate gratuite in italiano &#8211; ogni sabato alle ore 15<br><br>La mostra porta con s\u00e9 un messaggio potente di speranza e rappresenta un\u2019occasione unica per conoscere da vicino un artista che unisce cultura occidentale e cinese per realizzare opere sensibili al <br><br>cui centro vi \u00e8 l\u2019anim<br><br><br>o umano<img decoding=\"async\" width=\"264\" src=\"https:\/\/ci3.googleusercontent.com\/meips\/ADKq_NY0_gssI-V8q_9EJhCbAiflLw0sX89nkS6ODkzupZVT0TLS9yNm3oG_eBzFKK81A2Z96k5YE-ewj8qpmTDwnvSkcYsC1oQK9LJifc_xgMSDThTf2FGUsif588pIyyky1UH7e7LpUBV69qBoyEgz9m70Wv23U1HP7bA=s0-d-e1-ft#https:\/\/mcusercontent.com\/05f0f141aeb22af9318c1575f\/images\/29ec2ccf-6d53-377d-2478-5b5bf5483792.jpg\" alt=\"\"><img decoding=\"async\" width=\"264\" src=\"https:\/\/ci3.googleusercontent.com\/meips\/ADKq_NYp6UbNfqTJoq6MPlBkeJ-xQ6-4FeNdU0cQCSKneyuORdzvPGsV-pY3YsqGTfAqYyaj3U-7mvw7uAbCbw_a7qPCleh8CjuStRERJ9cFuT2h2YVQvtWBYXXtWtYhc1iYEhizoWrg4LypwZklcIgAqxIslPbJeHMfx-4=s0-d-e1-ft#https:\/\/mcusercontent.com\/05f0f141aeb22af9318c1575f\/images\/8d6fff98-9818-d097-93b1-2e89d267a012.jpg\" alt=\"\">Cen Long, 2021,&nbsp;<em>The Constellations II&nbsp;&nbsp;<\/em>&nbsp; &nbsp; &nbsp; &nbsp; &nbsp; &nbsp; &nbsp; &nbsp; &nbsp; &nbsp; &nbsp; &nbsp; &nbsp; &nbsp;Cen Long, 2019,&nbsp;<em>The Constellations<\/em><a href=\"https:\/\/fg-comunicazione.us18.list-manage.com\/track\/click?u=05f0f141aeb22af9318c1575f&amp;id=04743662ed&amp;e=9e438a6039\" target=\"_blank\" rel=\"noreferrer noopener\"><\/a>I partecipanti al&nbsp;<em>Sowing Hope Award&nbsp;<\/em>e le curatrici della mostra&nbsp;<em>Seminare Speranza<\/em><img decoding=\"async\" width=\"564\" src=\"https:\/\/ci3.googleusercontent.com\/meips\/ADKq_NZSq7RP6Wp2bNJ-y16hEfXzTyzzmXa5OzojjpAkDbb4qicxsRTIE2gMTvkc4se47eFUioFdGuFHeXuM4UpU-IcBUb8QEOmZsHxRy7gTci-xniK_Cx4UUC5HSo9AnX3Bl1I2j_dKikcSp7hRFL5FyeOgCt2cn1UY_nU=s0-d-e1-ft#https:\/\/mcusercontent.com\/05f0f141aeb22af9318c1575f\/images\/39b65672-dab4-be90-d3b1-6b9825d9b64a.jpg\" alt=\"\"><\/td><\/tr><tr><td><\/td><\/tr><tr><td><img decoding=\"async\" src=\"https:\/\/ci3.googleusercontent.com\/meips\/ADKq_NZRyat6h8JOc6Ntr4cLAeQx-vJ-4fh3ALrW7ktZRpSlTEt3jfHNhgBUZSg8jhl30zlgL_j_ePV_tMxeMktfgqyFnK8N--LORSdho0NHSIgR2SaxyzFVKM-_lG0boCt5MmQHuRQcYTD-tkAxO55I70YIwuhacZPxYFA_=s0-d-e1-ft#https:\/\/cdn.shopify.com\/s\/files\/1\/0619\/9584\/3773\/files\/Screenshot_2024-03-29_170258.png?v=1711728230\"><br><strong>Ufficio stampa e comunicazione<\/strong><br><strong>Studio associato Davide Federici<\/strong><br>\u00a0<a href=\"mailto:info@davidefederici.it\" target=\"_blank\" rel=\"noreferrer noopener\">info@davidefederici.it<\/a><\/td><\/tr><tr><td><a href=\"https:\/\/fg-comunicazione.us18.list-manage.com\/track\/click?u=05f0f141aeb22af9318c1575f&amp;id=fef2c35655&amp;e=9e438a6039\" target=\"_blank\" rel=\"noreferrer noopener\"><\/a><a href=\"https:\/\/fg-comunicazione.us18.list-manage.com\/track\/click?u=05f0f141aeb22af9318c1575f&amp;id=e969862e0a&amp;e=9e438a6039\" target=\"_blank\" rel=\"noreferrer noopener\"><\/a><a href=\"https:\/\/fg-comunicazione.us18.list-manage.com\/track\/click?u=05f0f141aeb22af9318c1575f&amp;id=81d47cc621&amp;e=9e438a6039\" target=\"_blank\" rel=\"noreferrer noopener\"><\/a><\/td><\/tr><\/tbody><\/table><\/figure>\n","protected":false},"excerpt":{"rendered":"<p>Ultime settimane per visitareLa mostra \u201cSeminare Speranza\u201dapre i cuori e crea ponti tra Istituzioni, cittadini e progetti di solidariet\u00e0Gentile Redazione,ci [&hellip;]<\/p>\n","protected":false},"author":1,"featured_media":0,"comment_status":"open","ping_status":"open","sticky":false,"template":"","format":"standard","meta":{"footnotes":""},"categories":[4,10],"tags":[],"class_list":["post-64580","post","type-post","status-publish","format-standard","hentry","category-cultura","category-italiano"],"_links":{"self":[{"href":"https:\/\/www.ecoitaliano.com.ar\/index.php?rest_route=\/wp\/v2\/posts\/64580","targetHints":{"allow":["GET"]}}],"collection":[{"href":"https:\/\/www.ecoitaliano.com.ar\/index.php?rest_route=\/wp\/v2\/posts"}],"about":[{"href":"https:\/\/www.ecoitaliano.com.ar\/index.php?rest_route=\/wp\/v2\/types\/post"}],"author":[{"embeddable":true,"href":"https:\/\/www.ecoitaliano.com.ar\/index.php?rest_route=\/wp\/v2\/users\/1"}],"replies":[{"embeddable":true,"href":"https:\/\/www.ecoitaliano.com.ar\/index.php?rest_route=%2Fwp%2Fv2%2Fcomments&post=64580"}],"version-history":[{"count":0,"href":"https:\/\/www.ecoitaliano.com.ar\/index.php?rest_route=\/wp\/v2\/posts\/64580\/revisions"}],"wp:attachment":[{"href":"https:\/\/www.ecoitaliano.com.ar\/index.php?rest_route=%2Fwp%2Fv2%2Fmedia&parent=64580"}],"wp:term":[{"taxonomy":"category","embeddable":true,"href":"https:\/\/www.ecoitaliano.com.ar\/index.php?rest_route=%2Fwp%2Fv2%2Fcategories&post=64580"},{"taxonomy":"post_tag","embeddable":true,"href":"https:\/\/www.ecoitaliano.com.ar\/index.php?rest_route=%2Fwp%2Fv2%2Ftags&post=64580"}],"curies":[{"name":"wp","href":"https:\/\/api.w.org\/{rel}","templated":true}]}}