{"id":64655,"date":"2024-11-08T19:31:40","date_gmt":"2024-11-08T19:31:40","guid":{"rendered":"https:\/\/www.ecoitaliano.com.ar\/?p=64655"},"modified":"2024-11-08T19:31:40","modified_gmt":"2024-11-08T19:31:40","slug":"serena-conduce-operaclassica-eco-italiano-3794","status":"publish","type":"post","link":"https:\/\/www.ecoitaliano.com.ar\/?p=64655","title":{"rendered":"Serena conduce operaclassica eco italiano"},"content":{"rendered":"<div class=\"wp-block-image\">\n<figure class=\"aligncenter size-full is-resized\"><a href=\"http:\/\/www.ecoitaliano.com.ar\/wp-content\/uploads\/2024\/11\/Screenshot-134.png\"><img decoding=\"async\" width=\"726\" height=\"157\" src=\"http:\/\/www.ecoitaliano.com.ar\/wp-content\/uploads\/2024\/11\/Screenshot-134.png\" alt=\"\" class=\"wp-image-64656\" style=\"width:479px;height:auto\" srcset=\"https:\/\/www.ecoitaliano.com.ar\/wp-content\/uploads\/2024\/11\/Screenshot-134.png 726w, https:\/\/www.ecoitaliano.com.ar\/wp-content\/uploads\/2024\/11\/Screenshot-134-300x65.png 300w, https:\/\/www.ecoitaliano.com.ar\/wp-content\/uploads\/2024\/11\/Screenshot-134-150x32.png 150w\" sizes=\"(max-width: 726px) 100vw, 726px\" \/><\/a><\/figure><\/div>\n\n\n<p>Il <strong>Mese Pucciniano 2024<\/strong> un tributo vibrante&nbsp;della Citt\u00e0 di Viareggio e della Fondazione Festival Pucciniano a Giacomo Puccini in questo anno di celebrazioni punteggiato da eventi, musicali, espositivi, commemorativi che contrassegneranno le date anniversario della scomparsa <strong>29 novembre<\/strong> e la data anniversario della nascita del <strong>22 dicembre<\/strong> di Giacomo Puccini<\/p>\n\n\n\n<p>Un programma, messo a punto dalla <strong>Fondazione Festival Pucciniano<\/strong> e <strong>dall\u2019Amministrazione Comunale di Viareggio<\/strong> con il supporto e il contributo del <strong>Comitato Nazionale per le Celebrazioni Pucciniane<\/strong>, delle Fondazioni Bancarie e realizzato in collaborazione con la <strong>Fondazione Simonetta Puccini per Giacomo Puccini<\/strong>.<\/p>\n\n\n\n<p><strong>Pubblicato il Programma del 71\u00b0 Festival Puccini dal 18 luglio al 6 settembre 2025: 5 titoli pucciniani : <\/strong><strong>Tosca, La Boh\u00e8me, Turandot, Madama Butterfly, Manon Lescaut e un Gala Lirico<\/strong><\/p>\n\n\n\n<p>Sar\u00e0 un intenso e ricco \u201c<strong>Mese Pucciniano<\/strong>\u201d quello che si svolger\u00e0 in questo anno 2024 cos\u00ec significativo per la musica e la cultura del nostro Paese che ha visto il mondo intero rendere omaggio al compositore nell\u2019anniversario dei 100 anni dalla scomparsa.<\/p>\n\n\n\n<p>La rassegna, si snoder\u00e0 lungo i mesi di novembre e dicembre, per concludersi con il tradizionale <strong>Concerto di Capodanno<\/strong> e offrir\u00e0 al pubblico l\u2019opportunit\u00e0 di rivivere le emozioni delle opere pucciniane e di approfondire l\u2019immenso patrimonio culturale lasciato in eredit\u00e0 dal compositore. Non soltanto un tributo alla sua musica, ma sar\u00e0 anche occasione per riflettere sull\u2019influenza che l\u2019opera di Puccini continua ad avere su generazioni di ascoltatori e musicisti<strong>.<\/strong><\/p>\n\n\n\n<p><em>Concerti, mostre, incontri con interpreti, proiezioni di film<\/em>&nbsp;&nbsp; si svolgeranno tra Torre del Lago Puccini e Viareggio ma che toccheranno anche altre localit\u00e0 della Toscana come <em>Siena, Montecatini<\/em> fino alle Terre di Giuseppe Verdi.<\/p>\n\n\n\n<p><em>Ci avviamo alla conclusione di questo 2024,- <\/em><strong>sottolinea l\u2019assessore alla cultura della Citt\u00e0 di Viareggio Sandra Mei<\/strong><em>&#8211; che ha celebrato il genio di Giacomo Puccini a 100 anni dalla sua morte. Un 2024 che la Citt\u00e0 di Viareggio ha voluto celebrare, grazie anche al Comitato Nazionale per le Celebrazioni, con straordinarie iniziative: un Belvedere restituito alla sua naturale bellezza ed un Festival Puccini, edizione 70, di quelli che rimarranno nell\u2019albo d\u2019oro.&nbsp; La rassegna Mese Pucciniano 2024, dunque, una degna conclusione di questa \u201cfesta della Citt\u00e0\u201d per uno dei suoi pi\u00f9 illustri cittadini, durante la quale tutti hanno sentito forte il desiderio di far sentire il proprio affetto e il proprio impegno per onorare Puccini e valorizzare le radici culturali della citt\u00e0. Una celebrazione autentica e sentita, che ha saputo unire generazioni e anime diverse in un abbraccio collettivo, dimostrando quanto Viareggio sia profondamente legata alla figura di Puccini e quanto sia fiera di condividere questa eredit\u00e0 con il mondo.<\/em>\u00ab<\/p>\n\n\n\n<p><em>\u201cSono felice di annunciare il Mese Pucciniano, &#8211; dichiara&nbsp; <\/em><strong>Fabrizio Miracolo presidente della Fondazione Festival Pucciniano- <\/strong><em>&nbsp;un\u2019occasione speciale per celebrare Giacomo Puccini e la sua eredit\u00e0 artistica con una serie di concerti, mostre, incontri con interpreti e proiezioni in anteprima. Questo evento \u00e8 pensato per tutti, dai cittadini di Viareggio e Torre del Lago a tutta la Toscana, con l\u2019intento di avvicinare il genio di Puccini al nostro territorio. Sar\u00e0 un mese ricco di emozioni, con artisti di fama internazionale che ci permetteranno di vivere da vicino l\u2019intensit\u00e0 e la bellezza della sua musica. Invito tutti a partecipare e a unirsi a noi in questa grande celebrazione\u201d<\/em><\/p>\n\n\n\n<p>Il viaggio nella musica e con la musica del Maestro prender\u00e0 il via il <strong>9 novembre<\/strong> con un Concerto lirico che vuole rendere omaggio ad una persona, <em>Adone Spadaccini<\/em>, di cui ricorrono nel 2024 i 100 anni dalla nascita che ha trasformato la sua passione per la musica e per Puccini in una missione personale al servizio in particolare del Festival Puccini, di cui \u00e8 stato un grande animatore, oltre che fautore della realizzazione del teatro nell\u2019attuale sito.&nbsp;<\/p>\n\n\n\n<p>Il Mese Pucciniano prevede poi una serie interessante di appuntamenti musicali e di approfondimento dell\u2019interpretazione pucciniana, pomeridiani e mattutini che si svolgeranno presso la Galleria di arte Moderna.<\/p>\n\n\n\n<p>La data anniversario del <strong>29 novembre<\/strong> prevede una vera e propria <strong>\u201cmaratona pucciniana\u201d <\/strong>che vedr\u00e0 Torre del Lago al centro di questo sentito tributo al Maestro che prender\u00e0 avvio la mattina sul nuovo piazzale Belvedere (ore 10.30)&nbsp; con la <em>deposizione della corona<\/em> e la <em>Santa Messa officiata dal S.E. il vescovo di Lucca monsignor Poalo Giulietti. <\/em>Alle ore 12.30 la proiezione presso l\u2019Auditorium Simonetta <strong>Puccini<em> della mitica pellicola di Sandro Bolchi<\/em><\/strong><em> lo&nbsp; sceneggiato televisivo in cinque puntate del 1973, dedicato alla vita del compositore e che ha come protagonista, uno straordinario Alberto Lionello; <\/em>per poi spostarsi nel pomeriggio nella <strong>Chiesa di San Giuseppe<\/strong> dove sar\u00e0 eseguita la&nbsp; <strong>\u00abMessa a quattro voci\u00bb<\/strong> di Giacomo Puccini composizione comunemente conosciuta come <strong>\u00abMessa di Gloria\u00bb, s<\/strong>critta nel 1880 dal ventiduenne Puccini e composta come tesi di laurea per&nbsp; l&#8217;Istituto Musicale Pacini di Lucca. Interpreti di questa spirituale partitura <strong>Orchestra del Teatro Nazionale di Tirana<\/strong> <strong>e Coro del Festival Puccini<\/strong> diretta dal <strong>Maestro Toufic Maatouk, <\/strong>solisti<strong> Raffaele Abete (<\/strong>tenore) e Armando<strong> Likaj <\/strong>(baritono)<strong> . <\/strong>La celebrazione proseguir\u00e0 poi la sera con un intenso programma organizzato dalla Fondazione Simonetta Puccini e che prevede nell\u2019Auditorium Simonetta Puccini (ore 20.15) la proiezione del documentario <strong><em>Giacomo Puccini I paesaggi dell\u2019anima<\/em><\/strong>; alle ore 21.15 la diretta del concerto dal Teatro alla Scala <strong><em>Giacomo Puccini 1924-2024<\/em><\/strong> ore 23.00 la proiezione del documentario <strong><em>Il codice Puccini.&nbsp;<\/em><\/strong><\/p>\n\n\n\n<p>Per l\u2019intera giornata del 29 novembre il piazzale Belvedere sar\u00e0 animato dalla musica del Maestro filodiffusa<strong>. <\/strong>Nel programma non mancheranno poi altre interessanti proiezioni come l\u2019anteprima del docufilm<strong> di Alessandro Tofanelli \u201cFerruccio Pagni pittore del Lago\u201d s<\/strong>ceneggiatura: <em>Barbara Baroni e Alessandro Tofanelli<\/em>, prodotto da Comune di Viareggio, realizzato da <em>Un fiorino Cinema e Arte<\/em>, in collaborazione con <em>Fondazione Simonetta Puccini, Gamc e Fondazione Festival Pucciniano<\/em>. Altro evento da segnalare, la presentazione della pubblicazione dedicata a <strong>Ferruccio Pagni<\/strong>, un catalogo che \u00e8 un altro regalo della citt\u00e0 a Torre del Lago, ai suoi paesaggi cos\u00ec come&nbsp;&nbsp; ben affrescati da Ferruccio Pagni e rappresentati nella Mostra a lui dedicata \u201cIncanto Pucciniano ancora&nbsp; visitabile a Villa Paolina.&nbsp;&nbsp;&nbsp;&nbsp;&nbsp; Ben tre i nuovi <strong><u>eventi espositivi<\/u> <\/strong>che accompagneranno questa celebrazione: nel Foyer del Gran Teatro la Mostra di costumi <strong>\u201cIn<em> quelle trine morbide<\/em>\u201d<\/strong> con i bellissimi costumi di scena della Fondazione Cerratelli; sempre nel grande spazio del foyer del Teatro una&nbsp;&nbsp; <strong>Mostra di materiale Filatelico, Cartofilo, Numismatico e Storico proveniente da collezioni private dei soci del Circolo Filatelico \u201cGiacomo Puccini\u201d. La Galleria di Arte Moderna <\/strong>render\u00e0 omaggio al Maestro con la Mostra <strong>Puccini e Viareggio. E<\/strong>sposizione, ideata in collaborazione con l\u2019Associazione Terra di Viareggio che si articola in una sezione documentale sui rapporti tra il Maestro e la citt\u00e0 con materiale selezionato dal Centro Documentario Storico di Viareggio e in \u201cUn\u2019interpretazione pittorica\u201d del Maestro <strong>Marco Dolfi<\/strong>. Il pittore viareggino presenta non solo ritratti del maestro, dei suoi familiari, di tutti i personaggi della scena culturale e della vita privata,&nbsp; e dei protagonisti delle sue opere immortali, ma anche scorci degli ambienti a lui cari in cui ha vissuto e lavorato, e dai quali ha tratto fonte di ispirazione, su tutti Torre del Lago e Viareggio.<\/p>\n\n\n\n<p>Tappe di questo sentito omaggio al Maestro saranno&nbsp;&nbsp; <strong>Montecatini<\/strong> dove grazie alla collaborazione tra la Fondazione Festival Pucciniano e il Comune di Montecatini, con la direzione artistica di Fabrizio Moschini,&nbsp; si svolgeranno il Concerto <strong>Turandot e i suoi finali<\/strong> e un incontro\/conferenza \u201cTurandot, Li\u00f9 e le altre\u201d <strong>e&nbsp; Siena<\/strong> dove sar\u00e0 messa in scena <em>Tosca<\/em> e dove troveremo protagonista l\u2019Orchestra del Festival Puccini; le celebrazioni&nbsp;&nbsp; faranno tappa anche a <strong>Bruxelles<\/strong> grazie alla collaborazione del Club Soroptimist Viareggio Versilia che ha organizzato in collaborazione con il Club di Bruxelles Sablon&nbsp; il 12 dicembre una serata omaggio al Maestro e che vedr\u00e0 protagonisti gli artisti del Festival Puccini.<\/p>\n\n\n\n<p>Un programma, quello del Mese Pucciniano 2024 che vede il sentito apporto di numerosi artisti anche locali, come il <strong>Corpo Musicale Pardini<\/strong>, che parteciper\u00e0 alla cerimonia di commemorazione, la <strong>Corale Giacomo Puccini<\/strong>; ai bambini e alle bambine del <strong>Coro delle Voci Bianche del Festival Puccini e a quelli delle Mani Bianche <\/strong>della Scuola di musica Bonamici di Pisa.&nbsp;<\/p>\n\n\n\n<p>Tra gli eventi si segnala il concerto benefico del 20 dicembre che vede protagonisti <strong>Andrea Tofanelli<\/strong>, tromba e <strong>Riccardo Arrighini<\/strong>, pianoforte, due artisti della Terra di Puccini da sempre impegnati nella promozione del territorio e della musica e che offriranno l\u2019incasso del Concerto all\u2019Istituto comprensivo di Torre del Lago.<\/p>\n\n\n\n<p>Il Mese Pucciniano si concluder\u00e0 con il <strong>PUCCINI DAY il 22 dicembre<\/strong> con un Concerto straordinario che vede protagonisti <strong>Solisti e Orchestra del Festival Puccini<\/strong><\/p>\n\n\n\n<p>diretti dal maestro<strong> Jacopo Sipari di Pescasseroli.<\/strong><\/p>\n\n\n\n<p><img decoding=\"async\" width=\"252\" height=\"176\" src=\"\" alt=\"Immagine che contiene testo, Carattere, schermata, design\n\nDescrizione generata automaticamente\">Nell\u2019anniversario della nascita del Maestro torna all\u2019appuntamento con il Puccini Day<em>, l\u2019early bird<\/em> che consente <strong><u>solo il 22 dicembre<\/u><\/strong> l\u2019acquisto dei biglietti per gli spettacoli dell\u2019edizione n\u00b0 <strong>71 del Festival Puccini<\/strong> con lo sconto del 50%. Un programma per il Festival Puccini&nbsp; <strong>&nbsp;<\/strong><strong>dal 18 luglio al 6 settembre 2025 con&nbsp; 5 titoli pucciniani&nbsp; <\/strong><strong>Tosca, La Boh\u00e8me, Turandot, Madama Butterfly, Manon Lescaut e un Gala Lirico<\/strong><\/p>\n\n\n\n<p>Ma la musica non si ferma! Anche il nuovo anno si aprir\u00e0 all\u2019insegna della musica del Maestro con il tradizionale <strong>Concerto di Capodanno<\/strong>.<\/p>\n\n\n\n<p>Gli eventi del Mese Pucciniano 2024 sono ad Ingresso Libero<\/p>\n\n\n\n<p>Per informazioni <strong>Biglietteria del Festival Puccini<\/strong><\/p>\n\n\n\n<p><strong>Tel 0584 359322<\/strong><\/p>\n\n\n\n<figure class=\"wp-block-image size-full\"><a href=\"https:\/\/www.ecoitaliano.com.ar\/wp-content\/uploads\/2024\/11\/image-15.png\"><img decoding=\"async\" width=\"202\" height=\"141\" src=\"https:\/\/www.ecoitaliano.com.ar\/wp-content\/uploads\/2024\/11\/image-15.png\" alt=\"\" class=\"wp-image-64657\" srcset=\"https:\/\/www.ecoitaliano.com.ar\/wp-content\/uploads\/2024\/11\/image-15.png 202w, https:\/\/www.ecoitaliano.com.ar\/wp-content\/uploads\/2024\/11\/image-15-150x105.png 150w\" sizes=\"(max-width: 202px) 100vw, 202px\" \/><\/a><\/figure>\n\n\n\n<p>concerto del mese pucciniano<\/p>\n\n\n\n<figure class=\"wp-block-gallery has-nested-images columns-default is-cropped wp-block-gallery-1 is-layout-flex wp-block-gallery-is-layout-flex\">\n<figure class=\"wp-block-image size-large\"><a href=\"https:\/\/www.ecoitaliano.com.ar\/wp-content\/uploads\/2024\/11\/CONCERTO-LIRICO-DEL-MESE-PUCCINIANO-IN-RICORDO-DI-ADONE-SPADACCINI-.jpg\"><img decoding=\"async\" width=\"724\" height=\"1024\" data-id=\"64658\" src=\"https:\/\/www.ecoitaliano.com.ar\/wp-content\/uploads\/2024\/11\/CONCERTO-LIRICO-DEL-MESE-PUCCINIANO-IN-RICORDO-DI-ADONE-SPADACCINI--724x1024.jpg\" alt=\"\" class=\"wp-image-64658\" srcset=\"https:\/\/www.ecoitaliano.com.ar\/wp-content\/uploads\/2024\/11\/CONCERTO-LIRICO-DEL-MESE-PUCCINIANO-IN-RICORDO-DI-ADONE-SPADACCINI--724x1024.jpg 724w, https:\/\/www.ecoitaliano.com.ar\/wp-content\/uploads\/2024\/11\/CONCERTO-LIRICO-DEL-MESE-PUCCINIANO-IN-RICORDO-DI-ADONE-SPADACCINI--212x300.jpg 212w, https:\/\/www.ecoitaliano.com.ar\/wp-content\/uploads\/2024\/11\/CONCERTO-LIRICO-DEL-MESE-PUCCINIANO-IN-RICORDO-DI-ADONE-SPADACCINI--768x1086.jpg 768w, https:\/\/www.ecoitaliano.com.ar\/wp-content\/uploads\/2024\/11\/CONCERTO-LIRICO-DEL-MESE-PUCCINIANO-IN-RICORDO-DI-ADONE-SPADACCINI--1086x1536.jpg 1086w, https:\/\/www.ecoitaliano.com.ar\/wp-content\/uploads\/2024\/11\/CONCERTO-LIRICO-DEL-MESE-PUCCINIANO-IN-RICORDO-DI-ADONE-SPADACCINI--1448x2048.jpg 1448w, https:\/\/www.ecoitaliano.com.ar\/wp-content\/uploads\/2024\/11\/CONCERTO-LIRICO-DEL-MESE-PUCCINIANO-IN-RICORDO-DI-ADONE-SPADACCINI--106x150.jpg 106w, https:\/\/www.ecoitaliano.com.ar\/wp-content\/uploads\/2024\/11\/CONCERTO-LIRICO-DEL-MESE-PUCCINIANO-IN-RICORDO-DI-ADONE-SPADACCINI-.jpg 1654w\" sizes=\"(max-width: 724px) 100vw, 724px\" \/><\/a><\/figure>\n<\/figure>\n\n\n\n<figure class=\"wp-block-gallery has-nested-images columns-default is-cropped wp-block-gallery-2 is-layout-flex wp-block-gallery-is-layout-flex\">\n<figure class=\"wp-block-image size-large\"><a href=\"https:\/\/www.ecoitaliano.com.ar\/wp-content\/uploads\/2024\/11\/lass.-alla-cultura-Sandra-Mei-e-il-presidente-della-Fondazione-Fabrizio-Miracolo-scaled.jpg\"><img decoding=\"async\" width=\"768\" height=\"1024\" data-id=\"64659\" src=\"https:\/\/www.ecoitaliano.com.ar\/wp-content\/uploads\/2024\/11\/lass.-alla-cultura-Sandra-Mei-e-il-presidente-della-Fondazione-Fabrizio-Miracolo-768x1024.jpg\" alt=\"\" class=\"wp-image-64659\" srcset=\"https:\/\/www.ecoitaliano.com.ar\/wp-content\/uploads\/2024\/11\/lass.-alla-cultura-Sandra-Mei-e-il-presidente-della-Fondazione-Fabrizio-Miracolo-768x1024.jpg 768w, https:\/\/www.ecoitaliano.com.ar\/wp-content\/uploads\/2024\/11\/lass.-alla-cultura-Sandra-Mei-e-il-presidente-della-Fondazione-Fabrizio-Miracolo-225x300.jpg 225w, https:\/\/www.ecoitaliano.com.ar\/wp-content\/uploads\/2024\/11\/lass.-alla-cultura-Sandra-Mei-e-il-presidente-della-Fondazione-Fabrizio-Miracolo-1152x1536.jpg 1152w, https:\/\/www.ecoitaliano.com.ar\/wp-content\/uploads\/2024\/11\/lass.-alla-cultura-Sandra-Mei-e-il-presidente-della-Fondazione-Fabrizio-Miracolo-1536x2048.jpg 1536w, https:\/\/www.ecoitaliano.com.ar\/wp-content\/uploads\/2024\/11\/lass.-alla-cultura-Sandra-Mei-e-il-presidente-della-Fondazione-Fabrizio-Miracolo-113x150.jpg 113w, https:\/\/www.ecoitaliano.com.ar\/wp-content\/uploads\/2024\/11\/lass.-alla-cultura-Sandra-Mei-e-il-presidente-della-Fondazione-Fabrizio-Miracolo-scaled.jpg 1920w\" sizes=\"(max-width: 768px) 100vw, 768px\" \/><\/a><\/figure>\n<\/figure>\n\n\n\n<figure class=\"wp-block-gallery has-nested-images columns-default is-cropped wp-block-gallery-3 is-layout-flex wp-block-gallery-is-layout-flex\">\n<figure class=\"wp-block-image size-large\"><a href=\"https:\/\/www.ecoitaliano.com.ar\/wp-content\/uploads\/2024\/11\/image004.png\"><img decoding=\"async\" width=\"613\" height=\"547\" data-id=\"64660\" src=\"https:\/\/www.ecoitaliano.com.ar\/wp-content\/uploads\/2024\/11\/image004.png\" alt=\"\" class=\"wp-image-64660\" srcset=\"https:\/\/www.ecoitaliano.com.ar\/wp-content\/uploads\/2024\/11\/image004.png 613w, https:\/\/www.ecoitaliano.com.ar\/wp-content\/uploads\/2024\/11\/image004-300x268.png 300w, https:\/\/www.ecoitaliano.com.ar\/wp-content\/uploads\/2024\/11\/image004-150x134.png 150w\" sizes=\"(max-width: 613px) 100vw, 613px\" \/><\/a><\/figure>\n<\/figure>\n\n\n\n<figure class=\"wp-block-gallery has-nested-images columns-default is-cropped wp-block-gallery-4 is-layout-flex wp-block-gallery-is-layout-flex\">\n<figure class=\"wp-block-image size-large\"><a href=\"https:\/\/www.ecoitaliano.com.ar\/wp-content\/uploads\/2024\/11\/PROGRAMMA-MESE-PUCCINIANO-204-DEPLIANT.jpg\"><img decoding=\"async\" width=\"1024\" height=\"724\" data-id=\"64661\" src=\"https:\/\/www.ecoitaliano.com.ar\/wp-content\/uploads\/2024\/11\/PROGRAMMA-MESE-PUCCINIANO-204-DEPLIANT-1024x724.jpg\" alt=\"\" class=\"wp-image-64661\" srcset=\"https:\/\/www.ecoitaliano.com.ar\/wp-content\/uploads\/2024\/11\/PROGRAMMA-MESE-PUCCINIANO-204-DEPLIANT-1024x724.jpg 1024w, https:\/\/www.ecoitaliano.com.ar\/wp-content\/uploads\/2024\/11\/PROGRAMMA-MESE-PUCCINIANO-204-DEPLIANT-300x212.jpg 300w, https:\/\/www.ecoitaliano.com.ar\/wp-content\/uploads\/2024\/11\/PROGRAMMA-MESE-PUCCINIANO-204-DEPLIANT-768x543.jpg 768w, https:\/\/www.ecoitaliano.com.ar\/wp-content\/uploads\/2024\/11\/PROGRAMMA-MESE-PUCCINIANO-204-DEPLIANT-1536x1086.jpg 1536w, https:\/\/www.ecoitaliano.com.ar\/wp-content\/uploads\/2024\/11\/PROGRAMMA-MESE-PUCCINIANO-204-DEPLIANT-2048x1448.jpg 2048w, https:\/\/www.ecoitaliano.com.ar\/wp-content\/uploads\/2024\/11\/PROGRAMMA-MESE-PUCCINIANO-204-DEPLIANT-150x106.jpg 150w\" sizes=\"(max-width: 1024px) 100vw, 1024px\" \/><\/a><\/figure>\n<\/figure>\n\n\n\n<figure class=\"wp-block-gallery has-nested-images columns-default is-cropped wp-block-gallery-5 is-layout-flex wp-block-gallery-is-layout-flex\">\n<figure class=\"wp-block-image size-large\"><a href=\"https:\/\/www.ecoitaliano.com.ar\/wp-content\/uploads\/2024\/11\/FESTIVAL-PUCCINI-2025.jpg\"><img decoding=\"async\" width=\"715\" height=\"1024\" data-id=\"64662\" src=\"https:\/\/www.ecoitaliano.com.ar\/wp-content\/uploads\/2024\/11\/FESTIVAL-PUCCINI-2025-715x1024.jpg\" alt=\"\" class=\"wp-image-64662\" srcset=\"https:\/\/www.ecoitaliano.com.ar\/wp-content\/uploads\/2024\/11\/FESTIVAL-PUCCINI-2025-715x1024.jpg 715w, https:\/\/www.ecoitaliano.com.ar\/wp-content\/uploads\/2024\/11\/FESTIVAL-PUCCINI-2025-209x300.jpg 209w, https:\/\/www.ecoitaliano.com.ar\/wp-content\/uploads\/2024\/11\/FESTIVAL-PUCCINI-2025-768x1100.jpg 768w, https:\/\/www.ecoitaliano.com.ar\/wp-content\/uploads\/2024\/11\/FESTIVAL-PUCCINI-2025-105x150.jpg 105w, https:\/\/www.ecoitaliano.com.ar\/wp-content\/uploads\/2024\/11\/FESTIVAL-PUCCINI-2025.jpg 846w\" sizes=\"(max-width: 715px) 100vw, 715px\" \/><\/a><\/figure>\n<\/figure>\n","protected":false},"excerpt":{"rendered":"<p>Il Mese Pucciniano 2024 un tributo vibrante&nbsp;della Citt\u00e0 di Viareggio e della Fondazione Festival Pucciniano a Giacomo Puccini in questo [&hellip;]<\/p>\n","protected":false},"author":1,"featured_media":0,"comment_status":"open","ping_status":"open","sticky":false,"template":"","format":"standard","meta":{"footnotes":""},"categories":[1],"tags":[],"class_list":["post-64655","post","type-post","status-publish","format-standard","hentry","category-sin-categoria"],"_links":{"self":[{"href":"https:\/\/www.ecoitaliano.com.ar\/index.php?rest_route=\/wp\/v2\/posts\/64655","targetHints":{"allow":["GET"]}}],"collection":[{"href":"https:\/\/www.ecoitaliano.com.ar\/index.php?rest_route=\/wp\/v2\/posts"}],"about":[{"href":"https:\/\/www.ecoitaliano.com.ar\/index.php?rest_route=\/wp\/v2\/types\/post"}],"author":[{"embeddable":true,"href":"https:\/\/www.ecoitaliano.com.ar\/index.php?rest_route=\/wp\/v2\/users\/1"}],"replies":[{"embeddable":true,"href":"https:\/\/www.ecoitaliano.com.ar\/index.php?rest_route=%2Fwp%2Fv2%2Fcomments&post=64655"}],"version-history":[{"count":0,"href":"https:\/\/www.ecoitaliano.com.ar\/index.php?rest_route=\/wp\/v2\/posts\/64655\/revisions"}],"wp:attachment":[{"href":"https:\/\/www.ecoitaliano.com.ar\/index.php?rest_route=%2Fwp%2Fv2%2Fmedia&parent=64655"}],"wp:term":[{"taxonomy":"category","embeddable":true,"href":"https:\/\/www.ecoitaliano.com.ar\/index.php?rest_route=%2Fwp%2Fv2%2Fcategories&post=64655"},{"taxonomy":"post_tag","embeddable":true,"href":"https:\/\/www.ecoitaliano.com.ar\/index.php?rest_route=%2Fwp%2Fv2%2Ftags&post=64655"}],"curies":[{"name":"wp","href":"https:\/\/api.w.org\/{rel}","templated":true}]}}