{"id":65273,"date":"2024-11-22T09:07:38","date_gmt":"2024-11-22T09:07:38","guid":{"rendered":"https:\/\/www.ecoitaliano.com.ar\/?p=65273"},"modified":"2024-11-22T09:07:38","modified_gmt":"2024-11-22T09:07:38","slug":"societa-italiana-per-lo-studio-dei-disturbi-del-comportamento-alimentare-il-professor-giovanni-gravina-eletto-allunanimita-prossimo-presidente","status":"publish","type":"post","link":"https:\/\/www.ecoitaliano.com.ar\/?p=65273","title":{"rendered":"SOCIET\u00c0 ITALIANA PER LO STUDIO DEI DISTURBI DEL COMPORTAMENTO ALIMENTARE | IL PROFESSOR GIOVANNI GRAVINA ELETTO ALL\u2019UNANIMIT\u00c0 PROSSIMO PRESIDENTE"},"content":{"rendered":"\n<figure class=\"wp-block-image\"><img decoding=\"async\" src=\"https:\/\/mail.google.com\/mail\/u\/2?ui=2&amp;ik=a91c2962d6&amp;attid=0.1&amp;permmsgid=msg-f:1816406021608461930&amp;th=19352ba725da566a&amp;view=fimg&amp;fur=ip&amp;permmsgid=msg-f:1816406021608461930&amp;sz=s0-l75-ft&amp;attbid=ANGjdJ8GpGcrCVsXnVgL2wYV6hmb-jWHiJgyCZ8C5ARRHPYrp3rrAa7Ogg-cbzIA2Y8jhnBi6lUI4kt-nkoPAG0gXoDoFA08ZBlBHsQJpo0HXPoxeLFxskL1OR81GA4&amp;disp=emb&amp;realattid=ii_1934f64c6c6ffc9db071&amp;zw\" alt=\"LOGO CCSR.jpg\"\/><\/figure>\n\n\n\n<figure class=\"wp-block-image\"><img decoding=\"async\" src=\"https:\/\/mail.google.com\/mail\/u\/2?ui=2&amp;ik=a91c2962d6&amp;attid=0.2&amp;permmsgid=msg-f:1816406021608461930&amp;th=19352ba725da566a&amp;view=fimg&amp;fur=ip&amp;permmsgid=msg-f:1816406021608461930&amp;sz=s0-l75-ft&amp;attbid=ANGjdJ9h9TeMeSmRfr_VgLO76IZa671snGrlwIHd1zehnnAg1AXB6rTw40NvwaTc2gOXGs8NsJrfwfZ_HENZJueHKEV7ZyWQTzRd29cXTEiUAv7C96xRY4YVyI1AfLc&amp;disp=emb&amp;realattid=ii_1934f64c6c72727206d2&amp;zw\" alt=\"Casa di Cura San Rossore_Dott. Giovanni Gravina_Courtesy Gruppo San Rossore_2.jpg\"\/><\/figure>\n\n\n\n<p><strong>IL PROFESSOR GIOVANNI GRAVINA ELETTO ALL\u2019UNANIMIT\u00c0 PROSSIMO PRESIDENTE DELLA&nbsp;<\/strong><\/p>\n\n\n\n<p><strong>SOCIET\u00c0 ITALIANA PER LO STUDIO DEI DISTURBI DEL COMPORTAMENTO ALIMENTARE<\/strong><\/p>\n\n\n\n<p><em>Comunicato Stampa, 21 novembre 2024<\/em><\/p>\n\n\n\n<p>La Societ\u00e0 Italiana per lo Studio dei Disturbi del Comportamento Alimentare (SISDCA) ha eletto quale prossimo presidente il Prof. Giovanni Gravina, insigne clinico, specialista endocrinologo e attualmente Direttore Sanitario della Casa di Cura San Rossore di Pisa.<\/p>\n\n\n\n<p>Le votazioni si sono tenute durante l\u2019ultimo congresso nazionale a Roma, aperto dalla Magnifica Rettrice dell\u2019Universit\u00e0 la Sapienza, Antonella Polimeni, dal Dr. Roberto Copparoni e dalla Dott.ssa Denise Giacomini, del Ministero della Salute, e a cui hanno partecipato gli oltre trecento specialisti che compongono l\u2019associazione e che hanno votato la fiducia al Prof. Gravina, eletto all\u2019unanimit\u00e0 dal nuovo Consiglio Direttivo di SISDCA. Giovanni Gravina affiancher\u00e0 il Presidente attualmente in carica, Dott.ssa Patrizia Todisco, per la durata del suo mandato e assumer\u00e0 l\u2019incarico nel triennio successivo.<\/p>\n\n\n\n<p>A fianco del Ministero della Salute e dell\u2019Istituto Superiore di Sanit\u00e0, istituzioni cui \u00e8 chiamata a partecipare ai tavoli e agli studi specifici in materia, la Societ\u00e0 Italiana per lo Studio dei Disturbi del Comportamento Alimentare \u00e8 la pi\u00f9 antica societ\u00e0 scientifica italiana che si occupa delle patologie dell\u2019alimentazione ed \u00e8 stata la prima societ\u00e0 al mondo a scegliere come focus della propria&nbsp;<em>mission<\/em>&nbsp;la multidisciplinariet\u00e0, includendo tra i suoi membri medici psichiatri e internisti, psicologi e psicoterapeuti, dietisti e nutrizionisti.<\/p>\n\n\n\n<p>Nata nel 1991, con suo primo presidente il Prof. Massimo Cuzzolaro, ha ben presto assunto prestigio per clinici e ricercatori di diverse discipline in Italia e in Europa, ed \u00e8 divenuta riferimento fondamentale per la formazione e l\u2019approfondimento sul trattamento di Anoressia, Bulimia e Binge Eating Disorder, grazie alla promozione e al consolidamento degli studi su connessioni e sovrapposizioni tra obesit\u00e0, disturbi dell\u2019alimentazione e disturbi dell&#8217;immagine corporea.<\/p>\n\n\n\n<p>Il Prof. Gravina, medico specialista in endocrinologia e formato in ambito psicoterapeutico, ha ricevuto il prestigioso incarico, raccogliendo l\u2019eredit\u00e0 dei famosi specialisti che lo hanno preceduto nel ruolo di Presidenti della SISDCA, grazie all\u2019esperienza clinica e alle competenze maturate nella sua trentennale attivit\u00e0 nel campo dello studio e del trattamento dei disturbi alimentari, che ha svolto a Pisa nel Centro della Casa di Cura San Rossore da lui diretto e nel servizio pubblico, come fondatore e medico del Centro Arianna della ASL Nordovest Toscana, apprezzato relatore in numerosi Congressi nazionali ed internazionali, autore di articoli scientifici, membro di tavoli del Ministero della Sanit\u00e0 e dell\u2019Istituto Superiore di sanit\u00e0 per la stesura di documenti e linee guida su prevenzione e trattamento dei disturbi alimentari, docente nel corso di Laurea magistrale in Scienze della Nutrizione Umana dell\u2019Universit\u00e0 di Pisa e della Scuola di Psicoterapia ad indirizzo analitico transazionale di Pisa, componente dell\u2019editorial Board della rivista scientifica internazionale Eating and Weight Disorders.<\/p>\n\n\n\n<p>I Disturbi della Nutrizione e dell\u2019Alimentazione (DNA), o Disordini del Comportamento Alimentare, che includono anche molti soggetti che richiedono cure per obesit\u00e0, sono uno tra i disagi sociali pi\u00f9 diffusi, come spiega il Dr. Gravina: \u201c<em>l\u2019elevata incidenza di comportamenti patologici nell\u2019ambito dell\u2019alimentazione, soprattutto tra i giovani, \u00e8 solo la punta dell\u2019iceberg di disagi ben pi\u00f9 profondi e complessi. I numerosi fattori che emergono tra i pazienti, divenuti ancora pi\u00f9 vulnerabili dopo la pandemia e anche nell\u2019attualit\u00e0 complessa di guerre, conflitti e immagini violente &#8211; servite quotidianamente dai media e dai social nella loro totale crudezza senza valutarne le conseguenze tra i pi\u00f9 giovani e fragili -, il disagio in famiglia, a scuola, nella societ\u00e0 in generale &#8211; dal bullismo alla dipendenza dal web \u2013 mostrano una comunit\u00e0 attraversata da comportamenti alimentari disfunzionali che sono lo specchio di malesseri profondi. La prevenzione e la cura dei pazienti \u00e8 divenuta difficile, troppo spesso i pazienti arrivano allo specialista dopo due anni dall\u2019inizio del disturbo, un tempo lunghissimo se si considera che i disagi alimentari sono forme patologiche di lunga o lunghissima durata, ci vogliono anni per risolverle e soprattutto richiedono un approccio multidisciplinare. Oggi l\u2019errore di lettura dietro un comportamento alimentare disfunzionale \u00e8 il vero problema. Anoressia, Bulimia, Ortoressia, Bing Eating Disorder (BED), Obesit\u00e0 e le evoluzioni fenotipiche, hanno bisogno di competenze tipicamente multidisciplinari (Psichiatri, Psicologhi, Psicoterapeuti, Medici Internisti ed Endocrinologi, Dietisti e Nutrizionisti, Educatori e Terapisti). Non ultimo, in un campo cos\u00ec delicato come quello come quello delle patologie comportamentali occorre una reale sensibilit\u00e0 del mondo politico ed economico rispetto alle esigenze e richieste di pazienti cos\u00ec delicati e complessi e delle loro famiglie<\/em>\u201d.&#8211;<br><em>Rosi Fontana<\/em>head &amp; founder<\/p>\n\n\n\n<p><strong>&#8212;&#8212;&#8211;<\/strong><\/p>\n\n\n\n<p><strong>ROSI FONTANA &#8211; PRESS &amp; PUBLIC RELATIONS<\/strong><\/p>\n\n\n\n<p><strong>@we move ideas and opinions<\/strong><\/p>\n","protected":false},"excerpt":{"rendered":"<p>IL PROFESSOR GIOVANNI GRAVINA ELETTO ALL\u2019UNANIMIT\u00c0 PROSSIMO PRESIDENTE DELLA&nbsp; SOCIET\u00c0 ITALIANA PER LO STUDIO DEI DISTURBI DEL COMPORTAMENTO ALIMENTARE Comunicato [&hellip;]<\/p>\n","protected":false},"author":1,"featured_media":0,"comment_status":"open","ping_status":"open","sticky":false,"template":"","format":"standard","meta":{"footnotes":""},"categories":[10,53],"tags":[],"class_list":["post-65273","post","type-post","status-publish","format-standard","hentry","category-italiano","category-medicina"],"_links":{"self":[{"href":"https:\/\/www.ecoitaliano.com.ar\/index.php?rest_route=\/wp\/v2\/posts\/65273","targetHints":{"allow":["GET"]}}],"collection":[{"href":"https:\/\/www.ecoitaliano.com.ar\/index.php?rest_route=\/wp\/v2\/posts"}],"about":[{"href":"https:\/\/www.ecoitaliano.com.ar\/index.php?rest_route=\/wp\/v2\/types\/post"}],"author":[{"embeddable":true,"href":"https:\/\/www.ecoitaliano.com.ar\/index.php?rest_route=\/wp\/v2\/users\/1"}],"replies":[{"embeddable":true,"href":"https:\/\/www.ecoitaliano.com.ar\/index.php?rest_route=%2Fwp%2Fv2%2Fcomments&post=65273"}],"version-history":[{"count":0,"href":"https:\/\/www.ecoitaliano.com.ar\/index.php?rest_route=\/wp\/v2\/posts\/65273\/revisions"}],"wp:attachment":[{"href":"https:\/\/www.ecoitaliano.com.ar\/index.php?rest_route=%2Fwp%2Fv2%2Fmedia&parent=65273"}],"wp:term":[{"taxonomy":"category","embeddable":true,"href":"https:\/\/www.ecoitaliano.com.ar\/index.php?rest_route=%2Fwp%2Fv2%2Fcategories&post=65273"},{"taxonomy":"post_tag","embeddable":true,"href":"https:\/\/www.ecoitaliano.com.ar\/index.php?rest_route=%2Fwp%2Fv2%2Ftags&post=65273"}],"curies":[{"name":"wp","href":"https:\/\/api.w.org\/{rel}","templated":true}]}}