{"id":65774,"date":"2024-12-05T15:42:42","date_gmt":"2024-12-05T15:42:42","guid":{"rendered":"https:\/\/www.ecoitaliano.com.ar\/?p=65774"},"modified":"2024-12-05T15:42:42","modified_gmt":"2024-12-05T15:42:42","slug":"medio-oriente-polveriera-senza-fine","status":"publish","type":"post","link":"https:\/\/www.ecoitaliano.com.ar\/?p=65774","title":{"rendered":"Medio Oriente, polveriera senza fine"},"content":{"rendered":"\n<p><em>Di Angela Casilli<\/em><\/p>\n\n\n\n<figure class=\"wp-block-image size-large\"><a href=\"http:\/\/www.ecoitaliano.com.ar\/wp-content\/uploads\/2024\/12\/Angela-Casilli-1.jpg\"><img decoding=\"async\" width=\"818\" height=\"1024\" src=\"http:\/\/www.ecoitaliano.com.ar\/wp-content\/uploads\/2024\/12\/Angela-Casilli-1-818x1024.jpg\" alt=\"\" class=\"wp-image-65782\" srcset=\"https:\/\/www.ecoitaliano.com.ar\/wp-content\/uploads\/2024\/12\/Angela-Casilli-1-818x1024.jpg 818w, https:\/\/www.ecoitaliano.com.ar\/wp-content\/uploads\/2024\/12\/Angela-Casilli-1-240x300.jpg 240w, https:\/\/www.ecoitaliano.com.ar\/wp-content\/uploads\/2024\/12\/Angela-Casilli-1-768x962.jpg 768w, https:\/\/www.ecoitaliano.com.ar\/wp-content\/uploads\/2024\/12\/Angela-Casilli-1-120x150.jpg 120w, https:\/\/www.ecoitaliano.com.ar\/wp-content\/uploads\/2024\/12\/Angela-Casilli-1.jpg 1094w\" sizes=\"(max-width: 818px) 100vw, 818px\" \/><\/a><\/figure>\n\n\n\n<p>Ancora una volta quanto sta accadendo in Medio Oriente, eterna polveriera pronta ad esplodere in qualsiasi momento, pone tutti di fronte al dilemma se sia lecito o no fare il male per vincere il male, se sia giusto o no rispondere alla violenza con la violenza e, non da ultimo, se si possa ritenere quanto detto il modo migliore di operare di un Paese democratico che ritenga a buon diritto di essere tale, come appunto Israele, per difendersi dal nemico.<\/p>\n\n\n\n<p>Siamo figli di una storia che ha visto trionfare la democrazia dopo guerre sanguinosissime, come la seconda Guerra Mondiale, dove il maggior numero di morti non fu tra i soldati al fronte ma tra i civili, come oggi a Gaza e nel Libano.<\/p>\n\n\n\n<p>Gli alleati vinsero la Germania nazista bombardando tutto quello che potevano bombardare, le bombe al fosforo su Dresda e in Italia su Cassino: bombardarono scuole ed ospedali, senza preoccuparsi minimamente di chi c\u2019era dentro, come oggi accade nella striscia di Gaza, dove \u00e8 praticamente impossibile portare qualsiasi tipo di soccorso a donne, vecchi e bambini.<\/p>\n\n\n\n<p>La democrazia dei paesi occidentali, quella di cui siamo cos\u00ec fieri per le sue ottime Costituzioni che difendono i diritti basilari dell\u2019umano convivere, se vogliamo stare ai fatti, \u00e8 nata dalla vittoria dei buoni contro i cattivi, \u00e8 nata da una guerra vinta con perdite umane impressionanti, campi di concentramento, pulizia etnica e quanto di peggio si possa immaginare.<\/p>\n\n\n\n<p>Sono passati ottant\u2019anni dalla fine della seconda Guerra Mondiale ma, in tutti questi anni, mai nessun intellettuale, nessun partito politico, nessun personaggio di spicco del mondo religioso si \u00e8 posto la domanda terribile se sia lecito o no fare il male per vincere e, abbia cercato di dare una risposta convincente al quesito.<\/p>\n\n\n\n<p>La verit\u00e0 \u00e8 che in tutti questi anni il nostro giudizio sui conflitti che hanno coinvolto e coinvolgono popoli e Stati, non \u00e8 pi\u00f9 storico-politico ma sempre pi\u00f9 etico-giuridico, come dimostra il ricorso, sempre pi\u00f9 frequente, ai tribunali internazionali per poter stabilire cosa \u00e8 giusto e cosa non lo \u00e8, come dimostrato ultimamente dalla condanna emessa dal tribunale internazionale dell\u2019Aia, a carico del premier israeliano Netanyahu per crimini di guerra.<\/p>\n\n\n\n<p>L\u2019etica, per\u00f2, non pu\u00f2 ridursi al diritto puro e semplice o alle sue enunciazioni, perch\u00e9 i conflitti, lo scontro di valori, tutto ci\u00f2 che \u00e8 vita e sentimento di uomini e popoli, tutto quello che muove la politica e di cui, al tempo stesso, la violenza si alimenta, non si possono ridurre a pure, astratte, definizioni giuridiche.<\/p>\n\n\n\n<p>Deve esserci uno spazio dove a decidere sia il nostro personale convincimento, circa quello che \u00e8 pi\u00f9 opportuno fare in circostanze particolarmente difficili come \u00e8 una guerra. E questo spetta alla politica, che ha la responsabilit\u00e0 di decidere nella consapevolezza della tragicit\u00e0 morale di certe scelte, come quella di ricorrere, <em>extrema ratio<\/em>, alla violenza, lasciando che il giudizio finale non sia di un tribunale ma della storia.<\/p>\n\n\n\n<p><strong>Angela Casilli<\/strong><\/p>\n\n\n\n<p><em><strong>Tutte l\u2019opinioni versati nel sito correspondono solo a chi la manifesta. Non e necessariamente l\u2019opinione della Direzione<\/strong><\/em><\/p>\n","protected":false},"excerpt":{"rendered":"<p>Di Angela Casilli Ancora una volta quanto sta accadendo in Medio Oriente, eterna polveriera pronta ad esplodere in qualsiasi momento, [&hellip;]<\/p>\n","protected":false},"author":1,"featured_media":0,"comment_status":"open","ping_status":"open","sticky":false,"template":"","format":"standard","meta":{"footnotes":""},"categories":[10,35],"tags":[],"class_list":["post-65774","post","type-post","status-publish","format-standard","hentry","category-italiano","category-opiniones"],"_links":{"self":[{"href":"https:\/\/www.ecoitaliano.com.ar\/index.php?rest_route=\/wp\/v2\/posts\/65774","targetHints":{"allow":["GET"]}}],"collection":[{"href":"https:\/\/www.ecoitaliano.com.ar\/index.php?rest_route=\/wp\/v2\/posts"}],"about":[{"href":"https:\/\/www.ecoitaliano.com.ar\/index.php?rest_route=\/wp\/v2\/types\/post"}],"author":[{"embeddable":true,"href":"https:\/\/www.ecoitaliano.com.ar\/index.php?rest_route=\/wp\/v2\/users\/1"}],"replies":[{"embeddable":true,"href":"https:\/\/www.ecoitaliano.com.ar\/index.php?rest_route=%2Fwp%2Fv2%2Fcomments&post=65774"}],"version-history":[{"count":0,"href":"https:\/\/www.ecoitaliano.com.ar\/index.php?rest_route=\/wp\/v2\/posts\/65774\/revisions"}],"wp:attachment":[{"href":"https:\/\/www.ecoitaliano.com.ar\/index.php?rest_route=%2Fwp%2Fv2%2Fmedia&parent=65774"}],"wp:term":[{"taxonomy":"category","embeddable":true,"href":"https:\/\/www.ecoitaliano.com.ar\/index.php?rest_route=%2Fwp%2Fv2%2Fcategories&post=65774"},{"taxonomy":"post_tag","embeddable":true,"href":"https:\/\/www.ecoitaliano.com.ar\/index.php?rest_route=%2Fwp%2Fv2%2Ftags&post=65774"}],"curies":[{"name":"wp","href":"https:\/\/api.w.org\/{rel}","templated":true}]}}