{"id":65779,"date":"2024-12-05T15:39:09","date_gmt":"2024-12-05T15:39:09","guid":{"rendered":"https:\/\/www.ecoitaliano.com.ar\/?p=65779"},"modified":"2024-12-05T15:39:09","modified_gmt":"2024-12-05T15:39:09","slug":"domeniche-di-natale-a-marina-di-carrara","status":"publish","type":"post","link":"https:\/\/www.ecoitaliano.com.ar\/?p=65779","title":{"rendered":"Domeniche di Natale a Marina di Carrara"},"content":{"rendered":"\n<figure class=\"wp-block-image size-full\"><a href=\"http:\/\/www.ecoitaliano.com.ar\/wp-content\/uploads\/2024\/12\/images.jpeg\"><img decoding=\"async\" width=\"292\" height=\"173\" src=\"http:\/\/www.ecoitaliano.com.ar\/wp-content\/uploads\/2024\/12\/images.jpeg\" alt=\"\" class=\"wp-image-65780\" srcset=\"https:\/\/www.ecoitaliano.com.ar\/wp-content\/uploads\/2024\/12\/images.jpeg 292w, https:\/\/www.ecoitaliano.com.ar\/wp-content\/uploads\/2024\/12\/images-150x89.jpeg 150w\" sizes=\"(max-width: 292px) 100vw, 292px\" \/><\/a><\/figure>\n\n\n\n<p>COMUNICATO STAMPA<\/p>\n\n\n\n<p>Le verit\u00e0 sulle Domeniche di Natale a Marina di Carrara: chiarimenti necessari<\/p>\n\n\n\n<p>In risposta alle dichiarazioni circolanti, \u00e8 doveroso fare chiarezza e respingere ogni affermazione priva di fondamento. L\u2019origine delle \u201cDomeniche di Natale\u201d non risiede nella necessit\u00e0 di recuperare i mercati persi a causa di eventi eccezionali, ma \u00e8 frutto di una visione e di richieste di lungo corso avanzate dalla Confcommercio gi\u00e0 oltre un decennio fa.<\/p>\n\n\n\n<p>Un\u2019iniziativa di lungo periodo<\/p>\n\n\n\n<p>Per pi\u00f9 di dieci anni, Confcommercio ha costantemente sollecitato l\u2019introduzione delle domeniche di dicembre a Marina di Carrara, con l\u2019obiettivo di incentivare il commercio locale in un periodo cruciale come quello natalizio. Alcune di queste richieste sono state accolte nel tempo, sebbene spesso accompagnate dalla contrariet\u00e0 di parte degli esercizi commerciali locali. \u00c8 bene sottolineare che, al tempo delle prime richieste, l\u2019attuale presidente Tozzi non ricopriva ancora il proprio incarico e non ha, quindi, una visione diretta delle origini di questa iniziativa.<\/p>\n\n\n\n<p>Recuperi per allerte meteo: una pratica recente<\/p>\n\n\n\n<p>Solo negli ultimi anni, con l\u2019introduzione della possibilit\u00e0 di sospensione dei mercati in caso di allerte meteo, \u00e8 emersa l\u2019esigenza di effettuare eventuali recuperi nel mese di dicembre. Questo aspetto, tuttavia, rappresenta un\u2019aggiunta marginale e recente rispetto alla storicit\u00e0 delle richieste e non pu\u00f2 essere confuso con l\u2019obiettivo originario delle Domeniche di Natale. A dimostrazione di ci\u00f2, basta ricordare quanto accaduto lo scorso anno: la seconda domenica di dicembre non ci \u00e8 stata concessa per ragioni esterne, nonostante Confcommercio e Confimpresa avessero espresso la volont\u00e0 di proseguire regolarmente.<\/p>\n\n\n\n<p>Una proposta per il futuro<\/p>\n\n\n\n<p>Per garantire maggiore continuit\u00e0 ed efficacia dell\u2019iniziativa, abbiamo proposto di rivedere e ottimizzare il metodo di svolgimento delle Domeniche di dicembre. Questa proposta nasce da un desiderio comune di valorizzare al meglio il commercio locale, promuovere l\u2019attrattivit\u00e0 di Marina di Carrara e soddisfare le esigenze sia degli operatori del settore sia dei consumatori. Le soluzioni che abbiamo raggiunto sono frutto di un lavoro di concertazione con l&#8217;amministrazione comunale con l&#8217;obiettivo di raggiungere un duplice risultato: permettere una giornata di recupero agli ambulanti per mercati saltati causa allerta meteo e allo stesso tempo proporre nuovi appuntamenti che si diversifichino rispetto al solito tanto per quanto riguarda la posizione che per il percorso.<\/p>\n\n\n\n<p>Invito alla collaborazione e al confronto<\/p>\n\n\n\n<p>Confcommercio e Confimpresa si impegnano costantemente per rappresentare gli interessi del tessuto economico locale e per promuovere iniziative che possano portare beneficio a tutta la comunit\u00e0. Rinnoviamo, pertanto, l\u2019invito a un dialogo costruttivo e a una maggiore collaborazione con tutte le parti coinvolte, per evitare fraintendimenti e operare nel rispetto delle esigenze collettive.<\/p>\n\n\n\n<p>Ribadiamo che le \u201cDomeniche di Natale\u201d sono frutto di una lunga tradizione e non di una necessit\u00e0 contingente. Siamo certi che, con il supporto di tutti, potremo migliorare ulteriormente questa iniziativa per il futuro.<\/p>\n\n\n\n<p>Confcommercio e Confimpresa<\/p>\n\n\n\n<blockquote class=\"wp-block-quote is-layout-flow wp-block-quote-is-layout-flow\">\n<blockquote class=\"wp-block-quote is-layout-flow wp-block-quote-is-layout-flow\">\n<blockquote class=\"wp-block-quote is-layout-flow wp-block-quote-is-layout-flow\">\n<p><em><br>Ufficio stampa Taraeditoria&amp;Comunicazione<\/em><\/p>\n<\/blockquote>\n<\/blockquote>\n<\/blockquote>\n","protected":false},"excerpt":{"rendered":"<p>COMUNICATO STAMPA Le verit\u00e0 sulle Domeniche di Natale a Marina di Carrara: chiarimenti necessari In risposta alle dichiarazioni circolanti, \u00e8 [&hellip;]<\/p>\n","protected":false},"author":1,"featured_media":0,"comment_status":"open","ping_status":"open","sticky":false,"template":"","format":"standard","meta":{"footnotes":""},"categories":[2,10],"tags":[],"class_list":["post-65779","post","type-post","status-publish","format-standard","hentry","category-informacion","category-italiano"],"_links":{"self":[{"href":"https:\/\/www.ecoitaliano.com.ar\/index.php?rest_route=\/wp\/v2\/posts\/65779","targetHints":{"allow":["GET"]}}],"collection":[{"href":"https:\/\/www.ecoitaliano.com.ar\/index.php?rest_route=\/wp\/v2\/posts"}],"about":[{"href":"https:\/\/www.ecoitaliano.com.ar\/index.php?rest_route=\/wp\/v2\/types\/post"}],"author":[{"embeddable":true,"href":"https:\/\/www.ecoitaliano.com.ar\/index.php?rest_route=\/wp\/v2\/users\/1"}],"replies":[{"embeddable":true,"href":"https:\/\/www.ecoitaliano.com.ar\/index.php?rest_route=%2Fwp%2Fv2%2Fcomments&post=65779"}],"version-history":[{"count":0,"href":"https:\/\/www.ecoitaliano.com.ar\/index.php?rest_route=\/wp\/v2\/posts\/65779\/revisions"}],"wp:attachment":[{"href":"https:\/\/www.ecoitaliano.com.ar\/index.php?rest_route=%2Fwp%2Fv2%2Fmedia&parent=65779"}],"wp:term":[{"taxonomy":"category","embeddable":true,"href":"https:\/\/www.ecoitaliano.com.ar\/index.php?rest_route=%2Fwp%2Fv2%2Fcategories&post=65779"},{"taxonomy":"post_tag","embeddable":true,"href":"https:\/\/www.ecoitaliano.com.ar\/index.php?rest_route=%2Fwp%2Fv2%2Ftags&post=65779"}],"curies":[{"name":"wp","href":"https:\/\/api.w.org\/{rel}","templated":true}]}}