{"id":65934,"date":"2024-12-10T10:24:54","date_gmt":"2024-12-10T10:24:54","guid":{"rendered":"https:\/\/www.ecoitaliano.com.ar\/?p=65934"},"modified":"2024-12-10T10:25:24","modified_gmt":"2024-12-10T10:25:24","slug":"libro-lorenzini-al-ducale","status":"publish","type":"post","link":"https:\/\/www.ecoitaliano.com.ar\/?p=65934","title":{"rendered":"LIBRO LORENZINI AL DUCALE"},"content":{"rendered":"\n<figure class=\"wp-block-image size-large\"><a href=\"http:\/\/www.ecoitaliano.com.ar\/wp-content\/uploads\/2024\/12\/loc-lorenzini.jpg\"><img decoding=\"async\" width=\"714\" height=\"1024\" src=\"http:\/\/www.ecoitaliano.com.ar\/wp-content\/uploads\/2024\/12\/loc-lorenzini-714x1024.jpg\" alt=\"\" class=\"wp-image-65935\" srcset=\"https:\/\/www.ecoitaliano.com.ar\/wp-content\/uploads\/2024\/12\/loc-lorenzini-714x1024.jpg 714w, https:\/\/www.ecoitaliano.com.ar\/wp-content\/uploads\/2024\/12\/loc-lorenzini-209x300.jpg 209w, https:\/\/www.ecoitaliano.com.ar\/wp-content\/uploads\/2024\/12\/loc-lorenzini-768x1101.jpg 768w, https:\/\/www.ecoitaliano.com.ar\/wp-content\/uploads\/2024\/12\/loc-lorenzini-1071x1536.jpg 1071w, https:\/\/www.ecoitaliano.com.ar\/wp-content\/uploads\/2024\/12\/loc-lorenzini-105x150.jpg 105w, https:\/\/www.ecoitaliano.com.ar\/wp-content\/uploads\/2024\/12\/loc-lorenzini.jpg 1116w\" sizes=\"(max-width: 714px) 100vw, 714px\" \/><\/a><\/figure>\n\n\n\n<p>MASSA &#8211; Qualcuno ricorder\u00e0 la mitica Gianna, titolare del bar \u201cTorino\u201d ubicato all&#8217;inizio di via Bastione angolo via Porta Fabbrica. Il bar aveva grandi vetrate dove venivano appese le locandine del cinema Astor ed un bancone a \u00bb elle \u00bb che terminava con la vetrina dei gelati, tutti rigorosamente artigianali e prodotti dalla Gianna. Ce lo racconta Francesca Lorenzini nel libro \u201cIl per sempre esiste\u201d (Tara editoria). Un centinaio di pagine racchiuse nella collana \u201cInfinito\u201d, nata per impreziosire i piccoli &#8211; grandi racconti che fanno parte della vita di ciascuno di noi. Francesca Lorenzini riporta in vita la memoria della nonna Gianna; attraverso le vetrate del bar Torino descrive il movimento della citt\u00e0 tra gli anni 70\/80 e accende le luci su via Bastione, perno delle attivit\u00e0 commerciali della citt\u00e0 con la presenza del cinema Astor. Tuttavia il racconto \u00e8 una grande dichiarazione d\u2019amore verso la nonna in un commovente rapporto senza fine. Sar\u00e0 presentato domenica 15 dicembre 2024 a Massa alle ore 18, presso la Sala degli Svizzeri del Palazzo Ducale. Dialogheranno con l\u2019autrice Anna Maria Mosti e Angela Maria Fruzzetti, curatrice della nuova collana Infinito. Le letture sono affidate alla professoressa Irene Iacopetti e , per la parte dialettale, al professor Vasco Lari. Un libro da leggere e da regalare, dunque, che arricchir\u00e0 le giornate festive per l\u2019intensit\u00e0 dei sentimenti che emergono. Un racconto che fa riflettere anche sulla forza del rapporto intergenerazionale tra nonni e nipoti da cui trarre nutrimento e insegnamento. La collana Infinito-racconti di Tara editoria nasce con l\u2019intento di dare spazio ad una narrazione che valorizzi l\u2019unicit\u00e0 di un percorso di vita in pillole di letteratura. Assume anche l\u2019aspetto autobiografico, scavando dentro un racconto retrospettivo della nostra esistenza. Una riflessione, dunque, attraverso i ricordi e le emozioni, autentici protagonisti delle vicende narrate. L\u2019evento \u00e8 inserito nella mostra \u201cDi-amante \u2013 Le varie facce dell\u2019arte\u201d che sar\u00e0 inaugurata sabato 14 dicembre 2024 nel salone degli Svizzeri a Palazzo Ducale.<\/p>\n\n\n\n<blockquote class=\"wp-block-quote is-layout-flow wp-block-quote-is-layout-flow\">\n<blockquote class=\"wp-block-quote is-layout-flow wp-block-quote-is-layout-flow\">\n<blockquote class=\"wp-block-quote is-layout-flow wp-block-quote-is-layout-flow\">\n<blockquote class=\"wp-block-quote is-layout-flow wp-block-quote-is-layout-flow\">\n<blockquote class=\"wp-block-quote is-layout-flow wp-block-quote-is-layout-flow\">\n<p><em>Ufficio stampa Taraeditoria&amp;Comunicazione<\/em><\/p>\n<\/blockquote>\n<\/blockquote>\n<\/blockquote>\n<\/blockquote>\n<\/blockquote>\n","protected":false},"excerpt":{"rendered":"<p>MASSA &#8211; Qualcuno ricorder\u00e0 la mitica Gianna, titolare del bar \u201cTorino\u201d ubicato all&#8217;inizio di via Bastione angolo via Porta Fabbrica. [&hellip;]<\/p>\n","protected":false},"author":1,"featured_media":0,"comment_status":"open","ping_status":"open","sticky":false,"template":"","format":"standard","meta":{"footnotes":""},"categories":[10,22],"tags":[],"class_list":["post-65934","post","type-post","status-publish","format-standard","hentry","category-italiano","category-libros-y-revistas-literatura"],"_links":{"self":[{"href":"https:\/\/www.ecoitaliano.com.ar\/index.php?rest_route=\/wp\/v2\/posts\/65934","targetHints":{"allow":["GET"]}}],"collection":[{"href":"https:\/\/www.ecoitaliano.com.ar\/index.php?rest_route=\/wp\/v2\/posts"}],"about":[{"href":"https:\/\/www.ecoitaliano.com.ar\/index.php?rest_route=\/wp\/v2\/types\/post"}],"author":[{"embeddable":true,"href":"https:\/\/www.ecoitaliano.com.ar\/index.php?rest_route=\/wp\/v2\/users\/1"}],"replies":[{"embeddable":true,"href":"https:\/\/www.ecoitaliano.com.ar\/index.php?rest_route=%2Fwp%2Fv2%2Fcomments&post=65934"}],"version-history":[{"count":0,"href":"https:\/\/www.ecoitaliano.com.ar\/index.php?rest_route=\/wp\/v2\/posts\/65934\/revisions"}],"wp:attachment":[{"href":"https:\/\/www.ecoitaliano.com.ar\/index.php?rest_route=%2Fwp%2Fv2%2Fmedia&parent=65934"}],"wp:term":[{"taxonomy":"category","embeddable":true,"href":"https:\/\/www.ecoitaliano.com.ar\/index.php?rest_route=%2Fwp%2Fv2%2Fcategories&post=65934"},{"taxonomy":"post_tag","embeddable":true,"href":"https:\/\/www.ecoitaliano.com.ar\/index.php?rest_route=%2Fwp%2Fv2%2Ftags&post=65934"}],"curies":[{"name":"wp","href":"https:\/\/api.w.org\/{rel}","templated":true}]}}